{"id":3144,"date":"2016-06-16T11:20:05","date_gmt":"2016-06-16T09:20:05","guid":{"rendered":"https:\/\/dev.sicherheitsforum.ch\/?p=3144"},"modified":"2016-06-16T11:20:05","modified_gmt":"2016-06-16T09:20:05","slug":"siemens-divison-in-zug-wird-restrukturiert","status":null,"type":"post","link":"https:\/\/news.save.ch\/de\/siemens-divison-in-zug-wird-restrukturiert\/","title":{"rendered":"Siemens-Divison in Zug wird restrukturiert"},"content":{"rendered":"<figure id=\"attachment_3152\" aria-describedby=\"caption-attachment-3152\" style=\"width: 680px\" class=\"wp-caption alignnone\"><img loading=\"lazy\" decoding=\"async\" class=\"wp-image-3152 size-medium\" src=\"https:\/\/news.save.ch\/wp-content\/uploads\/2016\/12\/Siemens-Divison-in-Zug-wird-restrukturiert_sicherheitsforum.jpg\" width=\"680\" height=\"453\" \/><figcaption id=\"caption-attachment-3152\" class=\"wp-caption-text\">Der Standort in Zug soll trotzdem das Kompetenzzentrum f\u00fcr innovative Geb\u00e4udetechnik bleiben.<\/figcaption><\/figure>\n<p>F\u00fcr Matthias Rebellius, CEO der <a href=\"https:\/\/www.siemens.ch\" target=\"_blank\" data-cke-saved-href=\"https:\/\/www.siemens.ch\" rel=\"noopener\">Siemens<\/a>-Division Building Technologies, sind diese Massnahmen unumg\u00e4nglich, um den Standort in Zug nachhaltig zu sichern. \u201eDer j\u00fcngste Anstieg des Frankenkurses hat massive Auswirkungen auf unsere Wettbewerbsf\u00e4higkeit, insbesondere auf die Produktion hier am Standort. Da ein grosser Teil unserer globalen Wertsch\u00f6pfung in der Schweiz anf\u00e4llt, sind wir zum Handeln gezwungen.\u201c Am Standort Zug als globales Kompetenzzentrum will das Unternehmen aber festhalten.<\/p>\n<p>Die Wettbewerbsf\u00e4higkeit des Standortes Schweiz habe sich w\u00e4hrungsbedingt in den vergangenen Jahren und insbesondere seit der Aufhebung des Euro-Mindestkurses im Januar 2015 deutlich verschlechtert. Obwohl Siemens mehrere Optimierungen in der Produktion wie etwa die Zusammenf\u00fchrung der Standorte Volketswil und Zug bereits vor \u00fcber einem Jahr umgesetzt habe, habe der j\u00fcngste Anstieg des Frankenkurses zu einem nicht mehr tragbaren Kostenniveau gef\u00fchrt.<\/p>\n<p>F\u00fcr Rebellius ist es darum dringend notwendig, die Fertigung vermehrt in jene Regionen zu verlagern, wo auch die Produkte und Dienstleistungen verkauft werden, um unabh\u00e4ngiger gegen W\u00e4hrungsschwankungen zu sein und den Vorteil von L\u00e4ndern mit geringeren Lohnkosten zu nutzen. Ziel sei es, in Zug nur noch jene Produkte und Komponenten zu fertigen, die aufgrund ihres Designs und ihrer Technologie (z.B. Brandschutzanlagen) hohe Anspr\u00fcche an die Fertigung stellten und bei denen die N\u00e4he zum Entwicklungsstandort einen wichtigen Vorteil bieten w\u00fcrde.<\/p>\n<p>Deshalb will das Unternehmen auch unver\u00e4ndert am geplanten Neubau des Hauptsitzes in Zug festhalten. \u201eBis 2018 werden wir nebst dem neuen Verwaltungsgeb\u00e4ude ein hochmodernes Entwicklungzentrum und Produktionsgeb\u00e4ude beziehen\u201c, so Rebellius.<\/p>\n<p>Als wichtigste Massnahme zur Optimierung der Produktion ist geplant, rund 30% des heutigen Zuger Fertigungsvolumens an andere Siemens-Standorte zu verlagern sowie an externe Firmen zu \u00fcbertragen. Dadurch w\u00fcrden W\u00e4hrungsrisiken besser abgefedert und so die Stabilit\u00e4t der Wertsch\u00f6pfungsstrukturen unter den gegebenen wirtschaftlichen Rahmenbedingungen erh\u00f6hen, heisst es.<\/p>\n<p>Geplant ist, im Januar 2016 mit der Verlagerung der ersten Produktionslinien zu beginnen und die Massnahmen bis Ende 2016 abzuschliessen. Der Produktionsstandort Zug werde dann mit rund 350 Mitarbeitenden \u2013 heute rund 500 \u2013 \u00a0immer noch \u00fcber eine Gr\u00f6sse verf\u00fcgen, die eine wettbewerbsf\u00e4hige Fabrik mit Fokus auf die Kernkompetenzen Elektronik und Elektro-Mechanik sicherstelle.<\/p>\n<p>Beim Industrieunternehmen geht man davon aus, dass ein Teil der geplanten Personalanpassungen durch Reduzierung von Leiharbeitern, nat\u00fcrliche Fluktuation und vorzeitige Pensionierungen realisiert werden kann. K\u00fcndigungen seien dennoch leider nicht zu vermeiden, heisst es. Das Unternehmen sei mit der Arbeitnehmervertretung (ANV) im Gespr\u00e4ch, um den Abbau m\u00f6glichst sozialvertr\u00e4glich zu gestalten.<\/p>\n","protected":false},"excerpt":{"rendered":"<p>F\u00fcr Matthias Rebellius, CEO der Siemens-Division Building Technologies, sind diese Massnahmen unumg\u00e4nglich, um den Standort in Zug nachhaltig zu sichern. \u201eDer j\u00fcngste Anstieg des Frankenkurses hat massive Auswirkungen auf unsere Wettbewerbsf\u00e4higkeit, insbesondere auf die Produktion hier am Standort. Da ein grosser Teil unserer globalen Wertsch\u00f6pfung in der Schweiz anf\u00e4llt, sind wir zum Handeln gezwungen.\u201c Am [&hellip;]<\/p>\n","protected":false},"author":1,"featured_media":3152,"comment_status":"open","ping_status":"open","sticky":false,"template":"","format":"standard","meta":{"_acf_changed":false,"pgc_sgb_lightbox_settings":"","footnotes":""},"categories":[1],"tags":[65],"class_list":["post-3144","post","type-post","status-publish","format-standard","has-post-thumbnail","hentry","category-allgemein","tag-unternehmen"],"acf":[],"hkrextid":null,"publication":null,"issue":null,"workflow":null,"startPage":null,"spitzmarke":null,"_posts_by_tag_page_fields":{"widget_title":"","widget_tags":""},"_at_widget":"1","_yoast_wpseo_primary_category":"","_yoast_wpseo_focuskw_text_input":"Siemens-Divison","_yoast_wpseo_opengraph-image":"https:\/\/news.save.ch\/wp-content\/uploads\/2016\/12\/Siemens-Divison-in-Zug-wird-restrukturiert_sicherheitsforum.jpg","_yoast_wpseo_opengraph-description":"Die Siemens-Division Building Technologies in Zug plant, wie angek\u00fcndigt, Optimierungen im Produktionsbereich. Im Rahmen dieser Massnahmen, die aufgrund der Frankenst\u00e4rke notwendig sind, werden einzelne Produktionslinien ins Ausland verlagert, wie das Unternehmen mitgeteilt hat. Damit verbunden ist auch ein Stellenabbau in Zug von voraussichtlich rund 150 Personen.","_yoast_wpseo_opengraph-title":"Siemens-Divison in Zug wird restrukturiert","enclosure":null,"_yoast_wpseo_twitter-title":null,"_yoast_wpseo_twitter-description":null,"_yoast_wpseo_twitter-image":null,"_wp_old_slug":null,"_yoast_wpseo_title":null,"_yoast_wpseo_canonical":null,"yoast_head":"<!-- This site is optimized with the Yoast SEO plugin v27.5 - https:\/\/yoast.com\/product\/yoast-seo-wordpress\/ -->\n<title>Siemens-Divison in Zug wird restrukturiert - Save<\/title>\n<meta name=\"description\" content=\"Die Siemens-Division Building Technologies in Zug plant, wie angek\u00fcndigt, Optimierungen im Produktionsbereich.\" \/>\n<meta name=\"robots\" content=\"index, follow, max-snippet:-1, max-image-preview:large, max-video-preview:-1\" \/>\n<link rel=\"canonical\" href=\"https:\/\/news.save.ch\/de\/siemens-divison-in-zug-wird-restrukturiert\/\" \/>\n<meta property=\"og:locale\" content=\"de_DE\" \/>\n<meta property=\"og:type\" content=\"article\" \/>\n<meta property=\"og:title\" content=\"Siemens-Divison in Zug wird restrukturiert\" \/>\n<meta property=\"og:description\" content=\"Die Siemens-Division Building Technologies in Zug plant, wie angek\u00fcndigt, Optimierungen im Produktionsbereich. Im Rahmen dieser Massnahmen, die aufgrund der Frankenst\u00e4rke notwendig sind, werden einzelne Produktionslinien ins Ausland verlagert, wie das Unternehmen mitgeteilt hat. Damit verbunden ist auch ein Stellenabbau in Zug von voraussichtlich rund 150 Personen.\" \/>\n<meta property=\"og:url\" content=\"https:\/\/news.save.ch\/de\/siemens-divison-in-zug-wird-restrukturiert\/\" \/>\n<meta property=\"og:site_name\" content=\"Save\" \/>\n<meta property=\"article:published_time\" content=\"2016-06-16T09:20:05+00:00\" \/>\n<meta property=\"og:image\" content=\"https:\/\/news.save.ch\/wp-content\/uploads\/2016\/12\/Siemens-Divison-in-Zug-wird-restrukturiert_sicherheitsforum.jpg\" \/>\n<meta name=\"author\" content=\"admin\" \/>\n<meta name=\"twitter:card\" content=\"summary_large_image\" \/>\n<meta name=\"twitter:label1\" content=\"Geschrieben von\" \/>\n\t<meta name=\"twitter:data1\" content=\"admin\" \/>\n\t<meta name=\"twitter:label2\" content=\"Gesch\u00e4tzte Lesezeit\" \/>\n\t<meta name=\"twitter:data2\" content=\"2\u00a0Minuten\" \/>\n<script type=\"application\/ld+json\" class=\"yoast-schema-graph\">{\"@context\":\"https:\\\/\\\/schema.org\",\"@graph\":[{\"@type\":\"Article\",\"@id\":\"https:\\\/\\\/news.save.ch\\\/siemens-divison-in-zug-wird-restrukturiert\\\/#article\",\"isPartOf\":{\"@id\":\"https:\\\/\\\/news.save.ch\\\/siemens-divison-in-zug-wird-restrukturiert\\\/\"},\"author\":{\"name\":\"admin\",\"@id\":\"https:\\\/\\\/news.save.ch\\\/de\\\/#\\\/schema\\\/person\\\/d49e199490bad7c70d64b9ab51142f2b\"},\"headline\":\"Siemens-Divison in Zug wird restrukturiert\",\"datePublished\":\"2016-06-16T09:20:05+00:00\",\"mainEntityOfPage\":{\"@id\":\"https:\\\/\\\/news.save.ch\\\/siemens-divison-in-zug-wird-restrukturiert\\\/\"},\"wordCount\":433,\"commentCount\":0,\"publisher\":{\"@id\":\"https:\\\/\\\/news.save.ch\\\/de\\\/#organization\"},\"image\":{\"@id\":\"https:\\\/\\\/news.save.ch\\\/siemens-divison-in-zug-wird-restrukturiert\\\/#primaryimage\"},\"thumbnailUrl\":\"https:\\\/\\\/news.save.ch\\\/wp-content\\\/uploads\\\/2016\\\/12\\\/Siemens-Divison-in-Zug-wird-restrukturiert_sicherheitsforum-scaled.jpg\",\"keywords\":[\"Unternehmen\"],\"articleSection\":[\"ALLGEMEIN\"],\"inLanguage\":\"de\"},{\"@type\":\"WebPage\",\"@id\":\"https:\\\/\\\/news.save.ch\\\/siemens-divison-in-zug-wird-restrukturiert\\\/\",\"url\":\"https:\\\/\\\/news.save.ch\\\/siemens-divison-in-zug-wird-restrukturiert\\\/\",\"name\":\"Siemens-Divison in Zug wird restrukturiert - Save\",\"isPartOf\":{\"@id\":\"https:\\\/\\\/news.save.ch\\\/de\\\/#website\"},\"primaryImageOfPage\":{\"@id\":\"https:\\\/\\\/news.save.ch\\\/siemens-divison-in-zug-wird-restrukturiert\\\/#primaryimage\"},\"image\":{\"@id\":\"https:\\\/\\\/news.save.ch\\\/siemens-divison-in-zug-wird-restrukturiert\\\/#primaryimage\"},\"thumbnailUrl\":\"https:\\\/\\\/news.save.ch\\\/wp-content\\\/uploads\\\/2016\\\/12\\\/Siemens-Divison-in-Zug-wird-restrukturiert_sicherheitsforum-scaled.jpg\",\"datePublished\":\"2016-06-16T09:20:05+00:00\",\"description\":\"Die Siemens-Division Building Technologies in Zug plant, wie angek\u00fcndigt, Optimierungen im Produktionsbereich.\",\"breadcrumb\":{\"@id\":\"https:\\\/\\\/news.save.ch\\\/siemens-divison-in-zug-wird-restrukturiert\\\/#breadcrumb\"},\"inLanguage\":\"de\",\"potentialAction\":[{\"@type\":\"ReadAction\",\"target\":[\"https:\\\/\\\/news.save.ch\\\/siemens-divison-in-zug-wird-restrukturiert\\\/\"]}]},{\"@type\":\"ImageObject\",\"inLanguage\":\"de\",\"@id\":\"https:\\\/\\\/news.save.ch\\\/siemens-divison-in-zug-wird-restrukturiert\\\/#primaryimage\",\"url\":\"https:\\\/\\\/news.save.ch\\\/wp-content\\\/uploads\\\/2016\\\/12\\\/Siemens-Divison-in-Zug-wird-restrukturiert_sicherheitsforum-scaled.jpg\",\"contentUrl\":\"https:\\\/\\\/news.save.ch\\\/wp-content\\\/uploads\\\/2016\\\/12\\\/Siemens-Divison-in-Zug-wird-restrukturiert_sicherheitsforum-scaled.jpg\",\"width\":1400,\"height\":934,\"caption\":\"Der Standort in Zug soll trotzdem das Kompetenzzentrum f\u00fcr innovative Geb\u00e4udetechnik bleiben.\"},{\"@type\":\"BreadcrumbList\",\"@id\":\"https:\\\/\\\/news.save.ch\\\/siemens-divison-in-zug-wird-restrukturiert\\\/#breadcrumb\",\"itemListElement\":[{\"@type\":\"ListItem\",\"position\":1,\"name\":\"Home\",\"item\":\"https:\\\/\\\/news.save.ch\\\/de\\\/\"},{\"@type\":\"ListItem\",\"position\":2,\"name\":\"Siemens-Divison in Zug wird restrukturiert\"}]},{\"@type\":\"WebSite\",\"@id\":\"https:\\\/\\\/news.save.ch\\\/de\\\/#website\",\"url\":\"https:\\\/\\\/news.save.ch\\\/de\\\/\",\"name\":\"Save\",\"description\":\"Schweizer Fachzeitschrift f\u00fcr Sicherheit\",\"publisher\":{\"@id\":\"https:\\\/\\\/news.save.ch\\\/de\\\/#organization\"},\"potentialAction\":[{\"@type\":\"SearchAction\",\"target\":{\"@type\":\"EntryPoint\",\"urlTemplate\":\"https:\\\/\\\/news.save.ch\\\/de\\\/?s={search_term_string}\"},\"query-input\":{\"@type\":\"PropertyValueSpecification\",\"valueRequired\":true,\"valueName\":\"search_term_string\"}}],\"inLanguage\":\"de\"},{\"@type\":\"Organization\",\"@id\":\"https:\\\/\\\/news.save.ch\\\/de\\\/#organization\",\"name\":\"Sicherheitsforum\",\"url\":\"https:\\\/\\\/news.save.ch\\\/de\\\/\",\"logo\":{\"@type\":\"ImageObject\",\"inLanguage\":\"de\",\"@id\":\"https:\\\/\\\/news.save.ch\\\/de\\\/#\\\/schema\\\/logo\\\/image\\\/\",\"url\":\"https:\\\/\\\/news.save.ch\\\/wp-content\\\/uploads\\\/2022\\\/06\\\/Logo_SF_2012.png\",\"contentUrl\":\"https:\\\/\\\/news.save.ch\\\/wp-content\\\/uploads\\\/2022\\\/06\\\/Logo_SF_2012.png\",\"width\":1100,\"height\":91,\"caption\":\"Sicherheitsforum\"},\"image\":{\"@id\":\"https:\\\/\\\/news.save.ch\\\/de\\\/#\\\/schema\\\/logo\\\/image\\\/\"}},{\"@type\":\"Person\",\"@id\":\"https:\\\/\\\/news.save.ch\\\/de\\\/#\\\/schema\\\/person\\\/d49e199490bad7c70d64b9ab51142f2b\",\"name\":\"admin\",\"image\":{\"@type\":\"ImageObject\",\"inLanguage\":\"de\",\"@id\":\"https:\\\/\\\/secure.gravatar.com\\\/avatar\\\/ae2f4d718e6c49043e314ce431e7e645d646302a24a5ef5a8bc8e3f5a032e319?s=96&d=mm&r=g\",\"url\":\"https:\\\/\\\/secure.gravatar.com\\\/avatar\\\/ae2f4d718e6c49043e314ce431e7e645d646302a24a5ef5a8bc8e3f5a032e319?s=96&d=mm&r=g\",\"contentUrl\":\"https:\\\/\\\/secure.gravatar.com\\\/avatar\\\/ae2f4d718e6c49043e314ce431e7e645d646302a24a5ef5a8bc8e3f5a032e319?s=96&d=mm&r=g\",\"caption\":\"admin\"},\"sameAs\":[\"https:\\\/\\\/develop.organisator.galledia.ch\"],\"url\":\"https:\\\/\\\/news.save.ch\\\/de\\\/author\\\/admin\\\/\"}]}<\/script>\n<!-- \/ Yoast SEO plugin. -->","yoast_head_json":{"title":"Siemens-Divison in Zug wird restrukturiert - Save","description":"Die Siemens-Division Building Technologies in Zug plant, wie angek\u00fcndigt, Optimierungen im Produktionsbereich.","robots":{"index":"index","follow":"follow","max-snippet":"max-snippet:-1","max-image-preview":"max-image-preview:large","max-video-preview":"max-video-preview:-1"},"canonical":"https:\/\/news.save.ch\/de\/siemens-divison-in-zug-wird-restrukturiert\/","og_locale":"de_DE","og_type":"article","og_title":"Siemens-Divison in Zug wird restrukturiert","og_description":"Die Siemens-Division Building Technologies in Zug plant, wie angek\u00fcndigt, Optimierungen im Produktionsbereich. Im Rahmen dieser Massnahmen, die aufgrund der Frankenst\u00e4rke notwendig sind, werden einzelne Produktionslinien ins Ausland verlagert, wie das Unternehmen mitgeteilt hat. Damit verbunden ist auch ein Stellenabbau in Zug von voraussichtlich rund 150 Personen.","og_url":"https:\/\/news.save.ch\/de\/siemens-divison-in-zug-wird-restrukturiert\/","og_site_name":"Save","article_published_time":"2016-06-16T09:20:05+00:00","og_image":[{"url":"https:\/\/news.save.ch\/wp-content\/uploads\/2016\/12\/Siemens-Divison-in-Zug-wird-restrukturiert_sicherheitsforum.jpg","type":"","width":"","height":""}],"author":"admin","twitter_card":"summary_large_image","twitter_misc":{"Geschrieben von":"admin","Gesch\u00e4tzte Lesezeit":"2\u00a0Minuten"},"schema":{"@context":"https:\/\/schema.org","@graph":[{"@type":"Article","@id":"https:\/\/news.save.ch\/siemens-divison-in-zug-wird-restrukturiert\/#article","isPartOf":{"@id":"https:\/\/news.save.ch\/siemens-divison-in-zug-wird-restrukturiert\/"},"author":{"name":"admin","@id":"https:\/\/news.save.ch\/de\/#\/schema\/person\/d49e199490bad7c70d64b9ab51142f2b"},"headline":"Siemens-Divison in Zug wird restrukturiert","datePublished":"2016-06-16T09:20:05+00:00","mainEntityOfPage":{"@id":"https:\/\/news.save.ch\/siemens-divison-in-zug-wird-restrukturiert\/"},"wordCount":433,"commentCount":0,"publisher":{"@id":"https:\/\/news.save.ch\/de\/#organization"},"image":{"@id":"https:\/\/news.save.ch\/siemens-divison-in-zug-wird-restrukturiert\/#primaryimage"},"thumbnailUrl":"https:\/\/news.save.ch\/wp-content\/uploads\/2016\/12\/Siemens-Divison-in-Zug-wird-restrukturiert_sicherheitsforum-scaled.jpg","keywords":["Unternehmen"],"articleSection":["ALLGEMEIN"],"inLanguage":"de"},{"@type":"WebPage","@id":"https:\/\/news.save.ch\/siemens-divison-in-zug-wird-restrukturiert\/","url":"https:\/\/news.save.ch\/siemens-divison-in-zug-wird-restrukturiert\/","name":"Siemens-Divison in Zug wird restrukturiert - Save","isPartOf":{"@id":"https:\/\/news.save.ch\/de\/#website"},"primaryImageOfPage":{"@id":"https:\/\/news.save.ch\/siemens-divison-in-zug-wird-restrukturiert\/#primaryimage"},"image":{"@id":"https:\/\/news.save.ch\/siemens-divison-in-zug-wird-restrukturiert\/#primaryimage"},"thumbnailUrl":"https:\/\/news.save.ch\/wp-content\/uploads\/2016\/12\/Siemens-Divison-in-Zug-wird-restrukturiert_sicherheitsforum-scaled.jpg","datePublished":"2016-06-16T09:20:05+00:00","description":"Die Siemens-Division Building Technologies in Zug plant, wie angek\u00fcndigt, Optimierungen im Produktionsbereich.","breadcrumb":{"@id":"https:\/\/news.save.ch\/siemens-divison-in-zug-wird-restrukturiert\/#breadcrumb"},"inLanguage":"de","potentialAction":[{"@type":"ReadAction","target":["https:\/\/news.save.ch\/siemens-divison-in-zug-wird-restrukturiert\/"]}]},{"@type":"ImageObject","inLanguage":"de","@id":"https:\/\/news.save.ch\/siemens-divison-in-zug-wird-restrukturiert\/#primaryimage","url":"https:\/\/news.save.ch\/wp-content\/uploads\/2016\/12\/Siemens-Divison-in-Zug-wird-restrukturiert_sicherheitsforum-scaled.jpg","contentUrl":"https:\/\/news.save.ch\/wp-content\/uploads\/2016\/12\/Siemens-Divison-in-Zug-wird-restrukturiert_sicherheitsforum-scaled.jpg","width":1400,"height":934,"caption":"Der Standort in Zug soll trotzdem das Kompetenzzentrum f\u00fcr innovative Geb\u00e4udetechnik bleiben."},{"@type":"BreadcrumbList","@id":"https:\/\/news.save.ch\/siemens-divison-in-zug-wird-restrukturiert\/#breadcrumb","itemListElement":[{"@type":"ListItem","position":1,"name":"Home","item":"https:\/\/news.save.ch\/de\/"},{"@type":"ListItem","position":2,"name":"Siemens-Divison in Zug wird restrukturiert"}]},{"@type":"WebSite","@id":"https:\/\/news.save.ch\/de\/#website","url":"https:\/\/news.save.ch\/de\/","name":"Save","description":"Schweizer Fachzeitschrift f\u00fcr Sicherheit","publisher":{"@id":"https:\/\/news.save.ch\/de\/#organization"},"potentialAction":[{"@type":"SearchAction","target":{"@type":"EntryPoint","urlTemplate":"https:\/\/news.save.ch\/de\/?s={search_term_string}"},"query-input":{"@type":"PropertyValueSpecification","valueRequired":true,"valueName":"search_term_string"}}],"inLanguage":"de"},{"@type":"Organization","@id":"https:\/\/news.save.ch\/de\/#organization","name":"Sicherheitsforum","url":"https:\/\/news.save.ch\/de\/","logo":{"@type":"ImageObject","inLanguage":"de","@id":"https:\/\/news.save.ch\/de\/#\/schema\/logo\/image\/","url":"https:\/\/news.save.ch\/wp-content\/uploads\/2022\/06\/Logo_SF_2012.png","contentUrl":"https:\/\/news.save.ch\/wp-content\/uploads\/2022\/06\/Logo_SF_2012.png","width":1100,"height":91,"caption":"Sicherheitsforum"},"image":{"@id":"https:\/\/news.save.ch\/de\/#\/schema\/logo\/image\/"}},{"@type":"Person","@id":"https:\/\/news.save.ch\/de\/#\/schema\/person\/d49e199490bad7c70d64b9ab51142f2b","name":"admin","image":{"@type":"ImageObject","inLanguage":"de","@id":"https:\/\/secure.gravatar.com\/avatar\/ae2f4d718e6c49043e314ce431e7e645d646302a24a5ef5a8bc8e3f5a032e319?s=96&d=mm&r=g","url":"https:\/\/secure.gravatar.com\/avatar\/ae2f4d718e6c49043e314ce431e7e645d646302a24a5ef5a8bc8e3f5a032e319?s=96&d=mm&r=g","contentUrl":"https:\/\/secure.gravatar.com\/avatar\/ae2f4d718e6c49043e314ce431e7e645d646302a24a5ef5a8bc8e3f5a032e319?s=96&d=mm&r=g","caption":"admin"},"sameAs":["https:\/\/develop.organisator.galledia.ch"],"url":"https:\/\/news.save.ch\/de\/author\/admin\/"}]}},"_links":{"self":[{"href":"https:\/\/news.save.ch\/de\/wp-json\/wp\/v2\/posts\/3144","targetHints":{"allow":["GET"]}}],"collection":[{"href":"https:\/\/news.save.ch\/de\/wp-json\/wp\/v2\/posts"}],"about":[{"href":"https:\/\/news.save.ch\/de\/wp-json\/wp\/v2\/types\/post"}],"author":[{"embeddable":true,"href":"https:\/\/news.save.ch\/de\/wp-json\/wp\/v2\/users\/1"}],"replies":[{"embeddable":true,"href":"https:\/\/news.save.ch\/de\/wp-json\/wp\/v2\/comments?post=3144"}],"version-history":[{"count":0,"href":"https:\/\/news.save.ch\/de\/wp-json\/wp\/v2\/posts\/3144\/revisions"}],"wp:featuredmedia":[{"embeddable":true,"href":"https:\/\/news.save.ch\/de\/wp-json\/wp\/v2\/media\/3152"}],"wp:attachment":[{"href":"https:\/\/news.save.ch\/de\/wp-json\/wp\/v2\/media?parent=3144"}],"wp:term":[{"taxonomy":"category","embeddable":true,"href":"https:\/\/news.save.ch\/de\/wp-json\/wp\/v2\/categories?post=3144"},{"taxonomy":"post_tag","embeddable":true,"href":"https:\/\/news.save.ch\/de\/wp-json\/wp\/v2\/tags?post=3144"}],"curies":[{"name":"wp","href":"https:\/\/api.w.org\/{rel}","templated":true}]}}