{"id":3185,"date":"2015-06-12T11:31:06","date_gmt":"2015-06-12T09:31:06","guid":{"rendered":"https:\/\/dev.sicherheitsforum.ch\/?p=3185"},"modified":"2023-03-14T09:00:05","modified_gmt":"2023-03-14T08:00:05","slug":"zuko-schon-damals-auf-der-museggmauer","status":null,"type":"post","link":"https:\/\/news.save.ch\/de\/zuko-schon-damals-auf-der-museggmauer\/","title":{"rendered":"ZuKo, schon damals auf der Museggmauer"},"content":{"rendered":"<figure id=\"attachment_3188\" aria-describedby=\"caption-attachment-3188\" style=\"width: 680px\" class=\"wp-caption alignnone\"><img loading=\"lazy\" decoding=\"async\" class=\"wp-image-3188 size-medium\" src=\"https:\/\/news.save.ch\/wp-content\/uploads\/2016\/12\/ZuKo-schon-damals-auf-der-Museggmauer_sicherheitsforum.jpg\" width=\"680\" height=\"370\" \/><figcaption id=\"caption-attachment-3188\" class=\"wp-caption-text\">Am Kundenevent von Siaxma.<\/figcaption><\/figure>\n<p>Das unverkennbare blaue Geb\u00e4ude Business Park Luzern\u00a0mit seinen 11&#8217;000 m2 B\u00fcro- und Lagerfl\u00e4chen erlaubt eine vielf\u00e4ltige Nutzung, was ein anpassungsf\u00e4higes Zutrittssystem erfordert. Die Umr\u00fcstung der Installation von der Ein-Mandanten-L\u00f6sung mit f\u00fcnf Lesern und hohen Sicherheitsanforderungen zu einem \u201eoffenen\u201c System mit vielen Mietern und \u00fcber 30 Lesern, erfolgte unter anderem durch die Verkn\u00fcpfung von On- und Offline-Komponenten. Mit dem gleichen Badge k\u00f6nnen Geb\u00e4udenutzer zudem auch den Kopierer ben\u00fctzen, in der Kantine bezahlen und in absehbarer Zeit die Aufz\u00fcge bedienen.<\/p>\n<p>Die Wichtigkeit der Bed\u00fcrfniskl\u00e4rung und sorgf\u00e4ltigen Planung vor der Anschaffung einer Zutrittskontrolle war denn auch Max Kellers Hauptbotschaft an seine <a href=\"https:\/\/www.siaxma.ch\" target=\"_blank\" data-cke-saved-href=\"https:\/\/www.siaxma.ch\" rel=\"noopener\">Siaxma-<\/a>Kunden. Er st\u00fctzte seine Ausf\u00fchrungen auf das <a href=\"\/wp-content\/uploads\/2015\/06\/Businessdossier_dt.pdf\" target=\"_blank\" data-cke-saved-href=\"\/uploads\/documents\/Businessdossier_dt.pdf\" rel=\"noopener\">Business Dossier<\/a> \u201eEvaluation eines Zutrittkontrollsystems\u201c, das beim Verband Schweizerischer Errichter von Sicherheitsanlagen SES in Zollikofen bezogen werden kann und <a href=\"\/wp-content\/uploads\/2015\/06\/Businessdossier_dt.pdf\" target=\"_blank\" data-cke-saved-href=\"\/uploads\/documents\/Businessdossier_dt.pdf\" rel=\"noopener\">hier als PDF<\/a> zum Download bereit steht. Es gebe derart viele unterschiedliche Systeme und L\u00f6sungsans\u00e4tze, dass sich der fr\u00fche Beizug von Spezialisten sowie von detaillierten Frage- und Checklisten dringend empfehle. Denn oft gingen, so Keller, beispielsweise die Einbindung der Mitarbeitenden, die beh\u00f6rdlichen Auflagen oder auch der Datenschutz vergessen.<\/p>\n<p>Die F\u00fchrung \u00fcber die ber\u00fchmte Luzerner <a href=\"https:\/\/www.museggmauer.ch\" target=\"_blank\" data-cke-saved-href=\"https:\/\/www.museggmauer.ch\" rel=\"noopener\">Museggmauer<\/a> aus dem 13. Jahrhundert war nicht zuf\u00e4llig Teil des Rahmenprogramms: Die Befestigung mit ihren urspr\u00fcnglich 30 T\u00fcrmen diente schliesslich dem Schutz vor unerw\u00fcnschten Eindringlingen und somit der Zutrittskontrolle.<\/p>\n<p><a href=\"\/wp-content\/uploads\/2015\/06\/Businessdossier_dt.pdf\" target=\"_blank\" data-cke-saved-href=\"\/uploads\/documents\/Businessdossier_dt.pdf\" rel=\"noopener\">Das\u00a0Business Dossier\u00a0\u201eEvaluation eines Zutrittkontrollsystems\u201c als PDF<\/a><\/p>\n","protected":false},"excerpt":{"rendered":"<p>Das unverkennbare blaue Geb\u00e4ude Business Park Luzern\u00a0mit seinen 11&#8217;000 m2 B\u00fcro- und Lagerfl\u00e4chen erlaubt eine vielf\u00e4ltige Nutzung, was ein anpassungsf\u00e4higes Zutrittssystem erfordert. Die Umr\u00fcstung der Installation von der Ein-Mandanten-L\u00f6sung mit f\u00fcnf Lesern und hohen Sicherheitsanforderungen zu einem \u201eoffenen\u201c System mit vielen Mietern und \u00fcber 30 Lesern, erfolgte unter anderem durch die Verkn\u00fcpfung von On- und [&hellip;]<\/p>\n","protected":false},"author":1,"featured_media":3188,"comment_status":"open","ping_status":"open","sticky":false,"template":"","format":"standard","meta":{"_acf_changed":false,"pgc_sgb_lightbox_settings":"","footnotes":""},"categories":[3312],"tags":[157,158,90],"class_list":["post-3185","post","type-post","status-publish","format-standard","has-post-thumbnail","hentry","category-sicherheit","tag-video-security","tag-zutrittskontrolle","tag-zutrittskontrollevideo-security"],"acf":[],"hkrextid":null,"publication":null,"issue":null,"workflow":null,"startPage":null,"spitzmarke":null,"_posts_by_tag_page_fields":{"widget_title":"","widget_tags":""},"_at_widget":"1","_yoast_wpseo_primary_category":"","_yoast_wpseo_focuskw_text_input":"Museggmauer","_yoast_wpseo_opengraph-image":"https:\/\/news.save.ch\/wp-content\/uploads\/2016\/12\/ZuKo-schon-damals-auf-der-Museggmauer_sicherheitsforum.jpg","_yoast_wpseo_opengraph-description":"Der diesj\u00e4hrige Kundenevent von Siaxma begann mit der Besichtigung des Business Park Luzern. Dort hat das Unternehmen das bestehende Zutrittskontrollsystem um- und ausgebaut.","_yoast_wpseo_opengraph-title":"ZuKo, schon damals auf der Museggmauer","enclosure":null,"_yoast_wpseo_twitter-title":null,"_yoast_wpseo_twitter-description":null,"_yoast_wpseo_twitter-image":null,"_wp_old_slug":null,"_yoast_wpseo_title":null,"_yoast_wpseo_canonical":null,"yoast_head":"<!-- This site is optimized with the Yoast SEO plugin v27.4 - https:\/\/yoast.com\/product\/yoast-seo-wordpress\/ -->\n<title>ZuKo, schon damals auf der Museggmauer - Save<\/title>\n<meta name=\"description\" content=\"Museggmauer: Der diesj\u00e4hrige Kundenevent von Siaxma begann mit der Besichtigung des Business Park Luzern.\" \/>\n<meta name=\"robots\" content=\"index, follow, max-snippet:-1, max-image-preview:large, max-video-preview:-1\" \/>\n<link rel=\"canonical\" href=\"https:\/\/news.save.ch\/de\/zuko-schon-damals-auf-der-museggmauer\/\" \/>\n<meta property=\"og:locale\" content=\"de_DE\" \/>\n<meta property=\"og:type\" content=\"article\" \/>\n<meta property=\"og:title\" content=\"ZuKo, schon damals auf der Museggmauer\" \/>\n<meta property=\"og:description\" content=\"Der diesj\u00e4hrige Kundenevent von Siaxma begann mit der Besichtigung des Business Park Luzern. Dort hat das Unternehmen das bestehende Zutrittskontrollsystem um- und ausgebaut.\" \/>\n<meta property=\"og:url\" content=\"https:\/\/news.save.ch\/de\/zuko-schon-damals-auf-der-museggmauer\/\" \/>\n<meta property=\"og:site_name\" content=\"Save\" \/>\n<meta property=\"article:published_time\" content=\"2015-06-12T09:31:06+00:00\" \/>\n<meta property=\"article:modified_time\" content=\"2023-03-14T08:00:05+00:00\" \/>\n<meta property=\"og:image\" content=\"https:\/\/news.save.ch\/wp-content\/uploads\/2016\/12\/ZuKo-schon-damals-auf-der-Museggmauer_sicherheitsforum.jpg\" \/>\n<meta name=\"author\" content=\"admin\" \/>\n<meta name=\"twitter:card\" content=\"summary_large_image\" \/>\n<meta name=\"twitter:label1\" content=\"Geschrieben von\" \/>\n\t<meta name=\"twitter:data1\" content=\"admin\" \/>\n\t<meta name=\"twitter:label2\" content=\"Gesch\u00e4tzte Lesezeit\" \/>\n\t<meta name=\"twitter:data2\" content=\"1\u00a0Minute\" \/>\n<script type=\"application\/ld+json\" class=\"yoast-schema-graph\">{\"@context\":\"https:\\\/\\\/schema.org\",\"@graph\":[{\"@type\":\"Article\",\"@id\":\"https:\\\/\\\/news.save.ch\\\/zuko-schon-damals-auf-der-museggmauer\\\/#article\",\"isPartOf\":{\"@id\":\"https:\\\/\\\/news.save.ch\\\/zuko-schon-damals-auf-der-museggmauer\\\/\"},\"author\":{\"name\":\"admin\",\"@id\":\"https:\\\/\\\/news.save.ch\\\/de\\\/#\\\/schema\\\/person\\\/d49e199490bad7c70d64b9ab51142f2b\"},\"headline\":\"ZuKo, schon damals auf der Museggmauer\",\"datePublished\":\"2015-06-12T09:31:06+00:00\",\"dateModified\":\"2023-03-14T08:00:05+00:00\",\"mainEntityOfPage\":{\"@id\":\"https:\\\/\\\/news.save.ch\\\/zuko-schon-damals-auf-der-museggmauer\\\/\"},\"wordCount\":257,\"commentCount\":0,\"publisher\":{\"@id\":\"https:\\\/\\\/news.save.ch\\\/de\\\/#organization\"},\"image\":{\"@id\":\"https:\\\/\\\/news.save.ch\\\/zuko-schon-damals-auf-der-museggmauer\\\/#primaryimage\"},\"thumbnailUrl\":\"https:\\\/\\\/news.save.ch\\\/wp-content\\\/uploads\\\/2016\\\/12\\\/ZuKo-schon-damals-auf-der-Museggmauer_sicherheitsforum-scaled.jpg\",\"keywords\":[\"Video-Security\",\"Zutrittskontrolle\",\"Zutrittskontrolle\\\/Video-Security\"],\"articleSection\":[\"SICHERHEIT\"],\"inLanguage\":\"de\"},{\"@type\":\"WebPage\",\"@id\":\"https:\\\/\\\/news.save.ch\\\/zuko-schon-damals-auf-der-museggmauer\\\/\",\"url\":\"https:\\\/\\\/news.save.ch\\\/zuko-schon-damals-auf-der-museggmauer\\\/\",\"name\":\"ZuKo, schon damals auf der Museggmauer - Save\",\"isPartOf\":{\"@id\":\"https:\\\/\\\/news.save.ch\\\/de\\\/#website\"},\"primaryImageOfPage\":{\"@id\":\"https:\\\/\\\/news.save.ch\\\/zuko-schon-damals-auf-der-museggmauer\\\/#primaryimage\"},\"image\":{\"@id\":\"https:\\\/\\\/news.save.ch\\\/zuko-schon-damals-auf-der-museggmauer\\\/#primaryimage\"},\"thumbnailUrl\":\"https:\\\/\\\/news.save.ch\\\/wp-content\\\/uploads\\\/2016\\\/12\\\/ZuKo-schon-damals-auf-der-Museggmauer_sicherheitsforum-scaled.jpg\",\"datePublished\":\"2015-06-12T09:31:06+00:00\",\"dateModified\":\"2023-03-14T08:00:05+00:00\",\"description\":\"Museggmauer: Der diesj\u00e4hrige Kundenevent von Siaxma begann mit der Besichtigung des Business Park Luzern.\",\"breadcrumb\":{\"@id\":\"https:\\\/\\\/news.save.ch\\\/zuko-schon-damals-auf-der-museggmauer\\\/#breadcrumb\"},\"inLanguage\":\"de\",\"potentialAction\":[{\"@type\":\"ReadAction\",\"target\":[\"https:\\\/\\\/news.save.ch\\\/zuko-schon-damals-auf-der-museggmauer\\\/\"]}]},{\"@type\":\"ImageObject\",\"inLanguage\":\"de\",\"@id\":\"https:\\\/\\\/news.save.ch\\\/zuko-schon-damals-auf-der-museggmauer\\\/#primaryimage\",\"url\":\"https:\\\/\\\/news.save.ch\\\/wp-content\\\/uploads\\\/2016\\\/12\\\/ZuKo-schon-damals-auf-der-Museggmauer_sicherheitsforum-scaled.jpg\",\"contentUrl\":\"https:\\\/\\\/news.save.ch\\\/wp-content\\\/uploads\\\/2016\\\/12\\\/ZuKo-schon-damals-auf-der-Museggmauer_sicherheitsforum-scaled.jpg\",\"width\":1400,\"height\":762,\"caption\":\"Am Kundenevent von Siaxma.\"},{\"@type\":\"BreadcrumbList\",\"@id\":\"https:\\\/\\\/news.save.ch\\\/zuko-schon-damals-auf-der-museggmauer\\\/#breadcrumb\",\"itemListElement\":[{\"@type\":\"ListItem\",\"position\":1,\"name\":\"Home\",\"item\":\"https:\\\/\\\/news.save.ch\\\/de\\\/\"},{\"@type\":\"ListItem\",\"position\":2,\"name\":\"ZuKo, schon damals auf der Museggmauer\"}]},{\"@type\":\"WebSite\",\"@id\":\"https:\\\/\\\/news.save.ch\\\/de\\\/#website\",\"url\":\"https:\\\/\\\/news.save.ch\\\/de\\\/\",\"name\":\"Save\",\"description\":\"Schweizer Fachzeitschrift f\u00fcr Sicherheit\",\"publisher\":{\"@id\":\"https:\\\/\\\/news.save.ch\\\/de\\\/#organization\"},\"potentialAction\":[{\"@type\":\"SearchAction\",\"target\":{\"@type\":\"EntryPoint\",\"urlTemplate\":\"https:\\\/\\\/news.save.ch\\\/de\\\/?s={search_term_string}\"},\"query-input\":{\"@type\":\"PropertyValueSpecification\",\"valueRequired\":true,\"valueName\":\"search_term_string\"}}],\"inLanguage\":\"de\"},{\"@type\":\"Organization\",\"@id\":\"https:\\\/\\\/news.save.ch\\\/de\\\/#organization\",\"name\":\"Sicherheitsforum\",\"url\":\"https:\\\/\\\/news.save.ch\\\/de\\\/\",\"logo\":{\"@type\":\"ImageObject\",\"inLanguage\":\"de\",\"@id\":\"https:\\\/\\\/news.save.ch\\\/de\\\/#\\\/schema\\\/logo\\\/image\\\/\",\"url\":\"https:\\\/\\\/news.save.ch\\\/wp-content\\\/uploads\\\/2022\\\/06\\\/Logo_SF_2012.png\",\"contentUrl\":\"https:\\\/\\\/news.save.ch\\\/wp-content\\\/uploads\\\/2022\\\/06\\\/Logo_SF_2012.png\",\"width\":1100,\"height\":91,\"caption\":\"Sicherheitsforum\"},\"image\":{\"@id\":\"https:\\\/\\\/news.save.ch\\\/de\\\/#\\\/schema\\\/logo\\\/image\\\/\"}},{\"@type\":\"Person\",\"@id\":\"https:\\\/\\\/news.save.ch\\\/de\\\/#\\\/schema\\\/person\\\/d49e199490bad7c70d64b9ab51142f2b\",\"name\":\"admin\",\"image\":{\"@type\":\"ImageObject\",\"inLanguage\":\"de\",\"@id\":\"https:\\\/\\\/secure.gravatar.com\\\/avatar\\\/ae2f4d718e6c49043e314ce431e7e645d646302a24a5ef5a8bc8e3f5a032e319?s=96&d=mm&r=g\",\"url\":\"https:\\\/\\\/secure.gravatar.com\\\/avatar\\\/ae2f4d718e6c49043e314ce431e7e645d646302a24a5ef5a8bc8e3f5a032e319?s=96&d=mm&r=g\",\"contentUrl\":\"https:\\\/\\\/secure.gravatar.com\\\/avatar\\\/ae2f4d718e6c49043e314ce431e7e645d646302a24a5ef5a8bc8e3f5a032e319?s=96&d=mm&r=g\",\"caption\":\"admin\"},\"sameAs\":[\"https:\\\/\\\/develop.organisator.galledia.ch\"],\"url\":\"https:\\\/\\\/news.save.ch\\\/de\\\/author\\\/admin\\\/\"}]}<\/script>\n<!-- \/ Yoast SEO plugin. -->","yoast_head_json":{"title":"ZuKo, schon damals auf der Museggmauer - Save","description":"Museggmauer: Der diesj\u00e4hrige Kundenevent von Siaxma begann mit der Besichtigung des Business Park Luzern.","robots":{"index":"index","follow":"follow","max-snippet":"max-snippet:-1","max-image-preview":"max-image-preview:large","max-video-preview":"max-video-preview:-1"},"canonical":"https:\/\/news.save.ch\/de\/zuko-schon-damals-auf-der-museggmauer\/","og_locale":"de_DE","og_type":"article","og_title":"ZuKo, schon damals auf der Museggmauer","og_description":"Der diesj\u00e4hrige Kundenevent von Siaxma begann mit der Besichtigung des Business Park Luzern. Dort hat das Unternehmen das bestehende Zutrittskontrollsystem um- und ausgebaut.","og_url":"https:\/\/news.save.ch\/de\/zuko-schon-damals-auf-der-museggmauer\/","og_site_name":"Save","article_published_time":"2015-06-12T09:31:06+00:00","article_modified_time":"2023-03-14T08:00:05+00:00","og_image":[{"url":"https:\/\/news.save.ch\/wp-content\/uploads\/2016\/12\/ZuKo-schon-damals-auf-der-Museggmauer_sicherheitsforum.jpg","type":"","width":"","height":""}],"author":"admin","twitter_card":"summary_large_image","twitter_misc":{"Geschrieben von":"admin","Gesch\u00e4tzte Lesezeit":"1\u00a0Minute"},"schema":{"@context":"https:\/\/schema.org","@graph":[{"@type":"Article","@id":"https:\/\/news.save.ch\/zuko-schon-damals-auf-der-museggmauer\/#article","isPartOf":{"@id":"https:\/\/news.save.ch\/zuko-schon-damals-auf-der-museggmauer\/"},"author":{"name":"admin","@id":"https:\/\/news.save.ch\/de\/#\/schema\/person\/d49e199490bad7c70d64b9ab51142f2b"},"headline":"ZuKo, schon damals auf der Museggmauer","datePublished":"2015-06-12T09:31:06+00:00","dateModified":"2023-03-14T08:00:05+00:00","mainEntityOfPage":{"@id":"https:\/\/news.save.ch\/zuko-schon-damals-auf-der-museggmauer\/"},"wordCount":257,"commentCount":0,"publisher":{"@id":"https:\/\/news.save.ch\/de\/#organization"},"image":{"@id":"https:\/\/news.save.ch\/zuko-schon-damals-auf-der-museggmauer\/#primaryimage"},"thumbnailUrl":"https:\/\/news.save.ch\/wp-content\/uploads\/2016\/12\/ZuKo-schon-damals-auf-der-Museggmauer_sicherheitsforum-scaled.jpg","keywords":["Video-Security","Zutrittskontrolle","Zutrittskontrolle\/Video-Security"],"articleSection":["SICHERHEIT"],"inLanguage":"de"},{"@type":"WebPage","@id":"https:\/\/news.save.ch\/zuko-schon-damals-auf-der-museggmauer\/","url":"https:\/\/news.save.ch\/zuko-schon-damals-auf-der-museggmauer\/","name":"ZuKo, schon damals auf der Museggmauer - Save","isPartOf":{"@id":"https:\/\/news.save.ch\/de\/#website"},"primaryImageOfPage":{"@id":"https:\/\/news.save.ch\/zuko-schon-damals-auf-der-museggmauer\/#primaryimage"},"image":{"@id":"https:\/\/news.save.ch\/zuko-schon-damals-auf-der-museggmauer\/#primaryimage"},"thumbnailUrl":"https:\/\/news.save.ch\/wp-content\/uploads\/2016\/12\/ZuKo-schon-damals-auf-der-Museggmauer_sicherheitsforum-scaled.jpg","datePublished":"2015-06-12T09:31:06+00:00","dateModified":"2023-03-14T08:00:05+00:00","description":"Museggmauer: Der diesj\u00e4hrige Kundenevent von Siaxma begann mit der Besichtigung des Business Park Luzern.","breadcrumb":{"@id":"https:\/\/news.save.ch\/zuko-schon-damals-auf-der-museggmauer\/#breadcrumb"},"inLanguage":"de","potentialAction":[{"@type":"ReadAction","target":["https:\/\/news.save.ch\/zuko-schon-damals-auf-der-museggmauer\/"]}]},{"@type":"ImageObject","inLanguage":"de","@id":"https:\/\/news.save.ch\/zuko-schon-damals-auf-der-museggmauer\/#primaryimage","url":"https:\/\/news.save.ch\/wp-content\/uploads\/2016\/12\/ZuKo-schon-damals-auf-der-Museggmauer_sicherheitsforum-scaled.jpg","contentUrl":"https:\/\/news.save.ch\/wp-content\/uploads\/2016\/12\/ZuKo-schon-damals-auf-der-Museggmauer_sicherheitsforum-scaled.jpg","width":1400,"height":762,"caption":"Am Kundenevent von Siaxma."},{"@type":"BreadcrumbList","@id":"https:\/\/news.save.ch\/zuko-schon-damals-auf-der-museggmauer\/#breadcrumb","itemListElement":[{"@type":"ListItem","position":1,"name":"Home","item":"https:\/\/news.save.ch\/de\/"},{"@type":"ListItem","position":2,"name":"ZuKo, schon damals auf der Museggmauer"}]},{"@type":"WebSite","@id":"https:\/\/news.save.ch\/de\/#website","url":"https:\/\/news.save.ch\/de\/","name":"Save","description":"Schweizer Fachzeitschrift f\u00fcr Sicherheit","publisher":{"@id":"https:\/\/news.save.ch\/de\/#organization"},"potentialAction":[{"@type":"SearchAction","target":{"@type":"EntryPoint","urlTemplate":"https:\/\/news.save.ch\/de\/?s={search_term_string}"},"query-input":{"@type":"PropertyValueSpecification","valueRequired":true,"valueName":"search_term_string"}}],"inLanguage":"de"},{"@type":"Organization","@id":"https:\/\/news.save.ch\/de\/#organization","name":"Sicherheitsforum","url":"https:\/\/news.save.ch\/de\/","logo":{"@type":"ImageObject","inLanguage":"de","@id":"https:\/\/news.save.ch\/de\/#\/schema\/logo\/image\/","url":"https:\/\/news.save.ch\/wp-content\/uploads\/2022\/06\/Logo_SF_2012.png","contentUrl":"https:\/\/news.save.ch\/wp-content\/uploads\/2022\/06\/Logo_SF_2012.png","width":1100,"height":91,"caption":"Sicherheitsforum"},"image":{"@id":"https:\/\/news.save.ch\/de\/#\/schema\/logo\/image\/"}},{"@type":"Person","@id":"https:\/\/news.save.ch\/de\/#\/schema\/person\/d49e199490bad7c70d64b9ab51142f2b","name":"admin","image":{"@type":"ImageObject","inLanguage":"de","@id":"https:\/\/secure.gravatar.com\/avatar\/ae2f4d718e6c49043e314ce431e7e645d646302a24a5ef5a8bc8e3f5a032e319?s=96&d=mm&r=g","url":"https:\/\/secure.gravatar.com\/avatar\/ae2f4d718e6c49043e314ce431e7e645d646302a24a5ef5a8bc8e3f5a032e319?s=96&d=mm&r=g","contentUrl":"https:\/\/secure.gravatar.com\/avatar\/ae2f4d718e6c49043e314ce431e7e645d646302a24a5ef5a8bc8e3f5a032e319?s=96&d=mm&r=g","caption":"admin"},"sameAs":["https:\/\/develop.organisator.galledia.ch"],"url":"https:\/\/news.save.ch\/de\/author\/admin\/"}]}},"_links":{"self":[{"href":"https:\/\/news.save.ch\/de\/wp-json\/wp\/v2\/posts\/3185","targetHints":{"allow":["GET"]}}],"collection":[{"href":"https:\/\/news.save.ch\/de\/wp-json\/wp\/v2\/posts"}],"about":[{"href":"https:\/\/news.save.ch\/de\/wp-json\/wp\/v2\/types\/post"}],"author":[{"embeddable":true,"href":"https:\/\/news.save.ch\/de\/wp-json\/wp\/v2\/users\/1"}],"replies":[{"embeddable":true,"href":"https:\/\/news.save.ch\/de\/wp-json\/wp\/v2\/comments?post=3185"}],"version-history":[{"count":1,"href":"https:\/\/news.save.ch\/de\/wp-json\/wp\/v2\/posts\/3185\/revisions"}],"predecessor-version":[{"id":18019,"href":"https:\/\/news.save.ch\/de\/wp-json\/wp\/v2\/posts\/3185\/revisions\/18019"}],"wp:featuredmedia":[{"embeddable":true,"href":"https:\/\/news.save.ch\/de\/wp-json\/wp\/v2\/media\/3188"}],"wp:attachment":[{"href":"https:\/\/news.save.ch\/de\/wp-json\/wp\/v2\/media?parent=3185"}],"wp:term":[{"taxonomy":"category","embeddable":true,"href":"https:\/\/news.save.ch\/de\/wp-json\/wp\/v2\/categories?post=3185"},{"taxonomy":"post_tag","embeddable":true,"href":"https:\/\/news.save.ch\/de\/wp-json\/wp\/v2\/tags?post=3185"}],"curies":[{"name":"wp","href":"https:\/\/api.w.org\/{rel}","templated":true}]}}