{"id":319,"date":"2015-05-19T11:08:11","date_gmt":"2015-05-19T09:08:11","guid":{"rendered":"http:\/\/dev.safety-plus.ch\/?p=319"},"modified":"2023-03-14T09:05:37","modified_gmt":"2023-03-14T08:05:37","slug":"burnout-soll-keine-anerkannte-berufskrankheit-werden","status":null,"type":"post","link":"https:\/\/news.save.ch\/de\/burnout-soll-keine-anerkannte-berufskrankheit-werden\/","title":{"rendered":"Burnout soll keine anerkannte Berufskrankheit werden"},"content":{"rendered":"<figure id=\"attachment_323\" aria-describedby=\"caption-attachment-323\" style=\"width: 680px\" class=\"wp-caption alignnone\"><img loading=\"lazy\" decoding=\"async\" class=\"wp-image-323 size-medium\" src=\"http:\/\/develop.safety-plus.ch\/wp-content\/uploads\/2016\/12\/Burnout-soll-keine-anerkannte-Berufskrankheit-werden_safety-plus.jpeg\" alt=\"Der Bundesrat h\u00e4lt die heutigen Pr\u00e4ventionsmassnahmen gegen Burnout f\u00fcr ausreichend.\" width=\"680\" height=\"453\" \/><figcaption id=\"caption-attachment-323\" class=\"wp-caption-text\">Der Bundesrat h\u00e4lt die heutigen Pr\u00e4ventionsmassnahmen gegen Burnout f\u00fcr ausreichend.<\/figcaption><\/figure>\n<p>Das\u00a0Burnout-Syndrom\u00a0soll nach dem Willen des Bundesrats nicht in den Katalog der Berufskrankheiten der Verordung \u00fcber die Unfallversicherung (VUV) aufgenommen werden. Dies betonte er in seiner Antwort zu einem <a href=\"http:\/\/www.parlament.ch\/d\/suche\/seiten\/geschaefte.aspx?gesch_id=20153219\" target=\"_blank\" data-cke-saved-href=\"http:\/\/www.parlament.ch\/d\/suche\/seiten\/geschaefte.aspx?gesch_id=20153219\" rel=\"noopener\">parlamentarischen Vorstoss<\/a> von Berberat Didier.<\/p>\n<p>Der Bundesrat begr\u00fcndet dies einerseits damit, dass damit das Kausalit\u00e4tsprinzip des UVG durchbrochen wird, da ein Burnout von mehreren Faktoren abh\u00e4ngt &#8211; neben der Arbeit spielen\u00a0auch famili\u00e4re, finanzielle und kulturelle Gr\u00fcnde eine Rolle. Andererseits bef\u00fcrchtet er eine &#8222;unabsehbare Fallausweitung&#8220; aufgrund der unklaren Abgrenzung des Begriffs Burnout.<\/p>\n<p>Ebenso wenig h\u00e4lt es der Bundesrat\u00a0f\u00fcr n\u00f6tig, Gesetzes\u00e4nderungen vorzunehmen, um die Pr\u00e4vention zu intensivieren. Er h\u00e4lt die heutigen und geplanten Massnahmen aus heutiger Sicht &#8222;f\u00fcr ausreichend&#8220;.<\/p>\n","protected":false},"excerpt":{"rendered":"<p>Das\u00a0Burnout-Syndrom\u00a0soll nach dem Willen des Bundesrats nicht in den Katalog der Berufskrankheiten der Verordung \u00fcber die Unfallversicherung (VUV) aufgenommen werden. Dies betonte er in seiner Antwort zu einem parlamentarischen Vorstoss von Berberat Didier. Der Bundesrat begr\u00fcndet dies einerseits damit, dass damit das Kausalit\u00e4tsprinzip des UVG durchbrochen wird, da ein Burnout von mehreren Faktoren abh\u00e4ngt &#8211; [&hellip;]<\/p>\n","protected":false},"author":1,"featured_media":323,"comment_status":"open","ping_status":"open","sticky":false,"template":"","format":"standard","meta":{"_acf_changed":false,"pgc_sgb_lightbox_settings":"","footnotes":""},"categories":[3314],"tags":[2729],"class_list":["post-319","post","type-post","status-publish","format-standard","has-post-thumbnail","hentry","category-health-safety","tag-psychische-gesundheit"],"acf":[],"hkrextid":null,"publication":null,"issue":null,"workflow":null,"startPage":null,"spitzmarke":null,"_posts_by_tag_page_fields":{"widget_title":"","widget_tags":""},"_at_widget":"1","_yoast_wpseo_primary_category":"3303","_yoast_wpseo_focuskw_text_input":"Burnout","_yoast_wpseo_opengraph-image":null,"_yoast_wpseo_opengraph-description":null,"_yoast_wpseo_opengraph-title":null,"enclosure":null,"_yoast_wpseo_twitter-title":null,"_yoast_wpseo_twitter-description":null,"_yoast_wpseo_twitter-image":null,"_wp_old_slug":null,"_yoast_wpseo_title":null,"_yoast_wpseo_canonical":null,"yoast_head":"<!-- This site is optimized with the Yoast SEO plugin v27.5 - https:\/\/yoast.com\/product\/yoast-seo-wordpress\/ -->\n<title>Burnout soll keine anerkannte Berufskrankheit werden - Save<\/title>\n<meta name=\"description\" content=\"Der Bundesrat will das Burnout-Syndrom nicht in die Liste der anerkannten Berufskrankheiten aufnehmen.\" \/>\n<meta name=\"robots\" content=\"index, follow, max-snippet:-1, max-image-preview:large, max-video-preview:-1\" \/>\n<link rel=\"canonical\" href=\"https:\/\/news.save.ch\/de\/burnout-soll-keine-anerkannte-berufskrankheit-werden\/\" \/>\n<meta property=\"og:locale\" content=\"de_DE\" \/>\n<meta property=\"og:type\" content=\"article\" \/>\n<meta property=\"og:title\" content=\"Burnout soll keine anerkannte Berufskrankheit werden - Save\" \/>\n<meta property=\"og:description\" content=\"Der Bundesrat will das Burnout-Syndrom nicht in die Liste der anerkannten Berufskrankheiten aufnehmen.\" \/>\n<meta property=\"og:url\" content=\"https:\/\/news.save.ch\/de\/burnout-soll-keine-anerkannte-berufskrankheit-werden\/\" \/>\n<meta property=\"og:site_name\" content=\"Save\" \/>\n<meta property=\"article:published_time\" content=\"2015-05-19T09:08:11+00:00\" \/>\n<meta property=\"article:modified_time\" content=\"2023-03-14T08:05:37+00:00\" \/>\n<meta property=\"og:image\" content=\"https:\/\/news.save.ch\/wp-content\/uploads\/2016\/12\/Burnout-soll-keine-anerkannte-Berufskrankheit-werden_safety-plus-scaled-1.jpeg\" \/>\n\t<meta property=\"og:image:width\" content=\"1200\" \/>\n\t<meta property=\"og:image:height\" content=\"801\" \/>\n\t<meta property=\"og:image:type\" content=\"image\/jpeg\" \/>\n<meta name=\"author\" content=\"admin\" \/>\n<meta name=\"twitter:card\" content=\"summary_large_image\" \/>\n<meta name=\"twitter:label1\" content=\"Geschrieben von\" \/>\n\t<meta name=\"twitter:data1\" content=\"admin\" \/>\n\t<meta name=\"twitter:label2\" content=\"Gesch\u00e4tzte Lesezeit\" \/>\n\t<meta name=\"twitter:data2\" content=\"1\u00a0Minute\" \/>\n<script type=\"application\/ld+json\" class=\"yoast-schema-graph\">{\"@context\":\"https:\\\/\\\/schema.org\",\"@graph\":[{\"@type\":\"Article\",\"@id\":\"https:\\\/\\\/news.save.ch\\\/burnout-soll-keine-anerkannte-berufskrankheit-werden\\\/#article\",\"isPartOf\":{\"@id\":\"https:\\\/\\\/news.save.ch\\\/burnout-soll-keine-anerkannte-berufskrankheit-werden\\\/\"},\"author\":{\"name\":\"admin\",\"@id\":\"https:\\\/\\\/news.save.ch\\\/de\\\/#\\\/schema\\\/person\\\/d49e199490bad7c70d64b9ab51142f2b\"},\"headline\":\"Burnout soll keine anerkannte Berufskrankheit werden\",\"datePublished\":\"2015-05-19T09:08:11+00:00\",\"dateModified\":\"2023-03-14T08:05:37+00:00\",\"mainEntityOfPage\":{\"@id\":\"https:\\\/\\\/news.save.ch\\\/burnout-soll-keine-anerkannte-berufskrankheit-werden\\\/\"},\"wordCount\":148,\"commentCount\":0,\"publisher\":{\"@id\":\"https:\\\/\\\/news.save.ch\\\/de\\\/#organization\"},\"image\":{\"@id\":\"https:\\\/\\\/news.save.ch\\\/burnout-soll-keine-anerkannte-berufskrankheit-werden\\\/#primaryimage\"},\"thumbnailUrl\":\"https:\\\/\\\/news.save.ch\\\/wp-content\\\/uploads\\\/2016\\\/12\\\/Burnout-soll-keine-anerkannte-Berufskrankheit-werden_safety-plus-scaled-1.jpeg\",\"keywords\":[\"Psychische Gesundheit\"],\"articleSection\":[\"HEALTH &amp; SAFETY\"],\"inLanguage\":\"de\"},{\"@type\":\"WebPage\",\"@id\":\"https:\\\/\\\/news.save.ch\\\/burnout-soll-keine-anerkannte-berufskrankheit-werden\\\/\",\"url\":\"https:\\\/\\\/news.save.ch\\\/burnout-soll-keine-anerkannte-berufskrankheit-werden\\\/\",\"name\":\"Burnout soll keine anerkannte Berufskrankheit werden - Save\",\"isPartOf\":{\"@id\":\"https:\\\/\\\/news.save.ch\\\/de\\\/#website\"},\"primaryImageOfPage\":{\"@id\":\"https:\\\/\\\/news.save.ch\\\/burnout-soll-keine-anerkannte-berufskrankheit-werden\\\/#primaryimage\"},\"image\":{\"@id\":\"https:\\\/\\\/news.save.ch\\\/burnout-soll-keine-anerkannte-berufskrankheit-werden\\\/#primaryimage\"},\"thumbnailUrl\":\"https:\\\/\\\/news.save.ch\\\/wp-content\\\/uploads\\\/2016\\\/12\\\/Burnout-soll-keine-anerkannte-Berufskrankheit-werden_safety-plus-scaled-1.jpeg\",\"datePublished\":\"2015-05-19T09:08:11+00:00\",\"dateModified\":\"2023-03-14T08:05:37+00:00\",\"description\":\"Der Bundesrat will das Burnout-Syndrom nicht in die Liste der anerkannten Berufskrankheiten aufnehmen.\",\"breadcrumb\":{\"@id\":\"https:\\\/\\\/news.save.ch\\\/burnout-soll-keine-anerkannte-berufskrankheit-werden\\\/#breadcrumb\"},\"inLanguage\":\"de\",\"potentialAction\":[{\"@type\":\"ReadAction\",\"target\":[\"https:\\\/\\\/news.save.ch\\\/burnout-soll-keine-anerkannte-berufskrankheit-werden\\\/\"]}]},{\"@type\":\"ImageObject\",\"inLanguage\":\"de\",\"@id\":\"https:\\\/\\\/news.save.ch\\\/burnout-soll-keine-anerkannte-berufskrankheit-werden\\\/#primaryimage\",\"url\":\"https:\\\/\\\/news.save.ch\\\/wp-content\\\/uploads\\\/2016\\\/12\\\/Burnout-soll-keine-anerkannte-Berufskrankheit-werden_safety-plus-scaled-1.jpeg\",\"contentUrl\":\"https:\\\/\\\/news.save.ch\\\/wp-content\\\/uploads\\\/2016\\\/12\\\/Burnout-soll-keine-anerkannte-Berufskrankheit-werden_safety-plus-scaled-1.jpeg\",\"width\":1200,\"height\":801,\"caption\":\"Der Bundesrat h\u00e4lt die heutigen Pr\u00e4ventionsmassnahmen gegen Burnout f\u00fcr ausreichend.\"},{\"@type\":\"BreadcrumbList\",\"@id\":\"https:\\\/\\\/news.save.ch\\\/burnout-soll-keine-anerkannte-berufskrankheit-werden\\\/#breadcrumb\",\"itemListElement\":[{\"@type\":\"ListItem\",\"position\":1,\"name\":\"Home\",\"item\":\"https:\\\/\\\/news.save.ch\\\/de\\\/\"},{\"@type\":\"ListItem\",\"position\":2,\"name\":\"Burnout soll keine anerkannte Berufskrankheit werden\"}]},{\"@type\":\"WebSite\",\"@id\":\"https:\\\/\\\/news.save.ch\\\/de\\\/#website\",\"url\":\"https:\\\/\\\/news.save.ch\\\/de\\\/\",\"name\":\"Save\",\"description\":\"Schweizer Fachzeitschrift f\u00fcr Sicherheit\",\"publisher\":{\"@id\":\"https:\\\/\\\/news.save.ch\\\/de\\\/#organization\"},\"potentialAction\":[{\"@type\":\"SearchAction\",\"target\":{\"@type\":\"EntryPoint\",\"urlTemplate\":\"https:\\\/\\\/news.save.ch\\\/de\\\/?s={search_term_string}\"},\"query-input\":{\"@type\":\"PropertyValueSpecification\",\"valueRequired\":true,\"valueName\":\"search_term_string\"}}],\"inLanguage\":\"de\"},{\"@type\":\"Organization\",\"@id\":\"https:\\\/\\\/news.save.ch\\\/de\\\/#organization\",\"name\":\"Sicherheitsforum\",\"url\":\"https:\\\/\\\/news.save.ch\\\/de\\\/\",\"logo\":{\"@type\":\"ImageObject\",\"inLanguage\":\"de\",\"@id\":\"https:\\\/\\\/news.save.ch\\\/de\\\/#\\\/schema\\\/logo\\\/image\\\/\",\"url\":\"https:\\\/\\\/news.save.ch\\\/wp-content\\\/uploads\\\/2022\\\/06\\\/Logo_SF_2012.png\",\"contentUrl\":\"https:\\\/\\\/news.save.ch\\\/wp-content\\\/uploads\\\/2022\\\/06\\\/Logo_SF_2012.png\",\"width\":1100,\"height\":91,\"caption\":\"Sicherheitsforum\"},\"image\":{\"@id\":\"https:\\\/\\\/news.save.ch\\\/de\\\/#\\\/schema\\\/logo\\\/image\\\/\"}},{\"@type\":\"Person\",\"@id\":\"https:\\\/\\\/news.save.ch\\\/de\\\/#\\\/schema\\\/person\\\/d49e199490bad7c70d64b9ab51142f2b\",\"name\":\"admin\",\"image\":{\"@type\":\"ImageObject\",\"inLanguage\":\"de\",\"@id\":\"https:\\\/\\\/secure.gravatar.com\\\/avatar\\\/ae2f4d718e6c49043e314ce431e7e645d646302a24a5ef5a8bc8e3f5a032e319?s=96&d=mm&r=g\",\"url\":\"https:\\\/\\\/secure.gravatar.com\\\/avatar\\\/ae2f4d718e6c49043e314ce431e7e645d646302a24a5ef5a8bc8e3f5a032e319?s=96&d=mm&r=g\",\"contentUrl\":\"https:\\\/\\\/secure.gravatar.com\\\/avatar\\\/ae2f4d718e6c49043e314ce431e7e645d646302a24a5ef5a8bc8e3f5a032e319?s=96&d=mm&r=g\",\"caption\":\"admin\"},\"sameAs\":[\"https:\\\/\\\/develop.organisator.galledia.ch\"],\"url\":\"https:\\\/\\\/news.save.ch\\\/de\\\/author\\\/admin\\\/\"}]}<\/script>\n<!-- \/ Yoast SEO plugin. -->","yoast_head_json":{"title":"Burnout soll keine anerkannte Berufskrankheit werden - Save","description":"Der Bundesrat will das Burnout-Syndrom nicht in die Liste der anerkannten Berufskrankheiten aufnehmen.","robots":{"index":"index","follow":"follow","max-snippet":"max-snippet:-1","max-image-preview":"max-image-preview:large","max-video-preview":"max-video-preview:-1"},"canonical":"https:\/\/news.save.ch\/de\/burnout-soll-keine-anerkannte-berufskrankheit-werden\/","og_locale":"de_DE","og_type":"article","og_title":"Burnout soll keine anerkannte Berufskrankheit werden - Save","og_description":"Der Bundesrat will das Burnout-Syndrom nicht in die Liste der anerkannten Berufskrankheiten aufnehmen.","og_url":"https:\/\/news.save.ch\/de\/burnout-soll-keine-anerkannte-berufskrankheit-werden\/","og_site_name":"Save","article_published_time":"2015-05-19T09:08:11+00:00","article_modified_time":"2023-03-14T08:05:37+00:00","og_image":[{"width":1200,"height":801,"url":"https:\/\/news.save.ch\/wp-content\/uploads\/2016\/12\/Burnout-soll-keine-anerkannte-Berufskrankheit-werden_safety-plus-scaled-1.jpeg","type":"image\/jpeg"}],"author":"admin","twitter_card":"summary_large_image","twitter_misc":{"Geschrieben von":"admin","Gesch\u00e4tzte Lesezeit":"1\u00a0Minute"},"schema":{"@context":"https:\/\/schema.org","@graph":[{"@type":"Article","@id":"https:\/\/news.save.ch\/burnout-soll-keine-anerkannte-berufskrankheit-werden\/#article","isPartOf":{"@id":"https:\/\/news.save.ch\/burnout-soll-keine-anerkannte-berufskrankheit-werden\/"},"author":{"name":"admin","@id":"https:\/\/news.save.ch\/de\/#\/schema\/person\/d49e199490bad7c70d64b9ab51142f2b"},"headline":"Burnout soll keine anerkannte Berufskrankheit werden","datePublished":"2015-05-19T09:08:11+00:00","dateModified":"2023-03-14T08:05:37+00:00","mainEntityOfPage":{"@id":"https:\/\/news.save.ch\/burnout-soll-keine-anerkannte-berufskrankheit-werden\/"},"wordCount":148,"commentCount":0,"publisher":{"@id":"https:\/\/news.save.ch\/de\/#organization"},"image":{"@id":"https:\/\/news.save.ch\/burnout-soll-keine-anerkannte-berufskrankheit-werden\/#primaryimage"},"thumbnailUrl":"https:\/\/news.save.ch\/wp-content\/uploads\/2016\/12\/Burnout-soll-keine-anerkannte-Berufskrankheit-werden_safety-plus-scaled-1.jpeg","keywords":["Psychische Gesundheit"],"articleSection":["HEALTH &amp; SAFETY"],"inLanguage":"de"},{"@type":"WebPage","@id":"https:\/\/news.save.ch\/burnout-soll-keine-anerkannte-berufskrankheit-werden\/","url":"https:\/\/news.save.ch\/burnout-soll-keine-anerkannte-berufskrankheit-werden\/","name":"Burnout soll keine anerkannte Berufskrankheit werden - Save","isPartOf":{"@id":"https:\/\/news.save.ch\/de\/#website"},"primaryImageOfPage":{"@id":"https:\/\/news.save.ch\/burnout-soll-keine-anerkannte-berufskrankheit-werden\/#primaryimage"},"image":{"@id":"https:\/\/news.save.ch\/burnout-soll-keine-anerkannte-berufskrankheit-werden\/#primaryimage"},"thumbnailUrl":"https:\/\/news.save.ch\/wp-content\/uploads\/2016\/12\/Burnout-soll-keine-anerkannte-Berufskrankheit-werden_safety-plus-scaled-1.jpeg","datePublished":"2015-05-19T09:08:11+00:00","dateModified":"2023-03-14T08:05:37+00:00","description":"Der Bundesrat will das Burnout-Syndrom nicht in die Liste der anerkannten Berufskrankheiten aufnehmen.","breadcrumb":{"@id":"https:\/\/news.save.ch\/burnout-soll-keine-anerkannte-berufskrankheit-werden\/#breadcrumb"},"inLanguage":"de","potentialAction":[{"@type":"ReadAction","target":["https:\/\/news.save.ch\/burnout-soll-keine-anerkannte-berufskrankheit-werden\/"]}]},{"@type":"ImageObject","inLanguage":"de","@id":"https:\/\/news.save.ch\/burnout-soll-keine-anerkannte-berufskrankheit-werden\/#primaryimage","url":"https:\/\/news.save.ch\/wp-content\/uploads\/2016\/12\/Burnout-soll-keine-anerkannte-Berufskrankheit-werden_safety-plus-scaled-1.jpeg","contentUrl":"https:\/\/news.save.ch\/wp-content\/uploads\/2016\/12\/Burnout-soll-keine-anerkannte-Berufskrankheit-werden_safety-plus-scaled-1.jpeg","width":1200,"height":801,"caption":"Der Bundesrat h\u00e4lt die heutigen Pr\u00e4ventionsmassnahmen gegen Burnout f\u00fcr ausreichend."},{"@type":"BreadcrumbList","@id":"https:\/\/news.save.ch\/burnout-soll-keine-anerkannte-berufskrankheit-werden\/#breadcrumb","itemListElement":[{"@type":"ListItem","position":1,"name":"Home","item":"https:\/\/news.save.ch\/de\/"},{"@type":"ListItem","position":2,"name":"Burnout soll keine anerkannte Berufskrankheit werden"}]},{"@type":"WebSite","@id":"https:\/\/news.save.ch\/de\/#website","url":"https:\/\/news.save.ch\/de\/","name":"Save","description":"Schweizer Fachzeitschrift f\u00fcr Sicherheit","publisher":{"@id":"https:\/\/news.save.ch\/de\/#organization"},"potentialAction":[{"@type":"SearchAction","target":{"@type":"EntryPoint","urlTemplate":"https:\/\/news.save.ch\/de\/?s={search_term_string}"},"query-input":{"@type":"PropertyValueSpecification","valueRequired":true,"valueName":"search_term_string"}}],"inLanguage":"de"},{"@type":"Organization","@id":"https:\/\/news.save.ch\/de\/#organization","name":"Sicherheitsforum","url":"https:\/\/news.save.ch\/de\/","logo":{"@type":"ImageObject","inLanguage":"de","@id":"https:\/\/news.save.ch\/de\/#\/schema\/logo\/image\/","url":"https:\/\/news.save.ch\/wp-content\/uploads\/2022\/06\/Logo_SF_2012.png","contentUrl":"https:\/\/news.save.ch\/wp-content\/uploads\/2022\/06\/Logo_SF_2012.png","width":1100,"height":91,"caption":"Sicherheitsforum"},"image":{"@id":"https:\/\/news.save.ch\/de\/#\/schema\/logo\/image\/"}},{"@type":"Person","@id":"https:\/\/news.save.ch\/de\/#\/schema\/person\/d49e199490bad7c70d64b9ab51142f2b","name":"admin","image":{"@type":"ImageObject","inLanguage":"de","@id":"https:\/\/secure.gravatar.com\/avatar\/ae2f4d718e6c49043e314ce431e7e645d646302a24a5ef5a8bc8e3f5a032e319?s=96&d=mm&r=g","url":"https:\/\/secure.gravatar.com\/avatar\/ae2f4d718e6c49043e314ce431e7e645d646302a24a5ef5a8bc8e3f5a032e319?s=96&d=mm&r=g","contentUrl":"https:\/\/secure.gravatar.com\/avatar\/ae2f4d718e6c49043e314ce431e7e645d646302a24a5ef5a8bc8e3f5a032e319?s=96&d=mm&r=g","caption":"admin"},"sameAs":["https:\/\/develop.organisator.galledia.ch"],"url":"https:\/\/news.save.ch\/de\/author\/admin\/"}]}},"_links":{"self":[{"href":"https:\/\/news.save.ch\/de\/wp-json\/wp\/v2\/posts\/319","targetHints":{"allow":["GET"]}}],"collection":[{"href":"https:\/\/news.save.ch\/de\/wp-json\/wp\/v2\/posts"}],"about":[{"href":"https:\/\/news.save.ch\/de\/wp-json\/wp\/v2\/types\/post"}],"author":[{"embeddable":true,"href":"https:\/\/news.save.ch\/de\/wp-json\/wp\/v2\/users\/1"}],"replies":[{"embeddable":true,"href":"https:\/\/news.save.ch\/de\/wp-json\/wp\/v2\/comments?post=319"}],"version-history":[{"count":1,"href":"https:\/\/news.save.ch\/de\/wp-json\/wp\/v2\/posts\/319\/revisions"}],"predecessor-version":[{"id":19026,"href":"https:\/\/news.save.ch\/de\/wp-json\/wp\/v2\/posts\/319\/revisions\/19026"}],"wp:featuredmedia":[{"embeddable":true,"href":"https:\/\/news.save.ch\/de\/wp-json\/wp\/v2\/media\/323"}],"wp:attachment":[{"href":"https:\/\/news.save.ch\/de\/wp-json\/wp\/v2\/media?parent=319"}],"wp:term":[{"taxonomy":"category","embeddable":true,"href":"https:\/\/news.save.ch\/de\/wp-json\/wp\/v2\/categories?post=319"},{"taxonomy":"post_tag","embeddable":true,"href":"https:\/\/news.save.ch\/de\/wp-json\/wp\/v2\/tags?post=319"}],"curies":[{"name":"wp","href":"https:\/\/api.w.org\/{rel}","templated":true}]}}