{"id":3198,"date":"2016-03-26T08:40:00","date_gmt":"2016-03-26T07:40:00","guid":{"rendered":"https:\/\/dev.sicherheitsforum.ch\/?p=3198"},"modified":"2016-03-26T08:40:00","modified_gmt":"2016-03-26T07:40:00","slug":"praeventions-und-notfallplaene-fuer-gas","status":null,"type":"post","link":"https:\/\/news.save.ch\/de\/praeventions-und-notfallplaene-fuer-gas\/","title":{"rendered":"Pr\u00e4ventions- und Notfallpl\u00e4ne f\u00fcr Gas"},"content":{"rendered":"<p><img loading=\"lazy\" decoding=\"async\" class=\"alignnone size-medium wp-image-3199\" src=\"https:\/\/news.save.ch\/wp-content\/uploads\/2016\/12\/56f3f3ae6005f_depositphotos_3855127_l_2015_Sicherheitsforum.jpg\" alt=\"\" width=\"680\" height=\"454\" \/><\/p>\n<p>Nach der russisch-ukrainischen Gaskrise von 2009 verst\u00e4rkte die EU ihr Gas-Krisenmanagement. Unter anderem setzte sie dazu eine Koordinierungsgruppe &#8222;Erdgas&#8220; (Gas Coordination Group, GCG) ein. Seit 2013 wird die Schweiz fallweise zu den Sitzungen der GCG eingeladen. Die Verordnung (EU) Nr. 994\/2010, die derzeit \u00fcberarbeitet wird, verpflichtet die EU-Mitgliedsstaaten, eine Risikobewertung ihrer Erdgasversorgung vorzunehmen sowie Pr\u00e4ventions- und Notfallpl\u00e4ne zu erstellen. Um ihre Versorgungssicherheit weiter zu verbessern und mit der GCG zusammenzuarbeiten, h\u00e4lt die Schweiz die europ\u00e4ischen Vorgaben ein. So hat das Bundesamt f\u00fcr Energie aufbauend auf der &#8222;Risikobewertung Erdgasversorgung Schweiz&#8220; (<a href=\"https:\/\/www.bfe.admin.ch\/energie\/00588\/00589\/00644\/index.html?lang=de&amp;msg-id=54244\" target=\"_blank\" data-cke-saved-href=\"https:\/\/www.bfe.admin.ch\/energie\/00588\/00589\/00644\/index.html?lang=de&amp;msg-id=54244\" rel=\"noopener\">Link<\/a>), Pr\u00e4ventions- und Notfallpl\u00e4ne f\u00fcr Erdgas erarbeitet. Dies in Zusammenarbeit mit Swissgas, dem Verband der Schweizerischen Gasindustrie (VSG), dem Bundesamt f\u00fcr wirtschaftliche Landesversorgung\u00a0und dem Staatssekretariat f\u00fcr Wirtschaft. Der Bericht wurde der Europ\u00e4ischen Kommission sowie allen Nachbarl\u00e4ndern der Schweiz vorgelegt und ist nun in seiner endg\u00fcltigen Version verf\u00fcgbar. Neben einer \u00dcbersicht \u00fcber die Pr\u00e4ventions- und Notfallmassnahmen im Gasversorgungs- und Anwendungsbereich, listet der Bericht unter anderem auch die verschiedenen Akteure im Gassektor sowie die im Ereignisfall zust\u00e4ndigen Stellen auf.<\/p>\n<p>Diese Arbeiten erm\u00f6glichen eine Vertiefung der Zusammenarbeit mit den Nachbarl\u00e4ndern und der EU. Auf nationaler Ebene dient der Bericht als Informations- und Kommunikationsinstrument f\u00fcr Fragen zur Gasversorgungssicherheit.\u00a0<em>(<a href=\"https:\/\/www.bfe.admin.ch\" target=\"_blank\" data-cke-saved-href=\"https:\/\/www.bfe.admin.ch\" rel=\"noopener\">BFE<\/a>)<\/em><\/p>\n","protected":false},"excerpt":{"rendered":"<p>Nach der russisch-ukrainischen Gaskrise von 2009 verst\u00e4rkte die EU ihr Gas-Krisenmanagement. Unter anderem setzte sie dazu eine Koordinierungsgruppe &#8222;Erdgas&#8220; (Gas Coordination Group, GCG) ein. Seit 2013 wird die Schweiz fallweise zu den Sitzungen der GCG eingeladen. Die Verordnung (EU) Nr. 994\/2010, die derzeit \u00fcberarbeitet wird, verpflichtet die EU-Mitgliedsstaaten, eine Risikobewertung ihrer Erdgasversorgung vorzunehmen sowie Pr\u00e4ventions- [&hellip;]<\/p>\n","protected":false},"author":1,"featured_media":3199,"comment_status":"open","ping_status":"open","sticky":false,"template":"","format":"standard","meta":{"_acf_changed":false,"pgc_sgb_lightbox_settings":"","footnotes":""},"categories":[1],"tags":[319,262,320,307,321],"class_list":["post-3198","post","type-post","status-publish","format-standard","has-post-thumbnail","hentry","category-allgemein","tag-bundesamt-fuer-energie","tag-energie","tag-gas","tag-infrastruktur","tag-notfallplaene"],"acf":[],"hkrextid":null,"publication":null,"issue":null,"workflow":null,"startPage":null,"spitzmarke":null,"_posts_by_tag_page_fields":{"widget_title":"","widget_tags":""},"_at_widget":"1","_yoast_wpseo_primary_category":"","_yoast_wpseo_focuskw_text_input":"Pr\u00e4ventions- und Notfallpl\u00e4ne f\u00fcr Gas","_yoast_wpseo_opengraph-image":"https:\/\/news.save.ch\/wp-content\/uploads\/2016\/12\/56f3f3ae6005f_depositphotos_3855127_l_2015_Sicherheitsforum.jpg","_yoast_wpseo_opengraph-description":"Die Schweiz will ihre Gasversorgungssicherheit weiter verbessern und die Zusammenarbeit mit dem Gas-Krisenmanagement der Europ\u00e4ischen Union verst\u00e4rken. Gem\u00e4ss den europ\u00e4ischen Vorgaben und aufbauend auf dem Bericht \"Risikobewertung Erdgasversorgung Schweiz\", hat das Bundesamt f\u00fcr Energie Gas-Pr\u00e4ventions- und Notfallpl\u00e4ne erarbeitet.","_yoast_wpseo_opengraph-title":"Pr\u00e4ventions- und Notfallpl\u00e4ne f\u00fcr Gas","enclosure":null,"_yoast_wpseo_twitter-title":null,"_yoast_wpseo_twitter-description":null,"_yoast_wpseo_twitter-image":null,"_wp_old_slug":null,"_yoast_wpseo_title":null,"_yoast_wpseo_canonical":null,"yoast_head":"<!-- This site is optimized with the Yoast SEO plugin v27.5 - https:\/\/yoast.com\/product\/yoast-seo-wordpress\/ -->\n<title>Pr\u00e4ventions- und Notfallpl\u00e4ne f\u00fcr Gas - Save<\/title>\n<meta name=\"description\" content=\"Die Schweiz will ihre Gasversorgungssicherheit weiter verbessern. Das Bundesamt f\u00fcr Energie hat Pr\u00e4ventions- und Notfallpl\u00e4ne f\u00fcr Gas erarbeitet.\" \/>\n<meta name=\"robots\" content=\"index, follow, max-snippet:-1, max-image-preview:large, max-video-preview:-1\" \/>\n<link rel=\"canonical\" href=\"https:\/\/news.save.ch\/de\/praeventions-und-notfallplaene-fuer-gas\/\" \/>\n<meta property=\"og:locale\" content=\"de_DE\" \/>\n<meta property=\"og:type\" content=\"article\" \/>\n<meta property=\"og:title\" content=\"Pr\u00e4ventions- und Notfallpl\u00e4ne f\u00fcr Gas\" \/>\n<meta property=\"og:description\" content=\"Die Schweiz will ihre Gasversorgungssicherheit weiter verbessern und die Zusammenarbeit mit dem Gas-Krisenmanagement der Europ\u00e4ischen Union verst\u00e4rken. Gem\u00e4ss den europ\u00e4ischen Vorgaben und aufbauend auf dem Bericht &quot;Risikobewertung Erdgasversorgung Schweiz&quot;, hat das Bundesamt f\u00fcr Energie Gas-Pr\u00e4ventions- und Notfallpl\u00e4ne erarbeitet.\" \/>\n<meta property=\"og:url\" content=\"https:\/\/news.save.ch\/de\/praeventions-und-notfallplaene-fuer-gas\/\" \/>\n<meta property=\"og:site_name\" content=\"Save\" \/>\n<meta property=\"article:published_time\" content=\"2016-03-26T07:40:00+00:00\" \/>\n<meta property=\"og:image\" content=\"https:\/\/news.save.ch\/wp-content\/uploads\/2016\/12\/56f3f3ae6005f_depositphotos_3855127_l_2015_Sicherheitsforum.jpg\" \/>\n<meta name=\"author\" content=\"admin\" \/>\n<meta name=\"twitter:card\" content=\"summary_large_image\" \/>\n<meta name=\"twitter:label1\" content=\"Geschrieben von\" \/>\n\t<meta name=\"twitter:data1\" content=\"admin\" \/>\n\t<meta name=\"twitter:label2\" content=\"Gesch\u00e4tzte Lesezeit\" \/>\n\t<meta name=\"twitter:data2\" content=\"1\u00a0Minute\" \/>\n<script type=\"application\/ld+json\" class=\"yoast-schema-graph\">{\"@context\":\"https:\\\/\\\/schema.org\",\"@graph\":[{\"@type\":\"Article\",\"@id\":\"https:\\\/\\\/news.save.ch\\\/praeventions-und-notfallplaene-fuer-gas\\\/#article\",\"isPartOf\":{\"@id\":\"https:\\\/\\\/news.save.ch\\\/praeventions-und-notfallplaene-fuer-gas\\\/\"},\"author\":{\"name\":\"admin\",\"@id\":\"https:\\\/\\\/news.save.ch\\\/de\\\/#\\\/schema\\\/person\\\/d49e199490bad7c70d64b9ab51142f2b\"},\"headline\":\"Pr\u00e4ventions- und Notfallpl\u00e4ne f\u00fcr Gas\",\"datePublished\":\"2016-03-26T07:40:00+00:00\",\"mainEntityOfPage\":{\"@id\":\"https:\\\/\\\/news.save.ch\\\/praeventions-und-notfallplaene-fuer-gas\\\/\"},\"wordCount\":220,\"commentCount\":0,\"publisher\":{\"@id\":\"https:\\\/\\\/news.save.ch\\\/de\\\/#organization\"},\"image\":{\"@id\":\"https:\\\/\\\/news.save.ch\\\/praeventions-und-notfallplaene-fuer-gas\\\/#primaryimage\"},\"thumbnailUrl\":\"https:\\\/\\\/news.save.ch\\\/wp-content\\\/uploads\\\/2016\\\/12\\\/56f3f3ae6005f_depositphotos_3855127_l_2015_Sicherheitsforum-scaled.jpg\",\"keywords\":[\"Bundesamt f\u00fcr Energie\",\"Energie\",\"Gas\",\"Infrastruktur\",\"Notfallpl\u00e4ne\"],\"articleSection\":[\"ALLGEMEIN\"],\"inLanguage\":\"de\"},{\"@type\":\"WebPage\",\"@id\":\"https:\\\/\\\/news.save.ch\\\/praeventions-und-notfallplaene-fuer-gas\\\/\",\"url\":\"https:\\\/\\\/news.save.ch\\\/praeventions-und-notfallplaene-fuer-gas\\\/\",\"name\":\"Pr\u00e4ventions- und Notfallpl\u00e4ne f\u00fcr Gas - Save\",\"isPartOf\":{\"@id\":\"https:\\\/\\\/news.save.ch\\\/de\\\/#website\"},\"primaryImageOfPage\":{\"@id\":\"https:\\\/\\\/news.save.ch\\\/praeventions-und-notfallplaene-fuer-gas\\\/#primaryimage\"},\"image\":{\"@id\":\"https:\\\/\\\/news.save.ch\\\/praeventions-und-notfallplaene-fuer-gas\\\/#primaryimage\"},\"thumbnailUrl\":\"https:\\\/\\\/news.save.ch\\\/wp-content\\\/uploads\\\/2016\\\/12\\\/56f3f3ae6005f_depositphotos_3855127_l_2015_Sicherheitsforum-scaled.jpg\",\"datePublished\":\"2016-03-26T07:40:00+00:00\",\"description\":\"Die Schweiz will ihre Gasversorgungssicherheit weiter verbessern. Das Bundesamt f\u00fcr Energie hat Pr\u00e4ventions- und Notfallpl\u00e4ne f\u00fcr Gas erarbeitet.\",\"breadcrumb\":{\"@id\":\"https:\\\/\\\/news.save.ch\\\/praeventions-und-notfallplaene-fuer-gas\\\/#breadcrumb\"},\"inLanguage\":\"de\",\"potentialAction\":[{\"@type\":\"ReadAction\",\"target\":[\"https:\\\/\\\/news.save.ch\\\/praeventions-und-notfallplaene-fuer-gas\\\/\"]}]},{\"@type\":\"ImageObject\",\"inLanguage\":\"de\",\"@id\":\"https:\\\/\\\/news.save.ch\\\/praeventions-und-notfallplaene-fuer-gas\\\/#primaryimage\",\"url\":\"https:\\\/\\\/news.save.ch\\\/wp-content\\\/uploads\\\/2016\\\/12\\\/56f3f3ae6005f_depositphotos_3855127_l_2015_Sicherheitsforum-scaled.jpg\",\"contentUrl\":\"https:\\\/\\\/news.save.ch\\\/wp-content\\\/uploads\\\/2016\\\/12\\\/56f3f3ae6005f_depositphotos_3855127_l_2015_Sicherheitsforum-scaled.jpg\",\"width\":1400,\"height\":934},{\"@type\":\"BreadcrumbList\",\"@id\":\"https:\\\/\\\/news.save.ch\\\/praeventions-und-notfallplaene-fuer-gas\\\/#breadcrumb\",\"itemListElement\":[{\"@type\":\"ListItem\",\"position\":1,\"name\":\"Home\",\"item\":\"https:\\\/\\\/news.save.ch\\\/de\\\/\"},{\"@type\":\"ListItem\",\"position\":2,\"name\":\"Pr\u00e4ventions- und Notfallpl\u00e4ne f\u00fcr Gas\"}]},{\"@type\":\"WebSite\",\"@id\":\"https:\\\/\\\/news.save.ch\\\/de\\\/#website\",\"url\":\"https:\\\/\\\/news.save.ch\\\/de\\\/\",\"name\":\"Save\",\"description\":\"Schweizer Fachzeitschrift f\u00fcr Sicherheit\",\"publisher\":{\"@id\":\"https:\\\/\\\/news.save.ch\\\/de\\\/#organization\"},\"potentialAction\":[{\"@type\":\"SearchAction\",\"target\":{\"@type\":\"EntryPoint\",\"urlTemplate\":\"https:\\\/\\\/news.save.ch\\\/de\\\/?s={search_term_string}\"},\"query-input\":{\"@type\":\"PropertyValueSpecification\",\"valueRequired\":true,\"valueName\":\"search_term_string\"}}],\"inLanguage\":\"de\"},{\"@type\":\"Organization\",\"@id\":\"https:\\\/\\\/news.save.ch\\\/de\\\/#organization\",\"name\":\"Sicherheitsforum\",\"url\":\"https:\\\/\\\/news.save.ch\\\/de\\\/\",\"logo\":{\"@type\":\"ImageObject\",\"inLanguage\":\"de\",\"@id\":\"https:\\\/\\\/news.save.ch\\\/de\\\/#\\\/schema\\\/logo\\\/image\\\/\",\"url\":\"https:\\\/\\\/news.save.ch\\\/wp-content\\\/uploads\\\/2022\\\/06\\\/Logo_SF_2012.png\",\"contentUrl\":\"https:\\\/\\\/news.save.ch\\\/wp-content\\\/uploads\\\/2022\\\/06\\\/Logo_SF_2012.png\",\"width\":1100,\"height\":91,\"caption\":\"Sicherheitsforum\"},\"image\":{\"@id\":\"https:\\\/\\\/news.save.ch\\\/de\\\/#\\\/schema\\\/logo\\\/image\\\/\"}},{\"@type\":\"Person\",\"@id\":\"https:\\\/\\\/news.save.ch\\\/de\\\/#\\\/schema\\\/person\\\/d49e199490bad7c70d64b9ab51142f2b\",\"name\":\"admin\",\"image\":{\"@type\":\"ImageObject\",\"inLanguage\":\"de\",\"@id\":\"https:\\\/\\\/secure.gravatar.com\\\/avatar\\\/ae2f4d718e6c49043e314ce431e7e645d646302a24a5ef5a8bc8e3f5a032e319?s=96&d=mm&r=g\",\"url\":\"https:\\\/\\\/secure.gravatar.com\\\/avatar\\\/ae2f4d718e6c49043e314ce431e7e645d646302a24a5ef5a8bc8e3f5a032e319?s=96&d=mm&r=g\",\"contentUrl\":\"https:\\\/\\\/secure.gravatar.com\\\/avatar\\\/ae2f4d718e6c49043e314ce431e7e645d646302a24a5ef5a8bc8e3f5a032e319?s=96&d=mm&r=g\",\"caption\":\"admin\"},\"sameAs\":[\"https:\\\/\\\/develop.organisator.galledia.ch\"],\"url\":\"https:\\\/\\\/news.save.ch\\\/de\\\/author\\\/admin\\\/\"}]}<\/script>\n<!-- \/ Yoast SEO plugin. -->","yoast_head_json":{"title":"Pr\u00e4ventions- und Notfallpl\u00e4ne f\u00fcr Gas - Save","description":"Die Schweiz will ihre Gasversorgungssicherheit weiter verbessern. Das Bundesamt f\u00fcr Energie hat Pr\u00e4ventions- und Notfallpl\u00e4ne f\u00fcr Gas erarbeitet.","robots":{"index":"index","follow":"follow","max-snippet":"max-snippet:-1","max-image-preview":"max-image-preview:large","max-video-preview":"max-video-preview:-1"},"canonical":"https:\/\/news.save.ch\/de\/praeventions-und-notfallplaene-fuer-gas\/","og_locale":"de_DE","og_type":"article","og_title":"Pr\u00e4ventions- und Notfallpl\u00e4ne f\u00fcr Gas","og_description":"Die Schweiz will ihre Gasversorgungssicherheit weiter verbessern und die Zusammenarbeit mit dem Gas-Krisenmanagement der Europ\u00e4ischen Union verst\u00e4rken. Gem\u00e4ss den europ\u00e4ischen Vorgaben und aufbauend auf dem Bericht \"Risikobewertung Erdgasversorgung Schweiz\", hat das Bundesamt f\u00fcr Energie Gas-Pr\u00e4ventions- und Notfallpl\u00e4ne erarbeitet.","og_url":"https:\/\/news.save.ch\/de\/praeventions-und-notfallplaene-fuer-gas\/","og_site_name":"Save","article_published_time":"2016-03-26T07:40:00+00:00","og_image":[{"url":"https:\/\/news.save.ch\/wp-content\/uploads\/2016\/12\/56f3f3ae6005f_depositphotos_3855127_l_2015_Sicherheitsforum.jpg","type":"","width":"","height":""}],"author":"admin","twitter_card":"summary_large_image","twitter_misc":{"Geschrieben von":"admin","Gesch\u00e4tzte Lesezeit":"1\u00a0Minute"},"schema":{"@context":"https:\/\/schema.org","@graph":[{"@type":"Article","@id":"https:\/\/news.save.ch\/praeventions-und-notfallplaene-fuer-gas\/#article","isPartOf":{"@id":"https:\/\/news.save.ch\/praeventions-und-notfallplaene-fuer-gas\/"},"author":{"name":"admin","@id":"https:\/\/news.save.ch\/de\/#\/schema\/person\/d49e199490bad7c70d64b9ab51142f2b"},"headline":"Pr\u00e4ventions- und Notfallpl\u00e4ne f\u00fcr Gas","datePublished":"2016-03-26T07:40:00+00:00","mainEntityOfPage":{"@id":"https:\/\/news.save.ch\/praeventions-und-notfallplaene-fuer-gas\/"},"wordCount":220,"commentCount":0,"publisher":{"@id":"https:\/\/news.save.ch\/de\/#organization"},"image":{"@id":"https:\/\/news.save.ch\/praeventions-und-notfallplaene-fuer-gas\/#primaryimage"},"thumbnailUrl":"https:\/\/news.save.ch\/wp-content\/uploads\/2016\/12\/56f3f3ae6005f_depositphotos_3855127_l_2015_Sicherheitsforum-scaled.jpg","keywords":["Bundesamt f\u00fcr Energie","Energie","Gas","Infrastruktur","Notfallpl\u00e4ne"],"articleSection":["ALLGEMEIN"],"inLanguage":"de"},{"@type":"WebPage","@id":"https:\/\/news.save.ch\/praeventions-und-notfallplaene-fuer-gas\/","url":"https:\/\/news.save.ch\/praeventions-und-notfallplaene-fuer-gas\/","name":"Pr\u00e4ventions- und Notfallpl\u00e4ne f\u00fcr Gas - Save","isPartOf":{"@id":"https:\/\/news.save.ch\/de\/#website"},"primaryImageOfPage":{"@id":"https:\/\/news.save.ch\/praeventions-und-notfallplaene-fuer-gas\/#primaryimage"},"image":{"@id":"https:\/\/news.save.ch\/praeventions-und-notfallplaene-fuer-gas\/#primaryimage"},"thumbnailUrl":"https:\/\/news.save.ch\/wp-content\/uploads\/2016\/12\/56f3f3ae6005f_depositphotos_3855127_l_2015_Sicherheitsforum-scaled.jpg","datePublished":"2016-03-26T07:40:00+00:00","description":"Die Schweiz will ihre Gasversorgungssicherheit weiter verbessern. Das Bundesamt f\u00fcr Energie hat Pr\u00e4ventions- und Notfallpl\u00e4ne f\u00fcr Gas erarbeitet.","breadcrumb":{"@id":"https:\/\/news.save.ch\/praeventions-und-notfallplaene-fuer-gas\/#breadcrumb"},"inLanguage":"de","potentialAction":[{"@type":"ReadAction","target":["https:\/\/news.save.ch\/praeventions-und-notfallplaene-fuer-gas\/"]}]},{"@type":"ImageObject","inLanguage":"de","@id":"https:\/\/news.save.ch\/praeventions-und-notfallplaene-fuer-gas\/#primaryimage","url":"https:\/\/news.save.ch\/wp-content\/uploads\/2016\/12\/56f3f3ae6005f_depositphotos_3855127_l_2015_Sicherheitsforum-scaled.jpg","contentUrl":"https:\/\/news.save.ch\/wp-content\/uploads\/2016\/12\/56f3f3ae6005f_depositphotos_3855127_l_2015_Sicherheitsforum-scaled.jpg","width":1400,"height":934},{"@type":"BreadcrumbList","@id":"https:\/\/news.save.ch\/praeventions-und-notfallplaene-fuer-gas\/#breadcrumb","itemListElement":[{"@type":"ListItem","position":1,"name":"Home","item":"https:\/\/news.save.ch\/de\/"},{"@type":"ListItem","position":2,"name":"Pr\u00e4ventions- und Notfallpl\u00e4ne f\u00fcr Gas"}]},{"@type":"WebSite","@id":"https:\/\/news.save.ch\/de\/#website","url":"https:\/\/news.save.ch\/de\/","name":"Save","description":"Schweizer Fachzeitschrift f\u00fcr Sicherheit","publisher":{"@id":"https:\/\/news.save.ch\/de\/#organization"},"potentialAction":[{"@type":"SearchAction","target":{"@type":"EntryPoint","urlTemplate":"https:\/\/news.save.ch\/de\/?s={search_term_string}"},"query-input":{"@type":"PropertyValueSpecification","valueRequired":true,"valueName":"search_term_string"}}],"inLanguage":"de"},{"@type":"Organization","@id":"https:\/\/news.save.ch\/de\/#organization","name":"Sicherheitsforum","url":"https:\/\/news.save.ch\/de\/","logo":{"@type":"ImageObject","inLanguage":"de","@id":"https:\/\/news.save.ch\/de\/#\/schema\/logo\/image\/","url":"https:\/\/news.save.ch\/wp-content\/uploads\/2022\/06\/Logo_SF_2012.png","contentUrl":"https:\/\/news.save.ch\/wp-content\/uploads\/2022\/06\/Logo_SF_2012.png","width":1100,"height":91,"caption":"Sicherheitsforum"},"image":{"@id":"https:\/\/news.save.ch\/de\/#\/schema\/logo\/image\/"}},{"@type":"Person","@id":"https:\/\/news.save.ch\/de\/#\/schema\/person\/d49e199490bad7c70d64b9ab51142f2b","name":"admin","image":{"@type":"ImageObject","inLanguage":"de","@id":"https:\/\/secure.gravatar.com\/avatar\/ae2f4d718e6c49043e314ce431e7e645d646302a24a5ef5a8bc8e3f5a032e319?s=96&d=mm&r=g","url":"https:\/\/secure.gravatar.com\/avatar\/ae2f4d718e6c49043e314ce431e7e645d646302a24a5ef5a8bc8e3f5a032e319?s=96&d=mm&r=g","contentUrl":"https:\/\/secure.gravatar.com\/avatar\/ae2f4d718e6c49043e314ce431e7e645d646302a24a5ef5a8bc8e3f5a032e319?s=96&d=mm&r=g","caption":"admin"},"sameAs":["https:\/\/develop.organisator.galledia.ch"],"url":"https:\/\/news.save.ch\/de\/author\/admin\/"}]}},"_links":{"self":[{"href":"https:\/\/news.save.ch\/de\/wp-json\/wp\/v2\/posts\/3198","targetHints":{"allow":["GET"]}}],"collection":[{"href":"https:\/\/news.save.ch\/de\/wp-json\/wp\/v2\/posts"}],"about":[{"href":"https:\/\/news.save.ch\/de\/wp-json\/wp\/v2\/types\/post"}],"author":[{"embeddable":true,"href":"https:\/\/news.save.ch\/de\/wp-json\/wp\/v2\/users\/1"}],"replies":[{"embeddable":true,"href":"https:\/\/news.save.ch\/de\/wp-json\/wp\/v2\/comments?post=3198"}],"version-history":[{"count":0,"href":"https:\/\/news.save.ch\/de\/wp-json\/wp\/v2\/posts\/3198\/revisions"}],"wp:featuredmedia":[{"embeddable":true,"href":"https:\/\/news.save.ch\/de\/wp-json\/wp\/v2\/media\/3199"}],"wp:attachment":[{"href":"https:\/\/news.save.ch\/de\/wp-json\/wp\/v2\/media?parent=3198"}],"wp:term":[{"taxonomy":"category","embeddable":true,"href":"https:\/\/news.save.ch\/de\/wp-json\/wp\/v2\/categories?post=3198"},{"taxonomy":"post_tag","embeddable":true,"href":"https:\/\/news.save.ch\/de\/wp-json\/wp\/v2\/tags?post=3198"}],"curies":[{"name":"wp","href":"https:\/\/api.w.org\/{rel}","templated":true}]}}