{"id":321,"date":"2015-04-22T09:16:09","date_gmt":"2015-04-22T07:16:09","guid":{"rendered":"https:\/\/dev.sicherheitsforum.ch\/?p=321"},"modified":"2023-03-14T08:57:42","modified_gmt":"2023-03-14T07:57:42","slug":"geistiges-eigentum-nicht-auf-dem-praesentierteller-servieren","status":null,"type":"post","link":"https:\/\/news.save.ch\/de\/geistiges-eigentum-nicht-auf-dem-praesentierteller-servieren\/","title":{"rendered":"Geistiges Eigentum: Nicht auf dem Pr\u00e4sentierteller servieren"},"content":{"rendered":"<figure id=\"attachment_322\" aria-describedby=\"caption-attachment-322\" style=\"width: 680px\" class=\"wp-caption alignnone\"><img loading=\"lazy\" decoding=\"async\" class=\"size-medium wp-image-322\" src=\"https:\/\/sicherheitsforum.ch\/wp-content\/uploads\/2016\/12\/Geistiges-Eigentum-Nicht-auf-dem-Pr\u00e4sentierteller-servieren-it-security.jpg\" alt=\"Geistiges Eigentum besser sch\u00fctzen\" width=\"680\" height=\"680\" \/><figcaption id=\"caption-attachment-322\" class=\"wp-caption-text\">Geistiges Eigentum besser sch\u00fctzen<\/figcaption><\/figure>\n<p>In den meisten Unternehmen wird dieses Problem allerdings nicht sonderlich ernst genommen. Das zeigt eine aktuelle Studie der Deutschen Messe Interactive im Auftrag von <a title=\"Firmenlink\" href=\"https:\/\/www.brainloop.com\" target=\"_blank\" data-cke-saved-href=\"https:\/\/www.brainloop.com\" rel=\"noopener\">Brainloop<\/a>. Demnach sind nur 52% der Befragten der Meinung, dass ihre Unternehmensexistenz durch den Diebstahl von geistigem Eigentum gef\u00e4hrdet ist. Befragt wurden 142 Entscheider aus Deutschland, \u00d6sterreich und der Schweiz, wie sie den Schutz ihrer Unternehmensdaten beurteilen. Bei den teilnehmenden Firmen handelt es sich um bedeutende Gr\u00f6ssen der Wirtschaft, die ohne entsprechende Sicherheitsvorkehrungen ein attraktives Ziel f\u00fcr Angriffe bieten. Rund 56% der Firmen besch\u00e4ftigen zwischen 1001 und 10\u2019000 Mitarbeiter. Bei weiteren 30% sind es mehr als 10\u2019000 Mitarbeitende.<\/p>\n<p>Ein durch Sicherheitslecks entstandenes Plagiat ruiniert die Arbeit unz\u00e4hliger Jahre und gef\u00e4hrdet Firmenexistenzen. Trotzdem verschlafen viele Unternehmen das Thema Sicherheit. Dabei ist besonders in der Zusammenarbeit mit internen und externen Projektmitgliedern eine starke Verschl\u00fcsselung der Informationen essenziell. Die Industriebereiche Elektronik und Elektrotechnik sowie der Maschinen- und Anlagenbau zeigen daf\u00fcr vergleichsweise viel Verst\u00e4ndnis. In diesen Branchen antworteten jeweils mehr als 60%, dass der Verlust von geistigem Eigentum die Unternehmensexistenz bedrohen k\u00f6nnte. Ganz im Gegensatz zum Energiesektor, wo dies nur etwa ein Drittel der Teilnehmer so sieht.<\/p>\n<p>\u00dcber alle Branchen hinweg geben 94% der Befragten an, dass sie dem Know-how-Schutz generell eine hohe Bedeutung zumessen (hohe Priorit\u00e4t 33%, sehr hohe Bedeutung 61%). Umso erstaunlicher ist die Tatsache, dass Unternehmen ihre Informationen dennoch nicht\u00a0 ausreichend absichern. Nur 63% der Befragten verf\u00fcgen laut Umfrage \u00fcber eine verschl\u00fcsselte Daten\u00fcbertragung innerhalb und ausserhalb der Firma.<\/p>\n<p>Zudem werden nicht alle Unternehmensprozesse als gleichermassen sensibel wahrgenommen. So stufen die befragten Entscheider das Material zu Patentierungen und Entwicklungspartnerschaften beispielsweise mit 66% beziehungsweise 57% als sch\u00fctzenswert ein. Allerdings sind lediglich 38% der Befragten der Meinung, dass auch die Lieferantenkommunikation sensible Daten beinhaltet. Dabei verlassen gerade in diesem Bereich viele wertvolle Informationen die Firma.<\/p>\n<p>Bei der Auswertung der Ergebnisse werden einige interne Zusammenh\u00e4nge und Ursachen f\u00fcr Sicherheitsprobleme klarer. So antworten rund 61% der Befragten, dass die IT-Fachabteilungen f\u00fcr den Schutz von vertraulichen Informationen verantwortlich sind. Die eigenen Mitarbeiter sehen hingegen nur 4% der befragten Entscheider in der Pflicht. Dabei geben 56% der Unternehmen an, dass sensible Daten zentral auf dem Firmenserver gespeichert werden. Darauf jedoch hat in der Regel jeder Angestellte Zugriff.<\/p>\n<p>\u201eDie Umfrage zeigt anschaulich das Grundproblem in vielen Unternehmen: Mitarbeiter und Entscheidungstr\u00e4ger werden in Sicherheitskonzepte nicht hinreichend eingebunden\u201c, sagt Thomas Deutschmann, CEO von Brainloop. \u201eOb ihr Unternehmen bereits in der Vergangenheit zu Schaden gekommen ist, konnten nur 60% der Befragten angeben. Auch haben 62% der Entscheidungstr\u00e4ger keine Ahnung, ob in ihrem Unternehmen der Einsatz von Spezialsoftware zum Schutz von vertraulichen Informationen geplant ist.\u201c<\/p>\n","protected":false},"excerpt":{"rendered":"<p>In den meisten Unternehmen wird dieses Problem allerdings nicht sonderlich ernst genommen. Das zeigt eine aktuelle Studie der Deutschen Messe Interactive im Auftrag von Brainloop. Demnach sind nur 52% der Befragten der Meinung, dass ihre Unternehmensexistenz durch den Diebstahl von geistigem Eigentum gef\u00e4hrdet ist. Befragt wurden 142 Entscheider aus Deutschland, \u00d6sterreich und der Schweiz, wie [&hellip;]<\/p>\n","protected":false},"author":1,"featured_media":322,"comment_status":"open","ping_status":"open","sticky":false,"template":"","format":"standard","meta":{"_acf_changed":false,"pgc_sgb_lightbox_settings":"","footnotes":""},"categories":[3313],"tags":[62,63],"class_list":["post-321","post","type-post","status-publish","format-standard","has-post-thumbnail","hentry","category-digitalisierung","tag-ict-sicherheit","tag-it-security"],"acf":[],"hkrextid":null,"publication":null,"issue":null,"workflow":null,"startPage":null,"spitzmarke":null,"_posts_by_tag_page_fields":{"widget_title":"","widget_tags":""},"_at_widget":"1","_yoast_wpseo_primary_category":"2","_yoast_wpseo_focuskw_text_input":"Geistiges Eigentum","_yoast_wpseo_opengraph-image":"https:\/\/sicherheitsforum.ch\/wp-content\/uploads\/2016\/12\/Geistiges-Eigentum-Nicht-auf-dem-Pr\u00e4sentierteller-servieren-it-security.jpg","_yoast_wpseo_opengraph-description":"Finanzkennzahlen, Konstruktionsdaten und Vertr\u00e4ge \u2013 noch immer werden sensible Daten schutzlos per E-Mail \u00fcbermittelt. Dabei geh\u00f6rt das Ausspionieren von solchen Nachrichten f\u00fcr Hacker mittlerweile zu den leichtesten \u00dcbungen.","_yoast_wpseo_opengraph-title":"Geistiges Eigentum: Nicht auf dem Pr\u00e4sentierteller servieren","enclosure":null,"_yoast_wpseo_twitter-title":null,"_yoast_wpseo_twitter-description":null,"_yoast_wpseo_twitter-image":null,"_wp_old_slug":null,"_yoast_wpseo_title":null,"_yoast_wpseo_canonical":null,"yoast_head":"<!-- This site is optimized with the Yoast SEO plugin v27.4 - https:\/\/yoast.com\/product\/yoast-seo-wordpress\/ -->\n<title>Geistiges Eigentum: Nicht auf dem Pr\u00e4sentierteller servieren - Save<\/title>\n<meta name=\"description\" content=\"Noch immer werden sensible Daten schutzlos per E-Mail \u00fcbermittelt. Das Ausspionieren von solchen Nachrichten geh\u00f6rt f\u00fcr Hacker zu den leichtesten \u00dcbungen.\" \/>\n<meta name=\"robots\" content=\"index, follow, max-snippet:-1, max-image-preview:large, max-video-preview:-1\" \/>\n<link rel=\"canonical\" href=\"https:\/\/news.save.ch\/de\/geistiges-eigentum-nicht-auf-dem-praesentierteller-servieren\/\" \/>\n<meta property=\"og:locale\" content=\"de_DE\" \/>\n<meta property=\"og:type\" content=\"article\" \/>\n<meta property=\"og:title\" content=\"Geistiges Eigentum: Nicht auf dem Pr\u00e4sentierteller servieren\" \/>\n<meta property=\"og:description\" content=\"Finanzkennzahlen, Konstruktionsdaten und Vertr\u00e4ge \u2013 noch immer werden sensible Daten schutzlos per E-Mail \u00fcbermittelt. Dabei geh\u00f6rt das Ausspionieren von solchen Nachrichten f\u00fcr Hacker mittlerweile zu den leichtesten \u00dcbungen.\" \/>\n<meta property=\"og:url\" content=\"https:\/\/news.save.ch\/de\/geistiges-eigentum-nicht-auf-dem-praesentierteller-servieren\/\" \/>\n<meta property=\"og:site_name\" content=\"Save\" \/>\n<meta property=\"article:published_time\" content=\"2015-04-22T07:16:09+00:00\" \/>\n<meta property=\"article:modified_time\" content=\"2023-03-14T07:57:42+00:00\" \/>\n<meta property=\"og:image\" content=\"https:\/\/sicherheitsforum.ch\/wp-content\/uploads\/2016\/12\/Geistiges-Eigentum-Nicht-auf-dem-Pr\u00e4sentierteller-servieren-it-security.jpg\" \/>\n<meta name=\"author\" content=\"admin\" \/>\n<meta name=\"twitter:card\" content=\"summary_large_image\" \/>\n<meta name=\"twitter:label1\" content=\"Geschrieben von\" \/>\n\t<meta name=\"twitter:data1\" content=\"admin\" \/>\n\t<meta name=\"twitter:label2\" content=\"Gesch\u00e4tzte Lesezeit\" \/>\n\t<meta name=\"twitter:data2\" content=\"2\u00a0Minuten\" \/>\n<script type=\"application\/ld+json\" class=\"yoast-schema-graph\">{\"@context\":\"https:\\\/\\\/schema.org\",\"@graph\":[{\"@type\":\"Article\",\"@id\":\"https:\\\/\\\/news.save.ch\\\/geistiges-eigentum-nicht-auf-dem-praesentierteller-servieren\\\/#article\",\"isPartOf\":{\"@id\":\"https:\\\/\\\/news.save.ch\\\/geistiges-eigentum-nicht-auf-dem-praesentierteller-servieren\\\/\"},\"author\":{\"name\":\"admin\",\"@id\":\"https:\\\/\\\/news.save.ch\\\/de\\\/#\\\/schema\\\/person\\\/d49e199490bad7c70d64b9ab51142f2b\"},\"headline\":\"Geistiges Eigentum: Nicht auf dem Pr\u00e4sentierteller servieren\",\"datePublished\":\"2015-04-22T07:16:09+00:00\",\"dateModified\":\"2023-03-14T07:57:42+00:00\",\"mainEntityOfPage\":{\"@id\":\"https:\\\/\\\/news.save.ch\\\/geistiges-eigentum-nicht-auf-dem-praesentierteller-servieren\\\/\"},\"wordCount\":446,\"commentCount\":0,\"publisher\":{\"@id\":\"https:\\\/\\\/news.save.ch\\\/de\\\/#organization\"},\"image\":{\"@id\":\"https:\\\/\\\/news.save.ch\\\/geistiges-eigentum-nicht-auf-dem-praesentierteller-servieren\\\/#primaryimage\"},\"thumbnailUrl\":\"https:\\\/\\\/news.save.ch\\\/wp-content\\\/uploads\\\/2016\\\/12\\\/Geistiges-Eigentum-Nicht-auf-dem-Praesentierteller-servieren-it-security-scaled.jpg\",\"keywords\":[\"ICT-Sicherheit\",\"IT-SECURITY\"],\"articleSection\":[\"DIGITALISIERUNG\"],\"inLanguage\":\"de\"},{\"@type\":\"WebPage\",\"@id\":\"https:\\\/\\\/news.save.ch\\\/geistiges-eigentum-nicht-auf-dem-praesentierteller-servieren\\\/\",\"url\":\"https:\\\/\\\/news.save.ch\\\/geistiges-eigentum-nicht-auf-dem-praesentierteller-servieren\\\/\",\"name\":\"Geistiges Eigentum: Nicht auf dem Pr\u00e4sentierteller servieren - Save\",\"isPartOf\":{\"@id\":\"https:\\\/\\\/news.save.ch\\\/de\\\/#website\"},\"primaryImageOfPage\":{\"@id\":\"https:\\\/\\\/news.save.ch\\\/geistiges-eigentum-nicht-auf-dem-praesentierteller-servieren\\\/#primaryimage\"},\"image\":{\"@id\":\"https:\\\/\\\/news.save.ch\\\/geistiges-eigentum-nicht-auf-dem-praesentierteller-servieren\\\/#primaryimage\"},\"thumbnailUrl\":\"https:\\\/\\\/news.save.ch\\\/wp-content\\\/uploads\\\/2016\\\/12\\\/Geistiges-Eigentum-Nicht-auf-dem-Praesentierteller-servieren-it-security-scaled.jpg\",\"datePublished\":\"2015-04-22T07:16:09+00:00\",\"dateModified\":\"2023-03-14T07:57:42+00:00\",\"description\":\"Noch immer werden sensible Daten schutzlos per E-Mail \u00fcbermittelt. Das Ausspionieren von solchen Nachrichten geh\u00f6rt f\u00fcr Hacker zu den leichtesten \u00dcbungen.\",\"breadcrumb\":{\"@id\":\"https:\\\/\\\/news.save.ch\\\/geistiges-eigentum-nicht-auf-dem-praesentierteller-servieren\\\/#breadcrumb\"},\"inLanguage\":\"de\",\"potentialAction\":[{\"@type\":\"ReadAction\",\"target\":[\"https:\\\/\\\/news.save.ch\\\/geistiges-eigentum-nicht-auf-dem-praesentierteller-servieren\\\/\"]}]},{\"@type\":\"ImageObject\",\"inLanguage\":\"de\",\"@id\":\"https:\\\/\\\/news.save.ch\\\/geistiges-eigentum-nicht-auf-dem-praesentierteller-servieren\\\/#primaryimage\",\"url\":\"https:\\\/\\\/news.save.ch\\\/wp-content\\\/uploads\\\/2016\\\/12\\\/Geistiges-Eigentum-Nicht-auf-dem-Praesentierteller-servieren-it-security-scaled.jpg\",\"contentUrl\":\"https:\\\/\\\/news.save.ch\\\/wp-content\\\/uploads\\\/2016\\\/12\\\/Geistiges-Eigentum-Nicht-auf-dem-Praesentierteller-servieren-it-security-scaled.jpg\",\"width\":1400,\"height\":1400,\"caption\":\"Geistiges Eigentum besser sch\u00fctzen\"},{\"@type\":\"BreadcrumbList\",\"@id\":\"https:\\\/\\\/news.save.ch\\\/geistiges-eigentum-nicht-auf-dem-praesentierteller-servieren\\\/#breadcrumb\",\"itemListElement\":[{\"@type\":\"ListItem\",\"position\":1,\"name\":\"Home\",\"item\":\"https:\\\/\\\/news.save.ch\\\/de\\\/\"},{\"@type\":\"ListItem\",\"position\":2,\"name\":\"Geistiges Eigentum: Nicht auf dem Pr\u00e4sentierteller servieren\"}]},{\"@type\":\"WebSite\",\"@id\":\"https:\\\/\\\/news.save.ch\\\/de\\\/#website\",\"url\":\"https:\\\/\\\/news.save.ch\\\/de\\\/\",\"name\":\"Save\",\"description\":\"Schweizer Fachzeitschrift f\u00fcr Sicherheit\",\"publisher\":{\"@id\":\"https:\\\/\\\/news.save.ch\\\/de\\\/#organization\"},\"potentialAction\":[{\"@type\":\"SearchAction\",\"target\":{\"@type\":\"EntryPoint\",\"urlTemplate\":\"https:\\\/\\\/news.save.ch\\\/de\\\/?s={search_term_string}\"},\"query-input\":{\"@type\":\"PropertyValueSpecification\",\"valueRequired\":true,\"valueName\":\"search_term_string\"}}],\"inLanguage\":\"de\"},{\"@type\":\"Organization\",\"@id\":\"https:\\\/\\\/news.save.ch\\\/de\\\/#organization\",\"name\":\"Sicherheitsforum\",\"url\":\"https:\\\/\\\/news.save.ch\\\/de\\\/\",\"logo\":{\"@type\":\"ImageObject\",\"inLanguage\":\"de\",\"@id\":\"https:\\\/\\\/news.save.ch\\\/de\\\/#\\\/schema\\\/logo\\\/image\\\/\",\"url\":\"https:\\\/\\\/news.save.ch\\\/wp-content\\\/uploads\\\/2022\\\/06\\\/Logo_SF_2012.png\",\"contentUrl\":\"https:\\\/\\\/news.save.ch\\\/wp-content\\\/uploads\\\/2022\\\/06\\\/Logo_SF_2012.png\",\"width\":1100,\"height\":91,\"caption\":\"Sicherheitsforum\"},\"image\":{\"@id\":\"https:\\\/\\\/news.save.ch\\\/de\\\/#\\\/schema\\\/logo\\\/image\\\/\"}},{\"@type\":\"Person\",\"@id\":\"https:\\\/\\\/news.save.ch\\\/de\\\/#\\\/schema\\\/person\\\/d49e199490bad7c70d64b9ab51142f2b\",\"name\":\"admin\",\"image\":{\"@type\":\"ImageObject\",\"inLanguage\":\"de\",\"@id\":\"https:\\\/\\\/secure.gravatar.com\\\/avatar\\\/ae2f4d718e6c49043e314ce431e7e645d646302a24a5ef5a8bc8e3f5a032e319?s=96&d=mm&r=g\",\"url\":\"https:\\\/\\\/secure.gravatar.com\\\/avatar\\\/ae2f4d718e6c49043e314ce431e7e645d646302a24a5ef5a8bc8e3f5a032e319?s=96&d=mm&r=g\",\"contentUrl\":\"https:\\\/\\\/secure.gravatar.com\\\/avatar\\\/ae2f4d718e6c49043e314ce431e7e645d646302a24a5ef5a8bc8e3f5a032e319?s=96&d=mm&r=g\",\"caption\":\"admin\"},\"sameAs\":[\"https:\\\/\\\/develop.organisator.galledia.ch\"],\"url\":\"https:\\\/\\\/news.save.ch\\\/de\\\/author\\\/admin\\\/\"}]}<\/script>\n<!-- \/ Yoast SEO plugin. -->","yoast_head_json":{"title":"Geistiges Eigentum: Nicht auf dem Pr\u00e4sentierteller servieren - Save","description":"Noch immer werden sensible Daten schutzlos per E-Mail \u00fcbermittelt. Das Ausspionieren von solchen Nachrichten geh\u00f6rt f\u00fcr Hacker zu den leichtesten \u00dcbungen.","robots":{"index":"index","follow":"follow","max-snippet":"max-snippet:-1","max-image-preview":"max-image-preview:large","max-video-preview":"max-video-preview:-1"},"canonical":"https:\/\/news.save.ch\/de\/geistiges-eigentum-nicht-auf-dem-praesentierteller-servieren\/","og_locale":"de_DE","og_type":"article","og_title":"Geistiges Eigentum: Nicht auf dem Pr\u00e4sentierteller servieren","og_description":"Finanzkennzahlen, Konstruktionsdaten und Vertr\u00e4ge \u2013 noch immer werden sensible Daten schutzlos per E-Mail \u00fcbermittelt. Dabei geh\u00f6rt das Ausspionieren von solchen Nachrichten f\u00fcr Hacker mittlerweile zu den leichtesten \u00dcbungen.","og_url":"https:\/\/news.save.ch\/de\/geistiges-eigentum-nicht-auf-dem-praesentierteller-servieren\/","og_site_name":"Save","article_published_time":"2015-04-22T07:16:09+00:00","article_modified_time":"2023-03-14T07:57:42+00:00","og_image":[{"url":"https:\/\/sicherheitsforum.ch\/wp-content\/uploads\/2016\/12\/Geistiges-Eigentum-Nicht-auf-dem-Pr\u00e4sentierteller-servieren-it-security.jpg","type":"","width":"","height":""}],"author":"admin","twitter_card":"summary_large_image","twitter_misc":{"Geschrieben von":"admin","Gesch\u00e4tzte Lesezeit":"2\u00a0Minuten"},"schema":{"@context":"https:\/\/schema.org","@graph":[{"@type":"Article","@id":"https:\/\/news.save.ch\/geistiges-eigentum-nicht-auf-dem-praesentierteller-servieren\/#article","isPartOf":{"@id":"https:\/\/news.save.ch\/geistiges-eigentum-nicht-auf-dem-praesentierteller-servieren\/"},"author":{"name":"admin","@id":"https:\/\/news.save.ch\/de\/#\/schema\/person\/d49e199490bad7c70d64b9ab51142f2b"},"headline":"Geistiges Eigentum: Nicht auf dem Pr\u00e4sentierteller servieren","datePublished":"2015-04-22T07:16:09+00:00","dateModified":"2023-03-14T07:57:42+00:00","mainEntityOfPage":{"@id":"https:\/\/news.save.ch\/geistiges-eigentum-nicht-auf-dem-praesentierteller-servieren\/"},"wordCount":446,"commentCount":0,"publisher":{"@id":"https:\/\/news.save.ch\/de\/#organization"},"image":{"@id":"https:\/\/news.save.ch\/geistiges-eigentum-nicht-auf-dem-praesentierteller-servieren\/#primaryimage"},"thumbnailUrl":"https:\/\/news.save.ch\/wp-content\/uploads\/2016\/12\/Geistiges-Eigentum-Nicht-auf-dem-Praesentierteller-servieren-it-security-scaled.jpg","keywords":["ICT-Sicherheit","IT-SECURITY"],"articleSection":["DIGITALISIERUNG"],"inLanguage":"de"},{"@type":"WebPage","@id":"https:\/\/news.save.ch\/geistiges-eigentum-nicht-auf-dem-praesentierteller-servieren\/","url":"https:\/\/news.save.ch\/geistiges-eigentum-nicht-auf-dem-praesentierteller-servieren\/","name":"Geistiges Eigentum: Nicht auf dem Pr\u00e4sentierteller servieren - Save","isPartOf":{"@id":"https:\/\/news.save.ch\/de\/#website"},"primaryImageOfPage":{"@id":"https:\/\/news.save.ch\/geistiges-eigentum-nicht-auf-dem-praesentierteller-servieren\/#primaryimage"},"image":{"@id":"https:\/\/news.save.ch\/geistiges-eigentum-nicht-auf-dem-praesentierteller-servieren\/#primaryimage"},"thumbnailUrl":"https:\/\/news.save.ch\/wp-content\/uploads\/2016\/12\/Geistiges-Eigentum-Nicht-auf-dem-Praesentierteller-servieren-it-security-scaled.jpg","datePublished":"2015-04-22T07:16:09+00:00","dateModified":"2023-03-14T07:57:42+00:00","description":"Noch immer werden sensible Daten schutzlos per E-Mail \u00fcbermittelt. Das Ausspionieren von solchen Nachrichten geh\u00f6rt f\u00fcr Hacker zu den leichtesten \u00dcbungen.","breadcrumb":{"@id":"https:\/\/news.save.ch\/geistiges-eigentum-nicht-auf-dem-praesentierteller-servieren\/#breadcrumb"},"inLanguage":"de","potentialAction":[{"@type":"ReadAction","target":["https:\/\/news.save.ch\/geistiges-eigentum-nicht-auf-dem-praesentierteller-servieren\/"]}]},{"@type":"ImageObject","inLanguage":"de","@id":"https:\/\/news.save.ch\/geistiges-eigentum-nicht-auf-dem-praesentierteller-servieren\/#primaryimage","url":"https:\/\/news.save.ch\/wp-content\/uploads\/2016\/12\/Geistiges-Eigentum-Nicht-auf-dem-Praesentierteller-servieren-it-security-scaled.jpg","contentUrl":"https:\/\/news.save.ch\/wp-content\/uploads\/2016\/12\/Geistiges-Eigentum-Nicht-auf-dem-Praesentierteller-servieren-it-security-scaled.jpg","width":1400,"height":1400,"caption":"Geistiges Eigentum besser sch\u00fctzen"},{"@type":"BreadcrumbList","@id":"https:\/\/news.save.ch\/geistiges-eigentum-nicht-auf-dem-praesentierteller-servieren\/#breadcrumb","itemListElement":[{"@type":"ListItem","position":1,"name":"Home","item":"https:\/\/news.save.ch\/de\/"},{"@type":"ListItem","position":2,"name":"Geistiges Eigentum: Nicht auf dem Pr\u00e4sentierteller servieren"}]},{"@type":"WebSite","@id":"https:\/\/news.save.ch\/de\/#website","url":"https:\/\/news.save.ch\/de\/","name":"Save","description":"Schweizer Fachzeitschrift f\u00fcr Sicherheit","publisher":{"@id":"https:\/\/news.save.ch\/de\/#organization"},"potentialAction":[{"@type":"SearchAction","target":{"@type":"EntryPoint","urlTemplate":"https:\/\/news.save.ch\/de\/?s={search_term_string}"},"query-input":{"@type":"PropertyValueSpecification","valueRequired":true,"valueName":"search_term_string"}}],"inLanguage":"de"},{"@type":"Organization","@id":"https:\/\/news.save.ch\/de\/#organization","name":"Sicherheitsforum","url":"https:\/\/news.save.ch\/de\/","logo":{"@type":"ImageObject","inLanguage":"de","@id":"https:\/\/news.save.ch\/de\/#\/schema\/logo\/image\/","url":"https:\/\/news.save.ch\/wp-content\/uploads\/2022\/06\/Logo_SF_2012.png","contentUrl":"https:\/\/news.save.ch\/wp-content\/uploads\/2022\/06\/Logo_SF_2012.png","width":1100,"height":91,"caption":"Sicherheitsforum"},"image":{"@id":"https:\/\/news.save.ch\/de\/#\/schema\/logo\/image\/"}},{"@type":"Person","@id":"https:\/\/news.save.ch\/de\/#\/schema\/person\/d49e199490bad7c70d64b9ab51142f2b","name":"admin","image":{"@type":"ImageObject","inLanguage":"de","@id":"https:\/\/secure.gravatar.com\/avatar\/ae2f4d718e6c49043e314ce431e7e645d646302a24a5ef5a8bc8e3f5a032e319?s=96&d=mm&r=g","url":"https:\/\/secure.gravatar.com\/avatar\/ae2f4d718e6c49043e314ce431e7e645d646302a24a5ef5a8bc8e3f5a032e319?s=96&d=mm&r=g","contentUrl":"https:\/\/secure.gravatar.com\/avatar\/ae2f4d718e6c49043e314ce431e7e645d646302a24a5ef5a8bc8e3f5a032e319?s=96&d=mm&r=g","caption":"admin"},"sameAs":["https:\/\/develop.organisator.galledia.ch"],"url":"https:\/\/news.save.ch\/de\/author\/admin\/"}]}},"_links":{"self":[{"href":"https:\/\/news.save.ch\/de\/wp-json\/wp\/v2\/posts\/321","targetHints":{"allow":["GET"]}}],"collection":[{"href":"https:\/\/news.save.ch\/de\/wp-json\/wp\/v2\/posts"}],"about":[{"href":"https:\/\/news.save.ch\/de\/wp-json\/wp\/v2\/types\/post"}],"author":[{"embeddable":true,"href":"https:\/\/news.save.ch\/de\/wp-json\/wp\/v2\/users\/1"}],"replies":[{"embeddable":true,"href":"https:\/\/news.save.ch\/de\/wp-json\/wp\/v2\/comments?post=321"}],"version-history":[{"count":1,"href":"https:\/\/news.save.ch\/de\/wp-json\/wp\/v2\/posts\/321\/revisions"}],"predecessor-version":[{"id":17806,"href":"https:\/\/news.save.ch\/de\/wp-json\/wp\/v2\/posts\/321\/revisions\/17806"}],"wp:featuredmedia":[{"embeddable":true,"href":"https:\/\/news.save.ch\/de\/wp-json\/wp\/v2\/media\/322"}],"wp:attachment":[{"href":"https:\/\/news.save.ch\/de\/wp-json\/wp\/v2\/media?parent=321"}],"wp:term":[{"taxonomy":"category","embeddable":true,"href":"https:\/\/news.save.ch\/de\/wp-json\/wp\/v2\/categories?post=321"},{"taxonomy":"post_tag","embeddable":true,"href":"https:\/\/news.save.ch\/de\/wp-json\/wp\/v2\/tags?post=321"}],"curies":[{"name":"wp","href":"https:\/\/api.w.org\/{rel}","templated":true}]}}