{"id":325,"date":"2015-04-23T09:18:17","date_gmt":"2015-04-23T07:18:17","guid":{"rendered":"https:\/\/dev.sicherheitsforum.ch\/?p=325"},"modified":"2023-03-14T08:57:42","modified_gmt":"2023-03-14T07:57:42","slug":"verfassungsschutz-bei-datenschutz-konferenz","status":null,"type":"post","link":"https:\/\/news.save.ch\/de\/verfassungsschutz-bei-datenschutz-konferenz\/","title":{"rendered":"Verfassungsschutz bei Datenschutz-Konferenz"},"content":{"rendered":"<p><img loading=\"lazy\" decoding=\"async\" class=\"alignnone size-medium wp-image-326\" src=\"https:\/\/sicherheitsforum.ch\/wp-content\/uploads\/2016\/12\/Verfassungsschutz-bei-Datenschutz-Konferenz-it-security.jpg\" alt=\"NSA Hiding in the Dark Web\" width=\"680\" height=\"523\" \/><\/p>\n<p>&nbsp;<\/p>\n<p>Seit der NSA-\u00dcberwachungsaff\u00e4re und nach diversen terroristischen Anschl\u00e4gen in der ganzen Welt wird immer wieder kontrovers diskutiert, ob die nachrichtendienstliche \u00dcberwachung ausgebaut oder unter Datenschutzgesichtspunkten eher eingeschr\u00e4nkt werden soll. Daher wird der Vortrag von Dr. Hans-Georg Maa\u00dfen auf dem j\u00e4hrlichen <a href=\"https:\/\/www.computas.de\" target=\"_blank\" data-cke-saved-href=\"https:\/\/www.computas.de\" rel=\"noopener\">Computas<\/a>-Datenschutzkongress\u00a0 \u201eDuD 2015\u201c, der am 15. und 16. Juni 2015 in Berlin stattfinden wird, mit Spannung erwartet.<\/p>\n<p>Zudem steht weiterhin das Europ\u00e4ische Datenschutzrecht vor einer Neuausrichtung, und der Entwurf eines deutschen IT-Sicherheitsgesetzes wird diskutiert, so dass die Teilnehmer der Konferenz sicher viel neues erfahren werden.<\/p>\n<p>Besonders intensiv wird in diesem Jahr auf die Problematik der Abw\u00e4gung zwischen nationalen Sicherheitsinteressen und dem Datenschutz eingegangen, aber auch das Thema Cloud Computing wird intensiv behandelt. Zudem werden viele weitere Themen diskutiert, die im\u00a0 beruflichen Alltag der Teilnehmer auftreten k\u00f6nnen, z.B. bei der App-Nutzung, bei der Video\u00fcberwachung oder wenn Arbeitgeber Pers\u00f6nlichkeitstests einsetzen. Prominente Experten, darunter Andrea Vosshoff, die Bundesbeauftragte f\u00fcr den Datenschutz und die Informationsfreiheit, und der Parlamentarische Staatssekret\u00e4r im Bundesministerium der Justiz und f\u00fcr Verbraucherschutz, Ulrich Kelber, werden anwesend sein und zu aktuellen Themen Stellung beziehen. Au\u00dferdem werden unter anderem Datenschutz- bzw. IT-Sicherheitsbeauftragte der Deutschen Bahn, Daimler und der Bundesagentur f\u00fcr Arbeit aus ihrem beruflichen Umfeld berichten.<\/p>\n","protected":false},"excerpt":{"rendered":"<p>&nbsp; Seit der NSA-\u00dcberwachungsaff\u00e4re und nach diversen terroristischen Anschl\u00e4gen in der ganzen Welt wird immer wieder kontrovers diskutiert, ob die nachrichtendienstliche \u00dcberwachung ausgebaut oder unter Datenschutzgesichtspunkten eher eingeschr\u00e4nkt werden soll. Daher wird der Vortrag von Dr. Hans-Georg Maa\u00dfen auf dem j\u00e4hrlichen Computas-Datenschutzkongress\u00a0 \u201eDuD 2015\u201c, der am 15. und 16. Juni 2015 in Berlin stattfinden wird, [&hellip;]<\/p>\n","protected":false},"author":1,"featured_media":326,"comment_status":"open","ping_status":"open","sticky":false,"template":"","format":"standard","meta":{"_acf_changed":false,"pgc_sgb_lightbox_settings":"","footnotes":""},"categories":[3313],"tags":[62,63],"class_list":["post-325","post","type-post","status-publish","format-standard","has-post-thumbnail","hentry","category-digitalisierung","tag-ict-sicherheit","tag-it-security"],"acf":[],"hkrextid":null,"publication":null,"issue":null,"workflow":null,"startPage":null,"spitzmarke":null,"_posts_by_tag_page_fields":{"widget_title":"","widget_tags":""},"_at_widget":"1","_yoast_wpseo_primary_category":"2","_yoast_wpseo_focuskw_text_input":"Verfassungsschutz","_yoast_wpseo_opengraph-image":"https:\/\/sicherheitsforum.ch\/wp-content\/uploads\/2016\/12\/Verfassungsschutz-bei-Datenschutz-Konferenz-it-security.jpg","_yoast_wpseo_opengraph-description":"Am 15. und 16. Juni findet in Berlin die Konferenz \u201eDuD 2015 \u2013 Datenschutz und Datensicherheit\u201c statt. Unter anderem wird dort der Pr\u00e4sident des Bundesamtes f\u00fcr Verfassungsschutz, Dr. Hans-Georg Maa\u00dfen, zum Thema Datenschutz und nachrichtendienstliche Aufkl\u00e4rung sprechen.","_yoast_wpseo_opengraph-title":"Verfassungsschutz bei Datenschutz-Konferenz","enclosure":null,"_yoast_wpseo_twitter-title":null,"_yoast_wpseo_twitter-description":null,"_yoast_wpseo_twitter-image":null,"_wp_old_slug":null,"_yoast_wpseo_title":null,"_yoast_wpseo_canonical":null,"yoast_head":"<!-- This site is optimized with the Yoast SEO plugin v27.4 - https:\/\/yoast.com\/product\/yoast-seo-wordpress\/ -->\n<title>Verfassungsschutz bei Datenschutz-Konferenz - Save<\/title>\n<meta name=\"description\" content=\"DuD 2015 \u2013 Datenschutz und Datensicherheit: Dr. Hans-Georg Maa\u00dfen wird zum Thema Datenschutz und nachrichtendienstliche Aufkl\u00e4rung sprechen.\" \/>\n<meta name=\"robots\" content=\"index, follow, max-snippet:-1, max-image-preview:large, max-video-preview:-1\" \/>\n<link rel=\"canonical\" href=\"https:\/\/news.save.ch\/de\/verfassungsschutz-bei-datenschutz-konferenz\/\" \/>\n<meta property=\"og:locale\" content=\"de_DE\" \/>\n<meta property=\"og:type\" content=\"article\" \/>\n<meta property=\"og:title\" content=\"Verfassungsschutz bei Datenschutz-Konferenz\" \/>\n<meta property=\"og:description\" content=\"Am 15. und 16. Juni findet in Berlin die Konferenz \u201eDuD 2015 \u2013 Datenschutz und Datensicherheit\u201c statt. Unter anderem wird dort der Pr\u00e4sident des Bundesamtes f\u00fcr Verfassungsschutz, Dr. Hans-Georg Maa\u00dfen, zum Thema Datenschutz und nachrichtendienstliche Aufkl\u00e4rung sprechen.\" \/>\n<meta property=\"og:url\" content=\"https:\/\/news.save.ch\/de\/verfassungsschutz-bei-datenschutz-konferenz\/\" \/>\n<meta property=\"og:site_name\" content=\"Save\" \/>\n<meta property=\"article:published_time\" content=\"2015-04-23T07:18:17+00:00\" \/>\n<meta property=\"article:modified_time\" content=\"2023-03-14T07:57:42+00:00\" \/>\n<meta property=\"og:image\" content=\"https:\/\/sicherheitsforum.ch\/wp-content\/uploads\/2016\/12\/Verfassungsschutz-bei-Datenschutz-Konferenz-it-security.jpg\" \/>\n<meta name=\"author\" content=\"admin\" \/>\n<meta name=\"twitter:card\" content=\"summary_large_image\" \/>\n<meta name=\"twitter:label1\" content=\"Geschrieben von\" \/>\n\t<meta name=\"twitter:data1\" content=\"admin\" \/>\n\t<meta name=\"twitter:label2\" content=\"Gesch\u00e4tzte Lesezeit\" \/>\n\t<meta name=\"twitter:data2\" content=\"1\u00a0Minute\" \/>\n<script type=\"application\/ld+json\" class=\"yoast-schema-graph\">{\"@context\":\"https:\\\/\\\/schema.org\",\"@graph\":[{\"@type\":\"Article\",\"@id\":\"https:\\\/\\\/news.save.ch\\\/verfassungsschutz-bei-datenschutz-konferenz\\\/#article\",\"isPartOf\":{\"@id\":\"https:\\\/\\\/news.save.ch\\\/verfassungsschutz-bei-datenschutz-konferenz\\\/\"},\"author\":{\"name\":\"admin\",\"@id\":\"https:\\\/\\\/news.save.ch\\\/de\\\/#\\\/schema\\\/person\\\/d49e199490bad7c70d64b9ab51142f2b\"},\"headline\":\"Verfassungsschutz bei Datenschutz-Konferenz\",\"datePublished\":\"2015-04-23T07:18:17+00:00\",\"dateModified\":\"2023-03-14T07:57:42+00:00\",\"mainEntityOfPage\":{\"@id\":\"https:\\\/\\\/news.save.ch\\\/verfassungsschutz-bei-datenschutz-konferenz\\\/\"},\"wordCount\":211,\"commentCount\":0,\"publisher\":{\"@id\":\"https:\\\/\\\/news.save.ch\\\/de\\\/#organization\"},\"image\":{\"@id\":\"https:\\\/\\\/news.save.ch\\\/verfassungsschutz-bei-datenschutz-konferenz\\\/#primaryimage\"},\"thumbnailUrl\":\"https:\\\/\\\/news.save.ch\\\/wp-content\\\/uploads\\\/2016\\\/12\\\/Verfassungsschutz-bei-Datenschutz-Konferenz-it-security-scaled.jpg\",\"keywords\":[\"ICT-Sicherheit\",\"IT-SECURITY\"],\"articleSection\":[\"DIGITALISIERUNG\"],\"inLanguage\":\"de\"},{\"@type\":\"WebPage\",\"@id\":\"https:\\\/\\\/news.save.ch\\\/verfassungsschutz-bei-datenschutz-konferenz\\\/\",\"url\":\"https:\\\/\\\/news.save.ch\\\/verfassungsschutz-bei-datenschutz-konferenz\\\/\",\"name\":\"Verfassungsschutz bei Datenschutz-Konferenz - Save\",\"isPartOf\":{\"@id\":\"https:\\\/\\\/news.save.ch\\\/de\\\/#website\"},\"primaryImageOfPage\":{\"@id\":\"https:\\\/\\\/news.save.ch\\\/verfassungsschutz-bei-datenschutz-konferenz\\\/#primaryimage\"},\"image\":{\"@id\":\"https:\\\/\\\/news.save.ch\\\/verfassungsschutz-bei-datenschutz-konferenz\\\/#primaryimage\"},\"thumbnailUrl\":\"https:\\\/\\\/news.save.ch\\\/wp-content\\\/uploads\\\/2016\\\/12\\\/Verfassungsschutz-bei-Datenschutz-Konferenz-it-security-scaled.jpg\",\"datePublished\":\"2015-04-23T07:18:17+00:00\",\"dateModified\":\"2023-03-14T07:57:42+00:00\",\"description\":\"DuD 2015 \u2013 Datenschutz und Datensicherheit: Dr. Hans-Georg Maa\u00dfen wird zum Thema Datenschutz und nachrichtendienstliche Aufkl\u00e4rung sprechen.\",\"breadcrumb\":{\"@id\":\"https:\\\/\\\/news.save.ch\\\/verfassungsschutz-bei-datenschutz-konferenz\\\/#breadcrumb\"},\"inLanguage\":\"de\",\"potentialAction\":[{\"@type\":\"ReadAction\",\"target\":[\"https:\\\/\\\/news.save.ch\\\/verfassungsschutz-bei-datenschutz-konferenz\\\/\"]}]},{\"@type\":\"ImageObject\",\"inLanguage\":\"de\",\"@id\":\"https:\\\/\\\/news.save.ch\\\/verfassungsschutz-bei-datenschutz-konferenz\\\/#primaryimage\",\"url\":\"https:\\\/\\\/news.save.ch\\\/wp-content\\\/uploads\\\/2016\\\/12\\\/Verfassungsschutz-bei-Datenschutz-Konferenz-it-security-scaled.jpg\",\"contentUrl\":\"https:\\\/\\\/news.save.ch\\\/wp-content\\\/uploads\\\/2016\\\/12\\\/Verfassungsschutz-bei-Datenschutz-Konferenz-it-security-scaled.jpg\",\"width\":1400,\"height\":1077},{\"@type\":\"BreadcrumbList\",\"@id\":\"https:\\\/\\\/news.save.ch\\\/verfassungsschutz-bei-datenschutz-konferenz\\\/#breadcrumb\",\"itemListElement\":[{\"@type\":\"ListItem\",\"position\":1,\"name\":\"Home\",\"item\":\"https:\\\/\\\/news.save.ch\\\/de\\\/\"},{\"@type\":\"ListItem\",\"position\":2,\"name\":\"Verfassungsschutz bei Datenschutz-Konferenz\"}]},{\"@type\":\"WebSite\",\"@id\":\"https:\\\/\\\/news.save.ch\\\/de\\\/#website\",\"url\":\"https:\\\/\\\/news.save.ch\\\/de\\\/\",\"name\":\"Save\",\"description\":\"Schweizer Fachzeitschrift f\u00fcr Sicherheit\",\"publisher\":{\"@id\":\"https:\\\/\\\/news.save.ch\\\/de\\\/#organization\"},\"potentialAction\":[{\"@type\":\"SearchAction\",\"target\":{\"@type\":\"EntryPoint\",\"urlTemplate\":\"https:\\\/\\\/news.save.ch\\\/de\\\/?s={search_term_string}\"},\"query-input\":{\"@type\":\"PropertyValueSpecification\",\"valueRequired\":true,\"valueName\":\"search_term_string\"}}],\"inLanguage\":\"de\"},{\"@type\":\"Organization\",\"@id\":\"https:\\\/\\\/news.save.ch\\\/de\\\/#organization\",\"name\":\"Sicherheitsforum\",\"url\":\"https:\\\/\\\/news.save.ch\\\/de\\\/\",\"logo\":{\"@type\":\"ImageObject\",\"inLanguage\":\"de\",\"@id\":\"https:\\\/\\\/news.save.ch\\\/de\\\/#\\\/schema\\\/logo\\\/image\\\/\",\"url\":\"https:\\\/\\\/news.save.ch\\\/wp-content\\\/uploads\\\/2022\\\/06\\\/Logo_SF_2012.png\",\"contentUrl\":\"https:\\\/\\\/news.save.ch\\\/wp-content\\\/uploads\\\/2022\\\/06\\\/Logo_SF_2012.png\",\"width\":1100,\"height\":91,\"caption\":\"Sicherheitsforum\"},\"image\":{\"@id\":\"https:\\\/\\\/news.save.ch\\\/de\\\/#\\\/schema\\\/logo\\\/image\\\/\"}},{\"@type\":\"Person\",\"@id\":\"https:\\\/\\\/news.save.ch\\\/de\\\/#\\\/schema\\\/person\\\/d49e199490bad7c70d64b9ab51142f2b\",\"name\":\"admin\",\"image\":{\"@type\":\"ImageObject\",\"inLanguage\":\"de\",\"@id\":\"https:\\\/\\\/secure.gravatar.com\\\/avatar\\\/ae2f4d718e6c49043e314ce431e7e645d646302a24a5ef5a8bc8e3f5a032e319?s=96&d=mm&r=g\",\"url\":\"https:\\\/\\\/secure.gravatar.com\\\/avatar\\\/ae2f4d718e6c49043e314ce431e7e645d646302a24a5ef5a8bc8e3f5a032e319?s=96&d=mm&r=g\",\"contentUrl\":\"https:\\\/\\\/secure.gravatar.com\\\/avatar\\\/ae2f4d718e6c49043e314ce431e7e645d646302a24a5ef5a8bc8e3f5a032e319?s=96&d=mm&r=g\",\"caption\":\"admin\"},\"sameAs\":[\"https:\\\/\\\/develop.organisator.galledia.ch\"],\"url\":\"https:\\\/\\\/news.save.ch\\\/de\\\/author\\\/admin\\\/\"}]}<\/script>\n<!-- \/ Yoast SEO plugin. -->","yoast_head_json":{"title":"Verfassungsschutz bei Datenschutz-Konferenz - Save","description":"DuD 2015 \u2013 Datenschutz und Datensicherheit: Dr. Hans-Georg Maa\u00dfen wird zum Thema Datenschutz und nachrichtendienstliche Aufkl\u00e4rung sprechen.","robots":{"index":"index","follow":"follow","max-snippet":"max-snippet:-1","max-image-preview":"max-image-preview:large","max-video-preview":"max-video-preview:-1"},"canonical":"https:\/\/news.save.ch\/de\/verfassungsschutz-bei-datenschutz-konferenz\/","og_locale":"de_DE","og_type":"article","og_title":"Verfassungsschutz bei Datenschutz-Konferenz","og_description":"Am 15. und 16. Juni findet in Berlin die Konferenz \u201eDuD 2015 \u2013 Datenschutz und Datensicherheit\u201c statt. Unter anderem wird dort der Pr\u00e4sident des Bundesamtes f\u00fcr Verfassungsschutz, Dr. Hans-Georg Maa\u00dfen, zum Thema Datenschutz und nachrichtendienstliche Aufkl\u00e4rung sprechen.","og_url":"https:\/\/news.save.ch\/de\/verfassungsschutz-bei-datenschutz-konferenz\/","og_site_name":"Save","article_published_time":"2015-04-23T07:18:17+00:00","article_modified_time":"2023-03-14T07:57:42+00:00","og_image":[{"url":"https:\/\/sicherheitsforum.ch\/wp-content\/uploads\/2016\/12\/Verfassungsschutz-bei-Datenschutz-Konferenz-it-security.jpg","type":"","width":"","height":""}],"author":"admin","twitter_card":"summary_large_image","twitter_misc":{"Geschrieben von":"admin","Gesch\u00e4tzte Lesezeit":"1\u00a0Minute"},"schema":{"@context":"https:\/\/schema.org","@graph":[{"@type":"Article","@id":"https:\/\/news.save.ch\/verfassungsschutz-bei-datenschutz-konferenz\/#article","isPartOf":{"@id":"https:\/\/news.save.ch\/verfassungsschutz-bei-datenschutz-konferenz\/"},"author":{"name":"admin","@id":"https:\/\/news.save.ch\/de\/#\/schema\/person\/d49e199490bad7c70d64b9ab51142f2b"},"headline":"Verfassungsschutz bei Datenschutz-Konferenz","datePublished":"2015-04-23T07:18:17+00:00","dateModified":"2023-03-14T07:57:42+00:00","mainEntityOfPage":{"@id":"https:\/\/news.save.ch\/verfassungsschutz-bei-datenschutz-konferenz\/"},"wordCount":211,"commentCount":0,"publisher":{"@id":"https:\/\/news.save.ch\/de\/#organization"},"image":{"@id":"https:\/\/news.save.ch\/verfassungsschutz-bei-datenschutz-konferenz\/#primaryimage"},"thumbnailUrl":"https:\/\/news.save.ch\/wp-content\/uploads\/2016\/12\/Verfassungsschutz-bei-Datenschutz-Konferenz-it-security-scaled.jpg","keywords":["ICT-Sicherheit","IT-SECURITY"],"articleSection":["DIGITALISIERUNG"],"inLanguage":"de"},{"@type":"WebPage","@id":"https:\/\/news.save.ch\/verfassungsschutz-bei-datenschutz-konferenz\/","url":"https:\/\/news.save.ch\/verfassungsschutz-bei-datenschutz-konferenz\/","name":"Verfassungsschutz bei Datenschutz-Konferenz - Save","isPartOf":{"@id":"https:\/\/news.save.ch\/de\/#website"},"primaryImageOfPage":{"@id":"https:\/\/news.save.ch\/verfassungsschutz-bei-datenschutz-konferenz\/#primaryimage"},"image":{"@id":"https:\/\/news.save.ch\/verfassungsschutz-bei-datenschutz-konferenz\/#primaryimage"},"thumbnailUrl":"https:\/\/news.save.ch\/wp-content\/uploads\/2016\/12\/Verfassungsschutz-bei-Datenschutz-Konferenz-it-security-scaled.jpg","datePublished":"2015-04-23T07:18:17+00:00","dateModified":"2023-03-14T07:57:42+00:00","description":"DuD 2015 \u2013 Datenschutz und Datensicherheit: Dr. Hans-Georg Maa\u00dfen wird zum Thema Datenschutz und nachrichtendienstliche Aufkl\u00e4rung sprechen.","breadcrumb":{"@id":"https:\/\/news.save.ch\/verfassungsschutz-bei-datenschutz-konferenz\/#breadcrumb"},"inLanguage":"de","potentialAction":[{"@type":"ReadAction","target":["https:\/\/news.save.ch\/verfassungsschutz-bei-datenschutz-konferenz\/"]}]},{"@type":"ImageObject","inLanguage":"de","@id":"https:\/\/news.save.ch\/verfassungsschutz-bei-datenschutz-konferenz\/#primaryimage","url":"https:\/\/news.save.ch\/wp-content\/uploads\/2016\/12\/Verfassungsschutz-bei-Datenschutz-Konferenz-it-security-scaled.jpg","contentUrl":"https:\/\/news.save.ch\/wp-content\/uploads\/2016\/12\/Verfassungsschutz-bei-Datenschutz-Konferenz-it-security-scaled.jpg","width":1400,"height":1077},{"@type":"BreadcrumbList","@id":"https:\/\/news.save.ch\/verfassungsschutz-bei-datenschutz-konferenz\/#breadcrumb","itemListElement":[{"@type":"ListItem","position":1,"name":"Home","item":"https:\/\/news.save.ch\/de\/"},{"@type":"ListItem","position":2,"name":"Verfassungsschutz bei Datenschutz-Konferenz"}]},{"@type":"WebSite","@id":"https:\/\/news.save.ch\/de\/#website","url":"https:\/\/news.save.ch\/de\/","name":"Save","description":"Schweizer Fachzeitschrift f\u00fcr Sicherheit","publisher":{"@id":"https:\/\/news.save.ch\/de\/#organization"},"potentialAction":[{"@type":"SearchAction","target":{"@type":"EntryPoint","urlTemplate":"https:\/\/news.save.ch\/de\/?s={search_term_string}"},"query-input":{"@type":"PropertyValueSpecification","valueRequired":true,"valueName":"search_term_string"}}],"inLanguage":"de"},{"@type":"Organization","@id":"https:\/\/news.save.ch\/de\/#organization","name":"Sicherheitsforum","url":"https:\/\/news.save.ch\/de\/","logo":{"@type":"ImageObject","inLanguage":"de","@id":"https:\/\/news.save.ch\/de\/#\/schema\/logo\/image\/","url":"https:\/\/news.save.ch\/wp-content\/uploads\/2022\/06\/Logo_SF_2012.png","contentUrl":"https:\/\/news.save.ch\/wp-content\/uploads\/2022\/06\/Logo_SF_2012.png","width":1100,"height":91,"caption":"Sicherheitsforum"},"image":{"@id":"https:\/\/news.save.ch\/de\/#\/schema\/logo\/image\/"}},{"@type":"Person","@id":"https:\/\/news.save.ch\/de\/#\/schema\/person\/d49e199490bad7c70d64b9ab51142f2b","name":"admin","image":{"@type":"ImageObject","inLanguage":"de","@id":"https:\/\/secure.gravatar.com\/avatar\/ae2f4d718e6c49043e314ce431e7e645d646302a24a5ef5a8bc8e3f5a032e319?s=96&d=mm&r=g","url":"https:\/\/secure.gravatar.com\/avatar\/ae2f4d718e6c49043e314ce431e7e645d646302a24a5ef5a8bc8e3f5a032e319?s=96&d=mm&r=g","contentUrl":"https:\/\/secure.gravatar.com\/avatar\/ae2f4d718e6c49043e314ce431e7e645d646302a24a5ef5a8bc8e3f5a032e319?s=96&d=mm&r=g","caption":"admin"},"sameAs":["https:\/\/develop.organisator.galledia.ch"],"url":"https:\/\/news.save.ch\/de\/author\/admin\/"}]}},"_links":{"self":[{"href":"https:\/\/news.save.ch\/de\/wp-json\/wp\/v2\/posts\/325","targetHints":{"allow":["GET"]}}],"collection":[{"href":"https:\/\/news.save.ch\/de\/wp-json\/wp\/v2\/posts"}],"about":[{"href":"https:\/\/news.save.ch\/de\/wp-json\/wp\/v2\/types\/post"}],"author":[{"embeddable":true,"href":"https:\/\/news.save.ch\/de\/wp-json\/wp\/v2\/users\/1"}],"replies":[{"embeddable":true,"href":"https:\/\/news.save.ch\/de\/wp-json\/wp\/v2\/comments?post=325"}],"version-history":[{"count":1,"href":"https:\/\/news.save.ch\/de\/wp-json\/wp\/v2\/posts\/325\/revisions"}],"predecessor-version":[{"id":17805,"href":"https:\/\/news.save.ch\/de\/wp-json\/wp\/v2\/posts\/325\/revisions\/17805"}],"wp:featuredmedia":[{"embeddable":true,"href":"https:\/\/news.save.ch\/de\/wp-json\/wp\/v2\/media\/326"}],"wp:attachment":[{"href":"https:\/\/news.save.ch\/de\/wp-json\/wp\/v2\/media?parent=325"}],"wp:term":[{"taxonomy":"category","embeddable":true,"href":"https:\/\/news.save.ch\/de\/wp-json\/wp\/v2\/categories?post=325"},{"taxonomy":"post_tag","embeddable":true,"href":"https:\/\/news.save.ch\/de\/wp-json\/wp\/v2\/tags?post=325"}],"curies":[{"name":"wp","href":"https:\/\/api.w.org\/{rel}","templated":true}]}}