{"id":3306,"date":"2018-10-24T13:29:12","date_gmt":"2018-10-24T11:29:12","guid":{"rendered":"https:\/\/news.save.ch\/?p=3306"},"modified":"2023-03-14T09:04:08","modified_gmt":"2023-03-14T08:04:08","slug":"arbeitssicherheit-gilt-auch-fuer-arbeitslose","status":null,"type":"post","link":"https:\/\/news.save.ch\/de\/arbeitssicherheit-gilt-auch-fuer-arbeitslose\/","title":{"rendered":"Arbeitssicherheit gilt auch f\u00fcr Arbeitslose"},"content":{"rendered":"<figure id=\"attachment_3307\" aria-describedby=\"caption-attachment-3307\" style=\"width: 680px\" class=\"wp-caption alignnone\"><img loading=\"lazy\" decoding=\"async\" class=\"size-medium wp-image-3307\" src=\"http:\/\/develop.safety-plus.ch\/wp-content\/uploads\/2018\/10\/37879-10-20181017_PHU_50334_Web-format-sRGB_37879.jpeg.jpeg\" alt=\"\" width=\"680\" height=\"453\" \/><figcaption id=\"caption-attachment-3307\" class=\"wp-caption-text\">Die Unterzeichner der Sicherheitscharta von links nach rechts: Oliver Sch\u00e4rli (Leiter des Bereichs Arbeitsmarkt\/Arbeitslosenversicherung in der Direktion f\u00fcr Arbeit beim SECO), Louis Schelbert (Pr\u00e4sident nationaler Dachverband der sozialen und beruflichen Arbeitsintegration Schweiz AIS), Bruno Sauter (Pr\u00e4sident Verband Schweizerischer Arbeitsmarktbeh\u00f6rden VSAA) und Felix Weber (Vorsitzender der Gesch\u00e4ftsleitung der Suva). \u00a9 Suva<\/figcaption><\/figure>\n<p>Seit <a href=\"https:\/\/news.save.ch\/100-jahre-suva\/\" target=\"_blank\" rel=\"noopener\">Gr\u00fcndung der Suva<\/a> sind die Berufsunfallzahlen kontinuierlich zur\u00fcckgegangen. Aber leider verunfallen noch immer j\u00e4hrlich rund 250 000 Menschen bei der Arbeit. Betroffen sind auch Beteiligte an <a href=\"https:\/\/www.seco.admin.ch\/seco\/de\/home\/Arbeit\/Arbeitslosenversicherung\/oeffentliche-arbeitsvermittlung\/arbeitsmarktliche-massnahmen.html\" target=\"_blank\" rel=\"noopener\">Arbeitsmarktlichen Massnahmen\u00a0<\/a>\u00a0. Diese Massnahmen haben zum Ziel, die rasche und langfristige Wiedereingliederung von arbeitslosen Personen in den Arbeitsmarkt zu f\u00f6rdern. Ob bei einer vor\u00fcbergehenden Besch\u00e4ftigung, in einem Berufspraktikum oder w\u00e4hrend einem Motivationssemester \u2013 Arbeitssicherheit und Gesundheitsschutz m\u00fcssen stets erste Priorit\u00e4t haben.<\/p>\n<p><strong>Bei Gefahr STOPP<\/strong><\/p>\n<p>Diese Absicht bekr\u00e4ftigen das SECO, der VSAA und AIS mit Ihrer Unterschrift auf der <a href=\"https:\/\/news.save.ch\/sicherheits-charta-begruesst-1000-mitglied\/\" target=\"_blank\" rel=\"noopener\">Sicherheits-Charta<\/a> der Suva und unterst\u00fctzen die Botschaft, bei Gefahr STOPP zu sagen und erst weiter zu arbeiten, wenn die Sicherheit wiederhergestellt ist. Im Fokus stehen insbesondere die Beteiligten an Arbeitsmarktlichen Massnahmen. \u00abUns ist bewusst, dass sich allein mit einer Unterschrift Unf\u00e4lle nicht vermeiden lassen. Es ist unsere Aufgabe, die Kantone und Organisatoren von Arbeitsmarktlichen Massnahmen zu motivieren, den Charta-Gedanken bei ihrer t\u00e4glichen Arbeit zu verankern und ebenfalls der Sicherheits-Charta beizutreten\u00bb, sagt Oliver Sch\u00e4rli, Leiter des Bereichs Arbeitsmarkt\/Arbeitslosenversicherung in der Direktion f\u00fcr Arbeit beim SECO.<\/p>\n<p>Dies bekr\u00e4ftig auch Louis Schelbert, Pr\u00e4sident AIS, und ist \u00fcberzeugt, dass mit der Umsetzung der Sicherheits-Charta <a href=\"https:\/\/news.save.ch\/nichtberufsunfaelle-75-millionen-verlorene-arbeitstage\/\" target=\"_blank\" rel=\"noopener\">Unf\u00e4lle<\/a> und menschliches Leid verhindert werden k\u00f6nnen. Bruno Sauter, Pr\u00e4sident VSAA, unterstreicht die notwendige Unterst\u00fctzung durch die Kantone: \u00ab Die Kantone sind verantwortlich f\u00fcr die Auftragsvergabe und pr\u00fcfen die Qualit\u00e4t der Umsetzung von Arbeitsmarktlichen Massnahmen. Damit sind sie automatisch verpflichtet, sich f\u00fcr die Unfallpr\u00e4vention einzusetzen\u00bb.<\/p>\n<p><strong>Regeln, die Leben retten<\/strong><\/p>\n<p>Die Mitgliedschaft bei der Sicherheits-Charta ist ein \u00f6ffentliches Bekenntnis aller Beteiligten, dass die lebenswichtigen Regeln der Suva oder eigene Sicherheitsregeln konsequent eingehalten und durchgesetzt werden. \u00abDass die lebenswichtigen Regeln Leben retten k\u00f6nnen, zeigen unsere Analysen. Bei \u00fcber 60 Prozent der t\u00f6dlichen <a href=\"https:\/\/news.save.ch\/berufsunfaelle-nehmen-weiter-ab\/\" target=\"_blank\" rel=\"noopener\">Berufsunf\u00e4lle<\/a> wird eine dieser Regel verletzt. Wir k\u00f6nnen die Unfallzahlen gemeinsam noch weiter senken, wenn sich alle Beteiligten an Arbeitsmarktlichen Massnahmen konsequent an die lebenswichtigen Regeln halten\u00bb, sagt Felix Weber, Vorsitzender der Gesch\u00e4ftsleitung der Suva.<\/p>\n<p><strong>Beitritt mit Mausklick <\/strong><\/p>\n<p>Mitglieder, die die Sicherheits-Charta schon unterzeichnet haben, sind auf einer interaktiven Landkarte auf <a href=\"http:\/\/www.sicherheits-charta.ch\/\" target=\"_blank\" rel=\"noopener\">www.sicherheits-charta.ch\u00a0<\/a>\u00a0 zu finden. Alle, die noch nicht Mitglied sind, k\u00f6nnen sich \u00fcber diese Webseite kostenlos anmelden und auf diese Weise, wie bereits \u00fcber 9000 Mitglieder, zu mehr Sicherheit am Arbeitsplatz beitragen.<\/p>\n<p>Text: <a href=\"https:\/\/www.suva.ch\/\" target=\"_blank\" rel=\"noopener\">Suva<\/a><\/p>\n<p><a href=\"http:\/\/www.sicherheits-charta.ch\/\" target=\"_blank\" rel=\"noopener\">www.sicherheits-charta.ch<\/a><\/p>\n","protected":false},"excerpt":{"rendered":"<p>Seit Gr\u00fcndung der Suva sind die Berufsunfallzahlen kontinuierlich zur\u00fcckgegangen. Aber leider verunfallen noch immer j\u00e4hrlich rund 250 000 Menschen bei der Arbeit. Betroffen sind auch Beteiligte an Arbeitsmarktlichen Massnahmen\u00a0\u00a0. Diese Massnahmen haben zum Ziel, die rasche und langfristige Wiedereingliederung von arbeitslosen Personen in den Arbeitsmarkt zu f\u00f6rdern. Ob bei einer vor\u00fcbergehenden Besch\u00e4ftigung, in einem Berufspraktikum [&hellip;]<\/p>\n","protected":false},"author":1,"featured_media":3307,"comment_status":"open","ping_status":"open","sticky":false,"template":"","format":"standard","meta":{"_acf_changed":false,"pgc_sgb_lightbox_settings":"","footnotes":""},"categories":[3314],"tags":[1605,1768,2165,149,2349,2451,175,145,2906,2913,176,167,3135,181,3217],"class_list":["post-3306","post","type-post","status-publish","format-standard","has-post-thumbnail","hentry","category-health-safety","tag-ais","tag-berufsunfaelle","tag-gesundheitsfoerderung","tag-gesundheitsschutz","tag-kampagnen","tag-lebenswichtige-regeln","tag-nichtberufsunfaelle","tag-seco","tag-sicherheits-charta","tag-sicherheitsregeln","tag-sportunfaelle","tag-suva","tag-unfaelle","tag-versicherung","tag-vsaa"],"acf":[],"hkrextid":null,"publication":null,"issue":null,"workflow":null,"startPage":null,"spitzmarke":null,"_posts_by_tag_page_fields":{"widget_title":"","widget_tags":""},"_at_widget":"1","_yoast_wpseo_primary_category":"5","_yoast_wpseo_focuskw_text_input":"Arbeitssicherheit","_yoast_wpseo_opengraph-image":null,"_yoast_wpseo_opengraph-description":null,"_yoast_wpseo_opengraph-title":null,"enclosure":null,"_yoast_wpseo_twitter-title":null,"_yoast_wpseo_twitter-description":null,"_yoast_wpseo_twitter-image":null,"_wp_old_slug":null,"_yoast_wpseo_title":null,"_yoast_wpseo_canonical":null,"yoast_head":"<!-- This site is optimized with the Yoast SEO plugin v27.5 - https:\/\/yoast.com\/product\/yoast-seo-wordpress\/ -->\n<title>Arbeitssicherheit gilt auch f\u00fcr Arbeitslose - Save<\/title>\n<meta name=\"description\" content=\"SECO, der VSAA und AIS haben die Sicherheits-Charta der Suva unterschrieben, bei Gefahr STOPP zu sagen.\" \/>\n<meta name=\"robots\" content=\"index, follow, max-snippet:-1, max-image-preview:large, max-video-preview:-1\" \/>\n<link rel=\"canonical\" href=\"https:\/\/news.save.ch\/de\/arbeitssicherheit-gilt-auch-fuer-arbeitslose\/\" \/>\n<meta property=\"og:locale\" content=\"de_DE\" \/>\n<meta property=\"og:type\" content=\"article\" \/>\n<meta property=\"og:title\" content=\"Arbeitssicherheit gilt auch f\u00fcr Arbeitslose - Save\" \/>\n<meta property=\"og:description\" content=\"SECO, der VSAA und AIS haben die Sicherheits-Charta der Suva unterschrieben, bei Gefahr STOPP zu sagen.\" \/>\n<meta property=\"og:url\" content=\"https:\/\/news.save.ch\/de\/arbeitssicherheit-gilt-auch-fuer-arbeitslose\/\" \/>\n<meta property=\"og:site_name\" content=\"Save\" \/>\n<meta property=\"article:published_time\" content=\"2018-10-24T11:29:12+00:00\" \/>\n<meta property=\"article:modified_time\" content=\"2023-03-14T08:04:08+00:00\" \/>\n<meta property=\"og:image\" content=\"https:\/\/news.save.ch\/wp-content\/uploads\/2018\/10\/37879-10-20181017_PHU_50334_Web-format-sRGB_37879.jpeg-scaled-1.jpeg\" \/>\n\t<meta property=\"og:image:width\" content=\"1200\" \/>\n\t<meta property=\"og:image:height\" content=\"800\" \/>\n\t<meta property=\"og:image:type\" content=\"image\/jpeg\" \/>\n<meta name=\"author\" content=\"admin\" \/>\n<meta name=\"twitter:card\" content=\"summary_large_image\" \/>\n<meta name=\"twitter:label1\" content=\"Geschrieben von\" \/>\n\t<meta name=\"twitter:data1\" content=\"admin\" \/>\n\t<meta name=\"twitter:label2\" content=\"Gesch\u00e4tzte Lesezeit\" \/>\n\t<meta name=\"twitter:data2\" content=\"2\u00a0Minuten\" \/>\n<script type=\"application\/ld+json\" class=\"yoast-schema-graph\">{\"@context\":\"https:\\\/\\\/schema.org\",\"@graph\":[{\"@type\":\"Article\",\"@id\":\"https:\\\/\\\/news.save.ch\\\/arbeitssicherheit-gilt-auch-fuer-arbeitslose\\\/#article\",\"isPartOf\":{\"@id\":\"https:\\\/\\\/news.save.ch\\\/arbeitssicherheit-gilt-auch-fuer-arbeitslose\\\/\"},\"author\":{\"name\":\"admin\",\"@id\":\"https:\\\/\\\/news.save.ch\\\/de\\\/#\\\/schema\\\/person\\\/d49e199490bad7c70d64b9ab51142f2b\"},\"headline\":\"Arbeitssicherheit gilt auch f\u00fcr Arbeitslose\",\"datePublished\":\"2018-10-24T11:29:12+00:00\",\"dateModified\":\"2023-03-14T08:04:08+00:00\",\"mainEntityOfPage\":{\"@id\":\"https:\\\/\\\/news.save.ch\\\/arbeitssicherheit-gilt-auch-fuer-arbeitslose\\\/\"},\"wordCount\":460,\"commentCount\":0,\"publisher\":{\"@id\":\"https:\\\/\\\/news.save.ch\\\/de\\\/#organization\"},\"image\":{\"@id\":\"https:\\\/\\\/news.save.ch\\\/arbeitssicherheit-gilt-auch-fuer-arbeitslose\\\/#primaryimage\"},\"thumbnailUrl\":\"https:\\\/\\\/news.save.ch\\\/wp-content\\\/uploads\\\/2018\\\/10\\\/37879-10-20181017_PHU_50334_Web-format-sRGB_37879.jpeg-scaled-1.jpeg\",\"keywords\":[\"AIS\",\"Berufsunf\u00e4lle\",\"Gesundheitsf\u00f6rderung\",\"Gesundheitsschutz\",\"Kampagnen\",\"Lebenswichtige Regeln\",\"Nichtberufsunf\u00e4lle\",\"Seco\",\"Sicherheits-Charta\",\"Sicherheitsregeln\",\"Sportunf\u00e4lle\",\"SUVA\",\"Unf\u00e4lle\",\"Versicherung\",\"VSAA\"],\"articleSection\":[\"HEALTH &amp; SAFETY\"],\"inLanguage\":\"de\"},{\"@type\":\"WebPage\",\"@id\":\"https:\\\/\\\/news.save.ch\\\/arbeitssicherheit-gilt-auch-fuer-arbeitslose\\\/\",\"url\":\"https:\\\/\\\/news.save.ch\\\/arbeitssicherheit-gilt-auch-fuer-arbeitslose\\\/\",\"name\":\"Arbeitssicherheit gilt auch f\u00fcr Arbeitslose - Save\",\"isPartOf\":{\"@id\":\"https:\\\/\\\/news.save.ch\\\/de\\\/#website\"},\"primaryImageOfPage\":{\"@id\":\"https:\\\/\\\/news.save.ch\\\/arbeitssicherheit-gilt-auch-fuer-arbeitslose\\\/#primaryimage\"},\"image\":{\"@id\":\"https:\\\/\\\/news.save.ch\\\/arbeitssicherheit-gilt-auch-fuer-arbeitslose\\\/#primaryimage\"},\"thumbnailUrl\":\"https:\\\/\\\/news.save.ch\\\/wp-content\\\/uploads\\\/2018\\\/10\\\/37879-10-20181017_PHU_50334_Web-format-sRGB_37879.jpeg-scaled-1.jpeg\",\"datePublished\":\"2018-10-24T11:29:12+00:00\",\"dateModified\":\"2023-03-14T08:04:08+00:00\",\"description\":\"SECO, der VSAA und AIS haben die Sicherheits-Charta der Suva unterschrieben, bei Gefahr STOPP zu sagen.\",\"breadcrumb\":{\"@id\":\"https:\\\/\\\/news.save.ch\\\/arbeitssicherheit-gilt-auch-fuer-arbeitslose\\\/#breadcrumb\"},\"inLanguage\":\"de\",\"potentialAction\":[{\"@type\":\"ReadAction\",\"target\":[\"https:\\\/\\\/news.save.ch\\\/arbeitssicherheit-gilt-auch-fuer-arbeitslose\\\/\"]}]},{\"@type\":\"ImageObject\",\"inLanguage\":\"de\",\"@id\":\"https:\\\/\\\/news.save.ch\\\/arbeitssicherheit-gilt-auch-fuer-arbeitslose\\\/#primaryimage\",\"url\":\"https:\\\/\\\/news.save.ch\\\/wp-content\\\/uploads\\\/2018\\\/10\\\/37879-10-20181017_PHU_50334_Web-format-sRGB_37879.jpeg-scaled-1.jpeg\",\"contentUrl\":\"https:\\\/\\\/news.save.ch\\\/wp-content\\\/uploads\\\/2018\\\/10\\\/37879-10-20181017_PHU_50334_Web-format-sRGB_37879.jpeg-scaled-1.jpeg\",\"width\":1200,\"height\":800,\"caption\":\"Die Unterzeichner der Sicherheitscharta von links nach rechts: Oliver Sch\u00e4rli (Leiter des Bereichs Arbeitsmarkt\\\/Arbeitslosenversicherung in der Direktion f\u00fcr Arbeit beim SECO), Louis Schelbert (Pr\u00e4sident nationaler Dachverband der sozialen und beruflichen Arbeitsintegration Schweiz AIS), Bruno Sauter (Pr\u00e4sident Verband Schweizerischer Arbeitsmarktbeh\u00f6rden VSAA) und Felix Weber (Vorsitzender der Gesch\u00e4ftsleitung der Suva) \u00a9 Suva\"},{\"@type\":\"BreadcrumbList\",\"@id\":\"https:\\\/\\\/news.save.ch\\\/arbeitssicherheit-gilt-auch-fuer-arbeitslose\\\/#breadcrumb\",\"itemListElement\":[{\"@type\":\"ListItem\",\"position\":1,\"name\":\"Home\",\"item\":\"https:\\\/\\\/news.save.ch\\\/de\\\/\"},{\"@type\":\"ListItem\",\"position\":2,\"name\":\"Arbeitssicherheit gilt auch f\u00fcr Arbeitslose\"}]},{\"@type\":\"WebSite\",\"@id\":\"https:\\\/\\\/news.save.ch\\\/de\\\/#website\",\"url\":\"https:\\\/\\\/news.save.ch\\\/de\\\/\",\"name\":\"Save\",\"description\":\"Schweizer Fachzeitschrift f\u00fcr Sicherheit\",\"publisher\":{\"@id\":\"https:\\\/\\\/news.save.ch\\\/de\\\/#organization\"},\"potentialAction\":[{\"@type\":\"SearchAction\",\"target\":{\"@type\":\"EntryPoint\",\"urlTemplate\":\"https:\\\/\\\/news.save.ch\\\/de\\\/?s={search_term_string}\"},\"query-input\":{\"@type\":\"PropertyValueSpecification\",\"valueRequired\":true,\"valueName\":\"search_term_string\"}}],\"inLanguage\":\"de\"},{\"@type\":\"Organization\",\"@id\":\"https:\\\/\\\/news.save.ch\\\/de\\\/#organization\",\"name\":\"Sicherheitsforum\",\"url\":\"https:\\\/\\\/news.save.ch\\\/de\\\/\",\"logo\":{\"@type\":\"ImageObject\",\"inLanguage\":\"de\",\"@id\":\"https:\\\/\\\/news.save.ch\\\/de\\\/#\\\/schema\\\/logo\\\/image\\\/\",\"url\":\"https:\\\/\\\/news.save.ch\\\/wp-content\\\/uploads\\\/2022\\\/06\\\/Logo_SF_2012.png\",\"contentUrl\":\"https:\\\/\\\/news.save.ch\\\/wp-content\\\/uploads\\\/2022\\\/06\\\/Logo_SF_2012.png\",\"width\":1100,\"height\":91,\"caption\":\"Sicherheitsforum\"},\"image\":{\"@id\":\"https:\\\/\\\/news.save.ch\\\/de\\\/#\\\/schema\\\/logo\\\/image\\\/\"}},{\"@type\":\"Person\",\"@id\":\"https:\\\/\\\/news.save.ch\\\/de\\\/#\\\/schema\\\/person\\\/d49e199490bad7c70d64b9ab51142f2b\",\"name\":\"admin\",\"image\":{\"@type\":\"ImageObject\",\"inLanguage\":\"de\",\"@id\":\"https:\\\/\\\/secure.gravatar.com\\\/avatar\\\/ae2f4d718e6c49043e314ce431e7e645d646302a24a5ef5a8bc8e3f5a032e319?s=96&d=mm&r=g\",\"url\":\"https:\\\/\\\/secure.gravatar.com\\\/avatar\\\/ae2f4d718e6c49043e314ce431e7e645d646302a24a5ef5a8bc8e3f5a032e319?s=96&d=mm&r=g\",\"contentUrl\":\"https:\\\/\\\/secure.gravatar.com\\\/avatar\\\/ae2f4d718e6c49043e314ce431e7e645d646302a24a5ef5a8bc8e3f5a032e319?s=96&d=mm&r=g\",\"caption\":\"admin\"},\"sameAs\":[\"https:\\\/\\\/develop.organisator.galledia.ch\"],\"url\":\"https:\\\/\\\/news.save.ch\\\/de\\\/author\\\/admin\\\/\"}]}<\/script>\n<!-- \/ Yoast SEO plugin. -->","yoast_head_json":{"title":"Arbeitssicherheit gilt auch f\u00fcr Arbeitslose - Save","description":"SECO, der VSAA und AIS haben die Sicherheits-Charta der Suva unterschrieben, bei Gefahr STOPP zu sagen.","robots":{"index":"index","follow":"follow","max-snippet":"max-snippet:-1","max-image-preview":"max-image-preview:large","max-video-preview":"max-video-preview:-1"},"canonical":"https:\/\/news.save.ch\/de\/arbeitssicherheit-gilt-auch-fuer-arbeitslose\/","og_locale":"de_DE","og_type":"article","og_title":"Arbeitssicherheit gilt auch f\u00fcr Arbeitslose - Save","og_description":"SECO, der VSAA und AIS haben die Sicherheits-Charta der Suva unterschrieben, bei Gefahr STOPP zu sagen.","og_url":"https:\/\/news.save.ch\/de\/arbeitssicherheit-gilt-auch-fuer-arbeitslose\/","og_site_name":"Save","article_published_time":"2018-10-24T11:29:12+00:00","article_modified_time":"2023-03-14T08:04:08+00:00","og_image":[{"width":1200,"height":800,"url":"https:\/\/news.save.ch\/wp-content\/uploads\/2018\/10\/37879-10-20181017_PHU_50334_Web-format-sRGB_37879.jpeg-scaled-1.jpeg","type":"image\/jpeg"}],"author":"admin","twitter_card":"summary_large_image","twitter_misc":{"Geschrieben von":"admin","Gesch\u00e4tzte Lesezeit":"2\u00a0Minuten"},"schema":{"@context":"https:\/\/schema.org","@graph":[{"@type":"Article","@id":"https:\/\/news.save.ch\/arbeitssicherheit-gilt-auch-fuer-arbeitslose\/#article","isPartOf":{"@id":"https:\/\/news.save.ch\/arbeitssicherheit-gilt-auch-fuer-arbeitslose\/"},"author":{"name":"admin","@id":"https:\/\/news.save.ch\/de\/#\/schema\/person\/d49e199490bad7c70d64b9ab51142f2b"},"headline":"Arbeitssicherheit gilt auch f\u00fcr Arbeitslose","datePublished":"2018-10-24T11:29:12+00:00","dateModified":"2023-03-14T08:04:08+00:00","mainEntityOfPage":{"@id":"https:\/\/news.save.ch\/arbeitssicherheit-gilt-auch-fuer-arbeitslose\/"},"wordCount":460,"commentCount":0,"publisher":{"@id":"https:\/\/news.save.ch\/de\/#organization"},"image":{"@id":"https:\/\/news.save.ch\/arbeitssicherheit-gilt-auch-fuer-arbeitslose\/#primaryimage"},"thumbnailUrl":"https:\/\/news.save.ch\/wp-content\/uploads\/2018\/10\/37879-10-20181017_PHU_50334_Web-format-sRGB_37879.jpeg-scaled-1.jpeg","keywords":["AIS","Berufsunf\u00e4lle","Gesundheitsf\u00f6rderung","Gesundheitsschutz","Kampagnen","Lebenswichtige Regeln","Nichtberufsunf\u00e4lle","Seco","Sicherheits-Charta","Sicherheitsregeln","Sportunf\u00e4lle","SUVA","Unf\u00e4lle","Versicherung","VSAA"],"articleSection":["HEALTH &amp; SAFETY"],"inLanguage":"de"},{"@type":"WebPage","@id":"https:\/\/news.save.ch\/arbeitssicherheit-gilt-auch-fuer-arbeitslose\/","url":"https:\/\/news.save.ch\/arbeitssicherheit-gilt-auch-fuer-arbeitslose\/","name":"Arbeitssicherheit gilt auch f\u00fcr Arbeitslose - Save","isPartOf":{"@id":"https:\/\/news.save.ch\/de\/#website"},"primaryImageOfPage":{"@id":"https:\/\/news.save.ch\/arbeitssicherheit-gilt-auch-fuer-arbeitslose\/#primaryimage"},"image":{"@id":"https:\/\/news.save.ch\/arbeitssicherheit-gilt-auch-fuer-arbeitslose\/#primaryimage"},"thumbnailUrl":"https:\/\/news.save.ch\/wp-content\/uploads\/2018\/10\/37879-10-20181017_PHU_50334_Web-format-sRGB_37879.jpeg-scaled-1.jpeg","datePublished":"2018-10-24T11:29:12+00:00","dateModified":"2023-03-14T08:04:08+00:00","description":"SECO, der VSAA und AIS haben die Sicherheits-Charta der Suva unterschrieben, bei Gefahr STOPP zu sagen.","breadcrumb":{"@id":"https:\/\/news.save.ch\/arbeitssicherheit-gilt-auch-fuer-arbeitslose\/#breadcrumb"},"inLanguage":"de","potentialAction":[{"@type":"ReadAction","target":["https:\/\/news.save.ch\/arbeitssicherheit-gilt-auch-fuer-arbeitslose\/"]}]},{"@type":"ImageObject","inLanguage":"de","@id":"https:\/\/news.save.ch\/arbeitssicherheit-gilt-auch-fuer-arbeitslose\/#primaryimage","url":"https:\/\/news.save.ch\/wp-content\/uploads\/2018\/10\/37879-10-20181017_PHU_50334_Web-format-sRGB_37879.jpeg-scaled-1.jpeg","contentUrl":"https:\/\/news.save.ch\/wp-content\/uploads\/2018\/10\/37879-10-20181017_PHU_50334_Web-format-sRGB_37879.jpeg-scaled-1.jpeg","width":1200,"height":800,"caption":"Die Unterzeichner der Sicherheitscharta von links nach rechts: Oliver Sch\u00e4rli (Leiter des Bereichs Arbeitsmarkt\/Arbeitslosenversicherung in der Direktion f\u00fcr Arbeit beim SECO), Louis Schelbert (Pr\u00e4sident nationaler Dachverband der sozialen und beruflichen Arbeitsintegration Schweiz AIS), Bruno Sauter (Pr\u00e4sident Verband Schweizerischer Arbeitsmarktbeh\u00f6rden VSAA) und Felix Weber (Vorsitzender der Gesch\u00e4ftsleitung der Suva) \u00a9 Suva"},{"@type":"BreadcrumbList","@id":"https:\/\/news.save.ch\/arbeitssicherheit-gilt-auch-fuer-arbeitslose\/#breadcrumb","itemListElement":[{"@type":"ListItem","position":1,"name":"Home","item":"https:\/\/news.save.ch\/de\/"},{"@type":"ListItem","position":2,"name":"Arbeitssicherheit gilt auch f\u00fcr Arbeitslose"}]},{"@type":"WebSite","@id":"https:\/\/news.save.ch\/de\/#website","url":"https:\/\/news.save.ch\/de\/","name":"Save","description":"Schweizer Fachzeitschrift f\u00fcr Sicherheit","publisher":{"@id":"https:\/\/news.save.ch\/de\/#organization"},"potentialAction":[{"@type":"SearchAction","target":{"@type":"EntryPoint","urlTemplate":"https:\/\/news.save.ch\/de\/?s={search_term_string}"},"query-input":{"@type":"PropertyValueSpecification","valueRequired":true,"valueName":"search_term_string"}}],"inLanguage":"de"},{"@type":"Organization","@id":"https:\/\/news.save.ch\/de\/#organization","name":"Sicherheitsforum","url":"https:\/\/news.save.ch\/de\/","logo":{"@type":"ImageObject","inLanguage":"de","@id":"https:\/\/news.save.ch\/de\/#\/schema\/logo\/image\/","url":"https:\/\/news.save.ch\/wp-content\/uploads\/2022\/06\/Logo_SF_2012.png","contentUrl":"https:\/\/news.save.ch\/wp-content\/uploads\/2022\/06\/Logo_SF_2012.png","width":1100,"height":91,"caption":"Sicherheitsforum"},"image":{"@id":"https:\/\/news.save.ch\/de\/#\/schema\/logo\/image\/"}},{"@type":"Person","@id":"https:\/\/news.save.ch\/de\/#\/schema\/person\/d49e199490bad7c70d64b9ab51142f2b","name":"admin","image":{"@type":"ImageObject","inLanguage":"de","@id":"https:\/\/secure.gravatar.com\/avatar\/ae2f4d718e6c49043e314ce431e7e645d646302a24a5ef5a8bc8e3f5a032e319?s=96&d=mm&r=g","url":"https:\/\/secure.gravatar.com\/avatar\/ae2f4d718e6c49043e314ce431e7e645d646302a24a5ef5a8bc8e3f5a032e319?s=96&d=mm&r=g","contentUrl":"https:\/\/secure.gravatar.com\/avatar\/ae2f4d718e6c49043e314ce431e7e645d646302a24a5ef5a8bc8e3f5a032e319?s=96&d=mm&r=g","caption":"admin"},"sameAs":["https:\/\/develop.organisator.galledia.ch"],"url":"https:\/\/news.save.ch\/de\/author\/admin\/"}]}},"_links":{"self":[{"href":"https:\/\/news.save.ch\/de\/wp-json\/wp\/v2\/posts\/3306","targetHints":{"allow":["GET"]}}],"collection":[{"href":"https:\/\/news.save.ch\/de\/wp-json\/wp\/v2\/posts"}],"about":[{"href":"https:\/\/news.save.ch\/de\/wp-json\/wp\/v2\/types\/post"}],"author":[{"embeddable":true,"href":"https:\/\/news.save.ch\/de\/wp-json\/wp\/v2\/users\/1"}],"replies":[{"embeddable":true,"href":"https:\/\/news.save.ch\/de\/wp-json\/wp\/v2\/comments?post=3306"}],"version-history":[{"count":1,"href":"https:\/\/news.save.ch\/de\/wp-json\/wp\/v2\/posts\/3306\/revisions"}],"predecessor-version":[{"id":18285,"href":"https:\/\/news.save.ch\/de\/wp-json\/wp\/v2\/posts\/3306\/revisions\/18285"}],"wp:featuredmedia":[{"embeddable":true,"href":"https:\/\/news.save.ch\/de\/wp-json\/wp\/v2\/media\/3307"}],"wp:attachment":[{"href":"https:\/\/news.save.ch\/de\/wp-json\/wp\/v2\/media?parent=3306"}],"wp:term":[{"taxonomy":"category","embeddable":true,"href":"https:\/\/news.save.ch\/de\/wp-json\/wp\/v2\/categories?post=3306"},{"taxonomy":"post_tag","embeddable":true,"href":"https:\/\/news.save.ch\/de\/wp-json\/wp\/v2\/tags?post=3306"}],"curies":[{"name":"wp","href":"https:\/\/api.w.org\/{rel}","templated":true}]}}