{"id":336,"date":"2015-04-23T11:13:49","date_gmt":"2015-04-23T09:13:49","guid":{"rendered":"http:\/\/dev.safety-plus.ch\/?p=336"},"modified":"2015-04-23T11:13:49","modified_gmt":"2015-04-23T09:13:49","slug":"mobile-aerzte-allschwil-arbeitszeiterfassung-muss-verbessert-werden","status":null,"type":"post","link":"https:\/\/news.save.ch\/de\/mobile-aerzte-allschwil-arbeitszeiterfassung-muss-verbessert-werden\/","title":{"rendered":"Mobile \u00c4rzte Allschwil: Arbeitszeiterfassung muss verbessert werden"},"content":{"rendered":"<figure id=\"attachment_338\" aria-describedby=\"caption-attachment-338\" style=\"width: 680px\" class=\"wp-caption alignnone\"><img loading=\"lazy\" decoding=\"async\" class=\"wp-image-338 size-medium\" src=\"http:\/\/develop.safety-plus.ch\/wp-content\/uploads\/2016\/12\/Mobile-Aerzte-Allschwil-Arbeitszeiterfassung-muss-verbessert-werden_safety-plus.jpg\" alt=\"Arbeitszeit\u00fcberschreitung: K\u00fcnftig sollen auch die Mobilen \u00c4rzte die erlaubte Maximalarbeitszeit einhalten.\" width=\"680\" height=\"453\" \/><figcaption id=\"caption-attachment-338\" class=\"wp-caption-text\">Arbeitszeit\u00fcberschreitung: K\u00fcnftig sollen auch die Mobilen \u00c4rzte die erlaubte Maximalarbeitszeit einhalten.<\/figcaption><\/figure>\n<p>Beim privaten Notfalldienst Mobile \u00c4rzte Allschwil\u00a0wurden die erlaubte Arbeitszeiten zum Teil massiv \u00fcberschritten. Das hat nach einer <a href=\"http:\/\/www.srf.ch\/konsum\/themen\/gesundheit\/kritik-an-notfalldienst-umstrittenes-geschaeft-mit-hausbesuchen\" target=\"_blank\" data-cke-saved-href=\"http:\/\/www.srf.ch\/konsum\/themen\/gesundheit\/kritik-an-notfalldienst-umstrittenes-geschaeft-mit-hausbesuchen\" rel=\"noopener\">Kassensturz-Sendung<\/a>, in der die Gewerkschaft Syna und ehemalige Mitarbeiter die Vorw\u00fcrfe publik machten, nun auch Firmengr\u00fcnder Michael Gloger zugegeben. Dies\u00a0meldet die <a href=\"http:\/\/www.basellandschaftlichezeitung.ch\/basel\/baselbiet\/kanton-weist-mobile-aerzte-an-die-arbeitszeiten-anzupassen-129062833\" target=\"_blank\" data-cke-saved-href=\"http:\/\/www.basellandschaftlichezeitung.ch\/basel\/baselbiet\/kanton-weist-mobile-aerzte-an-die-arbeitszeiten-anzupassen-129062833\" rel=\"noopener\">Basellandschaftliche Zeitung<\/a> heute.<\/p>\n<p>Die Vorw\u00fcrfe sind happig: Laut Gewerkschaft Syna mussten die Mitarbeiter teilweise drei Schichten zu 36 Stunden aneinanderreihen. Zudem seien h\u00e4ufiger 24-Stunden-Schichten ohne klare Pausen vorgekommen. Auch Nachtzuschl\u00e4ge seien nicht bezahlt und Nachtruhezeiten ignoriert worden.<\/p>\n<p>Nicht zuletzt auf Druck des Kantons will das Unternehmen nun mit Hilfe der Syna die mangelhafte Arbeitszeiterfassung bis im Sommer verbessern.<\/p>\n","protected":false},"excerpt":{"rendered":"<p>Beim privaten Notfalldienst Mobile \u00c4rzte Allschwil\u00a0wurden die erlaubte Arbeitszeiten zum Teil massiv \u00fcberschritten. Das hat nach einer Kassensturz-Sendung, in der die Gewerkschaft Syna und ehemalige Mitarbeiter die Vorw\u00fcrfe publik machten, nun auch Firmengr\u00fcnder Michael Gloger zugegeben. Dies\u00a0meldet die Basellandschaftliche Zeitung heute. Die Vorw\u00fcrfe sind happig: Laut Gewerkschaft Syna mussten die Mitarbeiter teilweise drei Schichten zu [&hellip;]<\/p>\n","protected":false},"author":1,"featured_media":15997,"comment_status":"open","ping_status":"open","sticky":false,"template":"","format":"standard","meta":{"_acf_changed":false,"pgc_sgb_lightbox_settings":"","footnotes":""},"categories":[1],"tags":[1678],"class_list":["post-336","post","type-post","status-publish","format-standard","has-post-thumbnail","hentry","category-allgemein","tag-arbeitszeit"],"acf":[],"hkrextid":null,"publication":null,"issue":null,"workflow":null,"startPage":null,"spitzmarke":null,"_posts_by_tag_page_fields":{"widget_title":"","widget_tags":""},"_at_widget":"1","_yoast_wpseo_primary_category":"1","_yoast_wpseo_focuskw_text_input":"Arbeitszeiterfassung","_yoast_wpseo_opengraph-image":null,"_yoast_wpseo_opengraph-description":null,"_yoast_wpseo_opengraph-title":null,"enclosure":null,"_yoast_wpseo_twitter-title":null,"_yoast_wpseo_twitter-description":null,"_yoast_wpseo_twitter-image":null,"_wp_old_slug":null,"_yoast_wpseo_title":null,"_yoast_wpseo_canonical":null,"yoast_head":"<!-- This site is optimized with the Yoast SEO plugin v27.4 - https:\/\/yoast.com\/product\/yoast-seo-wordpress\/ -->\n<title>Mobile \u00c4rzte Allschwil: Arbeitszeiterfassung muss verbessert werden - Save<\/title>\n<meta name=\"description\" content=\"Arbeitszeiterfassung: Bei den Mobilen \u00c4rzten Allschwil wurde die Arbeitszeit zum Teil massiv \u00fcberschritten.\" \/>\n<meta name=\"robots\" content=\"index, follow, max-snippet:-1, max-image-preview:large, max-video-preview:-1\" \/>\n<link rel=\"canonical\" href=\"https:\/\/news.save.ch\/de\/mobile-aerzte-allschwil-arbeitszeiterfassung-muss-verbessert-werden\/\" \/>\n<meta property=\"og:locale\" content=\"de_DE\" \/>\n<meta property=\"og:type\" content=\"article\" \/>\n<meta property=\"og:title\" content=\"Mobile \u00c4rzte Allschwil: Arbeitszeiterfassung muss verbessert werden - Save\" \/>\n<meta property=\"og:description\" content=\"Arbeitszeiterfassung: Bei den Mobilen \u00c4rzten Allschwil wurde die Arbeitszeit zum Teil massiv \u00fcberschritten.\" \/>\n<meta property=\"og:url\" content=\"https:\/\/news.save.ch\/de\/mobile-aerzte-allschwil-arbeitszeiterfassung-muss-verbessert-werden\/\" \/>\n<meta property=\"og:site_name\" content=\"Save\" \/>\n<meta property=\"article:published_time\" content=\"2015-04-23T09:13:49+00:00\" \/>\n<meta property=\"og:image\" content=\"https:\/\/news.save.ch\/wp-content\/uploads\/2016\/12\/Mobile-Aerzte-Allschwil-Arbeitszeiterfassung-muss-verbessert-werden_safety-plus-scaled-1.jpg\" \/>\n\t<meta property=\"og:image:width\" content=\"1200\" \/>\n\t<meta property=\"og:image:height\" content=\"801\" \/>\n\t<meta property=\"og:image:type\" content=\"image\/jpeg\" \/>\n<meta name=\"author\" content=\"admin\" \/>\n<meta name=\"twitter:card\" content=\"summary_large_image\" \/>\n<meta name=\"twitter:label1\" content=\"Geschrieben von\" \/>\n\t<meta name=\"twitter:data1\" content=\"admin\" \/>\n\t<meta name=\"twitter:label2\" content=\"Gesch\u00e4tzte Lesezeit\" \/>\n\t<meta name=\"twitter:data2\" content=\"1\u00a0Minute\" \/>\n<script type=\"application\/ld+json\" class=\"yoast-schema-graph\">{\"@context\":\"https:\\\/\\\/schema.org\",\"@graph\":[{\"@type\":\"Article\",\"@id\":\"https:\\\/\\\/news.save.ch\\\/mobile-aerzte-allschwil-arbeitszeiterfassung-muss-verbessert-werden\\\/#article\",\"isPartOf\":{\"@id\":\"https:\\\/\\\/news.save.ch\\\/mobile-aerzte-allschwil-arbeitszeiterfassung-muss-verbessert-werden\\\/\"},\"author\":{\"name\":\"admin\",\"@id\":\"https:\\\/\\\/news.save.ch\\\/de\\\/#\\\/schema\\\/person\\\/d49e199490bad7c70d64b9ab51142f2b\"},\"headline\":\"Mobile \u00c4rzte Allschwil: Arbeitszeiterfassung muss verbessert werden\",\"datePublished\":\"2015-04-23T09:13:49+00:00\",\"mainEntityOfPage\":{\"@id\":\"https:\\\/\\\/news.save.ch\\\/mobile-aerzte-allschwil-arbeitszeiterfassung-muss-verbessert-werden\\\/\"},\"wordCount\":129,\"commentCount\":0,\"publisher\":{\"@id\":\"https:\\\/\\\/news.save.ch\\\/de\\\/#organization\"},\"image\":{\"@id\":\"https:\\\/\\\/news.save.ch\\\/mobile-aerzte-allschwil-arbeitszeiterfassung-muss-verbessert-werden\\\/#primaryimage\"},\"thumbnailUrl\":\"https:\\\/\\\/news.save.ch\\\/wp-content\\\/uploads\\\/2016\\\/12\\\/Mobile-Aerzte-Allschwil-Arbeitszeiterfassung-muss-verbessert-werden_safety-plus-scaled-1.jpg\",\"keywords\":[\"Arbeitszeit\"],\"articleSection\":[\"ALLGEMEIN\"],\"inLanguage\":\"de\"},{\"@type\":\"WebPage\",\"@id\":\"https:\\\/\\\/news.save.ch\\\/mobile-aerzte-allschwil-arbeitszeiterfassung-muss-verbessert-werden\\\/\",\"url\":\"https:\\\/\\\/news.save.ch\\\/mobile-aerzte-allschwil-arbeitszeiterfassung-muss-verbessert-werden\\\/\",\"name\":\"Mobile \u00c4rzte Allschwil: Arbeitszeiterfassung muss verbessert werden - Save\",\"isPartOf\":{\"@id\":\"https:\\\/\\\/news.save.ch\\\/de\\\/#website\"},\"primaryImageOfPage\":{\"@id\":\"https:\\\/\\\/news.save.ch\\\/mobile-aerzte-allschwil-arbeitszeiterfassung-muss-verbessert-werden\\\/#primaryimage\"},\"image\":{\"@id\":\"https:\\\/\\\/news.save.ch\\\/mobile-aerzte-allschwil-arbeitszeiterfassung-muss-verbessert-werden\\\/#primaryimage\"},\"thumbnailUrl\":\"https:\\\/\\\/news.save.ch\\\/wp-content\\\/uploads\\\/2016\\\/12\\\/Mobile-Aerzte-Allschwil-Arbeitszeiterfassung-muss-verbessert-werden_safety-plus-scaled-1.jpg\",\"datePublished\":\"2015-04-23T09:13:49+00:00\",\"description\":\"Arbeitszeiterfassung: Bei den Mobilen \u00c4rzten Allschwil wurde die Arbeitszeit zum Teil massiv \u00fcberschritten.\",\"breadcrumb\":{\"@id\":\"https:\\\/\\\/news.save.ch\\\/mobile-aerzte-allschwil-arbeitszeiterfassung-muss-verbessert-werden\\\/#breadcrumb\"},\"inLanguage\":\"de\",\"potentialAction\":[{\"@type\":\"ReadAction\",\"target\":[\"https:\\\/\\\/news.save.ch\\\/mobile-aerzte-allschwil-arbeitszeiterfassung-muss-verbessert-werden\\\/\"]}]},{\"@type\":\"ImageObject\",\"inLanguage\":\"de\",\"@id\":\"https:\\\/\\\/news.save.ch\\\/mobile-aerzte-allschwil-arbeitszeiterfassung-muss-verbessert-werden\\\/#primaryimage\",\"url\":\"https:\\\/\\\/news.save.ch\\\/wp-content\\\/uploads\\\/2016\\\/12\\\/Mobile-Aerzte-Allschwil-Arbeitszeiterfassung-muss-verbessert-werden_safety-plus-scaled-1.jpg\",\"contentUrl\":\"https:\\\/\\\/news.save.ch\\\/wp-content\\\/uploads\\\/2016\\\/12\\\/Mobile-Aerzte-Allschwil-Arbeitszeiterfassung-muss-verbessert-werden_safety-plus-scaled-1.jpg\",\"width\":1200,\"height\":801,\"caption\":\"Arbeitszeit\u00fcberschreitung: K\u00fcnftig sollen auch die Mobilen \u00c4rzte die erlaubte Maximalarbeitszeit einhalten.\"},{\"@type\":\"BreadcrumbList\",\"@id\":\"https:\\\/\\\/news.save.ch\\\/mobile-aerzte-allschwil-arbeitszeiterfassung-muss-verbessert-werden\\\/#breadcrumb\",\"itemListElement\":[{\"@type\":\"ListItem\",\"position\":1,\"name\":\"Home\",\"item\":\"https:\\\/\\\/news.save.ch\\\/de\\\/\"},{\"@type\":\"ListItem\",\"position\":2,\"name\":\"Mobile \u00c4rzte Allschwil: Arbeitszeiterfassung muss verbessert werden\"}]},{\"@type\":\"WebSite\",\"@id\":\"https:\\\/\\\/news.save.ch\\\/de\\\/#website\",\"url\":\"https:\\\/\\\/news.save.ch\\\/de\\\/\",\"name\":\"Save\",\"description\":\"Schweizer Fachzeitschrift f\u00fcr Sicherheit\",\"publisher\":{\"@id\":\"https:\\\/\\\/news.save.ch\\\/de\\\/#organization\"},\"potentialAction\":[{\"@type\":\"SearchAction\",\"target\":{\"@type\":\"EntryPoint\",\"urlTemplate\":\"https:\\\/\\\/news.save.ch\\\/de\\\/?s={search_term_string}\"},\"query-input\":{\"@type\":\"PropertyValueSpecification\",\"valueRequired\":true,\"valueName\":\"search_term_string\"}}],\"inLanguage\":\"de\"},{\"@type\":\"Organization\",\"@id\":\"https:\\\/\\\/news.save.ch\\\/de\\\/#organization\",\"name\":\"Sicherheitsforum\",\"url\":\"https:\\\/\\\/news.save.ch\\\/de\\\/\",\"logo\":{\"@type\":\"ImageObject\",\"inLanguage\":\"de\",\"@id\":\"https:\\\/\\\/news.save.ch\\\/de\\\/#\\\/schema\\\/logo\\\/image\\\/\",\"url\":\"https:\\\/\\\/news.save.ch\\\/wp-content\\\/uploads\\\/2022\\\/06\\\/Logo_SF_2012.png\",\"contentUrl\":\"https:\\\/\\\/news.save.ch\\\/wp-content\\\/uploads\\\/2022\\\/06\\\/Logo_SF_2012.png\",\"width\":1100,\"height\":91,\"caption\":\"Sicherheitsforum\"},\"image\":{\"@id\":\"https:\\\/\\\/news.save.ch\\\/de\\\/#\\\/schema\\\/logo\\\/image\\\/\"}},{\"@type\":\"Person\",\"@id\":\"https:\\\/\\\/news.save.ch\\\/de\\\/#\\\/schema\\\/person\\\/d49e199490bad7c70d64b9ab51142f2b\",\"name\":\"admin\",\"image\":{\"@type\":\"ImageObject\",\"inLanguage\":\"de\",\"@id\":\"https:\\\/\\\/secure.gravatar.com\\\/avatar\\\/ae2f4d718e6c49043e314ce431e7e645d646302a24a5ef5a8bc8e3f5a032e319?s=96&d=mm&r=g\",\"url\":\"https:\\\/\\\/secure.gravatar.com\\\/avatar\\\/ae2f4d718e6c49043e314ce431e7e645d646302a24a5ef5a8bc8e3f5a032e319?s=96&d=mm&r=g\",\"contentUrl\":\"https:\\\/\\\/secure.gravatar.com\\\/avatar\\\/ae2f4d718e6c49043e314ce431e7e645d646302a24a5ef5a8bc8e3f5a032e319?s=96&d=mm&r=g\",\"caption\":\"admin\"},\"sameAs\":[\"https:\\\/\\\/develop.organisator.galledia.ch\"],\"url\":\"https:\\\/\\\/news.save.ch\\\/de\\\/author\\\/admin\\\/\"}]}<\/script>\n<!-- \/ Yoast SEO plugin. -->","yoast_head_json":{"title":"Mobile \u00c4rzte Allschwil: Arbeitszeiterfassung muss verbessert werden - Save","description":"Arbeitszeiterfassung: Bei den Mobilen \u00c4rzten Allschwil wurde die Arbeitszeit zum Teil massiv \u00fcberschritten.","robots":{"index":"index","follow":"follow","max-snippet":"max-snippet:-1","max-image-preview":"max-image-preview:large","max-video-preview":"max-video-preview:-1"},"canonical":"https:\/\/news.save.ch\/de\/mobile-aerzte-allschwil-arbeitszeiterfassung-muss-verbessert-werden\/","og_locale":"de_DE","og_type":"article","og_title":"Mobile \u00c4rzte Allschwil: Arbeitszeiterfassung muss verbessert werden - Save","og_description":"Arbeitszeiterfassung: Bei den Mobilen \u00c4rzten Allschwil wurde die Arbeitszeit zum Teil massiv \u00fcberschritten.","og_url":"https:\/\/news.save.ch\/de\/mobile-aerzte-allschwil-arbeitszeiterfassung-muss-verbessert-werden\/","og_site_name":"Save","article_published_time":"2015-04-23T09:13:49+00:00","og_image":[{"width":1200,"height":801,"url":"https:\/\/news.save.ch\/wp-content\/uploads\/2016\/12\/Mobile-Aerzte-Allschwil-Arbeitszeiterfassung-muss-verbessert-werden_safety-plus-scaled-1.jpg","type":"image\/jpeg"}],"author":"admin","twitter_card":"summary_large_image","twitter_misc":{"Geschrieben von":"admin","Gesch\u00e4tzte Lesezeit":"1\u00a0Minute"},"schema":{"@context":"https:\/\/schema.org","@graph":[{"@type":"Article","@id":"https:\/\/news.save.ch\/mobile-aerzte-allschwil-arbeitszeiterfassung-muss-verbessert-werden\/#article","isPartOf":{"@id":"https:\/\/news.save.ch\/mobile-aerzte-allschwil-arbeitszeiterfassung-muss-verbessert-werden\/"},"author":{"name":"admin","@id":"https:\/\/news.save.ch\/de\/#\/schema\/person\/d49e199490bad7c70d64b9ab51142f2b"},"headline":"Mobile \u00c4rzte Allschwil: Arbeitszeiterfassung muss verbessert werden","datePublished":"2015-04-23T09:13:49+00:00","mainEntityOfPage":{"@id":"https:\/\/news.save.ch\/mobile-aerzte-allschwil-arbeitszeiterfassung-muss-verbessert-werden\/"},"wordCount":129,"commentCount":0,"publisher":{"@id":"https:\/\/news.save.ch\/de\/#organization"},"image":{"@id":"https:\/\/news.save.ch\/mobile-aerzte-allschwil-arbeitszeiterfassung-muss-verbessert-werden\/#primaryimage"},"thumbnailUrl":"https:\/\/news.save.ch\/wp-content\/uploads\/2016\/12\/Mobile-Aerzte-Allschwil-Arbeitszeiterfassung-muss-verbessert-werden_safety-plus-scaled-1.jpg","keywords":["Arbeitszeit"],"articleSection":["ALLGEMEIN"],"inLanguage":"de"},{"@type":"WebPage","@id":"https:\/\/news.save.ch\/mobile-aerzte-allschwil-arbeitszeiterfassung-muss-verbessert-werden\/","url":"https:\/\/news.save.ch\/mobile-aerzte-allschwil-arbeitszeiterfassung-muss-verbessert-werden\/","name":"Mobile \u00c4rzte Allschwil: Arbeitszeiterfassung muss verbessert werden - Save","isPartOf":{"@id":"https:\/\/news.save.ch\/de\/#website"},"primaryImageOfPage":{"@id":"https:\/\/news.save.ch\/mobile-aerzte-allschwil-arbeitszeiterfassung-muss-verbessert-werden\/#primaryimage"},"image":{"@id":"https:\/\/news.save.ch\/mobile-aerzte-allschwil-arbeitszeiterfassung-muss-verbessert-werden\/#primaryimage"},"thumbnailUrl":"https:\/\/news.save.ch\/wp-content\/uploads\/2016\/12\/Mobile-Aerzte-Allschwil-Arbeitszeiterfassung-muss-verbessert-werden_safety-plus-scaled-1.jpg","datePublished":"2015-04-23T09:13:49+00:00","description":"Arbeitszeiterfassung: Bei den Mobilen \u00c4rzten Allschwil wurde die Arbeitszeit zum Teil massiv \u00fcberschritten.","breadcrumb":{"@id":"https:\/\/news.save.ch\/mobile-aerzte-allschwil-arbeitszeiterfassung-muss-verbessert-werden\/#breadcrumb"},"inLanguage":"de","potentialAction":[{"@type":"ReadAction","target":["https:\/\/news.save.ch\/mobile-aerzte-allschwil-arbeitszeiterfassung-muss-verbessert-werden\/"]}]},{"@type":"ImageObject","inLanguage":"de","@id":"https:\/\/news.save.ch\/mobile-aerzte-allschwil-arbeitszeiterfassung-muss-verbessert-werden\/#primaryimage","url":"https:\/\/news.save.ch\/wp-content\/uploads\/2016\/12\/Mobile-Aerzte-Allschwil-Arbeitszeiterfassung-muss-verbessert-werden_safety-plus-scaled-1.jpg","contentUrl":"https:\/\/news.save.ch\/wp-content\/uploads\/2016\/12\/Mobile-Aerzte-Allschwil-Arbeitszeiterfassung-muss-verbessert-werden_safety-plus-scaled-1.jpg","width":1200,"height":801,"caption":"Arbeitszeit\u00fcberschreitung: K\u00fcnftig sollen auch die Mobilen \u00c4rzte die erlaubte Maximalarbeitszeit einhalten."},{"@type":"BreadcrumbList","@id":"https:\/\/news.save.ch\/mobile-aerzte-allschwil-arbeitszeiterfassung-muss-verbessert-werden\/#breadcrumb","itemListElement":[{"@type":"ListItem","position":1,"name":"Home","item":"https:\/\/news.save.ch\/de\/"},{"@type":"ListItem","position":2,"name":"Mobile \u00c4rzte Allschwil: Arbeitszeiterfassung muss verbessert werden"}]},{"@type":"WebSite","@id":"https:\/\/news.save.ch\/de\/#website","url":"https:\/\/news.save.ch\/de\/","name":"Save","description":"Schweizer Fachzeitschrift f\u00fcr Sicherheit","publisher":{"@id":"https:\/\/news.save.ch\/de\/#organization"},"potentialAction":[{"@type":"SearchAction","target":{"@type":"EntryPoint","urlTemplate":"https:\/\/news.save.ch\/de\/?s={search_term_string}"},"query-input":{"@type":"PropertyValueSpecification","valueRequired":true,"valueName":"search_term_string"}}],"inLanguage":"de"},{"@type":"Organization","@id":"https:\/\/news.save.ch\/de\/#organization","name":"Sicherheitsforum","url":"https:\/\/news.save.ch\/de\/","logo":{"@type":"ImageObject","inLanguage":"de","@id":"https:\/\/news.save.ch\/de\/#\/schema\/logo\/image\/","url":"https:\/\/news.save.ch\/wp-content\/uploads\/2022\/06\/Logo_SF_2012.png","contentUrl":"https:\/\/news.save.ch\/wp-content\/uploads\/2022\/06\/Logo_SF_2012.png","width":1100,"height":91,"caption":"Sicherheitsforum"},"image":{"@id":"https:\/\/news.save.ch\/de\/#\/schema\/logo\/image\/"}},{"@type":"Person","@id":"https:\/\/news.save.ch\/de\/#\/schema\/person\/d49e199490bad7c70d64b9ab51142f2b","name":"admin","image":{"@type":"ImageObject","inLanguage":"de","@id":"https:\/\/secure.gravatar.com\/avatar\/ae2f4d718e6c49043e314ce431e7e645d646302a24a5ef5a8bc8e3f5a032e319?s=96&d=mm&r=g","url":"https:\/\/secure.gravatar.com\/avatar\/ae2f4d718e6c49043e314ce431e7e645d646302a24a5ef5a8bc8e3f5a032e319?s=96&d=mm&r=g","contentUrl":"https:\/\/secure.gravatar.com\/avatar\/ae2f4d718e6c49043e314ce431e7e645d646302a24a5ef5a8bc8e3f5a032e319?s=96&d=mm&r=g","caption":"admin"},"sameAs":["https:\/\/develop.organisator.galledia.ch"],"url":"https:\/\/news.save.ch\/de\/author\/admin\/"}]}},"_links":{"self":[{"href":"https:\/\/news.save.ch\/de\/wp-json\/wp\/v2\/posts\/336","targetHints":{"allow":["GET"]}}],"collection":[{"href":"https:\/\/news.save.ch\/de\/wp-json\/wp\/v2\/posts"}],"about":[{"href":"https:\/\/news.save.ch\/de\/wp-json\/wp\/v2\/types\/post"}],"author":[{"embeddable":true,"href":"https:\/\/news.save.ch\/de\/wp-json\/wp\/v2\/users\/1"}],"replies":[{"embeddable":true,"href":"https:\/\/news.save.ch\/de\/wp-json\/wp\/v2\/comments?post=336"}],"version-history":[{"count":0,"href":"https:\/\/news.save.ch\/de\/wp-json\/wp\/v2\/posts\/336\/revisions"}],"wp:featuredmedia":[{"embeddable":true,"href":"https:\/\/news.save.ch\/de\/wp-json\/wp\/v2\/media\/15997"}],"wp:attachment":[{"href":"https:\/\/news.save.ch\/de\/wp-json\/wp\/v2\/media?parent=336"}],"wp:term":[{"taxonomy":"category","embeddable":true,"href":"https:\/\/news.save.ch\/de\/wp-json\/wp\/v2\/categories?post=336"},{"taxonomy":"post_tag","embeddable":true,"href":"https:\/\/news.save.ch\/de\/wp-json\/wp\/v2\/tags?post=336"}],"curies":[{"name":"wp","href":"https:\/\/api.w.org\/{rel}","templated":true}]}}