{"id":3390,"date":"2016-03-10T12:24:19","date_gmt":"2016-03-10T11:24:19","guid":{"rendered":"https:\/\/dev.sicherheitsforum.ch\/?p=3390"},"modified":"2023-03-14T08:57:24","modified_gmt":"2023-03-14T07:57:24","slug":"digitale-schweiz","status":null,"type":"post","link":"https:\/\/news.save.ch\/de\/digitale-schweiz\/","title":{"rendered":"Digitale Schweiz"},"content":{"rendered":"<figure id=\"attachment_3391\" aria-describedby=\"caption-attachment-3391\" style=\"width: 680px\" class=\"wp-caption alignnone\"><a href=\"https:\/\/news.save.ch\/wp-content\/uploads\/2016\/12\/Digitale-Schweiz-sf-sicherheitsforum.jpg\"><img loading=\"lazy\" decoding=\"async\" class=\"size-medium wp-image-3391\" src=\"https:\/\/news.save.ch\/wp-content\/uploads\/2016\/12\/Digitale-Schweiz-sf-sicherheitsforum.jpg\" alt=\"\" width=\"680\" height=\"627\" srcset=\"https:\/\/news.save.ch\/wp-content\/uploads\/2016\/12\/Digitale-Schweiz-sf-sicherheitsforum.jpg 1000w, https:\/\/news.save.ch\/wp-content\/uploads\/2016\/12\/Digitale-Schweiz-sf-sicherheitsforum-325x300.jpg 325w\" sizes=\"auto, (max-width: 680px) 100vw, 680px\" \/><\/a><figcaption id=\"caption-attachment-3391\" class=\"wp-caption-text\">Mit Sensoren in Autos, TVs, Uhren, Tablets, Smartphones bis hin zum K\u00fchlschrank: St\u00e4ndig und rund um die Uhr k\u00f6nnten wir mit dem Internet verbunden sein.<\/figcaption><\/figure>\n<blockquote>\n<p>\u00abDie Cloud scheint einfach da zu sein und wird als solche gar nicht mehr wahrgenommen.\u00bb Roger E. Gisi, Gr\u00fcnder von Cloud Finder Schweiz<\/p>\n<\/blockquote>\n<p><em>Zuerst die Frage nach dem Schl\u00fcsselfaktor: Ist Cloud Computing wirklich ein Schl\u00fcsselfaktor der k\u00fcnftigen Informatik-Landschaften?<\/em><\/p>\n<p><em>Roger E. Gisi:<\/em> Ja und auch nein. Cloud Computing \u00fcbt einen starken Einfluss auf andere Faktoren aus, ist aber selber von bestimmten Faktoren abh\u00e4ngig. Zu diesen geh\u00f6ren besonders leistungsf\u00e4hige Netze und \u00dcbertragungswege, verf\u00fcgbare Sende- und Empfangsger\u00e4te, gemeinsame Standards und Interoperabilit\u00e4t. Ohne ein kompaktes \u00d6kosystem steht Cloud alleine da \u2013 die Nutzen von Cloud sind aber so gross, dass sich das ganze System rasant entwickeln wird. Also ein klares Ja. Cloud Computing hat sich vom Hype zur allt\u00e4glichen Realit\u00e4t gewandelt \u2013 f\u00fcr private Nutzer wie f\u00fcr Unternehmen. Die Cloud scheint einfach da zu sein und wird als solche gar nicht mehr wahrgenommen, aber sie geht uns alle an.<\/p>\n<p><em>Das heisst, wir alle m\u00fcssen uns f\u00fcr Cloud Computing interessieren und kommen um Cloud-Dienstleistungen wohl kaum mehr herum. Wie k\u00f6nnen gerade Unternehmen ihre Cloud-Anbieter selektieren, um die richtige Entscheidung treffen zu k\u00f6nnen?<\/em><\/p>\n<p>Nicht mehr und nicht weniger als bei der Auswahl \u00abklassischer\u00bb IT-Provider! Aber beginnen muss man zun\u00e4chst fundiert und seri\u00f6s bei den eigenen Gesch\u00e4ftsprozessen, deren konkreten Anforderungen bis hin zum exakten Cloud-Service-Management und der Cloud Governance. Aus der Perspektive Sicherheit sollten bei der Auswahl eines Providers vorab schon folgende Fragen gekl\u00e4rt werden:<\/p>\n<ul>\n<li>Wo liegen die Daten?<\/li>\n<li>Wie werden die Benutzer autorisiert?<\/li>\n<li>Wird die Autorisierung in Echtzeit mit den aktuellen Benutzerrechten abgeglichen?<\/li>\n<li>Gibt es eine strenge Authentifizierung?<\/li>\n<li>Werden die Daten beim Cloud Provider automatisch verschl\u00fcsselt?<\/li>\n<li>Folgt der Cloud-Anbieter den \u00fcblichen Standards?<\/li>\n<li>Und: Verf\u00fcgt er \u00fcber wichtige Zertifizierungen wie ISO 27001 und ISO 27002?<\/li>\n<\/ul>\n<p><em>Das ist alles sch\u00f6n und gut. Wie kann aber das Unternehmen Dienstleistungen des Cloud Providers wirklich beurteilen?<\/em><\/p>\n<p>Betrachten wir beispielsweise die Qualit\u00e4t der Dienstleistung, so sind das sicher das Ausformulieren von einfachen, gut strukturierten SLAs, die alle wichtigen Details enthalten und f\u00fcr den Kunden leicht verst\u00e4ndlich sind. Auch Zertifizierungen der Gesch\u00e4ftsprozesse, Rechenzentren und Mitarbeiter k\u00f6nnen dem Kunden gegen\u00fcber signalisieren, dass im Unternehmen qualitativ hochwertig und verl\u00e4sslich gearbeitet wird.<\/p>\n<p><em>Bleiben wir noch etwas beim Thema Sicherheit und Datenschutz. Zu einem sicheren Weg in die Cloud geh\u00f6rt, dass mit den Daten sorgf\u00e4ltig umgegangen wird. Wie beurteilen Sie den aktuellen Stand?<\/em><\/p>\n<p>Bei Unternehmen geht das Bed\u00fcrfnis nach Sicherheit noch einen Schritt weiter: Beispielsweise m\u00fcssen Betriebsgeheimnisse vor Wirtschaftsspionage gesch\u00fctzt werden. Entsprechend kann das Nichteinhalten der Informations- und Datensicherheit ernsthafte Folgen nach sich ziehen. Mittlerweile ist die Sensibilisierung f\u00fcr Datenschutz und die Informationssicherheit weiter fortgeschritten \u2013 zum Gl\u00fcck. Der Schutz und die Sicherheit der Daten waren zwar immer schon ein Thema. Doch erst wieder im Zusammenhang mit Cloud Computing rutschte es erneut auf die Agenda. Eine IT, gut gemanagt und in die Cloud\u00a0verlagert, bietet vielfach mehr Daten-, Informations- und Betriebssicherheit als herk\u00f6mmliche Informatikinfrastrukturen bei vielen Unternehmungen, und das nicht nur bei KMU. Hinzu kommt, dass in vielen Organisationen die Datenklassierung fehlt. Man ist sich nicht bewusst, welchen Wert welche Daten f\u00fcr das Unternehmen darstellen. Buchhaltungsdaten werden ausgelagert, Kundendaten nicht \u2013 oder eben umgekehrt. Solche Entscheidungen fallen leider meist willk\u00fcrlich. Dass es zum Gl\u00fcck auch anders geht, zeigen die IT-Verantwortlichen, die exakt wissen, worauf sie bei der Datensicherheit und beim Datenschutz achten m\u00fcssen. Sie sind in der Lage, an ihren k\u00fcnftigen Cloud Provider die richtigen Forderungen und Fragen zu stellen. Sie sind es, die bei der Projektumsetzung im Betrieb die Verantwortung \u00fcbernehmen und diesen Themen geb\u00fchrend Beachtung schenken.<\/p>\n<p><em>Aber haben wir nun mehr Nutzen oder mehr Risiken?<\/em><\/p>\n<p>Erfahrene Schweizer Unternehmen f\u00fcr Cloud Governance, wie beispielsweise die <a href=\"https:\/\/www.glenfis.ch\/de\" target=\"_blank\" data-cke-saved-href=\"https:\/\/www.glenfis.ch\/de\" rel=\"noopener\">glenfis AG<\/a>, stellen fest, dass mittlerweile viele realisierte Projekte hinsichtlich Risiko und Mehrwert gut austarierte Cloud-L\u00f6sungen sind, vor allem in den Bereichen und Gesch\u00e4ftsprozessen, die selbst \u00fcber alle Industrien und Branchen hinweg einen hohen Standardisierungsgrad aufweisen. Das senkt die Risiken und erh\u00f6ht den Nutzen von Gesch\u00e4ftsanwendungen aus der Cloud massiv. Neben den traditionellen IT-Service-\u00abCommodities\u00bb, wie etwa E-Mail, Document- und Content-Management, sind es vor allem Gesch\u00e4ftsprozesse im Verkauf und Marketing, im HR- und bereits im ERP-Bereich. Den KMU werden interessante Alternativen geboten und die Risiken und Kosten einer solchen Migration hin zu Cloud-Angeboten sind \u00fcberschaubar. Auf Provider-Seite bestehen nunmehr gute Erfahrungen und Standards f\u00fcr Migrationspfade. Also: eindeutig viel mehr Vorteile als Risiken!<\/p>\n<p><em>Wie geht die Reise mit Cloud und den neuen Technologien weiter?<\/em><\/p>\n<p>Vergleichen wir Cloud mit einem Auto: Das eigene Auto ist die eigene IT-Umgebung \u2013 das Mietauto das klassische IT-Outsourcing. Aber Cloud Computing ist wie ein Taxi-Service. Man nutzt es bei Bedarf, zahlt eine bestimmte Leistung und muss nichts mehr bezahlen, wenn man aussteigt, also aufh\u00f6rt, es zu benutzen. Autos f\u00fcr die Cloud \u2013 das ist eine ganz grosse Geschichte. Ihre Zukunft mit neuen Technologien ist schon heute aktueller denn je. Mit Sensoren in Autos, in Smart-TVs, in Smart-Uhren, Tablets, Smartphones bis zum K\u00fchlschrank: St\u00e4ndig und rund um die Uhr k\u00f6nnten wir mit dem Internet verbunden sein \u2013 falls wir das \u00fcberhaupt zulassen m\u00f6chten. Schon alle neuen Produkte haben einen eingebetteten Sensor, der Daten sammelt. Und mit der Apple Watch erreicht dieser Trend eine neue Ebene, die weit \u00fcber die BYOD-Nutzung der letzten Jahre hinausgeht. Auch wenn das etwas kompliziert werden k\u00f6nnte, mit Cloud Computing haben wir es definitiv einfacher: einen h\u00f6heren Anwendungs- und Nutzungskomfort, eine flexiblere und agilere Arbeitswelt, mehr Freiraum f\u00fcr Innovationen, einen Rundumservice f\u00fcr alle Anwendungsger\u00e4te und vieles mehr. Vorausgesetzt, wir Menschen brechen auf, um diese Themen schnell, wirksam und nutzbringend zu antizipieren.<\/p>\n<p>digitaleschweiz\u00a0<a href=\"https:\/\/digitaleschweiz.ch\" target=\"_blank\" rel=\"noopener\">https:\/\/digitaleschweiz.ch<\/a><\/p>\n<p>Cloud Finder Schweiz\u00a0<a href=\"https:\/\/www.cloud-finder.ch\" target=\"_blank\" rel=\"noopener\">https:\/\/www.cloud-finder.ch<\/a><\/p>\n<p>glenfis\u00a0<a href=\"https:\/\/www.glenfis.ch\/de\" target=\"_blank\" rel=\"noopener\">https:\/\/www.glenfis.ch\/de<\/a><\/p>\n","protected":false},"excerpt":{"rendered":"<p>\u00abDie Cloud scheint einfach da zu sein und wird als solche gar nicht mehr wahrgenommen.\u00bb Roger E. Gisi, Gr\u00fcnder von Cloud Finder Schweiz Zuerst die Frage nach dem Schl\u00fcsselfaktor: Ist Cloud Computing wirklich ein Schl\u00fcsselfaktor der k\u00fcnftigen Informatik-Landschaften? Roger E. Gisi: Ja und auch nein. Cloud Computing \u00fcbt einen starken Einfluss auf andere Faktoren aus, [&hellip;]<\/p>\n","protected":false},"author":10,"featured_media":3391,"comment_status":"open","ping_status":"open","sticky":false,"template":"","format":"standard","meta":{"_acf_changed":false,"pgc_sgb_lightbox_settings":"","footnotes":""},"categories":[3313],"tags":[63,140],"class_list":["post-3390","post","type-post","status-publish","format-standard","has-post-thumbnail","hentry","category-digitalisierung","tag-it-security","tag-physische-it-sicherheit"],"acf":[],"hkrextid":null,"publication":null,"issue":null,"workflow":null,"startPage":null,"spitzmarke":null,"_posts_by_tag_page_fields":{"widget_title":"","widget_tags":""},"_at_widget":"1","_yoast_wpseo_primary_category":"2","_yoast_wpseo_focuskw_text_input":"Digitale Schweiz","_yoast_wpseo_opengraph-image":"https:\/\/dev.sicherheitsforum.ch\/wp-content\/uploads\/2016\/12\/Digitale-Schweiz-sf-sicherheitsforum.jpg","_yoast_wpseo_opengraph-description":"Die Digitalisierung schreitet weiter voran. Dennoch pr\u00e4sentiert sich die Entwicklung zuweilen noch schwer absch\u00e4tzbar. An vorderster Front f\u00fcr mehr Transparenz und Information ist Roger E. Gisi t\u00e4tig. Auf der von ihm gegr\u00fcndeten Plattform Cloud Finder Schweiz wird laufend auf neue Dienstleistungen und Nachrichten rund um Cloud Computing hingewiesen, das immer mehr als Schl\u00fcsselfaktor f\u00fcr die Informatik gesehen wird.","_yoast_wpseo_opengraph-title":"Digitale Schweiz","enclosure":null,"_yoast_wpseo_twitter-title":"Digitale Schweiz","_yoast_wpseo_twitter-description":"Die Digitalisierung schreitet weiter voran. Dennoch pr\u00e4sentiert sich die Entwicklung zuweilen noch schwer absch\u00e4tzbar. An vorderster Front f\u00fcr mehr Transparenz und Information ist Roger E. Gisi t\u00e4tig. Auf der von ihm gegr\u00fcndeten Plattform Cloud Finder Schweiz wird laufend auf neue Dienstleistungen und Nachrichten rund um Cloud Computing hingewiesen, das immer mehr als Schl\u00fcsselfaktor f\u00fcr die Informatik gesehen wird.","_yoast_wpseo_twitter-image":"https:\/\/dev.sicherheitsforum.ch\/wp-content\/uploads\/2016\/12\/Digitale-Schweiz-sf-sicherheitsforum.jpg","_wp_old_slug":null,"_yoast_wpseo_title":null,"_yoast_wpseo_canonical":null,"yoast_head":"<!-- This site is optimized with the Yoast SEO plugin v27.4 - https:\/\/yoast.com\/product\/yoast-seo-wordpress\/ -->\n<title>Digitale Schweiz - Save<\/title>\n<meta name=\"description\" content=\"Die Digitalisierung schreitet weiter voran. Dennoch pr\u00e4sentiert sich die Entwicklung zuweilen noch schwer absch\u00e4tzbar. An vorderster Front f\u00fcr mehr Transparenz und Information ist Roger E. Gisi t\u00e4tig. Auf der von ihm gegr\u00fcndeten Plattform Cloud Finder Schweiz wird laufend auf neue Dienstleistungen und Nachrichten rund um Cloud Computing hingewiesen, das immer mehr als Schl\u00fcsselfaktor f\u00fcr die Informatik gesehen wird.\" \/>\n<meta name=\"robots\" content=\"index, follow, max-snippet:-1, max-image-preview:large, max-video-preview:-1\" \/>\n<link rel=\"canonical\" href=\"https:\/\/news.save.ch\/de\/digitale-schweiz\/\" \/>\n<meta property=\"og:locale\" content=\"de_DE\" \/>\n<meta property=\"og:type\" content=\"article\" \/>\n<meta property=\"og:title\" content=\"Digitale Schweiz\" \/>\n<meta property=\"og:description\" content=\"Die Digitalisierung schreitet weiter voran. Dennoch pr\u00e4sentiert sich die Entwicklung zuweilen noch schwer absch\u00e4tzbar. An vorderster Front f\u00fcr mehr Transparenz und Information ist Roger E. Gisi t\u00e4tig. Auf der von ihm gegr\u00fcndeten Plattform Cloud Finder Schweiz wird laufend auf neue Dienstleistungen und Nachrichten rund um Cloud Computing hingewiesen, das immer mehr als Schl\u00fcsselfaktor f\u00fcr die Informatik gesehen wird.\" \/>\n<meta property=\"og:url\" content=\"https:\/\/news.save.ch\/de\/digitale-schweiz\/\" \/>\n<meta property=\"og:site_name\" content=\"Save\" \/>\n<meta property=\"article:published_time\" content=\"2016-03-10T11:24:19+00:00\" \/>\n<meta property=\"article:modified_time\" content=\"2023-03-14T07:57:24+00:00\" \/>\n<meta property=\"og:image\" content=\"https:\/\/dev.sicherheitsforum.ch\/wp-content\/uploads\/2016\/12\/Digitale-Schweiz-sf-sicherheitsforum.jpg\" \/>\n<meta name=\"author\" content=\"galledia\" \/>\n<meta name=\"twitter:card\" content=\"summary_large_image\" \/>\n<meta name=\"twitter:title\" content=\"Digitale Schweiz\" \/>\n<meta name=\"twitter:description\" content=\"Die Digitalisierung schreitet weiter voran. Dennoch pr\u00e4sentiert sich die Entwicklung zuweilen noch schwer absch\u00e4tzbar. An vorderster Front f\u00fcr mehr Transparenz und Information ist Roger E. Gisi t\u00e4tig. Auf der von ihm gegr\u00fcndeten Plattform Cloud Finder Schweiz wird laufend auf neue Dienstleistungen und Nachrichten rund um Cloud Computing hingewiesen, das immer mehr als Schl\u00fcsselfaktor f\u00fcr die Informatik gesehen wird.\" \/>\n<meta name=\"twitter:image\" content=\"https:\/\/dev.sicherheitsforum.ch\/wp-content\/uploads\/2016\/12\/Digitale-Schweiz-sf-sicherheitsforum.jpg\" \/>\n<meta name=\"twitter:label1\" content=\"Geschrieben von\" \/>\n\t<meta name=\"twitter:data1\" content=\"galledia\" \/>\n\t<meta name=\"twitter:label2\" content=\"Gesch\u00e4tzte Lesezeit\" \/>\n\t<meta name=\"twitter:data2\" content=\"5\u00a0Minuten\" \/>\n<script type=\"application\/ld+json\" class=\"yoast-schema-graph\">{\"@context\":\"https:\\\/\\\/schema.org\",\"@graph\":[{\"@type\":\"Article\",\"@id\":\"https:\\\/\\\/news.save.ch\\\/digitale-schweiz\\\/#article\",\"isPartOf\":{\"@id\":\"https:\\\/\\\/news.save.ch\\\/digitale-schweiz\\\/\"},\"author\":{\"name\":\"galledia\",\"@id\":\"https:\\\/\\\/news.save.ch\\\/de\\\/#\\\/schema\\\/person\\\/af1b2481d0ee02dd880e616f4534d788\"},\"headline\":\"Digitale Schweiz\",\"datePublished\":\"2016-03-10T11:24:19+00:00\",\"dateModified\":\"2023-03-14T07:57:24+00:00\",\"mainEntityOfPage\":{\"@id\":\"https:\\\/\\\/news.save.ch\\\/digitale-schweiz\\\/\"},\"wordCount\":1006,\"commentCount\":0,\"publisher\":{\"@id\":\"https:\\\/\\\/news.save.ch\\\/de\\\/#organization\"},\"image\":{\"@id\":\"https:\\\/\\\/news.save.ch\\\/digitale-schweiz\\\/#primaryimage\"},\"thumbnailUrl\":\"https:\\\/\\\/news.save.ch\\\/wp-content\\\/uploads\\\/2016\\\/12\\\/Digitale-Schweiz-sf-sicherheitsforum.jpg\",\"keywords\":[\"IT-SECURITY\",\"Physische IT-Sicherheit\"],\"articleSection\":[\"DIGITALISIERUNG\"],\"inLanguage\":\"de\"},{\"@type\":\"WebPage\",\"@id\":\"https:\\\/\\\/news.save.ch\\\/digitale-schweiz\\\/\",\"url\":\"https:\\\/\\\/news.save.ch\\\/digitale-schweiz\\\/\",\"name\":\"Digitale Schweiz - Save\",\"isPartOf\":{\"@id\":\"https:\\\/\\\/news.save.ch\\\/de\\\/#website\"},\"primaryImageOfPage\":{\"@id\":\"https:\\\/\\\/news.save.ch\\\/digitale-schweiz\\\/#primaryimage\"},\"image\":{\"@id\":\"https:\\\/\\\/news.save.ch\\\/digitale-schweiz\\\/#primaryimage\"},\"thumbnailUrl\":\"https:\\\/\\\/news.save.ch\\\/wp-content\\\/uploads\\\/2016\\\/12\\\/Digitale-Schweiz-sf-sicherheitsforum.jpg\",\"datePublished\":\"2016-03-10T11:24:19+00:00\",\"dateModified\":\"2023-03-14T07:57:24+00:00\",\"description\":\"Die Digitalisierung schreitet weiter voran. Dennoch pr\u00e4sentiert sich die Entwicklung zuweilen noch schwer absch\u00e4tzbar. An vorderster Front f\u00fcr mehr Transparenz und Information ist Roger E. Gisi t\u00e4tig. Auf der von ihm gegr\u00fcndeten Plattform Cloud Finder Schweiz wird laufend auf neue Dienstleistungen und Nachrichten rund um Cloud Computing hingewiesen, das immer mehr als Schl\u00fcsselfaktor f\u00fcr die Informatik gesehen wird.\",\"breadcrumb\":{\"@id\":\"https:\\\/\\\/news.save.ch\\\/digitale-schweiz\\\/#breadcrumb\"},\"inLanguage\":\"de\",\"potentialAction\":[{\"@type\":\"ReadAction\",\"target\":[\"https:\\\/\\\/news.save.ch\\\/digitale-schweiz\\\/\"]}]},{\"@type\":\"ImageObject\",\"inLanguage\":\"de\",\"@id\":\"https:\\\/\\\/news.save.ch\\\/digitale-schweiz\\\/#primaryimage\",\"url\":\"https:\\\/\\\/news.save.ch\\\/wp-content\\\/uploads\\\/2016\\\/12\\\/Digitale-Schweiz-sf-sicherheitsforum.jpg\",\"contentUrl\":\"https:\\\/\\\/news.save.ch\\\/wp-content\\\/uploads\\\/2016\\\/12\\\/Digitale-Schweiz-sf-sicherheitsforum.jpg\",\"width\":1000,\"height\":922,\"caption\":\"Mit Sensoren in Autos, TVs, Uhren, Tablets, Smartphones bis hin zum K\u00fchlschrank: St\u00e4ndig und rund um die Uhr k\u00f6nnten wir mit dem Internet verbunden sein.\"},{\"@type\":\"BreadcrumbList\",\"@id\":\"https:\\\/\\\/news.save.ch\\\/digitale-schweiz\\\/#breadcrumb\",\"itemListElement\":[{\"@type\":\"ListItem\",\"position\":1,\"name\":\"Home\",\"item\":\"https:\\\/\\\/news.save.ch\\\/de\\\/\"},{\"@type\":\"ListItem\",\"position\":2,\"name\":\"Digitale Schweiz\"}]},{\"@type\":\"WebSite\",\"@id\":\"https:\\\/\\\/news.save.ch\\\/de\\\/#website\",\"url\":\"https:\\\/\\\/news.save.ch\\\/de\\\/\",\"name\":\"Save\",\"description\":\"Schweizer Fachzeitschrift f\u00fcr Sicherheit\",\"publisher\":{\"@id\":\"https:\\\/\\\/news.save.ch\\\/de\\\/#organization\"},\"potentialAction\":[{\"@type\":\"SearchAction\",\"target\":{\"@type\":\"EntryPoint\",\"urlTemplate\":\"https:\\\/\\\/news.save.ch\\\/de\\\/?s={search_term_string}\"},\"query-input\":{\"@type\":\"PropertyValueSpecification\",\"valueRequired\":true,\"valueName\":\"search_term_string\"}}],\"inLanguage\":\"de\"},{\"@type\":\"Organization\",\"@id\":\"https:\\\/\\\/news.save.ch\\\/de\\\/#organization\",\"name\":\"Sicherheitsforum\",\"url\":\"https:\\\/\\\/news.save.ch\\\/de\\\/\",\"logo\":{\"@type\":\"ImageObject\",\"inLanguage\":\"de\",\"@id\":\"https:\\\/\\\/news.save.ch\\\/de\\\/#\\\/schema\\\/logo\\\/image\\\/\",\"url\":\"https:\\\/\\\/news.save.ch\\\/wp-content\\\/uploads\\\/2022\\\/06\\\/Logo_SF_2012.png\",\"contentUrl\":\"https:\\\/\\\/news.save.ch\\\/wp-content\\\/uploads\\\/2022\\\/06\\\/Logo_SF_2012.png\",\"width\":1100,\"height\":91,\"caption\":\"Sicherheitsforum\"},\"image\":{\"@id\":\"https:\\\/\\\/news.save.ch\\\/de\\\/#\\\/schema\\\/logo\\\/image\\\/\"}},{\"@type\":\"Person\",\"@id\":\"https:\\\/\\\/news.save.ch\\\/de\\\/#\\\/schema\\\/person\\\/af1b2481d0ee02dd880e616f4534d788\",\"name\":\"galledia\",\"image\":{\"@type\":\"ImageObject\",\"inLanguage\":\"de\",\"@id\":\"https:\\\/\\\/secure.gravatar.com\\\/avatar\\\/9baa80b63641d54c66fff920086eecab2c9e64c67a448c886b8c6c946e57f4c4?s=96&d=mm&r=g\",\"url\":\"https:\\\/\\\/secure.gravatar.com\\\/avatar\\\/9baa80b63641d54c66fff920086eecab2c9e64c67a448c886b8c6c946e57f4c4?s=96&d=mm&r=g\",\"contentUrl\":\"https:\\\/\\\/secure.gravatar.com\\\/avatar\\\/9baa80b63641d54c66fff920086eecab2c9e64c67a448c886b8c6c946e57f4c4?s=96&d=mm&r=g\",\"caption\":\"galledia\"},\"url\":\"https:\\\/\\\/news.save.ch\\\/de\\\/author\\\/galledia\\\/\"}]}<\/script>\n<!-- \/ Yoast SEO plugin. -->","yoast_head_json":{"title":"Digitale Schweiz - Save","description":"Die Digitalisierung schreitet weiter voran. Dennoch pr\u00e4sentiert sich die Entwicklung zuweilen noch schwer absch\u00e4tzbar. An vorderster Front f\u00fcr mehr Transparenz und Information ist Roger E. Gisi t\u00e4tig. Auf der von ihm gegr\u00fcndeten Plattform Cloud Finder Schweiz wird laufend auf neue Dienstleistungen und Nachrichten rund um Cloud Computing hingewiesen, das immer mehr als Schl\u00fcsselfaktor f\u00fcr die Informatik gesehen wird.","robots":{"index":"index","follow":"follow","max-snippet":"max-snippet:-1","max-image-preview":"max-image-preview:large","max-video-preview":"max-video-preview:-1"},"canonical":"https:\/\/news.save.ch\/de\/digitale-schweiz\/","og_locale":"de_DE","og_type":"article","og_title":"Digitale Schweiz","og_description":"Die Digitalisierung schreitet weiter voran. Dennoch pr\u00e4sentiert sich die Entwicklung zuweilen noch schwer absch\u00e4tzbar. An vorderster Front f\u00fcr mehr Transparenz und Information ist Roger E. Gisi t\u00e4tig. Auf der von ihm gegr\u00fcndeten Plattform Cloud Finder Schweiz wird laufend auf neue Dienstleistungen und Nachrichten rund um Cloud Computing hingewiesen, das immer mehr als Schl\u00fcsselfaktor f\u00fcr die Informatik gesehen wird.","og_url":"https:\/\/news.save.ch\/de\/digitale-schweiz\/","og_site_name":"Save","article_published_time":"2016-03-10T11:24:19+00:00","article_modified_time":"2023-03-14T07:57:24+00:00","og_image":[{"url":"https:\/\/dev.sicherheitsforum.ch\/wp-content\/uploads\/2016\/12\/Digitale-Schweiz-sf-sicherheitsforum.jpg","type":"","width":"","height":""}],"author":"galledia","twitter_card":"summary_large_image","twitter_title":"Digitale Schweiz","twitter_description":"Die Digitalisierung schreitet weiter voran. Dennoch pr\u00e4sentiert sich die Entwicklung zuweilen noch schwer absch\u00e4tzbar. An vorderster Front f\u00fcr mehr Transparenz und Information ist Roger E. Gisi t\u00e4tig. Auf der von ihm gegr\u00fcndeten Plattform Cloud Finder Schweiz wird laufend auf neue Dienstleistungen und Nachrichten rund um Cloud Computing hingewiesen, das immer mehr als Schl\u00fcsselfaktor f\u00fcr die Informatik gesehen wird.","twitter_image":"https:\/\/dev.sicherheitsforum.ch\/wp-content\/uploads\/2016\/12\/Digitale-Schweiz-sf-sicherheitsforum.jpg","twitter_misc":{"Geschrieben von":"galledia","Gesch\u00e4tzte Lesezeit":"5\u00a0Minuten"},"schema":{"@context":"https:\/\/schema.org","@graph":[{"@type":"Article","@id":"https:\/\/news.save.ch\/digitale-schweiz\/#article","isPartOf":{"@id":"https:\/\/news.save.ch\/digitale-schweiz\/"},"author":{"name":"galledia","@id":"https:\/\/news.save.ch\/de\/#\/schema\/person\/af1b2481d0ee02dd880e616f4534d788"},"headline":"Digitale Schweiz","datePublished":"2016-03-10T11:24:19+00:00","dateModified":"2023-03-14T07:57:24+00:00","mainEntityOfPage":{"@id":"https:\/\/news.save.ch\/digitale-schweiz\/"},"wordCount":1006,"commentCount":0,"publisher":{"@id":"https:\/\/news.save.ch\/de\/#organization"},"image":{"@id":"https:\/\/news.save.ch\/digitale-schweiz\/#primaryimage"},"thumbnailUrl":"https:\/\/news.save.ch\/wp-content\/uploads\/2016\/12\/Digitale-Schweiz-sf-sicherheitsforum.jpg","keywords":["IT-SECURITY","Physische IT-Sicherheit"],"articleSection":["DIGITALISIERUNG"],"inLanguage":"de"},{"@type":"WebPage","@id":"https:\/\/news.save.ch\/digitale-schweiz\/","url":"https:\/\/news.save.ch\/digitale-schweiz\/","name":"Digitale Schweiz - Save","isPartOf":{"@id":"https:\/\/news.save.ch\/de\/#website"},"primaryImageOfPage":{"@id":"https:\/\/news.save.ch\/digitale-schweiz\/#primaryimage"},"image":{"@id":"https:\/\/news.save.ch\/digitale-schweiz\/#primaryimage"},"thumbnailUrl":"https:\/\/news.save.ch\/wp-content\/uploads\/2016\/12\/Digitale-Schweiz-sf-sicherheitsforum.jpg","datePublished":"2016-03-10T11:24:19+00:00","dateModified":"2023-03-14T07:57:24+00:00","description":"Die Digitalisierung schreitet weiter voran. Dennoch pr\u00e4sentiert sich die Entwicklung zuweilen noch schwer absch\u00e4tzbar. An vorderster Front f\u00fcr mehr Transparenz und Information ist Roger E. Gisi t\u00e4tig. Auf der von ihm gegr\u00fcndeten Plattform Cloud Finder Schweiz wird laufend auf neue Dienstleistungen und Nachrichten rund um Cloud Computing hingewiesen, das immer mehr als Schl\u00fcsselfaktor f\u00fcr die Informatik gesehen wird.","breadcrumb":{"@id":"https:\/\/news.save.ch\/digitale-schweiz\/#breadcrumb"},"inLanguage":"de","potentialAction":[{"@type":"ReadAction","target":["https:\/\/news.save.ch\/digitale-schweiz\/"]}]},{"@type":"ImageObject","inLanguage":"de","@id":"https:\/\/news.save.ch\/digitale-schweiz\/#primaryimage","url":"https:\/\/news.save.ch\/wp-content\/uploads\/2016\/12\/Digitale-Schweiz-sf-sicherheitsforum.jpg","contentUrl":"https:\/\/news.save.ch\/wp-content\/uploads\/2016\/12\/Digitale-Schweiz-sf-sicherheitsforum.jpg","width":1000,"height":922,"caption":"Mit Sensoren in Autos, TVs, Uhren, Tablets, Smartphones bis hin zum K\u00fchlschrank: St\u00e4ndig und rund um die Uhr k\u00f6nnten wir mit dem Internet verbunden sein."},{"@type":"BreadcrumbList","@id":"https:\/\/news.save.ch\/digitale-schweiz\/#breadcrumb","itemListElement":[{"@type":"ListItem","position":1,"name":"Home","item":"https:\/\/news.save.ch\/de\/"},{"@type":"ListItem","position":2,"name":"Digitale Schweiz"}]},{"@type":"WebSite","@id":"https:\/\/news.save.ch\/de\/#website","url":"https:\/\/news.save.ch\/de\/","name":"Save","description":"Schweizer Fachzeitschrift f\u00fcr Sicherheit","publisher":{"@id":"https:\/\/news.save.ch\/de\/#organization"},"potentialAction":[{"@type":"SearchAction","target":{"@type":"EntryPoint","urlTemplate":"https:\/\/news.save.ch\/de\/?s={search_term_string}"},"query-input":{"@type":"PropertyValueSpecification","valueRequired":true,"valueName":"search_term_string"}}],"inLanguage":"de"},{"@type":"Organization","@id":"https:\/\/news.save.ch\/de\/#organization","name":"Sicherheitsforum","url":"https:\/\/news.save.ch\/de\/","logo":{"@type":"ImageObject","inLanguage":"de","@id":"https:\/\/news.save.ch\/de\/#\/schema\/logo\/image\/","url":"https:\/\/news.save.ch\/wp-content\/uploads\/2022\/06\/Logo_SF_2012.png","contentUrl":"https:\/\/news.save.ch\/wp-content\/uploads\/2022\/06\/Logo_SF_2012.png","width":1100,"height":91,"caption":"Sicherheitsforum"},"image":{"@id":"https:\/\/news.save.ch\/de\/#\/schema\/logo\/image\/"}},{"@type":"Person","@id":"https:\/\/news.save.ch\/de\/#\/schema\/person\/af1b2481d0ee02dd880e616f4534d788","name":"galledia","image":{"@type":"ImageObject","inLanguage":"de","@id":"https:\/\/secure.gravatar.com\/avatar\/9baa80b63641d54c66fff920086eecab2c9e64c67a448c886b8c6c946e57f4c4?s=96&d=mm&r=g","url":"https:\/\/secure.gravatar.com\/avatar\/9baa80b63641d54c66fff920086eecab2c9e64c67a448c886b8c6c946e57f4c4?s=96&d=mm&r=g","contentUrl":"https:\/\/secure.gravatar.com\/avatar\/9baa80b63641d54c66fff920086eecab2c9e64c67a448c886b8c6c946e57f4c4?s=96&d=mm&r=g","caption":"galledia"},"url":"https:\/\/news.save.ch\/de\/author\/galledia\/"}]}},"_links":{"self":[{"href":"https:\/\/news.save.ch\/de\/wp-json\/wp\/v2\/posts\/3390","targetHints":{"allow":["GET"]}}],"collection":[{"href":"https:\/\/news.save.ch\/de\/wp-json\/wp\/v2\/posts"}],"about":[{"href":"https:\/\/news.save.ch\/de\/wp-json\/wp\/v2\/types\/post"}],"author":[{"embeddable":true,"href":"https:\/\/news.save.ch\/de\/wp-json\/wp\/v2\/users\/10"}],"replies":[{"embeddable":true,"href":"https:\/\/news.save.ch\/de\/wp-json\/wp\/v2\/comments?post=3390"}],"version-history":[{"count":1,"href":"https:\/\/news.save.ch\/de\/wp-json\/wp\/v2\/posts\/3390\/revisions"}],"predecessor-version":[{"id":17656,"href":"https:\/\/news.save.ch\/de\/wp-json\/wp\/v2\/posts\/3390\/revisions\/17656"}],"wp:featuredmedia":[{"embeddable":true,"href":"https:\/\/news.save.ch\/de\/wp-json\/wp\/v2\/media\/3391"}],"wp:attachment":[{"href":"https:\/\/news.save.ch\/de\/wp-json\/wp\/v2\/media?parent=3390"}],"wp:term":[{"taxonomy":"category","embeddable":true,"href":"https:\/\/news.save.ch\/de\/wp-json\/wp\/v2\/categories?post=3390"},{"taxonomy":"post_tag","embeddable":true,"href":"https:\/\/news.save.ch\/de\/wp-json\/wp\/v2\/tags?post=3390"}],"curies":[{"name":"wp","href":"https:\/\/api.w.org\/{rel}","templated":true}]}}