{"id":341,"date":"2015-04-29T09:32:13","date_gmt":"2015-04-29T07:32:13","guid":{"rendered":"https:\/\/dev.sicherheitsforum.ch\/?p=341"},"modified":"2023-03-14T08:57:41","modified_gmt":"2023-03-14T07:57:41","slug":"it-security-kein-grund-zum-hyperventilieren","status":null,"type":"post","link":"https:\/\/news.save.ch\/de\/it-security-kein-grund-zum-hyperventilieren\/","title":{"rendered":"IT-Security: kein Grund zum Hyperventilieren"},"content":{"rendered":"<figure id=\"attachment_342\" aria-describedby=\"caption-attachment-342\" style=\"width: 500px\" class=\"wp-caption alignnone\"><img loading=\"lazy\" decoding=\"async\" class=\"size-full wp-image-342\" src=\"https:\/\/sicherheitsforum.ch\/wp-content\/uploads\/2016\/12\/IT-Security-kein-Grund-zum-Hyperventilieren-it-security.jpg\" alt=\"Peter Schneider mit einem Pl\u00e4doyer f\u00fcr \u00fcberlegte Konzeption in Sachen IT-Security.\" width=\"500\" height=\"575\" srcset=\"https:\/\/news.save.ch\/wp-content\/uploads\/2016\/12\/IT-Security-kein-Grund-zum-Hyperventilieren-it-security.jpg 500w, https:\/\/news.save.ch\/wp-content\/uploads\/2016\/12\/IT-Security-kein-Grund-zum-Hyperventilieren-it-security-261x300.jpg 261w\" sizes=\"auto, (max-width: 500px) 100vw, 500px\" \/><figcaption id=\"caption-attachment-342\" class=\"wp-caption-text\">Peter Schneider mit einem Pl\u00e4doyer f\u00fcr \u00fcberlegte Konzeption in Sachen IT-Security.<\/figcaption><\/figure>\n<p>Beim Querlesen diverser Magazine und Portale zum Thema IT-Sicherheit scheint es dieser Tage Usus zu sein, den Lesern m\u00f6glichst gro\u00dfe Angst vor (potenziellen) Gefahren einzujagen. Malware in jeglicher Form, DDoS-Attacken, Backdoors \u2013 der gemeine User ist dabei anscheinend weder vor Cybergangstern noch vor spionierenden Regierungen sicher. Doch welche Reaktionen ruft derlei Berichterstattung beim Leser hervor? Teilweise Resignation nach dem Motto: \u201eWir k\u00f6nnen ja eh nichts machen\u201c, oder gar ein diffuses Gef\u00fchl der Panik: \u201eWie sollen wir uns vor so vielen Bedrohungen sch\u00fctzen?\u201c Die vermeintliche L\u00f6sung: Am besten in m\u00f6glichst viele L\u00f6sungen investieren, die alle zu sch\u00fctzenden Bereiche abdecken.<\/p>\n<p>Das Prophylaxe-Denken in allen Ehren, aber \u00fcberst\u00fcrztes Anschaffen irgendwelcher Security-Produkte bringt kaum den erw\u00fcnschten Schutz, mal abgesehen von den vermutlich zu hohen Kosten. Der Markt f\u00fcr Security-L\u00f6sungen hat sich nicht zuletzt auf Grund der pessimistischen Prognosen in den vergangenen Jahren deutlich vergr\u00f6\u00dfert und ist gleichzeitig un\u00fcbersichtlicher geworden. Ein erster Schritt zu einem ad\u00e4quaten Sicherheitskonzept kann die Ansprache eines unabh\u00e4ngigen Beraters, z.B. von einem Systemhaus, sein. Die Experten besitzen fundiertes, aktuelles Wissen rund um den Markt und die L\u00f6sungsbereiche. Ein ausf\u00fchrliches Gespr\u00e4ch sowie eine Ist-Analyse zeichnen im Anschluss ein klares Bild davon, was ben\u00f6tigt wird oder vielleicht sogar \u00fcberfl\u00fcssig ist. Zus\u00e4tzlich profitieren Kunden von einer umfassenden Betreuung w\u00e4hrend der Auswahl, Installation und Schulung im Umgang mit den L\u00f6sungen.<\/p>\n<p><em>Von Peter Schneider, sysob IT-Distribution<\/em><\/p>\n","protected":false},"excerpt":{"rendered":"<p>Beim Querlesen diverser Magazine und Portale zum Thema IT-Sicherheit scheint es dieser Tage Usus zu sein, den Lesern m\u00f6glichst gro\u00dfe Angst vor (potenziellen) Gefahren einzujagen. Malware in jeglicher Form, DDoS-Attacken, Backdoors \u2013 der gemeine User ist dabei anscheinend weder vor Cybergangstern noch vor spionierenden Regierungen sicher. Doch welche Reaktionen ruft derlei Berichterstattung beim Leser hervor? [&hellip;]<\/p>\n","protected":false},"author":1,"featured_media":342,"comment_status":"open","ping_status":"open","sticky":false,"template":"","format":"standard","meta":{"_acf_changed":false,"pgc_sgb_lightbox_settings":"","footnotes":""},"categories":[3313],"tags":[62,63],"class_list":["post-341","post","type-post","status-publish","format-standard","has-post-thumbnail","hentry","category-digitalisierung","tag-ict-sicherheit","tag-it-security"],"acf":[],"hkrextid":null,"publication":null,"issue":null,"workflow":null,"startPage":null,"spitzmarke":null,"_posts_by_tag_page_fields":{"widget_title":"","widget_tags":""},"_at_widget":"1","_yoast_wpseo_primary_category":"2","_yoast_wpseo_focuskw_text_input":"IT-Security","_yoast_wpseo_opengraph-image":"https:\/\/sicherheitsforum.ch\/wp-content\/uploads\/2016\/12\/IT-Security-kein-Grund-zum-Hyperventilieren-it-security.jpg","_yoast_wpseo_opengraph-description":"Der k\u00fcrzlich ver\u00f6ffentlichte Vierteljahresbericht IBM X-Force Threat Intelligence Quarterly kommt zu dem Ergebnis, dass Cyberkriminelle im Jahr 2014 mindestens eine Milliarde digitale Datens\u00e4tze mit pers\u00f6nlichen Informationen stahlen. Zudem haben die IBM-Forscher nach eigenen Angaben noch nie so viele Vorf\u00e4lle registriert wie im vergangenen Jahr.","_yoast_wpseo_opengraph-title":"IT-Security: kein Grund zum Hyperventilieren","enclosure":null,"_yoast_wpseo_twitter-title":null,"_yoast_wpseo_twitter-description":null,"_yoast_wpseo_twitter-image":null,"_wp_old_slug":null,"_yoast_wpseo_title":null,"_yoast_wpseo_canonical":null,"yoast_head":"<!-- This site is optimized with the Yoast SEO plugin v27.4 - https:\/\/yoast.com\/product\/yoast-seo-wordpress\/ -->\n<title>IT-Security: kein Grund zum Hyperventilieren - Save<\/title>\n<meta name=\"description\" content=\"IBM X-Force Threat Intelligence Quarterly kommt zu dem Ergebnis, dass Cyberkriminelle im Jahr 2014 mindestens eine Milliarde digitale Datens\u00e4tze stahlen.\" \/>\n<meta name=\"robots\" content=\"index, follow, max-snippet:-1, max-image-preview:large, max-video-preview:-1\" \/>\n<link rel=\"canonical\" href=\"https:\/\/news.save.ch\/de\/it-security-kein-grund-zum-hyperventilieren\/\" \/>\n<meta property=\"og:locale\" content=\"de_DE\" \/>\n<meta property=\"og:type\" content=\"article\" \/>\n<meta property=\"og:title\" content=\"IT-Security: kein Grund zum Hyperventilieren\" \/>\n<meta property=\"og:description\" content=\"Der k\u00fcrzlich ver\u00f6ffentlichte Vierteljahresbericht IBM X-Force Threat Intelligence Quarterly kommt zu dem Ergebnis, dass Cyberkriminelle im Jahr 2014 mindestens eine Milliarde digitale Datens\u00e4tze mit pers\u00f6nlichen Informationen stahlen. Zudem haben die IBM-Forscher nach eigenen Angaben noch nie so viele Vorf\u00e4lle registriert wie im vergangenen Jahr.\" \/>\n<meta property=\"og:url\" content=\"https:\/\/news.save.ch\/de\/it-security-kein-grund-zum-hyperventilieren\/\" \/>\n<meta property=\"og:site_name\" content=\"Save\" \/>\n<meta property=\"article:published_time\" content=\"2015-04-29T07:32:13+00:00\" \/>\n<meta property=\"article:modified_time\" content=\"2023-03-14T07:57:41+00:00\" \/>\n<meta property=\"og:image\" content=\"https:\/\/sicherheitsforum.ch\/wp-content\/uploads\/2016\/12\/IT-Security-kein-Grund-zum-Hyperventilieren-it-security.jpg\" \/>\n<meta name=\"author\" content=\"admin\" \/>\n<meta name=\"twitter:card\" content=\"summary_large_image\" \/>\n<meta name=\"twitter:label1\" content=\"Geschrieben von\" \/>\n\t<meta name=\"twitter:data1\" content=\"admin\" \/>\n\t<meta name=\"twitter:label2\" content=\"Gesch\u00e4tzte Lesezeit\" \/>\n\t<meta name=\"twitter:data2\" content=\"1\u00a0Minute\" \/>\n<script type=\"application\/ld+json\" class=\"yoast-schema-graph\">{\"@context\":\"https:\\\/\\\/schema.org\",\"@graph\":[{\"@type\":\"Article\",\"@id\":\"https:\\\/\\\/news.save.ch\\\/it-security-kein-grund-zum-hyperventilieren\\\/#article\",\"isPartOf\":{\"@id\":\"https:\\\/\\\/news.save.ch\\\/it-security-kein-grund-zum-hyperventilieren\\\/\"},\"author\":{\"name\":\"admin\",\"@id\":\"https:\\\/\\\/news.save.ch\\\/de\\\/#\\\/schema\\\/person\\\/d49e199490bad7c70d64b9ab51142f2b\"},\"headline\":\"IT-Security: kein Grund zum Hyperventilieren\",\"datePublished\":\"2015-04-29T07:32:13+00:00\",\"dateModified\":\"2023-03-14T07:57:41+00:00\",\"mainEntityOfPage\":{\"@id\":\"https:\\\/\\\/news.save.ch\\\/it-security-kein-grund-zum-hyperventilieren\\\/\"},\"wordCount\":270,\"commentCount\":0,\"publisher\":{\"@id\":\"https:\\\/\\\/news.save.ch\\\/de\\\/#organization\"},\"image\":{\"@id\":\"https:\\\/\\\/news.save.ch\\\/it-security-kein-grund-zum-hyperventilieren\\\/#primaryimage\"},\"thumbnailUrl\":\"https:\\\/\\\/news.save.ch\\\/wp-content\\\/uploads\\\/2016\\\/12\\\/IT-Security-kein-Grund-zum-Hyperventilieren-it-security.jpg\",\"keywords\":[\"ICT-Sicherheit\",\"IT-SECURITY\"],\"articleSection\":[\"DIGITALISIERUNG\"],\"inLanguage\":\"de\"},{\"@type\":\"WebPage\",\"@id\":\"https:\\\/\\\/news.save.ch\\\/it-security-kein-grund-zum-hyperventilieren\\\/\",\"url\":\"https:\\\/\\\/news.save.ch\\\/it-security-kein-grund-zum-hyperventilieren\\\/\",\"name\":\"IT-Security: kein Grund zum Hyperventilieren - Save\",\"isPartOf\":{\"@id\":\"https:\\\/\\\/news.save.ch\\\/de\\\/#website\"},\"primaryImageOfPage\":{\"@id\":\"https:\\\/\\\/news.save.ch\\\/it-security-kein-grund-zum-hyperventilieren\\\/#primaryimage\"},\"image\":{\"@id\":\"https:\\\/\\\/news.save.ch\\\/it-security-kein-grund-zum-hyperventilieren\\\/#primaryimage\"},\"thumbnailUrl\":\"https:\\\/\\\/news.save.ch\\\/wp-content\\\/uploads\\\/2016\\\/12\\\/IT-Security-kein-Grund-zum-Hyperventilieren-it-security.jpg\",\"datePublished\":\"2015-04-29T07:32:13+00:00\",\"dateModified\":\"2023-03-14T07:57:41+00:00\",\"description\":\"IBM X-Force Threat Intelligence Quarterly kommt zu dem Ergebnis, dass Cyberkriminelle im Jahr 2014 mindestens eine Milliarde digitale Datens\u00e4tze stahlen.\",\"breadcrumb\":{\"@id\":\"https:\\\/\\\/news.save.ch\\\/it-security-kein-grund-zum-hyperventilieren\\\/#breadcrumb\"},\"inLanguage\":\"de\",\"potentialAction\":[{\"@type\":\"ReadAction\",\"target\":[\"https:\\\/\\\/news.save.ch\\\/it-security-kein-grund-zum-hyperventilieren\\\/\"]}]},{\"@type\":\"ImageObject\",\"inLanguage\":\"de\",\"@id\":\"https:\\\/\\\/news.save.ch\\\/it-security-kein-grund-zum-hyperventilieren\\\/#primaryimage\",\"url\":\"https:\\\/\\\/news.save.ch\\\/wp-content\\\/uploads\\\/2016\\\/12\\\/IT-Security-kein-Grund-zum-Hyperventilieren-it-security.jpg\",\"contentUrl\":\"https:\\\/\\\/news.save.ch\\\/wp-content\\\/uploads\\\/2016\\\/12\\\/IT-Security-kein-Grund-zum-Hyperventilieren-it-security.jpg\",\"width\":500,\"height\":575,\"caption\":\"Peter Schneider mit einem Pl\u00e4doyer f\u00fcr \u00fcberlegte Konzeption in Sachen IT-Security.\"},{\"@type\":\"BreadcrumbList\",\"@id\":\"https:\\\/\\\/news.save.ch\\\/it-security-kein-grund-zum-hyperventilieren\\\/#breadcrumb\",\"itemListElement\":[{\"@type\":\"ListItem\",\"position\":1,\"name\":\"Home\",\"item\":\"https:\\\/\\\/news.save.ch\\\/de\\\/\"},{\"@type\":\"ListItem\",\"position\":2,\"name\":\"IT-Security: kein Grund zum Hyperventilieren\"}]},{\"@type\":\"WebSite\",\"@id\":\"https:\\\/\\\/news.save.ch\\\/de\\\/#website\",\"url\":\"https:\\\/\\\/news.save.ch\\\/de\\\/\",\"name\":\"Save\",\"description\":\"Schweizer Fachzeitschrift f\u00fcr Sicherheit\",\"publisher\":{\"@id\":\"https:\\\/\\\/news.save.ch\\\/de\\\/#organization\"},\"potentialAction\":[{\"@type\":\"SearchAction\",\"target\":{\"@type\":\"EntryPoint\",\"urlTemplate\":\"https:\\\/\\\/news.save.ch\\\/de\\\/?s={search_term_string}\"},\"query-input\":{\"@type\":\"PropertyValueSpecification\",\"valueRequired\":true,\"valueName\":\"search_term_string\"}}],\"inLanguage\":\"de\"},{\"@type\":\"Organization\",\"@id\":\"https:\\\/\\\/news.save.ch\\\/de\\\/#organization\",\"name\":\"Sicherheitsforum\",\"url\":\"https:\\\/\\\/news.save.ch\\\/de\\\/\",\"logo\":{\"@type\":\"ImageObject\",\"inLanguage\":\"de\",\"@id\":\"https:\\\/\\\/news.save.ch\\\/de\\\/#\\\/schema\\\/logo\\\/image\\\/\",\"url\":\"https:\\\/\\\/news.save.ch\\\/wp-content\\\/uploads\\\/2022\\\/06\\\/Logo_SF_2012.png\",\"contentUrl\":\"https:\\\/\\\/news.save.ch\\\/wp-content\\\/uploads\\\/2022\\\/06\\\/Logo_SF_2012.png\",\"width\":1100,\"height\":91,\"caption\":\"Sicherheitsforum\"},\"image\":{\"@id\":\"https:\\\/\\\/news.save.ch\\\/de\\\/#\\\/schema\\\/logo\\\/image\\\/\"}},{\"@type\":\"Person\",\"@id\":\"https:\\\/\\\/news.save.ch\\\/de\\\/#\\\/schema\\\/person\\\/d49e199490bad7c70d64b9ab51142f2b\",\"name\":\"admin\",\"image\":{\"@type\":\"ImageObject\",\"inLanguage\":\"de\",\"@id\":\"https:\\\/\\\/secure.gravatar.com\\\/avatar\\\/ae2f4d718e6c49043e314ce431e7e645d646302a24a5ef5a8bc8e3f5a032e319?s=96&d=mm&r=g\",\"url\":\"https:\\\/\\\/secure.gravatar.com\\\/avatar\\\/ae2f4d718e6c49043e314ce431e7e645d646302a24a5ef5a8bc8e3f5a032e319?s=96&d=mm&r=g\",\"contentUrl\":\"https:\\\/\\\/secure.gravatar.com\\\/avatar\\\/ae2f4d718e6c49043e314ce431e7e645d646302a24a5ef5a8bc8e3f5a032e319?s=96&d=mm&r=g\",\"caption\":\"admin\"},\"sameAs\":[\"https:\\\/\\\/develop.organisator.galledia.ch\"],\"url\":\"https:\\\/\\\/news.save.ch\\\/de\\\/author\\\/admin\\\/\"}]}<\/script>\n<!-- \/ Yoast SEO plugin. -->","yoast_head_json":{"title":"IT-Security: kein Grund zum Hyperventilieren - Save","description":"IBM X-Force Threat Intelligence Quarterly kommt zu dem Ergebnis, dass Cyberkriminelle im Jahr 2014 mindestens eine Milliarde digitale Datens\u00e4tze stahlen.","robots":{"index":"index","follow":"follow","max-snippet":"max-snippet:-1","max-image-preview":"max-image-preview:large","max-video-preview":"max-video-preview:-1"},"canonical":"https:\/\/news.save.ch\/de\/it-security-kein-grund-zum-hyperventilieren\/","og_locale":"de_DE","og_type":"article","og_title":"IT-Security: kein Grund zum Hyperventilieren","og_description":"Der k\u00fcrzlich ver\u00f6ffentlichte Vierteljahresbericht IBM X-Force Threat Intelligence Quarterly kommt zu dem Ergebnis, dass Cyberkriminelle im Jahr 2014 mindestens eine Milliarde digitale Datens\u00e4tze mit pers\u00f6nlichen Informationen stahlen. Zudem haben die IBM-Forscher nach eigenen Angaben noch nie so viele Vorf\u00e4lle registriert wie im vergangenen Jahr.","og_url":"https:\/\/news.save.ch\/de\/it-security-kein-grund-zum-hyperventilieren\/","og_site_name":"Save","article_published_time":"2015-04-29T07:32:13+00:00","article_modified_time":"2023-03-14T07:57:41+00:00","og_image":[{"url":"https:\/\/sicherheitsforum.ch\/wp-content\/uploads\/2016\/12\/IT-Security-kein-Grund-zum-Hyperventilieren-it-security.jpg","type":"","width":"","height":""}],"author":"admin","twitter_card":"summary_large_image","twitter_misc":{"Geschrieben von":"admin","Gesch\u00e4tzte Lesezeit":"1\u00a0Minute"},"schema":{"@context":"https:\/\/schema.org","@graph":[{"@type":"Article","@id":"https:\/\/news.save.ch\/it-security-kein-grund-zum-hyperventilieren\/#article","isPartOf":{"@id":"https:\/\/news.save.ch\/it-security-kein-grund-zum-hyperventilieren\/"},"author":{"name":"admin","@id":"https:\/\/news.save.ch\/de\/#\/schema\/person\/d49e199490bad7c70d64b9ab51142f2b"},"headline":"IT-Security: kein Grund zum Hyperventilieren","datePublished":"2015-04-29T07:32:13+00:00","dateModified":"2023-03-14T07:57:41+00:00","mainEntityOfPage":{"@id":"https:\/\/news.save.ch\/it-security-kein-grund-zum-hyperventilieren\/"},"wordCount":270,"commentCount":0,"publisher":{"@id":"https:\/\/news.save.ch\/de\/#organization"},"image":{"@id":"https:\/\/news.save.ch\/it-security-kein-grund-zum-hyperventilieren\/#primaryimage"},"thumbnailUrl":"https:\/\/news.save.ch\/wp-content\/uploads\/2016\/12\/IT-Security-kein-Grund-zum-Hyperventilieren-it-security.jpg","keywords":["ICT-Sicherheit","IT-SECURITY"],"articleSection":["DIGITALISIERUNG"],"inLanguage":"de"},{"@type":"WebPage","@id":"https:\/\/news.save.ch\/it-security-kein-grund-zum-hyperventilieren\/","url":"https:\/\/news.save.ch\/it-security-kein-grund-zum-hyperventilieren\/","name":"IT-Security: kein Grund zum Hyperventilieren - Save","isPartOf":{"@id":"https:\/\/news.save.ch\/de\/#website"},"primaryImageOfPage":{"@id":"https:\/\/news.save.ch\/it-security-kein-grund-zum-hyperventilieren\/#primaryimage"},"image":{"@id":"https:\/\/news.save.ch\/it-security-kein-grund-zum-hyperventilieren\/#primaryimage"},"thumbnailUrl":"https:\/\/news.save.ch\/wp-content\/uploads\/2016\/12\/IT-Security-kein-Grund-zum-Hyperventilieren-it-security.jpg","datePublished":"2015-04-29T07:32:13+00:00","dateModified":"2023-03-14T07:57:41+00:00","description":"IBM X-Force Threat Intelligence Quarterly kommt zu dem Ergebnis, dass Cyberkriminelle im Jahr 2014 mindestens eine Milliarde digitale Datens\u00e4tze stahlen.","breadcrumb":{"@id":"https:\/\/news.save.ch\/it-security-kein-grund-zum-hyperventilieren\/#breadcrumb"},"inLanguage":"de","potentialAction":[{"@type":"ReadAction","target":["https:\/\/news.save.ch\/it-security-kein-grund-zum-hyperventilieren\/"]}]},{"@type":"ImageObject","inLanguage":"de","@id":"https:\/\/news.save.ch\/it-security-kein-grund-zum-hyperventilieren\/#primaryimage","url":"https:\/\/news.save.ch\/wp-content\/uploads\/2016\/12\/IT-Security-kein-Grund-zum-Hyperventilieren-it-security.jpg","contentUrl":"https:\/\/news.save.ch\/wp-content\/uploads\/2016\/12\/IT-Security-kein-Grund-zum-Hyperventilieren-it-security.jpg","width":500,"height":575,"caption":"Peter Schneider mit einem Pl\u00e4doyer f\u00fcr \u00fcberlegte Konzeption in Sachen IT-Security."},{"@type":"BreadcrumbList","@id":"https:\/\/news.save.ch\/it-security-kein-grund-zum-hyperventilieren\/#breadcrumb","itemListElement":[{"@type":"ListItem","position":1,"name":"Home","item":"https:\/\/news.save.ch\/de\/"},{"@type":"ListItem","position":2,"name":"IT-Security: kein Grund zum Hyperventilieren"}]},{"@type":"WebSite","@id":"https:\/\/news.save.ch\/de\/#website","url":"https:\/\/news.save.ch\/de\/","name":"Save","description":"Schweizer Fachzeitschrift f\u00fcr Sicherheit","publisher":{"@id":"https:\/\/news.save.ch\/de\/#organization"},"potentialAction":[{"@type":"SearchAction","target":{"@type":"EntryPoint","urlTemplate":"https:\/\/news.save.ch\/de\/?s={search_term_string}"},"query-input":{"@type":"PropertyValueSpecification","valueRequired":true,"valueName":"search_term_string"}}],"inLanguage":"de"},{"@type":"Organization","@id":"https:\/\/news.save.ch\/de\/#organization","name":"Sicherheitsforum","url":"https:\/\/news.save.ch\/de\/","logo":{"@type":"ImageObject","inLanguage":"de","@id":"https:\/\/news.save.ch\/de\/#\/schema\/logo\/image\/","url":"https:\/\/news.save.ch\/wp-content\/uploads\/2022\/06\/Logo_SF_2012.png","contentUrl":"https:\/\/news.save.ch\/wp-content\/uploads\/2022\/06\/Logo_SF_2012.png","width":1100,"height":91,"caption":"Sicherheitsforum"},"image":{"@id":"https:\/\/news.save.ch\/de\/#\/schema\/logo\/image\/"}},{"@type":"Person","@id":"https:\/\/news.save.ch\/de\/#\/schema\/person\/d49e199490bad7c70d64b9ab51142f2b","name":"admin","image":{"@type":"ImageObject","inLanguage":"de","@id":"https:\/\/secure.gravatar.com\/avatar\/ae2f4d718e6c49043e314ce431e7e645d646302a24a5ef5a8bc8e3f5a032e319?s=96&d=mm&r=g","url":"https:\/\/secure.gravatar.com\/avatar\/ae2f4d718e6c49043e314ce431e7e645d646302a24a5ef5a8bc8e3f5a032e319?s=96&d=mm&r=g","contentUrl":"https:\/\/secure.gravatar.com\/avatar\/ae2f4d718e6c49043e314ce431e7e645d646302a24a5ef5a8bc8e3f5a032e319?s=96&d=mm&r=g","caption":"admin"},"sameAs":["https:\/\/develop.organisator.galledia.ch"],"url":"https:\/\/news.save.ch\/de\/author\/admin\/"}]}},"_links":{"self":[{"href":"https:\/\/news.save.ch\/de\/wp-json\/wp\/v2\/posts\/341","targetHints":{"allow":["GET"]}}],"collection":[{"href":"https:\/\/news.save.ch\/de\/wp-json\/wp\/v2\/posts"}],"about":[{"href":"https:\/\/news.save.ch\/de\/wp-json\/wp\/v2\/types\/post"}],"author":[{"embeddable":true,"href":"https:\/\/news.save.ch\/de\/wp-json\/wp\/v2\/users\/1"}],"replies":[{"embeddable":true,"href":"https:\/\/news.save.ch\/de\/wp-json\/wp\/v2\/comments?post=341"}],"version-history":[{"count":1,"href":"https:\/\/news.save.ch\/de\/wp-json\/wp\/v2\/posts\/341\/revisions"}],"predecessor-version":[{"id":17801,"href":"https:\/\/news.save.ch\/de\/wp-json\/wp\/v2\/posts\/341\/revisions\/17801"}],"wp:featuredmedia":[{"embeddable":true,"href":"https:\/\/news.save.ch\/de\/wp-json\/wp\/v2\/media\/342"}],"wp:attachment":[{"href":"https:\/\/news.save.ch\/de\/wp-json\/wp\/v2\/media?parent=341"}],"wp:term":[{"taxonomy":"category","embeddable":true,"href":"https:\/\/news.save.ch\/de\/wp-json\/wp\/v2\/categories?post=341"},{"taxonomy":"post_tag","embeddable":true,"href":"https:\/\/news.save.ch\/de\/wp-json\/wp\/v2\/tags?post=341"}],"curies":[{"name":"wp","href":"https:\/\/api.w.org\/{rel}","templated":true}]}}