{"id":345,"date":"2015-04-29T09:40:42","date_gmt":"2015-04-29T07:40:42","guid":{"rendered":"https:\/\/dev.sicherheitsforum.ch\/?p=345"},"modified":"2023-03-14T08:57:41","modified_gmt":"2023-03-14T07:57:41","slug":"grosses-misstrauen-in-die-digitale-wolke","status":null,"type":"post","link":"https:\/\/news.save.ch\/de\/grosses-misstrauen-in-die-digitale-wolke\/","title":{"rendered":"Grosses Misstrauen in die digitale Wolke"},"content":{"rendered":"<p><img loading=\"lazy\" decoding=\"async\" class=\"size-medium wp-image-346\" src=\"https:\/\/sicherheitsforum.ch\/wp-content\/uploads\/2016\/12\/Grosses-Misstrauen-in-die-digitale-Wolke-it-security.jpg\" alt=\"Online illegal digital data transfer over the cloud with hand wearing black leather glove pressing enter key\" width=\"680\" height=\"450\" \/><\/p>\n<p>&nbsp;<\/p>\n<p>Dies geht aus der Studie \u201e<a title=\"Links zur Studie\" href=\"https:\/\/www.nifis.de\/fileadmin\/docs\/NIFIS_Studie_IT-Sicherheit_und_Datenschutz_2015.pdf\" target=\"_blank\" data-cke-saved-href=\"https:\/\/www.nifis.de\/fileadmin\/docs\/NIFIS_Studie_IT-Sicherheit_und_Datenschutz_2015.pdf\" rel=\"noopener\">IT-Sicherheit und Datenschutz 2015<\/a>\u201c der Selbsthilfeorganisation Nationalen Initiative f\u00fcr Informations- und Internet-Sicherheit e.V. (<a title=\"Link zur Organisation\" href=\"https:\/\/www.nifis.de\" target=\"_blank\" data-cke-saved-href=\"https:\/\/www.nifis.de\" rel=\"noopener\">NIFIS<\/a>) hervor. Demnach sind Kontrollverlust \u00fcber die eigenen Daten (73%), interne und externe Hackerangriffe (71%) und die eigene Unwissenheit \u00fcber die vorhandenen Risiken (89%) derzeit die Hauptgefahren f\u00fcr die deutsche Wirtschaft beim Cloud Computing.<\/p>\n<p><strong>Firmen gehen leichtfertig mit ihren Daten um<\/strong><\/p>\n<p>Die NIFIS-Studie hat noch weitere Sicherheitsaspekte beim Cloud Computing ber\u00fccksichtigt. So k\u00f6nnen moderne Verschl\u00fcsselungsprogramme laut mehrheitlicher Expertenmeinung (66%) zwar das Mitlesen von Daten deutlich erschweren \u2013 doch auch sie bieten keinen vollumf\u00e4nglichen Schutz vor Aussp\u00e4hung. Weitere 54% attestieren der deutschen Wirtschaft einen leichtfertigen Umgang mit ihren Cloud-basierten Daten. Bemerkenswert ist auch die Einsch\u00e4tzung von fast der H\u00e4lfte der befragten IT-Experten (49%), dass Cloud-Anbieter ihrerseits in einigen F\u00e4llen auch allzu sorglos mit den anvertrauten Daten umgehen. Die <a title=\"Link zu Artikel \/ S\u00fcddeutsche\" href=\"https:\/\/www.sueddeutsche.de\/digital\/us-gerichtsentscheid-microsoft-muss-ermittlern-auch-daten-aus-europa-liefern-1.2072643\" target=\"_blank\" data-cke-saved-href=\"https:\/\/www.sueddeutsche.de\/digital\/us-gerichtsentscheid-microsoft-muss-ermittlern-auch-daten-aus-europa-liefern-1.2072643\" rel=\"noopener\">US-Rechtsprechung<\/a> tr\u00e4gt laut NIFIS-Vorsitzendem Rechtsanwalt Thomas Lapp ebenfalls dazu bei, dass die deutschen Unternehmen bei der Wahl des Cloud-Anbieters verunsichert sind. Laut Studie sind 65% der befragten Unternehmen der Meinung, dass es an Transparenz dar\u00fcber mangelt, ob die Cloud-Dienstleister, die in Europa die Daten ihrer Kunden verwalten, diese nicht doch an US-Beh\u00f6rden wie Geheimdienste weitergeben.<\/p>\n<p><strong>Aufkl\u00e4rungskampagne gefordert<\/strong><\/p>\n<p>Um den deutschen Unternehmen die Verunsicherung beim Cloud Computing zu nehmen, fordert Lapp eine breit angelegte Aufkl\u00e4rungskampagne: \u201eBundesregierung und Wirtschaftsverb\u00e4nde m\u00fcssen die Digitalisierung der deutschen Wirtschaft als nationale Aufgabe verstehen.\u201c Im Rahmen einer intensiveren Zusammenarbeit vor allem zwischen Staat und Wirtschaft m\u00fcsse eine Aufkl\u00e4rungskampagne \u00fcber die Gefahren und Risiken von Cloud Computing informieren. \u201eDies w\u00fcrde vielen Unternehmen mehr Sicherheit im Umgang mit der digitalen Wolke geben und gleichzeitig das Vertrauen in die neue Technologie massiv st\u00e4rken. Wenn Unternehmen die Gefahren besser kennen, werden sich viele ihrer Bef\u00fcrchtungen zudem als unbegr\u00fcndet erweisen\u201c, betont der NIFIS-Vorsitzende.<\/p>\n<p>Laut Lapp scheinen die deutschen Firmen weiterhin nachhaltig unter dem Eindruck von Prism und Co. zu stehen. So haben die Spionage-Skandale laut NIFIS-Studie 88% der deutschen Wirtschaft in puncto Datenschutz sensibilisiert. Dementsprechend werden sich die Ausgaben f\u00fcr IT-Sicherheit und Datenschutz in 2015 weiter erh\u00f6hen. Fast die H\u00e4lfte der deutschen Firmen (49%) geht davon aus, dass die Investitionen in diesem Jahr um 50% zunehmen werden. Weitere 17% prognostizieren sogar eine Verdopplung. Im Vergleich zum Vorjahr rechnen damit deutlich mehr Firmen mit einer steigenden Nachfrage nach IT- und Informationssicherheit.<\/p>\n","protected":false},"excerpt":{"rendered":"<p>&nbsp; Dies geht aus der Studie \u201eIT-Sicherheit und Datenschutz 2015\u201c der Selbsthilfeorganisation Nationalen Initiative f\u00fcr Informations- und Internet-Sicherheit e.V. (NIFIS) hervor. Demnach sind Kontrollverlust \u00fcber die eigenen Daten (73%), interne und externe Hackerangriffe (71%) und die eigene Unwissenheit \u00fcber die vorhandenen Risiken (89%) derzeit die Hauptgefahren f\u00fcr die deutsche Wirtschaft beim Cloud Computing. Firmen gehen [&hellip;]<\/p>\n","protected":false},"author":1,"featured_media":346,"comment_status":"open","ping_status":"open","sticky":false,"template":"","format":"standard","meta":{"_acf_changed":false,"pgc_sgb_lightbox_settings":"","footnotes":""},"categories":[3313],"tags":[96,62,63],"class_list":["post-345","post","type-post","status-publish","format-standard","has-post-thumbnail","hentry","category-digitalisierung","tag-cyber-crime","tag-ict-sicherheit","tag-it-security"],"acf":[],"hkrextid":null,"publication":null,"issue":null,"workflow":null,"startPage":null,"spitzmarke":null,"_posts_by_tag_page_fields":{"widget_title":"","widget_tags":""},"_at_widget":"1","_yoast_wpseo_primary_category":"2","_yoast_wpseo_focuskw_text_input":"Cloud Computing","_yoast_wpseo_opengraph-image":"https:\/\/sicherheitsforum.ch\/wp-content\/uploads\/2016\/12\/Grosses-Misstrauen-in-die-digitale-Wolke-it-security.jpg","_yoast_wpseo_opengraph-description":"Dunkle Wolken \u00fcber dem Cloud Computing in Deutschland: Bei 84% der Unternehmen herrscht grosse Unsicherheit dar\u00fcber, ob ihre Daten in der \u201edigitalen Wolke\u201c noch sicher sind.","_yoast_wpseo_opengraph-title":"Grosses Misstrauen in die digitale Wolke","enclosure":null,"_yoast_wpseo_twitter-title":null,"_yoast_wpseo_twitter-description":null,"_yoast_wpseo_twitter-image":null,"_wp_old_slug":null,"_yoast_wpseo_title":null,"_yoast_wpseo_canonical":null,"yoast_head":"<!-- This site is optimized with the Yoast SEO plugin v27.4 - https:\/\/yoast.com\/product\/yoast-seo-wordpress\/ -->\n<title>Grosses Misstrauen in die digitale Wolke - Save<\/title>\n<meta name=\"description\" content=\"Cloud Computing in Deutschland: Bei 84% der Unternehmen herrscht grosse Unsicherheit dar\u00fcber, ob ihre Daten in der \u201edigitalen Wolke\u201c noch sicher sind.\" \/>\n<meta name=\"robots\" content=\"index, follow, max-snippet:-1, max-image-preview:large, max-video-preview:-1\" \/>\n<link rel=\"canonical\" href=\"https:\/\/news.save.ch\/de\/grosses-misstrauen-in-die-digitale-wolke\/\" \/>\n<meta property=\"og:locale\" content=\"de_DE\" \/>\n<meta property=\"og:type\" content=\"article\" \/>\n<meta property=\"og:title\" content=\"Grosses Misstrauen in die digitale Wolke\" \/>\n<meta property=\"og:description\" content=\"Dunkle Wolken \u00fcber dem Cloud Computing in Deutschland: Bei 84% der Unternehmen herrscht grosse Unsicherheit dar\u00fcber, ob ihre Daten in der \u201edigitalen Wolke\u201c noch sicher sind.\" \/>\n<meta property=\"og:url\" content=\"https:\/\/news.save.ch\/de\/grosses-misstrauen-in-die-digitale-wolke\/\" \/>\n<meta property=\"og:site_name\" content=\"Save\" \/>\n<meta property=\"article:published_time\" content=\"2015-04-29T07:40:42+00:00\" \/>\n<meta property=\"article:modified_time\" content=\"2023-03-14T07:57:41+00:00\" \/>\n<meta property=\"og:image\" content=\"https:\/\/sicherheitsforum.ch\/wp-content\/uploads\/2016\/12\/Grosses-Misstrauen-in-die-digitale-Wolke-it-security.jpg\" \/>\n<meta name=\"author\" content=\"admin\" \/>\n<meta name=\"twitter:card\" content=\"summary_large_image\" \/>\n<meta name=\"twitter:label1\" content=\"Geschrieben von\" \/>\n\t<meta name=\"twitter:data1\" content=\"admin\" \/>\n\t<meta name=\"twitter:label2\" content=\"Gesch\u00e4tzte Lesezeit\" \/>\n\t<meta name=\"twitter:data2\" content=\"2\u00a0Minuten\" \/>\n<script type=\"application\/ld+json\" class=\"yoast-schema-graph\">{\"@context\":\"https:\\\/\\\/schema.org\",\"@graph\":[{\"@type\":\"Article\",\"@id\":\"https:\\\/\\\/news.save.ch\\\/grosses-misstrauen-in-die-digitale-wolke\\\/#article\",\"isPartOf\":{\"@id\":\"https:\\\/\\\/news.save.ch\\\/grosses-misstrauen-in-die-digitale-wolke\\\/\"},\"author\":{\"name\":\"admin\",\"@id\":\"https:\\\/\\\/news.save.ch\\\/de\\\/#\\\/schema\\\/person\\\/d49e199490bad7c70d64b9ab51142f2b\"},\"headline\":\"Grosses Misstrauen in die digitale Wolke\",\"datePublished\":\"2015-04-29T07:40:42+00:00\",\"dateModified\":\"2023-03-14T07:57:41+00:00\",\"mainEntityOfPage\":{\"@id\":\"https:\\\/\\\/news.save.ch\\\/grosses-misstrauen-in-die-digitale-wolke\\\/\"},\"wordCount\":393,\"commentCount\":0,\"publisher\":{\"@id\":\"https:\\\/\\\/news.save.ch\\\/de\\\/#organization\"},\"image\":{\"@id\":\"https:\\\/\\\/news.save.ch\\\/grosses-misstrauen-in-die-digitale-wolke\\\/#primaryimage\"},\"thumbnailUrl\":\"https:\\\/\\\/news.save.ch\\\/wp-content\\\/uploads\\\/2016\\\/12\\\/Grosses-Misstrauen-in-die-digitale-Wolke-it-security-scaled.jpg\",\"keywords\":[\"Cyber-Crime\",\"ICT-Sicherheit\",\"IT-SECURITY\"],\"articleSection\":[\"DIGITALISIERUNG\"],\"inLanguage\":\"de\"},{\"@type\":\"WebPage\",\"@id\":\"https:\\\/\\\/news.save.ch\\\/grosses-misstrauen-in-die-digitale-wolke\\\/\",\"url\":\"https:\\\/\\\/news.save.ch\\\/grosses-misstrauen-in-die-digitale-wolke\\\/\",\"name\":\"Grosses Misstrauen in die digitale Wolke - Save\",\"isPartOf\":{\"@id\":\"https:\\\/\\\/news.save.ch\\\/de\\\/#website\"},\"primaryImageOfPage\":{\"@id\":\"https:\\\/\\\/news.save.ch\\\/grosses-misstrauen-in-die-digitale-wolke\\\/#primaryimage\"},\"image\":{\"@id\":\"https:\\\/\\\/news.save.ch\\\/grosses-misstrauen-in-die-digitale-wolke\\\/#primaryimage\"},\"thumbnailUrl\":\"https:\\\/\\\/news.save.ch\\\/wp-content\\\/uploads\\\/2016\\\/12\\\/Grosses-Misstrauen-in-die-digitale-Wolke-it-security-scaled.jpg\",\"datePublished\":\"2015-04-29T07:40:42+00:00\",\"dateModified\":\"2023-03-14T07:57:41+00:00\",\"description\":\"Cloud Computing in Deutschland: Bei 84% der Unternehmen herrscht grosse Unsicherheit dar\u00fcber, ob ihre Daten in der \u201edigitalen Wolke\u201c noch sicher sind.\",\"breadcrumb\":{\"@id\":\"https:\\\/\\\/news.save.ch\\\/grosses-misstrauen-in-die-digitale-wolke\\\/#breadcrumb\"},\"inLanguage\":\"de\",\"potentialAction\":[{\"@type\":\"ReadAction\",\"target\":[\"https:\\\/\\\/news.save.ch\\\/grosses-misstrauen-in-die-digitale-wolke\\\/\"]}]},{\"@type\":\"ImageObject\",\"inLanguage\":\"de\",\"@id\":\"https:\\\/\\\/news.save.ch\\\/grosses-misstrauen-in-die-digitale-wolke\\\/#primaryimage\",\"url\":\"https:\\\/\\\/news.save.ch\\\/wp-content\\\/uploads\\\/2016\\\/12\\\/Grosses-Misstrauen-in-die-digitale-Wolke-it-security-scaled.jpg\",\"contentUrl\":\"https:\\\/\\\/news.save.ch\\\/wp-content\\\/uploads\\\/2016\\\/12\\\/Grosses-Misstrauen-in-die-digitale-Wolke-it-security-scaled.jpg\",\"width\":1400,\"height\":927,\"caption\":\"Online illegal digital data transfer over the cloud with hand wearing black leather glove pressing enter key\"},{\"@type\":\"BreadcrumbList\",\"@id\":\"https:\\\/\\\/news.save.ch\\\/grosses-misstrauen-in-die-digitale-wolke\\\/#breadcrumb\",\"itemListElement\":[{\"@type\":\"ListItem\",\"position\":1,\"name\":\"Home\",\"item\":\"https:\\\/\\\/news.save.ch\\\/de\\\/\"},{\"@type\":\"ListItem\",\"position\":2,\"name\":\"Grosses Misstrauen in die digitale Wolke\"}]},{\"@type\":\"WebSite\",\"@id\":\"https:\\\/\\\/news.save.ch\\\/de\\\/#website\",\"url\":\"https:\\\/\\\/news.save.ch\\\/de\\\/\",\"name\":\"Save\",\"description\":\"Schweizer Fachzeitschrift f\u00fcr Sicherheit\",\"publisher\":{\"@id\":\"https:\\\/\\\/news.save.ch\\\/de\\\/#organization\"},\"potentialAction\":[{\"@type\":\"SearchAction\",\"target\":{\"@type\":\"EntryPoint\",\"urlTemplate\":\"https:\\\/\\\/news.save.ch\\\/de\\\/?s={search_term_string}\"},\"query-input\":{\"@type\":\"PropertyValueSpecification\",\"valueRequired\":true,\"valueName\":\"search_term_string\"}}],\"inLanguage\":\"de\"},{\"@type\":\"Organization\",\"@id\":\"https:\\\/\\\/news.save.ch\\\/de\\\/#organization\",\"name\":\"Sicherheitsforum\",\"url\":\"https:\\\/\\\/news.save.ch\\\/de\\\/\",\"logo\":{\"@type\":\"ImageObject\",\"inLanguage\":\"de\",\"@id\":\"https:\\\/\\\/news.save.ch\\\/de\\\/#\\\/schema\\\/logo\\\/image\\\/\",\"url\":\"https:\\\/\\\/news.save.ch\\\/wp-content\\\/uploads\\\/2022\\\/06\\\/Logo_SF_2012.png\",\"contentUrl\":\"https:\\\/\\\/news.save.ch\\\/wp-content\\\/uploads\\\/2022\\\/06\\\/Logo_SF_2012.png\",\"width\":1100,\"height\":91,\"caption\":\"Sicherheitsforum\"},\"image\":{\"@id\":\"https:\\\/\\\/news.save.ch\\\/de\\\/#\\\/schema\\\/logo\\\/image\\\/\"}},{\"@type\":\"Person\",\"@id\":\"https:\\\/\\\/news.save.ch\\\/de\\\/#\\\/schema\\\/person\\\/d49e199490bad7c70d64b9ab51142f2b\",\"name\":\"admin\",\"image\":{\"@type\":\"ImageObject\",\"inLanguage\":\"de\",\"@id\":\"https:\\\/\\\/secure.gravatar.com\\\/avatar\\\/ae2f4d718e6c49043e314ce431e7e645d646302a24a5ef5a8bc8e3f5a032e319?s=96&d=mm&r=g\",\"url\":\"https:\\\/\\\/secure.gravatar.com\\\/avatar\\\/ae2f4d718e6c49043e314ce431e7e645d646302a24a5ef5a8bc8e3f5a032e319?s=96&d=mm&r=g\",\"contentUrl\":\"https:\\\/\\\/secure.gravatar.com\\\/avatar\\\/ae2f4d718e6c49043e314ce431e7e645d646302a24a5ef5a8bc8e3f5a032e319?s=96&d=mm&r=g\",\"caption\":\"admin\"},\"sameAs\":[\"https:\\\/\\\/develop.organisator.galledia.ch\"],\"url\":\"https:\\\/\\\/news.save.ch\\\/de\\\/author\\\/admin\\\/\"}]}<\/script>\n<!-- \/ Yoast SEO plugin. -->","yoast_head_json":{"title":"Grosses Misstrauen in die digitale Wolke - Save","description":"Cloud Computing in Deutschland: Bei 84% der Unternehmen herrscht grosse Unsicherheit dar\u00fcber, ob ihre Daten in der \u201edigitalen Wolke\u201c noch sicher sind.","robots":{"index":"index","follow":"follow","max-snippet":"max-snippet:-1","max-image-preview":"max-image-preview:large","max-video-preview":"max-video-preview:-1"},"canonical":"https:\/\/news.save.ch\/de\/grosses-misstrauen-in-die-digitale-wolke\/","og_locale":"de_DE","og_type":"article","og_title":"Grosses Misstrauen in die digitale Wolke","og_description":"Dunkle Wolken \u00fcber dem Cloud Computing in Deutschland: Bei 84% der Unternehmen herrscht grosse Unsicherheit dar\u00fcber, ob ihre Daten in der \u201edigitalen Wolke\u201c noch sicher sind.","og_url":"https:\/\/news.save.ch\/de\/grosses-misstrauen-in-die-digitale-wolke\/","og_site_name":"Save","article_published_time":"2015-04-29T07:40:42+00:00","article_modified_time":"2023-03-14T07:57:41+00:00","og_image":[{"url":"https:\/\/sicherheitsforum.ch\/wp-content\/uploads\/2016\/12\/Grosses-Misstrauen-in-die-digitale-Wolke-it-security.jpg","type":"","width":"","height":""}],"author":"admin","twitter_card":"summary_large_image","twitter_misc":{"Geschrieben von":"admin","Gesch\u00e4tzte Lesezeit":"2\u00a0Minuten"},"schema":{"@context":"https:\/\/schema.org","@graph":[{"@type":"Article","@id":"https:\/\/news.save.ch\/grosses-misstrauen-in-die-digitale-wolke\/#article","isPartOf":{"@id":"https:\/\/news.save.ch\/grosses-misstrauen-in-die-digitale-wolke\/"},"author":{"name":"admin","@id":"https:\/\/news.save.ch\/de\/#\/schema\/person\/d49e199490bad7c70d64b9ab51142f2b"},"headline":"Grosses Misstrauen in die digitale Wolke","datePublished":"2015-04-29T07:40:42+00:00","dateModified":"2023-03-14T07:57:41+00:00","mainEntityOfPage":{"@id":"https:\/\/news.save.ch\/grosses-misstrauen-in-die-digitale-wolke\/"},"wordCount":393,"commentCount":0,"publisher":{"@id":"https:\/\/news.save.ch\/de\/#organization"},"image":{"@id":"https:\/\/news.save.ch\/grosses-misstrauen-in-die-digitale-wolke\/#primaryimage"},"thumbnailUrl":"https:\/\/news.save.ch\/wp-content\/uploads\/2016\/12\/Grosses-Misstrauen-in-die-digitale-Wolke-it-security-scaled.jpg","keywords":["Cyber-Crime","ICT-Sicherheit","IT-SECURITY"],"articleSection":["DIGITALISIERUNG"],"inLanguage":"de"},{"@type":"WebPage","@id":"https:\/\/news.save.ch\/grosses-misstrauen-in-die-digitale-wolke\/","url":"https:\/\/news.save.ch\/grosses-misstrauen-in-die-digitale-wolke\/","name":"Grosses Misstrauen in die digitale Wolke - Save","isPartOf":{"@id":"https:\/\/news.save.ch\/de\/#website"},"primaryImageOfPage":{"@id":"https:\/\/news.save.ch\/grosses-misstrauen-in-die-digitale-wolke\/#primaryimage"},"image":{"@id":"https:\/\/news.save.ch\/grosses-misstrauen-in-die-digitale-wolke\/#primaryimage"},"thumbnailUrl":"https:\/\/news.save.ch\/wp-content\/uploads\/2016\/12\/Grosses-Misstrauen-in-die-digitale-Wolke-it-security-scaled.jpg","datePublished":"2015-04-29T07:40:42+00:00","dateModified":"2023-03-14T07:57:41+00:00","description":"Cloud Computing in Deutschland: Bei 84% der Unternehmen herrscht grosse Unsicherheit dar\u00fcber, ob ihre Daten in der \u201edigitalen Wolke\u201c noch sicher sind.","breadcrumb":{"@id":"https:\/\/news.save.ch\/grosses-misstrauen-in-die-digitale-wolke\/#breadcrumb"},"inLanguage":"de","potentialAction":[{"@type":"ReadAction","target":["https:\/\/news.save.ch\/grosses-misstrauen-in-die-digitale-wolke\/"]}]},{"@type":"ImageObject","inLanguage":"de","@id":"https:\/\/news.save.ch\/grosses-misstrauen-in-die-digitale-wolke\/#primaryimage","url":"https:\/\/news.save.ch\/wp-content\/uploads\/2016\/12\/Grosses-Misstrauen-in-die-digitale-Wolke-it-security-scaled.jpg","contentUrl":"https:\/\/news.save.ch\/wp-content\/uploads\/2016\/12\/Grosses-Misstrauen-in-die-digitale-Wolke-it-security-scaled.jpg","width":1400,"height":927,"caption":"Online illegal digital data transfer over the cloud with hand wearing black leather glove pressing enter key"},{"@type":"BreadcrumbList","@id":"https:\/\/news.save.ch\/grosses-misstrauen-in-die-digitale-wolke\/#breadcrumb","itemListElement":[{"@type":"ListItem","position":1,"name":"Home","item":"https:\/\/news.save.ch\/de\/"},{"@type":"ListItem","position":2,"name":"Grosses Misstrauen in die digitale Wolke"}]},{"@type":"WebSite","@id":"https:\/\/news.save.ch\/de\/#website","url":"https:\/\/news.save.ch\/de\/","name":"Save","description":"Schweizer Fachzeitschrift f\u00fcr Sicherheit","publisher":{"@id":"https:\/\/news.save.ch\/de\/#organization"},"potentialAction":[{"@type":"SearchAction","target":{"@type":"EntryPoint","urlTemplate":"https:\/\/news.save.ch\/de\/?s={search_term_string}"},"query-input":{"@type":"PropertyValueSpecification","valueRequired":true,"valueName":"search_term_string"}}],"inLanguage":"de"},{"@type":"Organization","@id":"https:\/\/news.save.ch\/de\/#organization","name":"Sicherheitsforum","url":"https:\/\/news.save.ch\/de\/","logo":{"@type":"ImageObject","inLanguage":"de","@id":"https:\/\/news.save.ch\/de\/#\/schema\/logo\/image\/","url":"https:\/\/news.save.ch\/wp-content\/uploads\/2022\/06\/Logo_SF_2012.png","contentUrl":"https:\/\/news.save.ch\/wp-content\/uploads\/2022\/06\/Logo_SF_2012.png","width":1100,"height":91,"caption":"Sicherheitsforum"},"image":{"@id":"https:\/\/news.save.ch\/de\/#\/schema\/logo\/image\/"}},{"@type":"Person","@id":"https:\/\/news.save.ch\/de\/#\/schema\/person\/d49e199490bad7c70d64b9ab51142f2b","name":"admin","image":{"@type":"ImageObject","inLanguage":"de","@id":"https:\/\/secure.gravatar.com\/avatar\/ae2f4d718e6c49043e314ce431e7e645d646302a24a5ef5a8bc8e3f5a032e319?s=96&d=mm&r=g","url":"https:\/\/secure.gravatar.com\/avatar\/ae2f4d718e6c49043e314ce431e7e645d646302a24a5ef5a8bc8e3f5a032e319?s=96&d=mm&r=g","contentUrl":"https:\/\/secure.gravatar.com\/avatar\/ae2f4d718e6c49043e314ce431e7e645d646302a24a5ef5a8bc8e3f5a032e319?s=96&d=mm&r=g","caption":"admin"},"sameAs":["https:\/\/develop.organisator.galledia.ch"],"url":"https:\/\/news.save.ch\/de\/author\/admin\/"}]}},"_links":{"self":[{"href":"https:\/\/news.save.ch\/de\/wp-json\/wp\/v2\/posts\/345","targetHints":{"allow":["GET"]}}],"collection":[{"href":"https:\/\/news.save.ch\/de\/wp-json\/wp\/v2\/posts"}],"about":[{"href":"https:\/\/news.save.ch\/de\/wp-json\/wp\/v2\/types\/post"}],"author":[{"embeddable":true,"href":"https:\/\/news.save.ch\/de\/wp-json\/wp\/v2\/users\/1"}],"replies":[{"embeddable":true,"href":"https:\/\/news.save.ch\/de\/wp-json\/wp\/v2\/comments?post=345"}],"version-history":[{"count":1,"href":"https:\/\/news.save.ch\/de\/wp-json\/wp\/v2\/posts\/345\/revisions"}],"predecessor-version":[{"id":17800,"href":"https:\/\/news.save.ch\/de\/wp-json\/wp\/v2\/posts\/345\/revisions\/17800"}],"wp:featuredmedia":[{"embeddable":true,"href":"https:\/\/news.save.ch\/de\/wp-json\/wp\/v2\/media\/346"}],"wp:attachment":[{"href":"https:\/\/news.save.ch\/de\/wp-json\/wp\/v2\/media?parent=345"}],"wp:term":[{"taxonomy":"category","embeddable":true,"href":"https:\/\/news.save.ch\/de\/wp-json\/wp\/v2\/categories?post=345"},{"taxonomy":"post_tag","embeddable":true,"href":"https:\/\/news.save.ch\/de\/wp-json\/wp\/v2\/tags?post=345"}],"curies":[{"name":"wp","href":"https:\/\/api.w.org\/{rel}","templated":true}]}}