{"id":3658,"date":"2017-01-09T12:57:50","date_gmt":"2017-01-09T11:57:50","guid":{"rendered":"https:\/\/sicherheitsforum.ch\/?p=3658"},"modified":"2017-01-09T12:57:50","modified_gmt":"2017-01-09T11:57:50","slug":"einheitliche-brandschutz-und-feuerwehrplaene","status":null,"type":"post","link":"https:\/\/news.save.ch\/de\/einheitliche-brandschutz-und-feuerwehrplaene\/","title":{"rendered":"Einheitliche Brandschutz- und Feuerwehrpl\u00e4ne"},"content":{"rendered":"<figure id=\"attachment_3660\" aria-describedby=\"caption-attachment-3660\" style=\"width: 680px\" class=\"wp-caption aligncenter\"><img loading=\"lazy\" decoding=\"async\" class=\"size-medium wp-image-3660\" src=\"https:\/\/sicherheitsforum.ch\/wp-content\/uploads\/2017\/01\/Depositphotos_feuerwehr.jpg\" alt=\"\" width=\"680\" height=\"453\" \/><figcaption id=\"caption-attachment-3660\" class=\"wp-caption-text\">\u00a9 depositphotos<\/figcaption><\/figure>\n<p>Das neue Merkblatt Vereinigung Kantonaler Feuerversicherungen (<a href=\"https:\/\/www.vkf.ch\/\">VKF<\/a>) f\u00fchrt aus, wann, wie und in welchem Umfang Brandschutz-, Flucht- und Rettungswegpl\u00e4ne sowie Feuerwehrpl\u00e4ne zu erstellen sind. Die erg\u00e4nzenden Ausf\u00fchrungen regeln die Anforderungen, Notwendigkeiten sowie G\u00fcltigkeitsbereiche f\u00fcr zwei Haupt-Geb\u00e4udekategorien. Das neue Merkblatt richtet sich sowohl an Architekten, Ingenieure und Planer als auch an Bauherren. Es beinhaltet detaillierte Beispielpl\u00e4ne und CAD Hilfsmittel.<\/p>\n<p><strong>Kantonale Unterschiede geh\u00f6ren der Vergangenheit an<\/strong><\/p>\n<p>Bis heute bestanden f\u00fcr die jeweiligen Brandschutzinstanzen insbesondere bei den Brandschutz- und Feuerwehrpl\u00e4nen kantonale Unterschiede. Beispielsweise musste ein in mehreren Kantonen t\u00e4tiges \u00a0Architekturb\u00fcro \u00fcber die Kantonsgrenzen hinaus unterschiedlich aufgebaute Planvorlagen ber\u00fccksichtigen. Ab sofort k\u00f6nnen Architekten und Fachplaner auf eine schweizweit einheitliche Grundlage abst\u00fctzen.<\/p>\n<p><strong>Gr\u00f6sse und Brandrisiko sind ausschlaggebend<\/strong><\/p>\n<p>Umfang sowie Art und Weise der Brandschutz- und Feuerwehrpl\u00e4ne richten sich nach Gr\u00f6sse, Komplexit\u00e4t und Brandrisiko des jeweiligen Geb\u00e4udes. Die meisten Bauobjekte orientieren sich an den Vorgaben der Kategorie &#8222;einfache Brandschutzpl\u00e4ne&#8220;. Demgegen\u00fcber verlangt die Kategorie &#8222;detaillierte Brandschutzpl\u00e4ne&#8220; zus\u00e4tzliche Angaben. Auf Verlangen der Brandschutzbeh\u00f6rden sind bei gr\u00f6sseren Bauten Brandschutzkonzepte zu erstellen. Diese orientieren sich an der Qualit\u00e4tssicherung, die mit der Einf\u00fchrung der Brandschutzvorschriften 2015 an Bedeutung gewann. Das neue Brandschutzmerkblatt liefert der Eigent\u00fcmer- und Nutzerschaft die erforderlichen Grundlagen zur Darstellung der definierten Brandschutzmassnahmen. Die Beispielpl\u00e4ne und CAD-Hilfsmittel werden ausschliesslich digital auf <a href=\"https:\/\/www.praever.ch\">www.praever.ch<\/a> publiziert.<\/p>\n<p><em>Quelle: VKF<\/em><\/p>\n","protected":false},"excerpt":{"rendered":"<p>Das neue Merkblatt Vereinigung Kantonaler Feuerversicherungen (VKF) f\u00fchrt aus, wann, wie und in welchem Umfang Brandschutz-, Flucht- und Rettungswegpl\u00e4ne sowie Feuerwehrpl\u00e4ne zu erstellen sind. Die erg\u00e4nzenden Ausf\u00fchrungen regeln die Anforderungen, Notwendigkeiten sowie G\u00fcltigkeitsbereiche f\u00fcr zwei Haupt-Geb\u00e4udekategorien. Das neue Merkblatt richtet sich sowohl an Architekten, Ingenieure und Planer als auch an Bauherren. Es beinhaltet detaillierte Beispielpl\u00e4ne [&hellip;]<\/p>\n","protected":false},"author":8,"featured_media":3660,"comment_status":"open","ping_status":"open","sticky":false,"template":"","format":"standard","meta":{"_acf_changed":false,"pgc_sgb_lightbox_settings":"","footnotes":""},"categories":[1,67],"tags":[68],"class_list":["post-3658","post","type-post","status-publish","format-standard","has-post-thumbnail","hentry","category-allgemein","category-brandschutz","tag-tipps-und-tricks"],"acf":[],"hkrextid":null,"publication":null,"issue":null,"workflow":null,"startPage":null,"spitzmarke":null,"_posts_by_tag_page_fields":{"widget_title":"","widget_tags":""},"_at_widget":"1","_yoast_wpseo_primary_category":"1","_yoast_wpseo_focuskw_text_input":"VKF","_yoast_wpseo_opengraph-image":null,"_yoast_wpseo_opengraph-description":null,"_yoast_wpseo_opengraph-title":null,"enclosure":null,"_yoast_wpseo_twitter-title":null,"_yoast_wpseo_twitter-description":null,"_yoast_wpseo_twitter-image":null,"_wp_old_slug":null,"_yoast_wpseo_title":null,"_yoast_wpseo_canonical":null,"yoast_head":"<!-- This site is optimized with the Yoast SEO plugin v27.4 - https:\/\/yoast.com\/product\/yoast-seo-wordpress\/ -->\n<title>Einheitliche Brandschutz- und Feuerwehrpl\u00e4ne - Save<\/title>\n<meta name=\"description\" content=\"Die Vereinigung Kantonaler Feuerversicherungen hat ein f\u00fcr die ganze Schweiz anwendbares Brandschutzmerkblatt ver\u00f6ffentlicht.\" \/>\n<meta name=\"robots\" content=\"index, follow, max-snippet:-1, max-image-preview:large, max-video-preview:-1\" \/>\n<link rel=\"canonical\" href=\"https:\/\/news.save.ch\/de\/einheitliche-brandschutz-und-feuerwehrplaene\/\" \/>\n<meta property=\"og:locale\" content=\"de_DE\" \/>\n<meta property=\"og:type\" content=\"article\" \/>\n<meta property=\"og:title\" content=\"Einheitliche Brandschutz- und Feuerwehrpl\u00e4ne - Save\" \/>\n<meta property=\"og:description\" content=\"Die Vereinigung Kantonaler Feuerversicherungen hat ein f\u00fcr die ganze Schweiz anwendbares Brandschutzmerkblatt ver\u00f6ffentlicht.\" \/>\n<meta property=\"og:url\" content=\"https:\/\/news.save.ch\/de\/einheitliche-brandschutz-und-feuerwehrplaene\/\" \/>\n<meta property=\"og:site_name\" content=\"Save\" \/>\n<meta property=\"article:published_time\" content=\"2017-01-09T11:57:50+00:00\" \/>\n<meta property=\"og:image\" content=\"https:\/\/news.save.ch\/wp-content\/uploads\/2017\/01\/Depositphotos_feuerwehr-scaled.jpg\" \/>\n\t<meta property=\"og:image:width\" content=\"1400\" \/>\n\t<meta property=\"og:image:height\" content=\"933\" \/>\n\t<meta property=\"og:image:type\" content=\"image\/jpeg\" \/>\n<meta name=\"author\" content=\"Roger Str\u00e4ssle\" \/>\n<meta name=\"twitter:card\" content=\"summary_large_image\" \/>\n<meta name=\"twitter:label1\" content=\"Geschrieben von\" \/>\n\t<meta name=\"twitter:data1\" content=\"Roger Str\u00e4ssle\" \/>\n\t<meta name=\"twitter:label2\" content=\"Gesch\u00e4tzte Lesezeit\" \/>\n\t<meta name=\"twitter:data2\" content=\"1\u00a0Minute\" \/>\n<script type=\"application\/ld+json\" class=\"yoast-schema-graph\">{\"@context\":\"https:\\\/\\\/schema.org\",\"@graph\":[{\"@type\":\"Article\",\"@id\":\"https:\\\/\\\/news.save.ch\\\/einheitliche-brandschutz-und-feuerwehrplaene\\\/#article\",\"isPartOf\":{\"@id\":\"https:\\\/\\\/news.save.ch\\\/einheitliche-brandschutz-und-feuerwehrplaene\\\/\"},\"author\":{\"name\":\"Roger Str\u00e4ssle\",\"@id\":\"https:\\\/\\\/news.save.ch\\\/de\\\/#\\\/schema\\\/person\\\/d5022db048e0e2b9785c50e5b24da5aa\"},\"headline\":\"Einheitliche Brandschutz- und Feuerwehrpl\u00e4ne\",\"datePublished\":\"2017-01-09T11:57:50+00:00\",\"mainEntityOfPage\":{\"@id\":\"https:\\\/\\\/news.save.ch\\\/einheitliche-brandschutz-und-feuerwehrplaene\\\/\"},\"wordCount\":252,\"commentCount\":0,\"publisher\":{\"@id\":\"https:\\\/\\\/news.save.ch\\\/de\\\/#organization\"},\"image\":{\"@id\":\"https:\\\/\\\/news.save.ch\\\/einheitliche-brandschutz-und-feuerwehrplaene\\\/#primaryimage\"},\"thumbnailUrl\":\"https:\\\/\\\/news.save.ch\\\/wp-content\\\/uploads\\\/2017\\\/01\\\/Depositphotos_feuerwehr-scaled.jpg\",\"keywords\":[\"Tipps und Tricks\"],\"articleSection\":[\"ALLGEMEIN\",\"BRANDSCHUTZ\"],\"inLanguage\":\"de\"},{\"@type\":\"WebPage\",\"@id\":\"https:\\\/\\\/news.save.ch\\\/einheitliche-brandschutz-und-feuerwehrplaene\\\/\",\"url\":\"https:\\\/\\\/news.save.ch\\\/einheitliche-brandschutz-und-feuerwehrplaene\\\/\",\"name\":\"Einheitliche Brandschutz- und Feuerwehrpl\u00e4ne - Save\",\"isPartOf\":{\"@id\":\"https:\\\/\\\/news.save.ch\\\/de\\\/#website\"},\"primaryImageOfPage\":{\"@id\":\"https:\\\/\\\/news.save.ch\\\/einheitliche-brandschutz-und-feuerwehrplaene\\\/#primaryimage\"},\"image\":{\"@id\":\"https:\\\/\\\/news.save.ch\\\/einheitliche-brandschutz-und-feuerwehrplaene\\\/#primaryimage\"},\"thumbnailUrl\":\"https:\\\/\\\/news.save.ch\\\/wp-content\\\/uploads\\\/2017\\\/01\\\/Depositphotos_feuerwehr-scaled.jpg\",\"datePublished\":\"2017-01-09T11:57:50+00:00\",\"description\":\"Die Vereinigung Kantonaler Feuerversicherungen hat ein f\u00fcr die ganze Schweiz anwendbares Brandschutzmerkblatt ver\u00f6ffentlicht.\",\"breadcrumb\":{\"@id\":\"https:\\\/\\\/news.save.ch\\\/einheitliche-brandschutz-und-feuerwehrplaene\\\/#breadcrumb\"},\"inLanguage\":\"de\",\"potentialAction\":[{\"@type\":\"ReadAction\",\"target\":[\"https:\\\/\\\/news.save.ch\\\/einheitliche-brandschutz-und-feuerwehrplaene\\\/\"]}]},{\"@type\":\"ImageObject\",\"inLanguage\":\"de\",\"@id\":\"https:\\\/\\\/news.save.ch\\\/einheitliche-brandschutz-und-feuerwehrplaene\\\/#primaryimage\",\"url\":\"https:\\\/\\\/news.save.ch\\\/wp-content\\\/uploads\\\/2017\\\/01\\\/Depositphotos_feuerwehr-scaled.jpg\",\"contentUrl\":\"https:\\\/\\\/news.save.ch\\\/wp-content\\\/uploads\\\/2017\\\/01\\\/Depositphotos_feuerwehr-scaled.jpg\",\"width\":1400,\"height\":933,\"caption\":\"\u00a9 depositphotos\"},{\"@type\":\"BreadcrumbList\",\"@id\":\"https:\\\/\\\/news.save.ch\\\/einheitliche-brandschutz-und-feuerwehrplaene\\\/#breadcrumb\",\"itemListElement\":[{\"@type\":\"ListItem\",\"position\":1,\"name\":\"Home\",\"item\":\"https:\\\/\\\/news.save.ch\\\/de\\\/\"},{\"@type\":\"ListItem\",\"position\":2,\"name\":\"Einheitliche Brandschutz- und Feuerwehrpl\u00e4ne\"}]},{\"@type\":\"WebSite\",\"@id\":\"https:\\\/\\\/news.save.ch\\\/de\\\/#website\",\"url\":\"https:\\\/\\\/news.save.ch\\\/de\\\/\",\"name\":\"Save\",\"description\":\"Schweizer Fachzeitschrift f\u00fcr Sicherheit\",\"publisher\":{\"@id\":\"https:\\\/\\\/news.save.ch\\\/de\\\/#organization\"},\"potentialAction\":[{\"@type\":\"SearchAction\",\"target\":{\"@type\":\"EntryPoint\",\"urlTemplate\":\"https:\\\/\\\/news.save.ch\\\/de\\\/?s={search_term_string}\"},\"query-input\":{\"@type\":\"PropertyValueSpecification\",\"valueRequired\":true,\"valueName\":\"search_term_string\"}}],\"inLanguage\":\"de\"},{\"@type\":\"Organization\",\"@id\":\"https:\\\/\\\/news.save.ch\\\/de\\\/#organization\",\"name\":\"Sicherheitsforum\",\"url\":\"https:\\\/\\\/news.save.ch\\\/de\\\/\",\"logo\":{\"@type\":\"ImageObject\",\"inLanguage\":\"de\",\"@id\":\"https:\\\/\\\/news.save.ch\\\/de\\\/#\\\/schema\\\/logo\\\/image\\\/\",\"url\":\"https:\\\/\\\/news.save.ch\\\/wp-content\\\/uploads\\\/2022\\\/06\\\/Logo_SF_2012.png\",\"contentUrl\":\"https:\\\/\\\/news.save.ch\\\/wp-content\\\/uploads\\\/2022\\\/06\\\/Logo_SF_2012.png\",\"width\":1100,\"height\":91,\"caption\":\"Sicherheitsforum\"},\"image\":{\"@id\":\"https:\\\/\\\/news.save.ch\\\/de\\\/#\\\/schema\\\/logo\\\/image\\\/\"}},{\"@type\":\"Person\",\"@id\":\"https:\\\/\\\/news.save.ch\\\/de\\\/#\\\/schema\\\/person\\\/d5022db048e0e2b9785c50e5b24da5aa\",\"name\":\"Roger Str\u00e4ssle\",\"image\":{\"@type\":\"ImageObject\",\"inLanguage\":\"de\",\"@id\":\"https:\\\/\\\/secure.gravatar.com\\\/avatar\\\/862a5569d087de48e5856e32f45d719a03804c891d6deb8d4f71a660e79e4a47?s=96&d=mm&r=g\",\"url\":\"https:\\\/\\\/secure.gravatar.com\\\/avatar\\\/862a5569d087de48e5856e32f45d719a03804c891d6deb8d4f71a660e79e4a47?s=96&d=mm&r=g\",\"contentUrl\":\"https:\\\/\\\/secure.gravatar.com\\\/avatar\\\/862a5569d087de48e5856e32f45d719a03804c891d6deb8d4f71a660e79e4a47?s=96&d=mm&r=g\",\"caption\":\"Roger Str\u00e4ssle\"},\"url\":\"https:\\\/\\\/news.save.ch\\\/de\\\/author\\\/roger-straessle\\\/\"}]}<\/script>\n<!-- \/ Yoast SEO plugin. -->","yoast_head_json":{"title":"Einheitliche Brandschutz- und Feuerwehrpl\u00e4ne - Save","description":"Die Vereinigung Kantonaler Feuerversicherungen hat ein f\u00fcr die ganze Schweiz anwendbares Brandschutzmerkblatt ver\u00f6ffentlicht.","robots":{"index":"index","follow":"follow","max-snippet":"max-snippet:-1","max-image-preview":"max-image-preview:large","max-video-preview":"max-video-preview:-1"},"canonical":"https:\/\/news.save.ch\/de\/einheitliche-brandschutz-und-feuerwehrplaene\/","og_locale":"de_DE","og_type":"article","og_title":"Einheitliche Brandschutz- und Feuerwehrpl\u00e4ne - Save","og_description":"Die Vereinigung Kantonaler Feuerversicherungen hat ein f\u00fcr die ganze Schweiz anwendbares Brandschutzmerkblatt ver\u00f6ffentlicht.","og_url":"https:\/\/news.save.ch\/de\/einheitliche-brandschutz-und-feuerwehrplaene\/","og_site_name":"Save","article_published_time":"2017-01-09T11:57:50+00:00","og_image":[{"width":1400,"height":933,"url":"https:\/\/news.save.ch\/wp-content\/uploads\/2017\/01\/Depositphotos_feuerwehr-scaled.jpg","type":"image\/jpeg"}],"author":"Roger Str\u00e4ssle","twitter_card":"summary_large_image","twitter_misc":{"Geschrieben von":"Roger Str\u00e4ssle","Gesch\u00e4tzte Lesezeit":"1\u00a0Minute"},"schema":{"@context":"https:\/\/schema.org","@graph":[{"@type":"Article","@id":"https:\/\/news.save.ch\/einheitliche-brandschutz-und-feuerwehrplaene\/#article","isPartOf":{"@id":"https:\/\/news.save.ch\/einheitliche-brandschutz-und-feuerwehrplaene\/"},"author":{"name":"Roger Str\u00e4ssle","@id":"https:\/\/news.save.ch\/de\/#\/schema\/person\/d5022db048e0e2b9785c50e5b24da5aa"},"headline":"Einheitliche Brandschutz- und Feuerwehrpl\u00e4ne","datePublished":"2017-01-09T11:57:50+00:00","mainEntityOfPage":{"@id":"https:\/\/news.save.ch\/einheitliche-brandschutz-und-feuerwehrplaene\/"},"wordCount":252,"commentCount":0,"publisher":{"@id":"https:\/\/news.save.ch\/de\/#organization"},"image":{"@id":"https:\/\/news.save.ch\/einheitliche-brandschutz-und-feuerwehrplaene\/#primaryimage"},"thumbnailUrl":"https:\/\/news.save.ch\/wp-content\/uploads\/2017\/01\/Depositphotos_feuerwehr-scaled.jpg","keywords":["Tipps und Tricks"],"articleSection":["ALLGEMEIN","BRANDSCHUTZ"],"inLanguage":"de"},{"@type":"WebPage","@id":"https:\/\/news.save.ch\/einheitliche-brandschutz-und-feuerwehrplaene\/","url":"https:\/\/news.save.ch\/einheitliche-brandschutz-und-feuerwehrplaene\/","name":"Einheitliche Brandschutz- und Feuerwehrpl\u00e4ne - Save","isPartOf":{"@id":"https:\/\/news.save.ch\/de\/#website"},"primaryImageOfPage":{"@id":"https:\/\/news.save.ch\/einheitliche-brandschutz-und-feuerwehrplaene\/#primaryimage"},"image":{"@id":"https:\/\/news.save.ch\/einheitliche-brandschutz-und-feuerwehrplaene\/#primaryimage"},"thumbnailUrl":"https:\/\/news.save.ch\/wp-content\/uploads\/2017\/01\/Depositphotos_feuerwehr-scaled.jpg","datePublished":"2017-01-09T11:57:50+00:00","description":"Die Vereinigung Kantonaler Feuerversicherungen hat ein f\u00fcr die ganze Schweiz anwendbares Brandschutzmerkblatt ver\u00f6ffentlicht.","breadcrumb":{"@id":"https:\/\/news.save.ch\/einheitliche-brandschutz-und-feuerwehrplaene\/#breadcrumb"},"inLanguage":"de","potentialAction":[{"@type":"ReadAction","target":["https:\/\/news.save.ch\/einheitliche-brandschutz-und-feuerwehrplaene\/"]}]},{"@type":"ImageObject","inLanguage":"de","@id":"https:\/\/news.save.ch\/einheitliche-brandschutz-und-feuerwehrplaene\/#primaryimage","url":"https:\/\/news.save.ch\/wp-content\/uploads\/2017\/01\/Depositphotos_feuerwehr-scaled.jpg","contentUrl":"https:\/\/news.save.ch\/wp-content\/uploads\/2017\/01\/Depositphotos_feuerwehr-scaled.jpg","width":1400,"height":933,"caption":"\u00a9 depositphotos"},{"@type":"BreadcrumbList","@id":"https:\/\/news.save.ch\/einheitliche-brandschutz-und-feuerwehrplaene\/#breadcrumb","itemListElement":[{"@type":"ListItem","position":1,"name":"Home","item":"https:\/\/news.save.ch\/de\/"},{"@type":"ListItem","position":2,"name":"Einheitliche Brandschutz- und Feuerwehrpl\u00e4ne"}]},{"@type":"WebSite","@id":"https:\/\/news.save.ch\/de\/#website","url":"https:\/\/news.save.ch\/de\/","name":"Save","description":"Schweizer Fachzeitschrift f\u00fcr Sicherheit","publisher":{"@id":"https:\/\/news.save.ch\/de\/#organization"},"potentialAction":[{"@type":"SearchAction","target":{"@type":"EntryPoint","urlTemplate":"https:\/\/news.save.ch\/de\/?s={search_term_string}"},"query-input":{"@type":"PropertyValueSpecification","valueRequired":true,"valueName":"search_term_string"}}],"inLanguage":"de"},{"@type":"Organization","@id":"https:\/\/news.save.ch\/de\/#organization","name":"Sicherheitsforum","url":"https:\/\/news.save.ch\/de\/","logo":{"@type":"ImageObject","inLanguage":"de","@id":"https:\/\/news.save.ch\/de\/#\/schema\/logo\/image\/","url":"https:\/\/news.save.ch\/wp-content\/uploads\/2022\/06\/Logo_SF_2012.png","contentUrl":"https:\/\/news.save.ch\/wp-content\/uploads\/2022\/06\/Logo_SF_2012.png","width":1100,"height":91,"caption":"Sicherheitsforum"},"image":{"@id":"https:\/\/news.save.ch\/de\/#\/schema\/logo\/image\/"}},{"@type":"Person","@id":"https:\/\/news.save.ch\/de\/#\/schema\/person\/d5022db048e0e2b9785c50e5b24da5aa","name":"Roger Str\u00e4ssle","image":{"@type":"ImageObject","inLanguage":"de","@id":"https:\/\/secure.gravatar.com\/avatar\/862a5569d087de48e5856e32f45d719a03804c891d6deb8d4f71a660e79e4a47?s=96&d=mm&r=g","url":"https:\/\/secure.gravatar.com\/avatar\/862a5569d087de48e5856e32f45d719a03804c891d6deb8d4f71a660e79e4a47?s=96&d=mm&r=g","contentUrl":"https:\/\/secure.gravatar.com\/avatar\/862a5569d087de48e5856e32f45d719a03804c891d6deb8d4f71a660e79e4a47?s=96&d=mm&r=g","caption":"Roger Str\u00e4ssle"},"url":"https:\/\/news.save.ch\/de\/author\/roger-straessle\/"}]}},"_links":{"self":[{"href":"https:\/\/news.save.ch\/de\/wp-json\/wp\/v2\/posts\/3658","targetHints":{"allow":["GET"]}}],"collection":[{"href":"https:\/\/news.save.ch\/de\/wp-json\/wp\/v2\/posts"}],"about":[{"href":"https:\/\/news.save.ch\/de\/wp-json\/wp\/v2\/types\/post"}],"author":[{"embeddable":true,"href":"https:\/\/news.save.ch\/de\/wp-json\/wp\/v2\/users\/8"}],"replies":[{"embeddable":true,"href":"https:\/\/news.save.ch\/de\/wp-json\/wp\/v2\/comments?post=3658"}],"version-history":[{"count":0,"href":"https:\/\/news.save.ch\/de\/wp-json\/wp\/v2\/posts\/3658\/revisions"}],"wp:featuredmedia":[{"embeddable":true,"href":"https:\/\/news.save.ch\/de\/wp-json\/wp\/v2\/media\/3660"}],"wp:attachment":[{"href":"https:\/\/news.save.ch\/de\/wp-json\/wp\/v2\/media?parent=3658"}],"wp:term":[{"taxonomy":"category","embeddable":true,"href":"https:\/\/news.save.ch\/de\/wp-json\/wp\/v2\/categories?post=3658"},{"taxonomy":"post_tag","embeddable":true,"href":"https:\/\/news.save.ch\/de\/wp-json\/wp\/v2\/tags?post=3658"}],"curies":[{"name":"wp","href":"https:\/\/api.w.org\/{rel}","templated":true}]}}