{"id":3752,"date":"2019-02-04T14:54:10","date_gmt":"2019-02-04T13:54:10","guid":{"rendered":"https:\/\/news.save.ch\/?p=3752"},"modified":"2023-03-14T09:05:08","modified_gmt":"2023-03-14T08:05:08","slug":"premiere-an-der-maintenance-schweiz-2019","status":null,"type":"post","link":"https:\/\/news.save.ch\/de\/premiere-an-der-maintenance-schweiz-2019\/","title":{"rendered":"Premiere an der \u00abmaintenance Schweiz\u00bb 2019"},"content":{"rendered":"<figure id=\"attachment_3794\" aria-describedby=\"caption-attachment-3794\" style=\"width: 680px\" class=\"wp-caption alignnone\"><img loading=\"lazy\" decoding=\"async\" class=\"size-medium wp-image-3794\" src=\"http:\/\/develop.safety-plus.ch\/wp-content\/uploads\/2019\/01\/25367930987_7916026116_b.jpg\" alt=\"\" width=\"680\" height=\"454\" srcset=\"https:\/\/news.save.ch\/wp-content\/uploads\/2019\/01\/25367930987_7916026116_b.jpg 850w, https:\/\/news.save.ch\/wp-content\/uploads\/2019\/01\/25367930987_7916026116_b-680x454.jpg 680w, https:\/\/news.save.ch\/wp-content\/uploads\/2019\/01\/25367930987_7916026116_b-768x512.jpg 768w, https:\/\/news.save.ch\/wp-content\/uploads\/2019\/01\/25367930987_7916026116_b-18x12.jpg 18w, https:\/\/news.save.ch\/wp-content\/uploads\/2019\/01\/25367930987_7916026116_b-375x250.jpg 375w, https:\/\/news.save.ch\/wp-content\/uploads\/2019\/01\/25367930987_7916026116_b-525x350.jpg 525w\" sizes=\"auto, (max-width: 680px) 100vw, 680px\" \/><figcaption id=\"caption-attachment-3794\" class=\"wp-caption-text\">Besucher erhalten ScienceCenter Zugang zu Fachwissen zu allen relevanten Fokus- und Trendthemen wie Smart Maintenance, Digitalisierung oder IIoT. \u00a9 Easyfairs Switzerland<\/figcaption><\/figure>\n<p>Die <strong>\u00ab<\/strong>maintenance Schweiz\u00bb ist der zentrale Branchentreffpunkt und ein Pflichtanlass f\u00fcr Anwender, Anbieter und Interessierte auf dem Gebiet der industriellen Instandhaltung. Die Besucher erfahren an der Messe alles \u00fcber aktuelle und anstehende Entwicklungen. Daneben ist Weiterbildung ein zentrales Anliegen des Veranstalters Easyfairs: Zu den Fokusthemen wie Smart Maintenance, Digitalisierung oder softwarebasierte L\u00f6sungen wie IIoT pr\u00e4sentieren Experten ihr Wissen im ScienceCenter. Die neu geschaffene Smart Maintenance Conference bietet Fachleuten zudem die M\u00f6glichkeit zum Austausch.<\/p>\n<p><strong>Instandhaltung gewinnt an Bedeutung<\/strong><\/p>\n<p>Mit der umfassenden Themenvielfalt wird Easyfairs der steigenden Nachfrage nach Informationen \u00fcber die Instandhaltung gerecht. Die Instandhaltung ist ein wachsendes Spezialgebiet, welches immer mehr in den Fokus der Betreiber und Nutzer von <a href=\"https:\/\/news.save.ch\/herausforderungen-chemikaliensicherheit-und-stoerfallvorsorge\/\" target=\"_blank\" rel=\"noopener\">Anlagen<\/a>, Maschinen oder technischen Einrichtungen im Allgemeinen r\u00fcckt. Sie reicht von der technischen Planung, den Beratungsdienstleistungen, der Verwaltung, der Beschilderung oder dem Arbeits- und Gesundheitsschutz bis hin zum Wissensmanagement der installierten L\u00f6sungen.<\/p>\n<p>In der Welt der Digitalisierung gibt es immer mehr Angebote und M\u00f6glichkeiten, welche auch die Instandhaltungstechnologie revolutionieren. Heute stehen hinter dem Schlagwort Smart Maintenance global vernetzte Softwareprogramme oder Hardwarel\u00f6sungen. Diese erm\u00f6glichen ein Echtzeit-Monitoring, das St\u00f6rungen an Anlagen und damit hohe Kosten verhindern kann. Zu diesem spannenden Themenkomplex pr\u00e4sentieren an der maintenance Schweiz in Z\u00fcrich rund 80 Aussteller und \u00fcber 20 Referenten ihr breites Wissen.<\/p>\n<p><strong>Erste Schweizer \u00abSmart Maintenance Conference\u00bb<\/strong><\/p>\n<p>Spannende Vortr\u00e4ge und anregende Diskussionen erwarten Experten und Besucher im Rahmen der neu geschaffenen Smart Maintenance Conference. Sie beginnt am ersten Messetag um 9:30 Uhr im Raum K3<strong>. <\/strong>Der Anlass wurde in Zusammenarbeit mit der <a href=\"http:\/\/www.data-service-alliance.ch\" target=\"_blank\" rel=\"noopener\">Swiss Alliance for Data-Intensive-Services<\/a> kreiert. Die Fachvortr\u00e4ge und der besondere Netzwerk-Anlass an der Konferenz drehen sich um die neuesten Trends in der digitalisierten Instandhaltung. Christoph Heitz von der Z\u00fcrcher Hochschule f\u00fcr angewandte Wissenschaft ZHAW startet am Er\u00f6ffnungstag mit dem Thema \u00abInstandhaltung 4.0: Daten als <em>Gamechanger<\/em>\u00bb.<\/p>\n<p>Messebesucher sollten sich die Erstauflage der Smart Maintenance Conference nicht entgehen lassen, denn die Pl\u00e4tze sind limitiert und der Eintritt inklusive Kaffeepausen, Getr\u00e4nke und einem exklusiven Business Lunch wird von Easyfairs gesponsert. Anmeldungen nimmt Event Content Manager <a href=\"stefan.meier@easyfairs.com\" target=\"_blank\" rel=\"noopener\">Stefan Meier<\/a> entgegen.<\/p>\n<p><strong>Knowhow im ScienceCenter erleben<\/strong><\/p>\n<p>An der maintenance Schweiz 2019 finden Besucher auch breite Informationsangebote der Verb\u00e4nde und Kooperationspartner wie dem fmpro Swiss und dem Schweizerischen Verein Luft- und Wasserhygiene SVLW. Dar\u00fcber hinaus erhalten G\u00e4ste im ScienceCenter Zugang zu Fachwissen zu allen relevanten Fokus- und Trendthemen wie Smart Maintenance, Digitalisierung oder IIoT. Im ScienceCenter kommt die Wissenschaft zu Wort: Den Auftakt zur dazugeh\u00f6rigen Vortragsreihe macht Markus Burch, Gesch\u00e4ftsleiter Deutschschweiz der SOGEMA Software GmbH mit seinem Referat zum Thema \u00abSmart maintenance mit Data Analysis\u00bb. Weitere Referenten bis Donnerstag sind unter anderen Urs Haberstich\/<a href=\"https:\/\/www.suva.ch\/\" target=\"_blank\" rel=\"noopener\">SUVA<\/a>, Giorgio Badano und Wolfgang Felber von ABB Switzerland Ltd., Reto Amstad\/<a href=\"https:\/\/news.save.ch\/nach-bim-gebaut-der-neu-eingeweihte-campus-in-zug\/\" target=\"_blank\" rel=\"noopener\">Siemens Schweiz AG<\/a>, Thomas Walt\/Netech Neeser Technik AG, Hans-Ueli Siegenthaler\/Gilgen Door Systems AG oder Gerd Kling\/Siemens Schweiz AG. Die vollst\u00e4ndige Referentenliste, den genauen Inhalt der Vortr\u00e4ge und den zeitlichen Ablauf an der Smart Maintenance Conference und im ScienceCenter entnehmen Sie bitte der Messe-Website.<\/p>\n<p><strong>Gutschein-Code f\u00fcr kostenloses Ticket<\/strong><\/p>\n<p>Registrieren Sie sich auf der Website zudem noch heute mit dem <strong>Gutschein-Code \u00ab3112\u00bb<\/strong> f\u00fcr die maintenance Schweiz 2019. Damit sichern Sie sich Ihr kostenloses Eintrittsticket zum Eintritt in die Messe und in eine smarte Instandhaltungswelt.<\/p>\n<p><a href=\"http:\/\/www.maintenance-schweiz.ch\/\" target=\"_blank\" rel=\"noopener\">www.maintenance-schweiz.ch<\/a><\/p>\n<p>Parallel zur maintenance Schweiz \u00f6ffnet gleich gegen\u00fcber die Messe \u00abP<a href=\"http:\/\/www.pumps-valves.ch\" target=\"_blank\" rel=\"noopener\">umps &amp; Valves<\/a>\u00bb am 13. &amp; 14. Februar 2019 ihre Tore. Sie bietet den Fachbesuchern eine optimale Erg\u00e4nzung.<\/p>\n","protected":false},"excerpt":{"rendered":"<p>Die \u00abmaintenance Schweiz\u00bb ist der zentrale Branchentreffpunkt und ein Pflichtanlass f\u00fcr Anwender, Anbieter und Interessierte auf dem Gebiet der industriellen Instandhaltung. Die Besucher erfahren an der Messe alles \u00fcber aktuelle und anstehende Entwicklungen. Daneben ist Weiterbildung ein zentrales Anliegen des Veranstalters Easyfairs: Zu den Fokusthemen wie Smart Maintenance, Digitalisierung oder softwarebasierte L\u00f6sungen wie IIoT pr\u00e4sentieren [&hellip;]<\/p>\n","protected":false},"author":1,"featured_media":3794,"comment_status":"open","ping_status":"open","sticky":false,"template":"","format":"standard","meta":{"_acf_changed":false,"pgc_sgb_lightbox_settings":"","footnotes":""},"categories":[1,3314],"tags":[172,540,84,2500,2669,310,167,68,3135,160,181],"class_list":["post-3752","post","type-post","status-publish","format-standard","has-post-thumbnail","hentry","category-allgemein","category-health-safety","tag-arbeitssicherheit","tag-ausbildung","tag-fachkongressfachmesse","tag-management-und-unternehmensfuehrung","tag-persoenliche-schutzausruestung-psa","tag-sicherheit","tag-suva","tag-tipps-und-tricks","tag-unfaelle","tag-veranstaltungen","tag-versicherung"],"acf":[],"hkrextid":null,"publication":null,"issue":null,"workflow":null,"startPage":null,"spitzmarke":null,"_posts_by_tag_page_fields":{"widget_title":"","widget_tags":""},"_at_widget":"1","_yoast_wpseo_primary_category":"5","_yoast_wpseo_focuskw_text_input":"maintenance Schweiz","_yoast_wpseo_opengraph-image":null,"_yoast_wpseo_opengraph-description":null,"_yoast_wpseo_opengraph-title":null,"enclosure":null,"_yoast_wpseo_twitter-title":null,"_yoast_wpseo_twitter-description":null,"_yoast_wpseo_twitter-image":null,"_wp_old_slug":null,"_yoast_wpseo_title":null,"_yoast_wpseo_canonical":null,"yoast_head":"<!-- This site is optimized with the Yoast SEO plugin v27.4 - https:\/\/yoast.com\/product\/yoast-seo-wordpress\/ -->\n<title>Premiere an der \u00abmaintenance Schweiz\u00bb 2019 - Save<\/title>\n<meta name=\"description\" content=\"Registrieren Sie sich noch heute mit dem Gutschein-Code \u00ab3112\u00bb zur maintenance Schweiz 2019 in Z\u00fcrich.\" \/>\n<meta name=\"robots\" content=\"index, follow, max-snippet:-1, max-image-preview:large, max-video-preview:-1\" \/>\n<link rel=\"canonical\" href=\"https:\/\/news.save.ch\/de\/premiere-an-der-maintenance-schweiz-2019\/\" \/>\n<meta property=\"og:locale\" content=\"de_DE\" \/>\n<meta property=\"og:type\" content=\"article\" \/>\n<meta property=\"og:title\" content=\"Premiere an der \u00abmaintenance Schweiz\u00bb 2019 - Save\" \/>\n<meta property=\"og:description\" content=\"Registrieren Sie sich noch heute mit dem Gutschein-Code \u00ab3112\u00bb zur maintenance Schweiz 2019 in Z\u00fcrich.\" \/>\n<meta property=\"og:url\" content=\"https:\/\/news.save.ch\/de\/premiere-an-der-maintenance-schweiz-2019\/\" \/>\n<meta property=\"og:site_name\" content=\"Save\" \/>\n<meta property=\"article:published_time\" content=\"2019-02-04T13:54:10+00:00\" \/>\n<meta property=\"article:modified_time\" content=\"2023-03-14T08:05:08+00:00\" \/>\n<meta property=\"og:image\" content=\"https:\/\/news.save.ch\/wp-content\/uploads\/2019\/01\/25367930987_7916026116_b.jpg\" \/>\n\t<meta property=\"og:image:width\" content=\"850\" \/>\n\t<meta property=\"og:image:height\" content=\"567\" \/>\n\t<meta property=\"og:image:type\" content=\"image\/jpeg\" \/>\n<meta name=\"author\" content=\"admin\" \/>\n<meta name=\"twitter:card\" content=\"summary_large_image\" \/>\n<meta name=\"twitter:label1\" content=\"Geschrieben von\" \/>\n\t<meta name=\"twitter:data1\" content=\"admin\" \/>\n\t<meta name=\"twitter:label2\" content=\"Gesch\u00e4tzte Lesezeit\" \/>\n\t<meta name=\"twitter:data2\" content=\"3\u00a0Minuten\" \/>\n<script type=\"application\/ld+json\" class=\"yoast-schema-graph\">{\"@context\":\"https:\\\/\\\/schema.org\",\"@graph\":[{\"@type\":\"Article\",\"@id\":\"https:\\\/\\\/news.save.ch\\\/premiere-an-der-maintenance-schweiz-2019\\\/#article\",\"isPartOf\":{\"@id\":\"https:\\\/\\\/news.save.ch\\\/premiere-an-der-maintenance-schweiz-2019\\\/\"},\"author\":{\"name\":\"admin\",\"@id\":\"https:\\\/\\\/news.save.ch\\\/de\\\/#\\\/schema\\\/person\\\/d49e199490bad7c70d64b9ab51142f2b\"},\"headline\":\"Premiere an der \u00abmaintenance Schweiz\u00bb 2019\",\"datePublished\":\"2019-02-04T13:54:10+00:00\",\"dateModified\":\"2023-03-14T08:05:08+00:00\",\"mainEntityOfPage\":{\"@id\":\"https:\\\/\\\/news.save.ch\\\/premiere-an-der-maintenance-schweiz-2019\\\/\"},\"wordCount\":600,\"commentCount\":0,\"publisher\":{\"@id\":\"https:\\\/\\\/news.save.ch\\\/de\\\/#organization\"},\"image\":{\"@id\":\"https:\\\/\\\/news.save.ch\\\/premiere-an-der-maintenance-schweiz-2019\\\/#primaryimage\"},\"thumbnailUrl\":\"https:\\\/\\\/news.save.ch\\\/wp-content\\\/uploads\\\/2019\\\/01\\\/25367930987_7916026116_b.jpg\",\"keywords\":[\"Arbeitssicherheit\",\"Ausbildung\",\"Fachkongress\\\/Fachmesse\",\"Management und Unternehmensf\u00fchrung\",\"Pers\u00f6nliche Schutzausr\u00fcstung (PSA)\",\"Sicherheit\",\"SUVA\",\"Tipps und Tricks\",\"Unf\u00e4lle\",\"Veranstaltungen\",\"Versicherung\"],\"articleSection\":[\"ALLGEMEIN\",\"HEALTH &amp; SAFETY\"],\"inLanguage\":\"de\"},{\"@type\":\"WebPage\",\"@id\":\"https:\\\/\\\/news.save.ch\\\/premiere-an-der-maintenance-schweiz-2019\\\/\",\"url\":\"https:\\\/\\\/news.save.ch\\\/premiere-an-der-maintenance-schweiz-2019\\\/\",\"name\":\"Premiere an der \u00abmaintenance Schweiz\u00bb 2019 - Save\",\"isPartOf\":{\"@id\":\"https:\\\/\\\/news.save.ch\\\/de\\\/#website\"},\"primaryImageOfPage\":{\"@id\":\"https:\\\/\\\/news.save.ch\\\/premiere-an-der-maintenance-schweiz-2019\\\/#primaryimage\"},\"image\":{\"@id\":\"https:\\\/\\\/news.save.ch\\\/premiere-an-der-maintenance-schweiz-2019\\\/#primaryimage\"},\"thumbnailUrl\":\"https:\\\/\\\/news.save.ch\\\/wp-content\\\/uploads\\\/2019\\\/01\\\/25367930987_7916026116_b.jpg\",\"datePublished\":\"2019-02-04T13:54:10+00:00\",\"dateModified\":\"2023-03-14T08:05:08+00:00\",\"description\":\"Registrieren Sie sich noch heute mit dem Gutschein-Code \u00ab3112\u00bb zur maintenance Schweiz 2019 in Z\u00fcrich.\",\"breadcrumb\":{\"@id\":\"https:\\\/\\\/news.save.ch\\\/premiere-an-der-maintenance-schweiz-2019\\\/#breadcrumb\"},\"inLanguage\":\"de\",\"potentialAction\":[{\"@type\":\"ReadAction\",\"target\":[\"https:\\\/\\\/news.save.ch\\\/premiere-an-der-maintenance-schweiz-2019\\\/\"]}]},{\"@type\":\"ImageObject\",\"inLanguage\":\"de\",\"@id\":\"https:\\\/\\\/news.save.ch\\\/premiere-an-der-maintenance-schweiz-2019\\\/#primaryimage\",\"url\":\"https:\\\/\\\/news.save.ch\\\/wp-content\\\/uploads\\\/2019\\\/01\\\/25367930987_7916026116_b.jpg\",\"contentUrl\":\"https:\\\/\\\/news.save.ch\\\/wp-content\\\/uploads\\\/2019\\\/01\\\/25367930987_7916026116_b.jpg\",\"width\":850,\"height\":567,\"caption\":\"Besucher erhalten ScienceCenter Zugang zu Fachwissen zu allen relevanten Fokus- und Trendthemen wie Smart Maintenance, Digitalisierung oder IIoT. \u00a9 Easyfairs Switzerland\"},{\"@type\":\"BreadcrumbList\",\"@id\":\"https:\\\/\\\/news.save.ch\\\/premiere-an-der-maintenance-schweiz-2019\\\/#breadcrumb\",\"itemListElement\":[{\"@type\":\"ListItem\",\"position\":1,\"name\":\"Home\",\"item\":\"https:\\\/\\\/news.save.ch\\\/de\\\/\"},{\"@type\":\"ListItem\",\"position\":2,\"name\":\"Premiere an der \u00abmaintenance Schweiz\u00bb 2019\"}]},{\"@type\":\"WebSite\",\"@id\":\"https:\\\/\\\/news.save.ch\\\/de\\\/#website\",\"url\":\"https:\\\/\\\/news.save.ch\\\/de\\\/\",\"name\":\"Save\",\"description\":\"Schweizer Fachzeitschrift f\u00fcr Sicherheit\",\"publisher\":{\"@id\":\"https:\\\/\\\/news.save.ch\\\/de\\\/#organization\"},\"potentialAction\":[{\"@type\":\"SearchAction\",\"target\":{\"@type\":\"EntryPoint\",\"urlTemplate\":\"https:\\\/\\\/news.save.ch\\\/de\\\/?s={search_term_string}\"},\"query-input\":{\"@type\":\"PropertyValueSpecification\",\"valueRequired\":true,\"valueName\":\"search_term_string\"}}],\"inLanguage\":\"de\"},{\"@type\":\"Organization\",\"@id\":\"https:\\\/\\\/news.save.ch\\\/de\\\/#organization\",\"name\":\"Sicherheitsforum\",\"url\":\"https:\\\/\\\/news.save.ch\\\/de\\\/\",\"logo\":{\"@type\":\"ImageObject\",\"inLanguage\":\"de\",\"@id\":\"https:\\\/\\\/news.save.ch\\\/de\\\/#\\\/schema\\\/logo\\\/image\\\/\",\"url\":\"https:\\\/\\\/news.save.ch\\\/wp-content\\\/uploads\\\/2022\\\/06\\\/Logo_SF_2012.png\",\"contentUrl\":\"https:\\\/\\\/news.save.ch\\\/wp-content\\\/uploads\\\/2022\\\/06\\\/Logo_SF_2012.png\",\"width\":1100,\"height\":91,\"caption\":\"Sicherheitsforum\"},\"image\":{\"@id\":\"https:\\\/\\\/news.save.ch\\\/de\\\/#\\\/schema\\\/logo\\\/image\\\/\"}},{\"@type\":\"Person\",\"@id\":\"https:\\\/\\\/news.save.ch\\\/de\\\/#\\\/schema\\\/person\\\/d49e199490bad7c70d64b9ab51142f2b\",\"name\":\"admin\",\"image\":{\"@type\":\"ImageObject\",\"inLanguage\":\"de\",\"@id\":\"https:\\\/\\\/secure.gravatar.com\\\/avatar\\\/ae2f4d718e6c49043e314ce431e7e645d646302a24a5ef5a8bc8e3f5a032e319?s=96&d=mm&r=g\",\"url\":\"https:\\\/\\\/secure.gravatar.com\\\/avatar\\\/ae2f4d718e6c49043e314ce431e7e645d646302a24a5ef5a8bc8e3f5a032e319?s=96&d=mm&r=g\",\"contentUrl\":\"https:\\\/\\\/secure.gravatar.com\\\/avatar\\\/ae2f4d718e6c49043e314ce431e7e645d646302a24a5ef5a8bc8e3f5a032e319?s=96&d=mm&r=g\",\"caption\":\"admin\"},\"sameAs\":[\"https:\\\/\\\/develop.organisator.galledia.ch\"],\"url\":\"https:\\\/\\\/news.save.ch\\\/de\\\/author\\\/admin\\\/\"}]}<\/script>\n<!-- \/ Yoast SEO plugin. -->","yoast_head_json":{"title":"Premiere an der \u00abmaintenance Schweiz\u00bb 2019 - Save","description":"Registrieren Sie sich noch heute mit dem Gutschein-Code \u00ab3112\u00bb zur maintenance Schweiz 2019 in Z\u00fcrich.","robots":{"index":"index","follow":"follow","max-snippet":"max-snippet:-1","max-image-preview":"max-image-preview:large","max-video-preview":"max-video-preview:-1"},"canonical":"https:\/\/news.save.ch\/de\/premiere-an-der-maintenance-schweiz-2019\/","og_locale":"de_DE","og_type":"article","og_title":"Premiere an der \u00abmaintenance Schweiz\u00bb 2019 - Save","og_description":"Registrieren Sie sich noch heute mit dem Gutschein-Code \u00ab3112\u00bb zur maintenance Schweiz 2019 in Z\u00fcrich.","og_url":"https:\/\/news.save.ch\/de\/premiere-an-der-maintenance-schweiz-2019\/","og_site_name":"Save","article_published_time":"2019-02-04T13:54:10+00:00","article_modified_time":"2023-03-14T08:05:08+00:00","og_image":[{"width":850,"height":567,"url":"https:\/\/news.save.ch\/wp-content\/uploads\/2019\/01\/25367930987_7916026116_b.jpg","type":"image\/jpeg"}],"author":"admin","twitter_card":"summary_large_image","twitter_misc":{"Geschrieben von":"admin","Gesch\u00e4tzte Lesezeit":"3\u00a0Minuten"},"schema":{"@context":"https:\/\/schema.org","@graph":[{"@type":"Article","@id":"https:\/\/news.save.ch\/premiere-an-der-maintenance-schweiz-2019\/#article","isPartOf":{"@id":"https:\/\/news.save.ch\/premiere-an-der-maintenance-schweiz-2019\/"},"author":{"name":"admin","@id":"https:\/\/news.save.ch\/de\/#\/schema\/person\/d49e199490bad7c70d64b9ab51142f2b"},"headline":"Premiere an der \u00abmaintenance Schweiz\u00bb 2019","datePublished":"2019-02-04T13:54:10+00:00","dateModified":"2023-03-14T08:05:08+00:00","mainEntityOfPage":{"@id":"https:\/\/news.save.ch\/premiere-an-der-maintenance-schweiz-2019\/"},"wordCount":600,"commentCount":0,"publisher":{"@id":"https:\/\/news.save.ch\/de\/#organization"},"image":{"@id":"https:\/\/news.save.ch\/premiere-an-der-maintenance-schweiz-2019\/#primaryimage"},"thumbnailUrl":"https:\/\/news.save.ch\/wp-content\/uploads\/2019\/01\/25367930987_7916026116_b.jpg","keywords":["Arbeitssicherheit","Ausbildung","Fachkongress\/Fachmesse","Management und Unternehmensf\u00fchrung","Pers\u00f6nliche Schutzausr\u00fcstung (PSA)","Sicherheit","SUVA","Tipps und Tricks","Unf\u00e4lle","Veranstaltungen","Versicherung"],"articleSection":["ALLGEMEIN","HEALTH &amp; SAFETY"],"inLanguage":"de"},{"@type":"WebPage","@id":"https:\/\/news.save.ch\/premiere-an-der-maintenance-schweiz-2019\/","url":"https:\/\/news.save.ch\/premiere-an-der-maintenance-schweiz-2019\/","name":"Premiere an der \u00abmaintenance Schweiz\u00bb 2019 - Save","isPartOf":{"@id":"https:\/\/news.save.ch\/de\/#website"},"primaryImageOfPage":{"@id":"https:\/\/news.save.ch\/premiere-an-der-maintenance-schweiz-2019\/#primaryimage"},"image":{"@id":"https:\/\/news.save.ch\/premiere-an-der-maintenance-schweiz-2019\/#primaryimage"},"thumbnailUrl":"https:\/\/news.save.ch\/wp-content\/uploads\/2019\/01\/25367930987_7916026116_b.jpg","datePublished":"2019-02-04T13:54:10+00:00","dateModified":"2023-03-14T08:05:08+00:00","description":"Registrieren Sie sich noch heute mit dem Gutschein-Code \u00ab3112\u00bb zur maintenance Schweiz 2019 in Z\u00fcrich.","breadcrumb":{"@id":"https:\/\/news.save.ch\/premiere-an-der-maintenance-schweiz-2019\/#breadcrumb"},"inLanguage":"de","potentialAction":[{"@type":"ReadAction","target":["https:\/\/news.save.ch\/premiere-an-der-maintenance-schweiz-2019\/"]}]},{"@type":"ImageObject","inLanguage":"de","@id":"https:\/\/news.save.ch\/premiere-an-der-maintenance-schweiz-2019\/#primaryimage","url":"https:\/\/news.save.ch\/wp-content\/uploads\/2019\/01\/25367930987_7916026116_b.jpg","contentUrl":"https:\/\/news.save.ch\/wp-content\/uploads\/2019\/01\/25367930987_7916026116_b.jpg","width":850,"height":567,"caption":"Besucher erhalten ScienceCenter Zugang zu Fachwissen zu allen relevanten Fokus- und Trendthemen wie Smart Maintenance, Digitalisierung oder IIoT. \u00a9 Easyfairs Switzerland"},{"@type":"BreadcrumbList","@id":"https:\/\/news.save.ch\/premiere-an-der-maintenance-schweiz-2019\/#breadcrumb","itemListElement":[{"@type":"ListItem","position":1,"name":"Home","item":"https:\/\/news.save.ch\/de\/"},{"@type":"ListItem","position":2,"name":"Premiere an der \u00abmaintenance Schweiz\u00bb 2019"}]},{"@type":"WebSite","@id":"https:\/\/news.save.ch\/de\/#website","url":"https:\/\/news.save.ch\/de\/","name":"Save","description":"Schweizer Fachzeitschrift f\u00fcr Sicherheit","publisher":{"@id":"https:\/\/news.save.ch\/de\/#organization"},"potentialAction":[{"@type":"SearchAction","target":{"@type":"EntryPoint","urlTemplate":"https:\/\/news.save.ch\/de\/?s={search_term_string}"},"query-input":{"@type":"PropertyValueSpecification","valueRequired":true,"valueName":"search_term_string"}}],"inLanguage":"de"},{"@type":"Organization","@id":"https:\/\/news.save.ch\/de\/#organization","name":"Sicherheitsforum","url":"https:\/\/news.save.ch\/de\/","logo":{"@type":"ImageObject","inLanguage":"de","@id":"https:\/\/news.save.ch\/de\/#\/schema\/logo\/image\/","url":"https:\/\/news.save.ch\/wp-content\/uploads\/2022\/06\/Logo_SF_2012.png","contentUrl":"https:\/\/news.save.ch\/wp-content\/uploads\/2022\/06\/Logo_SF_2012.png","width":1100,"height":91,"caption":"Sicherheitsforum"},"image":{"@id":"https:\/\/news.save.ch\/de\/#\/schema\/logo\/image\/"}},{"@type":"Person","@id":"https:\/\/news.save.ch\/de\/#\/schema\/person\/d49e199490bad7c70d64b9ab51142f2b","name":"admin","image":{"@type":"ImageObject","inLanguage":"de","@id":"https:\/\/secure.gravatar.com\/avatar\/ae2f4d718e6c49043e314ce431e7e645d646302a24a5ef5a8bc8e3f5a032e319?s=96&d=mm&r=g","url":"https:\/\/secure.gravatar.com\/avatar\/ae2f4d718e6c49043e314ce431e7e645d646302a24a5ef5a8bc8e3f5a032e319?s=96&d=mm&r=g","contentUrl":"https:\/\/secure.gravatar.com\/avatar\/ae2f4d718e6c49043e314ce431e7e645d646302a24a5ef5a8bc8e3f5a032e319?s=96&d=mm&r=g","caption":"admin"},"sameAs":["https:\/\/develop.organisator.galledia.ch"],"url":"https:\/\/news.save.ch\/de\/author\/admin\/"}]}},"_links":{"self":[{"href":"https:\/\/news.save.ch\/de\/wp-json\/wp\/v2\/posts\/3752","targetHints":{"allow":["GET"]}}],"collection":[{"href":"https:\/\/news.save.ch\/de\/wp-json\/wp\/v2\/posts"}],"about":[{"href":"https:\/\/news.save.ch\/de\/wp-json\/wp\/v2\/types\/post"}],"author":[{"embeddable":true,"href":"https:\/\/news.save.ch\/de\/wp-json\/wp\/v2\/users\/1"}],"replies":[{"embeddable":true,"href":"https:\/\/news.save.ch\/de\/wp-json\/wp\/v2\/comments?post=3752"}],"version-history":[{"count":1,"href":"https:\/\/news.save.ch\/de\/wp-json\/wp\/v2\/posts\/3752\/revisions"}],"predecessor-version":[{"id":18273,"href":"https:\/\/news.save.ch\/de\/wp-json\/wp\/v2\/posts\/3752\/revisions\/18273"}],"wp:featuredmedia":[{"embeddable":true,"href":"https:\/\/news.save.ch\/de\/wp-json\/wp\/v2\/media\/3794"}],"wp:attachment":[{"href":"https:\/\/news.save.ch\/de\/wp-json\/wp\/v2\/media?parent=3752"}],"wp:term":[{"taxonomy":"category","embeddable":true,"href":"https:\/\/news.save.ch\/de\/wp-json\/wp\/v2\/categories?post=3752"},{"taxonomy":"post_tag","embeddable":true,"href":"https:\/\/news.save.ch\/de\/wp-json\/wp\/v2\/tags?post=3752"}],"curies":[{"name":"wp","href":"https:\/\/api.w.org\/{rel}","templated":true}]}}