{"id":3805,"date":"2018-02-05T15:05:24","date_gmt":"2018-02-05T14:05:24","guid":{"rendered":"https:\/\/sicherheitsforum.ch\/?p=3805"},"modified":"2018-02-05T15:05:24","modified_gmt":"2018-02-05T14:05:24","slug":"gesamtschweizerischer-sirenentest","status":null,"type":"post","link":"https:\/\/news.save.ch\/de\/gesamtschweizerischer-sirenentest\/","title":{"rendered":"Sirenentest"},"content":{"rendered":"<p><img loading=\"lazy\" decoding=\"async\" class=\"size-full wp-image-3806\" src=\"https:\/\/sicherheitsforum.ch\/wp-content\/uploads\/2017\/01\/Pneumatic_siren.jpg\" alt=\"\" width=\"640\" height=\"480\" srcset=\"https:\/\/news.save.ch\/wp-content\/uploads\/2017\/01\/Pneumatic_siren.jpg 640w, https:\/\/news.save.ch\/wp-content\/uploads\/2017\/01\/Pneumatic_siren-375x281.jpg 375w\" sizes=\"auto, (max-width: 640px) 100vw, 640px\" \/><\/p>\n<figure id=\"attachment_3806\" aria-describedby=\"caption-attachment-3806\" style=\"width: 640px\" class=\"wp-caption aligncenter\"><img loading=\"lazy\" decoding=\"async\" class=\"size-full wp-image-3806\" src=\"https:\/\/news.save.ch\/wp-content\/uploads\/2017\/01\/Pneumatic_siren.jpg\" alt=\"Der j\u00e4hrliche Sirenentest, der heute gesamtschweizerisch durchgef\u00fchrt wurde, hat gezeigt: 99% der Sirenen funktionieren einwandfrei\" width=\"640\" height=\"480\" srcset=\"https:\/\/news.save.ch\/wp-content\/uploads\/2017\/01\/Pneumatic_siren.jpg 640w, https:\/\/news.save.ch\/wp-content\/uploads\/2017\/01\/Pneumatic_siren-375x281.jpg 375w\" sizes=\"auto, (max-width: 640px) 100vw, 640px\" \/><figcaption id=\"caption-attachment-3806\" class=\"wp-caption-text\">Am Mittwoch, 7. Februar findet wie jedes Jahr der Sirenentest statt. Foto: Wikipedia.org<\/figcaption><\/figure>\n<p>Katastrophen k\u00f6nnen sich jederzeit und ohne Vorwarnung ereignen &#8211; auch in der Schweiz. Im Ereignisfall ist es entscheidend, dass die zust\u00e4ndigen Beh\u00f6rden, die F\u00fchrungs- und Einsatzorganisationen des Bev\u00f6lkerungsschutzes und auch die betroffene Bev\u00f6lkerung m\u00f6glichst rasch und richtig handeln. Dazu m\u00fcssen die relevanten Informationen verf\u00fcgbar sein. Im Ergebnis k\u00f6nnen damit Sch\u00e4den verhindert oder begrenzt werden.<\/p>\n<p>Zu diesem Zweck verf\u00fcgt die Schweiz \u00fcber ein dichtes Netz von rund 5\u2018000 station\u00e4ren sowie rund 2\u2018200 mobilen Sirenen, mit denen die Alarmierung der Bev\u00f6lkerung sichergestellt ist. Das Bundesamt f\u00fcr Bev\u00f6lkerungsschutz (<a href=\"https:\/\/www.babs.admin.ch\/\">Babs<\/a>) sorgt in Zusammenarbeit mit den Kantonen, Gemeinden und Stauanlagenbetreibern daf\u00fcr, dass die Alarmierungssysteme auf dem neusten technischen Stand sind und jederzeit betriebsbereit gehalten werden. So sind in den letzten Jahren s\u00e4mtliche rund 5000 station\u00e4ren Sirenen an das einheitliche Steuerungssystem Polyalert angeschlossen worden. Damit k\u00f6nnen sie in jedem Kanton zentral, in der Regel von der Kantonspolizei, gezielt ausgel\u00f6st werden.<\/p>\n<h2>Allgemeiner Alarm und Wasseralarm<\/h2>\n<p>Am 7. Februar 2018 wird deshalb in der ganzen Schweiz die Funktionsbereitschaft der Sirenen getestet. Dabei werden die Sirenen des Allgemeinen Alarms und des Wasseralarms getestet. Es sind keine Schutzmassnahmen zu ergreifen.<\/p>\n<p>Ausgel\u00f6st wird um 13.30 Uhr das Zeichen des allgemeinen Alarms. Es handelt sich um einen regelm\u00e4ssig auf- und absteigender Heulton von einer Minute. Wenn n\u00f6tig darf der Sirenentest bis 14 Uhr weitergef\u00fchrt werden.<\/p>\n<p>Ab 14.15 Uhr bis sp\u00e4testens 15 Uhr wird in gef\u00e4hrdeten Gebieten unterhalb von Stauanlagen der Wasseralarm ausgel\u00f6st. Es besteht aus zw\u00f6lf tiefen Dauert\u00f6nen von je 20 Sekunden in Abst\u00e4nden von je 10 Sekunden.<\/p>\n<h2>Neue Wege in der Ereigniskommunikation<\/h2>\n<p>Seit 2015 betreibt das Babs gemeinsam mit seinen Partnern unter der Bezeichnung <a href=\"https:\/\/alertswiss.ch\/wissen-tipps\/gefahren-kennen\/\">Alertswiss<\/a> neue Kommunikationskan\u00e4le zur Information der Bev\u00f6lkerung \u00fcber den Schutz bei Katastrophen und in Notlagen, insbesondere eine Website und eine App. K\u00fcnftig sollen die Alertswiss-Kan\u00e4le auch f\u00fcr die Ereignisinformation im Fall von Katastrophen und Notlagen genutzt werden. Damit kann die Bev\u00f6lkerung rasch und umfassend informiert werden. Dies gilt besonders mit Blick auf Personen mit einer H\u00f6rbehinderung, die mit dem traditionellen Sirenenalarm nur ungen\u00fcgend erreicht werden.<\/p>\n<p>Wenn der allgemeine Alarm ausserhalb eines angek\u00fcndigten Sirenentests ert\u00f6nt, bedeutet dies, dass eine Gef\u00e4hrdung der Bev\u00f6lkerung m\u00f6glich ist. In diesem Fall ist die Bev\u00f6lkerung aufgefordert, Radio zu h\u00f6ren, die Anweisungen der Beh\u00f6rden zu befolgen und die Nachbarn zu informieren.<\/p>\n<p>Der Wasseralarm bedeutet, dass eine unmittelbare Gef\u00e4hrdung unterhalb einer Stauanlage besteht. In diesem Fall ist die Bev\u00f6lkerung aufgefordert, das gef\u00e4hrdete Gebiet sofort zu verlassen. Mit Merkbl\u00e4ttern wird die Bev\u00f6lkerung in den betroffenen Gebieten bereits vorg\u00e4ngig \u00fcber den Wasseralarm allgemein und besonders \u00fcber die vor Ort gegebenen Fluchtm\u00f6glichkeiten informiert.<\/p>\n<p>Weitere Hinweise und Verhaltensregeln finden sich auf der <a href=\"https:\/\/www.babs.admin.ch\/\">Website des Bundesamts f\u00fcr Bev\u00f6lkerungsschutz<\/a> sowie im Teletext der SRG-Sender, Seite 680.<\/p>\n<p><em>Quelle: <a href=\"https:\/\/www.vbs.admin.ch\">VBS<\/a><\/em><\/p>\n<p>&nbsp;<\/p>\n<p>&nbsp;<\/p>\n<p>&nbsp;<\/p>\n","protected":false},"excerpt":{"rendered":"<p>Katastrophen k\u00f6nnen sich jederzeit und ohne Vorwarnung ereignen &#8211; auch in der Schweiz. Im Ereignisfall ist es entscheidend, dass die zust\u00e4ndigen Beh\u00f6rden, die F\u00fchrungs- und Einsatzorganisationen des Bev\u00f6lkerungsschutzes und auch die betroffene Bev\u00f6lkerung m\u00f6glichst rasch und richtig handeln. Dazu m\u00fcssen die relevanten Informationen verf\u00fcgbar sein. Im Ergebnis k\u00f6nnen damit Sch\u00e4den verhindert oder begrenzt werden. Zu [&hellip;]<\/p>\n","protected":false},"author":8,"featured_media":3806,"comment_status":"open","ping_status":"open","sticky":false,"template":"","format":"standard","meta":{"_acf_changed":false,"pgc_sgb_lightbox_settings":"","footnotes":""},"categories":[1],"tags":[151,75],"class_list":["post-3805","post","type-post","status-publish","format-standard","has-post-thumbnail","hentry","category-allgemein","tag-alarmierung","tag-sirenentest"],"acf":[],"hkrextid":null,"publication":null,"issue":null,"workflow":null,"startPage":null,"spitzmarke":null,"_posts_by_tag_page_fields":{"widget_title":"","widget_tags":""},"_at_widget":"1","_yoast_wpseo_primary_category":"","_yoast_wpseo_focuskw_text_input":"Sirenen","_yoast_wpseo_opengraph-image":null,"_yoast_wpseo_opengraph-description":null,"_yoast_wpseo_opengraph-title":"Am Mittwoch findet ein gesamtschweizerischer #Sirenentest statt.","enclosure":null,"_yoast_wpseo_twitter-title":"Am Mittwoch findet ein gesamtschweizerischer #Sirenentest statt.","_yoast_wpseo_twitter-description":null,"_yoast_wpseo_twitter-image":null,"_wp_old_slug":null,"_yoast_wpseo_title":null,"_yoast_wpseo_canonical":null,"yoast_head":"<!-- This site is optimized with the Yoast SEO plugin v27.4 - https:\/\/yoast.com\/product\/yoast-seo-wordpress\/ -->\n<title>Sirenentest - Save<\/title>\n<meta name=\"description\" content=\"Sirenen k\u00f6nnen Leben retten. Doch sie m\u00fcssen richtig funktionieren. Deshalb findet am 7. Februar 2018 in der Schweiz der j\u00e4hrliche Sirenentest statt.\" \/>\n<meta name=\"robots\" content=\"index, follow, max-snippet:-1, max-image-preview:large, max-video-preview:-1\" \/>\n<link rel=\"canonical\" href=\"https:\/\/news.save.ch\/de\/gesamtschweizerischer-sirenentest\/\" \/>\n<meta property=\"og:locale\" content=\"de_DE\" \/>\n<meta property=\"og:type\" content=\"article\" \/>\n<meta property=\"og:title\" content=\"Am Mittwoch findet ein gesamtschweizerischer #Sirenentest statt.\" \/>\n<meta property=\"og:description\" content=\"Sirenen k\u00f6nnen Leben retten. Doch sie m\u00fcssen richtig funktionieren. Deshalb findet am 7. Februar 2018 in der Schweiz der j\u00e4hrliche Sirenentest statt.\" \/>\n<meta property=\"og:url\" content=\"https:\/\/news.save.ch\/de\/gesamtschweizerischer-sirenentest\/\" \/>\n<meta property=\"og:site_name\" content=\"Save\" \/>\n<meta property=\"article:published_time\" content=\"2018-02-05T14:05:24+00:00\" \/>\n<meta property=\"og:image\" content=\"https:\/\/news.save.ch\/wp-content\/uploads\/2017\/01\/Pneumatic_siren.jpg\" \/>\n\t<meta property=\"og:image:width\" content=\"640\" \/>\n\t<meta property=\"og:image:height\" content=\"480\" \/>\n\t<meta property=\"og:image:type\" content=\"image\/jpeg\" \/>\n<meta name=\"author\" content=\"Roger Str\u00e4ssle\" \/>\n<meta name=\"twitter:card\" content=\"summary_large_image\" \/>\n<meta name=\"twitter:title\" content=\"Am Mittwoch findet ein gesamtschweizerischer #Sirenentest statt.\" \/>\n<meta name=\"twitter:label1\" content=\"Geschrieben von\" \/>\n\t<meta name=\"twitter:data1\" content=\"Roger Str\u00e4ssle\" \/>\n\t<meta name=\"twitter:label2\" content=\"Gesch\u00e4tzte Lesezeit\" \/>\n\t<meta name=\"twitter:data2\" content=\"3\u00a0Minuten\" \/>\n<script type=\"application\/ld+json\" class=\"yoast-schema-graph\">{\"@context\":\"https:\\\/\\\/schema.org\",\"@graph\":[{\"@type\":\"Article\",\"@id\":\"https:\\\/\\\/news.save.ch\\\/gesamtschweizerischer-sirenentest\\\/#article\",\"isPartOf\":{\"@id\":\"https:\\\/\\\/news.save.ch\\\/gesamtschweizerischer-sirenentest\\\/\"},\"author\":{\"name\":\"Roger Str\u00e4ssle\",\"@id\":\"https:\\\/\\\/news.save.ch\\\/de\\\/#\\\/schema\\\/person\\\/d5022db048e0e2b9785c50e5b24da5aa\"},\"headline\":\"Sirenentest\",\"datePublished\":\"2018-02-05T14:05:24+00:00\",\"mainEntityOfPage\":{\"@id\":\"https:\\\/\\\/news.save.ch\\\/gesamtschweizerischer-sirenentest\\\/\"},\"wordCount\":504,\"commentCount\":0,\"publisher\":{\"@id\":\"https:\\\/\\\/news.save.ch\\\/de\\\/#organization\"},\"image\":{\"@id\":\"https:\\\/\\\/news.save.ch\\\/gesamtschweizerischer-sirenentest\\\/#primaryimage\"},\"thumbnailUrl\":\"https:\\\/\\\/news.save.ch\\\/wp-content\\\/uploads\\\/2017\\\/01\\\/Pneumatic_siren.jpg\",\"keywords\":[\"Alarmierung\",\"Sirenentest\"],\"articleSection\":[\"ALLGEMEIN\"],\"inLanguage\":\"de\"},{\"@type\":\"WebPage\",\"@id\":\"https:\\\/\\\/news.save.ch\\\/gesamtschweizerischer-sirenentest\\\/\",\"url\":\"https:\\\/\\\/news.save.ch\\\/gesamtschweizerischer-sirenentest\\\/\",\"name\":\"Sirenentest - Save\",\"isPartOf\":{\"@id\":\"https:\\\/\\\/news.save.ch\\\/de\\\/#website\"},\"primaryImageOfPage\":{\"@id\":\"https:\\\/\\\/news.save.ch\\\/gesamtschweizerischer-sirenentest\\\/#primaryimage\"},\"image\":{\"@id\":\"https:\\\/\\\/news.save.ch\\\/gesamtschweizerischer-sirenentest\\\/#primaryimage\"},\"thumbnailUrl\":\"https:\\\/\\\/news.save.ch\\\/wp-content\\\/uploads\\\/2017\\\/01\\\/Pneumatic_siren.jpg\",\"datePublished\":\"2018-02-05T14:05:24+00:00\",\"description\":\"Sirenen k\u00f6nnen Leben retten. Doch sie m\u00fcssen richtig funktionieren. Deshalb findet am 7. Februar 2018 in der Schweiz der j\u00e4hrliche Sirenentest statt.\",\"breadcrumb\":{\"@id\":\"https:\\\/\\\/news.save.ch\\\/gesamtschweizerischer-sirenentest\\\/#breadcrumb\"},\"inLanguage\":\"de\",\"potentialAction\":[{\"@type\":\"ReadAction\",\"target\":[\"https:\\\/\\\/news.save.ch\\\/gesamtschweizerischer-sirenentest\\\/\"]}]},{\"@type\":\"ImageObject\",\"inLanguage\":\"de\",\"@id\":\"https:\\\/\\\/news.save.ch\\\/gesamtschweizerischer-sirenentest\\\/#primaryimage\",\"url\":\"https:\\\/\\\/news.save.ch\\\/wp-content\\\/uploads\\\/2017\\\/01\\\/Pneumatic_siren.jpg\",\"contentUrl\":\"https:\\\/\\\/news.save.ch\\\/wp-content\\\/uploads\\\/2017\\\/01\\\/Pneumatic_siren.jpg\",\"width\":640,\"height\":480,\"caption\":\"Am Mittwoch, 1 Februar finden in der ganzen Schweiz Sirenentests statt. Foto: Wikipedia.org\"},{\"@type\":\"BreadcrumbList\",\"@id\":\"https:\\\/\\\/news.save.ch\\\/gesamtschweizerischer-sirenentest\\\/#breadcrumb\",\"itemListElement\":[{\"@type\":\"ListItem\",\"position\":1,\"name\":\"Home\",\"item\":\"https:\\\/\\\/news.save.ch\\\/de\\\/\"},{\"@type\":\"ListItem\",\"position\":2,\"name\":\"Sirenentest\"}]},{\"@type\":\"WebSite\",\"@id\":\"https:\\\/\\\/news.save.ch\\\/de\\\/#website\",\"url\":\"https:\\\/\\\/news.save.ch\\\/de\\\/\",\"name\":\"Save\",\"description\":\"Schweizer Fachzeitschrift f\u00fcr Sicherheit\",\"publisher\":{\"@id\":\"https:\\\/\\\/news.save.ch\\\/de\\\/#organization\"},\"potentialAction\":[{\"@type\":\"SearchAction\",\"target\":{\"@type\":\"EntryPoint\",\"urlTemplate\":\"https:\\\/\\\/news.save.ch\\\/de\\\/?s={search_term_string}\"},\"query-input\":{\"@type\":\"PropertyValueSpecification\",\"valueRequired\":true,\"valueName\":\"search_term_string\"}}],\"inLanguage\":\"de\"},{\"@type\":\"Organization\",\"@id\":\"https:\\\/\\\/news.save.ch\\\/de\\\/#organization\",\"name\":\"Sicherheitsforum\",\"url\":\"https:\\\/\\\/news.save.ch\\\/de\\\/\",\"logo\":{\"@type\":\"ImageObject\",\"inLanguage\":\"de\",\"@id\":\"https:\\\/\\\/news.save.ch\\\/de\\\/#\\\/schema\\\/logo\\\/image\\\/\",\"url\":\"https:\\\/\\\/news.save.ch\\\/wp-content\\\/uploads\\\/2022\\\/06\\\/Logo_SF_2012.png\",\"contentUrl\":\"https:\\\/\\\/news.save.ch\\\/wp-content\\\/uploads\\\/2022\\\/06\\\/Logo_SF_2012.png\",\"width\":1100,\"height\":91,\"caption\":\"Sicherheitsforum\"},\"image\":{\"@id\":\"https:\\\/\\\/news.save.ch\\\/de\\\/#\\\/schema\\\/logo\\\/image\\\/\"}},{\"@type\":\"Person\",\"@id\":\"https:\\\/\\\/news.save.ch\\\/de\\\/#\\\/schema\\\/person\\\/d5022db048e0e2b9785c50e5b24da5aa\",\"name\":\"Roger Str\u00e4ssle\",\"image\":{\"@type\":\"ImageObject\",\"inLanguage\":\"de\",\"@id\":\"https:\\\/\\\/secure.gravatar.com\\\/avatar\\\/862a5569d087de48e5856e32f45d719a03804c891d6deb8d4f71a660e79e4a47?s=96&d=mm&r=g\",\"url\":\"https:\\\/\\\/secure.gravatar.com\\\/avatar\\\/862a5569d087de48e5856e32f45d719a03804c891d6deb8d4f71a660e79e4a47?s=96&d=mm&r=g\",\"contentUrl\":\"https:\\\/\\\/secure.gravatar.com\\\/avatar\\\/862a5569d087de48e5856e32f45d719a03804c891d6deb8d4f71a660e79e4a47?s=96&d=mm&r=g\",\"caption\":\"Roger Str\u00e4ssle\"},\"url\":\"https:\\\/\\\/news.save.ch\\\/de\\\/author\\\/roger-straessle\\\/\"}]}<\/script>\n<!-- \/ Yoast SEO plugin. -->","yoast_head_json":{"title":"Sirenentest - Save","description":"Sirenen k\u00f6nnen Leben retten. Doch sie m\u00fcssen richtig funktionieren. Deshalb findet am 7. Februar 2018 in der Schweiz der j\u00e4hrliche Sirenentest statt.","robots":{"index":"index","follow":"follow","max-snippet":"max-snippet:-1","max-image-preview":"max-image-preview:large","max-video-preview":"max-video-preview:-1"},"canonical":"https:\/\/news.save.ch\/de\/gesamtschweizerischer-sirenentest\/","og_locale":"de_DE","og_type":"article","og_title":"Am Mittwoch findet ein gesamtschweizerischer #Sirenentest statt.","og_description":"Sirenen k\u00f6nnen Leben retten. Doch sie m\u00fcssen richtig funktionieren. Deshalb findet am 7. Februar 2018 in der Schweiz der j\u00e4hrliche Sirenentest statt.","og_url":"https:\/\/news.save.ch\/de\/gesamtschweizerischer-sirenentest\/","og_site_name":"Save","article_published_time":"2018-02-05T14:05:24+00:00","og_image":[{"width":640,"height":480,"url":"https:\/\/news.save.ch\/wp-content\/uploads\/2017\/01\/Pneumatic_siren.jpg","type":"image\/jpeg"}],"author":"Roger Str\u00e4ssle","twitter_card":"summary_large_image","twitter_title":"Am Mittwoch findet ein gesamtschweizerischer #Sirenentest statt.","twitter_misc":{"Geschrieben von":"Roger Str\u00e4ssle","Gesch\u00e4tzte Lesezeit":"3\u00a0Minuten"},"schema":{"@context":"https:\/\/schema.org","@graph":[{"@type":"Article","@id":"https:\/\/news.save.ch\/gesamtschweizerischer-sirenentest\/#article","isPartOf":{"@id":"https:\/\/news.save.ch\/gesamtschweizerischer-sirenentest\/"},"author":{"name":"Roger Str\u00e4ssle","@id":"https:\/\/news.save.ch\/de\/#\/schema\/person\/d5022db048e0e2b9785c50e5b24da5aa"},"headline":"Sirenentest","datePublished":"2018-02-05T14:05:24+00:00","mainEntityOfPage":{"@id":"https:\/\/news.save.ch\/gesamtschweizerischer-sirenentest\/"},"wordCount":504,"commentCount":0,"publisher":{"@id":"https:\/\/news.save.ch\/de\/#organization"},"image":{"@id":"https:\/\/news.save.ch\/gesamtschweizerischer-sirenentest\/#primaryimage"},"thumbnailUrl":"https:\/\/news.save.ch\/wp-content\/uploads\/2017\/01\/Pneumatic_siren.jpg","keywords":["Alarmierung","Sirenentest"],"articleSection":["ALLGEMEIN"],"inLanguage":"de"},{"@type":"WebPage","@id":"https:\/\/news.save.ch\/gesamtschweizerischer-sirenentest\/","url":"https:\/\/news.save.ch\/gesamtschweizerischer-sirenentest\/","name":"Sirenentest - Save","isPartOf":{"@id":"https:\/\/news.save.ch\/de\/#website"},"primaryImageOfPage":{"@id":"https:\/\/news.save.ch\/gesamtschweizerischer-sirenentest\/#primaryimage"},"image":{"@id":"https:\/\/news.save.ch\/gesamtschweizerischer-sirenentest\/#primaryimage"},"thumbnailUrl":"https:\/\/news.save.ch\/wp-content\/uploads\/2017\/01\/Pneumatic_siren.jpg","datePublished":"2018-02-05T14:05:24+00:00","description":"Sirenen k\u00f6nnen Leben retten. Doch sie m\u00fcssen richtig funktionieren. Deshalb findet am 7. Februar 2018 in der Schweiz der j\u00e4hrliche Sirenentest statt.","breadcrumb":{"@id":"https:\/\/news.save.ch\/gesamtschweizerischer-sirenentest\/#breadcrumb"},"inLanguage":"de","potentialAction":[{"@type":"ReadAction","target":["https:\/\/news.save.ch\/gesamtschweizerischer-sirenentest\/"]}]},{"@type":"ImageObject","inLanguage":"de","@id":"https:\/\/news.save.ch\/gesamtschweizerischer-sirenentest\/#primaryimage","url":"https:\/\/news.save.ch\/wp-content\/uploads\/2017\/01\/Pneumatic_siren.jpg","contentUrl":"https:\/\/news.save.ch\/wp-content\/uploads\/2017\/01\/Pneumatic_siren.jpg","width":640,"height":480,"caption":"Am Mittwoch, 1 Februar finden in der ganzen Schweiz Sirenentests statt. Foto: Wikipedia.org"},{"@type":"BreadcrumbList","@id":"https:\/\/news.save.ch\/gesamtschweizerischer-sirenentest\/#breadcrumb","itemListElement":[{"@type":"ListItem","position":1,"name":"Home","item":"https:\/\/news.save.ch\/de\/"},{"@type":"ListItem","position":2,"name":"Sirenentest"}]},{"@type":"WebSite","@id":"https:\/\/news.save.ch\/de\/#website","url":"https:\/\/news.save.ch\/de\/","name":"Save","description":"Schweizer Fachzeitschrift f\u00fcr Sicherheit","publisher":{"@id":"https:\/\/news.save.ch\/de\/#organization"},"potentialAction":[{"@type":"SearchAction","target":{"@type":"EntryPoint","urlTemplate":"https:\/\/news.save.ch\/de\/?s={search_term_string}"},"query-input":{"@type":"PropertyValueSpecification","valueRequired":true,"valueName":"search_term_string"}}],"inLanguage":"de"},{"@type":"Organization","@id":"https:\/\/news.save.ch\/de\/#organization","name":"Sicherheitsforum","url":"https:\/\/news.save.ch\/de\/","logo":{"@type":"ImageObject","inLanguage":"de","@id":"https:\/\/news.save.ch\/de\/#\/schema\/logo\/image\/","url":"https:\/\/news.save.ch\/wp-content\/uploads\/2022\/06\/Logo_SF_2012.png","contentUrl":"https:\/\/news.save.ch\/wp-content\/uploads\/2022\/06\/Logo_SF_2012.png","width":1100,"height":91,"caption":"Sicherheitsforum"},"image":{"@id":"https:\/\/news.save.ch\/de\/#\/schema\/logo\/image\/"}},{"@type":"Person","@id":"https:\/\/news.save.ch\/de\/#\/schema\/person\/d5022db048e0e2b9785c50e5b24da5aa","name":"Roger Str\u00e4ssle","image":{"@type":"ImageObject","inLanguage":"de","@id":"https:\/\/secure.gravatar.com\/avatar\/862a5569d087de48e5856e32f45d719a03804c891d6deb8d4f71a660e79e4a47?s=96&d=mm&r=g","url":"https:\/\/secure.gravatar.com\/avatar\/862a5569d087de48e5856e32f45d719a03804c891d6deb8d4f71a660e79e4a47?s=96&d=mm&r=g","contentUrl":"https:\/\/secure.gravatar.com\/avatar\/862a5569d087de48e5856e32f45d719a03804c891d6deb8d4f71a660e79e4a47?s=96&d=mm&r=g","caption":"Roger Str\u00e4ssle"},"url":"https:\/\/news.save.ch\/de\/author\/roger-straessle\/"}]}},"_links":{"self":[{"href":"https:\/\/news.save.ch\/de\/wp-json\/wp\/v2\/posts\/3805","targetHints":{"allow":["GET"]}}],"collection":[{"href":"https:\/\/news.save.ch\/de\/wp-json\/wp\/v2\/posts"}],"about":[{"href":"https:\/\/news.save.ch\/de\/wp-json\/wp\/v2\/types\/post"}],"author":[{"embeddable":true,"href":"https:\/\/news.save.ch\/de\/wp-json\/wp\/v2\/users\/8"}],"replies":[{"embeddable":true,"href":"https:\/\/news.save.ch\/de\/wp-json\/wp\/v2\/comments?post=3805"}],"version-history":[{"count":0,"href":"https:\/\/news.save.ch\/de\/wp-json\/wp\/v2\/posts\/3805\/revisions"}],"wp:featuredmedia":[{"embeddable":true,"href":"https:\/\/news.save.ch\/de\/wp-json\/wp\/v2\/media\/3806"}],"wp:attachment":[{"href":"https:\/\/news.save.ch\/de\/wp-json\/wp\/v2\/media?parent=3805"}],"wp:term":[{"taxonomy":"category","embeddable":true,"href":"https:\/\/news.save.ch\/de\/wp-json\/wp\/v2\/categories?post=3805"},{"taxonomy":"post_tag","embeddable":true,"href":"https:\/\/news.save.ch\/de\/wp-json\/wp\/v2\/tags?post=3805"}],"curies":[{"name":"wp","href":"https:\/\/api.w.org\/{rel}","templated":true}]}}