{"id":3866,"date":"2017-02-03T09:13:01","date_gmt":"2017-02-03T08:13:01","guid":{"rendered":"https:\/\/news.save.ch\/?p=3866"},"modified":"2023-03-14T08:57:07","modified_gmt":"2023-03-14T07:57:07","slug":"facbooknutzer-aufgepasst-pay-pal-konto-wird-eroeffnet","status":null,"type":"post","link":"https:\/\/news.save.ch\/de\/facbooknutzer-aufgepasst-pay-pal-konto-wird-eroeffnet\/","title":{"rendered":"Achtung Facebooknutzer &#8211; Pay-Pal-Konto wird er\u00f6ffnet"},"content":{"rendered":"<p><img loading=\"lazy\" decoding=\"async\" class=\"size-medium wp-image-3867\" src=\"https:\/\/news.save.ch\/wp-content\/uploads\/2017\/02\/Depositphotos-pay-pal.jpg\" alt=\"\" width=\"680\" height=\"454\" srcset=\"https:\/\/news.save.ch\/wp-content\/uploads\/2017\/02\/Depositphotos-pay-pal.jpg 1000w, https:\/\/news.save.ch\/wp-content\/uploads\/2017\/02\/Depositphotos-pay-pal-375x250.jpg 375w\" sizes=\"auto, (max-width: 680px) 100vw, 680px\" \/><\/p>\n<p>&nbsp;<\/p>\n<p>Und so funktioniert gem\u00e4ss Kantonspolizei (<a href=\"https:\/\/www.kapo.sg.ch\">Kapo<\/a>) St. Gallen das kriminelle Vorgehen mit dem jeweiligen Facebook-Konto:\u00a0Die T\u00e4ter kopieren schon bestehende Facebook-Profile, indem sie sich Profil- und Titelbild downloaden, und so das bestehende Facebook-Profil nachahmen. Von diesen Fake-Profilen verschicken sie dann Freundschaftsanfragen an die Freunde des richtigen Profils.\u00a0Wer den Betrug nicht bemerkt und die von den T\u00e4tern verschickte Freundschaftsanfrage annimmt, wird im n\u00e4chsten Schritt \u00fcber eine private Nachricht nach seiner Handynummer gefragt. Wer seine Handynummer rausgegeben hat, bekommt per SMS einen Zahlencode zugeschickt. Diesen Zahlencode soll man dann an das Fake-Profil zur\u00fcckschicken. Davon ist nat\u00fcrlich dringend abzuraten. Denn:<\/p>\n<p>Mit diesen Handynummern werden Pay-Pal-Konten er\u00f6ffnet, mit welchen Eink\u00e4ufe get\u00e4tigt werden. Diese werden der Telefonrechnung der Gesch\u00e4digten belastet. Die Kapo St. Gallen warnt vor solchen Betr\u00fcgern und bittet die Bev\u00f6lkerung um Vorsicht.<\/p>\n<p><strong>Wie kann man sich sch\u00fctzen?<\/strong><\/p>\n<ul>\n<li>Keine per SMS erhaltenen PIN-Codes weiterschicken<\/li>\n<li>Keine unbekannten SMS best\u00e4tigen<\/li>\n<li>Eigene Mobiltelefonnummer nicht bekannt geben \u2013 auch auf Anfrage nicht<\/li>\n<li>Facebook Privatsph\u00e4re-Einstellungen m\u00f6glichst einschr\u00e4nken, d.h.\u00a0Freundesliste und Mobiltelefonnummer nicht \u00f6ffentlich einsehbar machen<\/li>\n<\/ul>\n<p><em>Quelle: Kapo St. Gallen<\/em><\/p>\n","protected":false},"excerpt":{"rendered":"<p>&nbsp; Und so funktioniert gem\u00e4ss Kantonspolizei (Kapo) St. Gallen das kriminelle Vorgehen mit dem jeweiligen Facebook-Konto:\u00a0Die T\u00e4ter kopieren schon bestehende Facebook-Profile, indem sie sich Profil- und Titelbild downloaden, und so das bestehende Facebook-Profil nachahmen. Von diesen Fake-Profilen verschicken sie dann Freundschaftsanfragen an die Freunde des richtigen Profils.\u00a0Wer den Betrug nicht bemerkt und die von den [&hellip;]<\/p>\n","protected":false},"author":8,"featured_media":3867,"comment_status":"open","ping_status":"open","sticky":false,"template":"","format":"standard","meta":{"_acf_changed":false,"pgc_sgb_lightbox_settings":"","footnotes":""},"categories":[1,3313],"tags":[63,69],"class_list":["post-3866","post","type-post","status-publish","format-standard","has-post-thumbnail","hentry","category-allgemein","category-digitalisierung","tag-it-security","tag-justiz-polizei"],"acf":[],"hkrextid":null,"publication":null,"issue":null,"workflow":null,"startPage":null,"spitzmarke":null,"_posts_by_tag_page_fields":{"widget_title":"","widget_tags":""},"_at_widget":"1","_yoast_wpseo_primary_category":"2","_yoast_wpseo_focuskw_text_input":"Kantonspolizei","_yoast_wpseo_opengraph-image":null,"_yoast_wpseo_opengraph-description":null,"_yoast_wpseo_opengraph-title":null,"enclosure":null,"_yoast_wpseo_twitter-title":null,"_yoast_wpseo_twitter-description":null,"_yoast_wpseo_twitter-image":null,"_wp_old_slug":null,"_yoast_wpseo_title":null,"_yoast_wpseo_canonical":null,"yoast_head":"<!-- This site is optimized with the Yoast SEO plugin v27.5 - https:\/\/yoast.com\/product\/yoast-seo-wordpress\/ -->\n<title>Achtung Facebooknutzer - Pay-Pal-Konto wird er\u00f6ffnet - Save<\/title>\n<meta name=\"description\" content=\"Facebooknutzer aufgepasst, sonst habt ihr am Ende ein Pay-Pal-Konto, \u00fcber das Kriminelle einkaufen und den Betrag deiner Telefonrechnung belasten.\" \/>\n<meta name=\"robots\" content=\"index, follow, max-snippet:-1, max-image-preview:large, max-video-preview:-1\" \/>\n<link rel=\"canonical\" href=\"https:\/\/news.save.ch\/de\/facbooknutzer-aufgepasst-pay-pal-konto-wird-eroeffnet\/\" \/>\n<meta property=\"og:locale\" content=\"de_DE\" \/>\n<meta property=\"og:type\" content=\"article\" \/>\n<meta property=\"og:title\" content=\"Achtung Facebooknutzer - Pay-Pal-Konto wird er\u00f6ffnet - Save\" \/>\n<meta property=\"og:description\" content=\"Facebooknutzer aufgepasst, sonst habt ihr am Ende ein Pay-Pal-Konto, \u00fcber das Kriminelle einkaufen und den Betrag deiner Telefonrechnung belasten.\" \/>\n<meta property=\"og:url\" content=\"https:\/\/news.save.ch\/de\/facbooknutzer-aufgepasst-pay-pal-konto-wird-eroeffnet\/\" \/>\n<meta property=\"og:site_name\" content=\"Save\" \/>\n<meta property=\"article:published_time\" content=\"2017-02-03T08:13:01+00:00\" \/>\n<meta property=\"article:modified_time\" content=\"2023-03-14T07:57:07+00:00\" \/>\n<meta property=\"og:image\" content=\"https:\/\/news.save.ch\/wp-content\/uploads\/2017\/02\/Depositphotos-pay-pal.jpg\" \/>\n\t<meta property=\"og:image:width\" content=\"1000\" \/>\n\t<meta property=\"og:image:height\" content=\"667\" \/>\n\t<meta property=\"og:image:type\" content=\"image\/jpeg\" \/>\n<meta name=\"author\" content=\"Roger Str\u00e4ssle\" \/>\n<meta name=\"twitter:card\" content=\"summary_large_image\" \/>\n<meta name=\"twitter:label1\" content=\"Geschrieben von\" \/>\n\t<meta name=\"twitter:data1\" content=\"Roger Str\u00e4ssle\" \/>\n\t<meta name=\"twitter:label2\" content=\"Gesch\u00e4tzte Lesezeit\" \/>\n\t<meta name=\"twitter:data2\" content=\"1\u00a0Minute\" \/>\n<script type=\"application\/ld+json\" class=\"yoast-schema-graph\">{\"@context\":\"https:\\\/\\\/schema.org\",\"@graph\":[{\"@type\":\"Article\",\"@id\":\"https:\\\/\\\/news.save.ch\\\/facbooknutzer-aufgepasst-pay-pal-konto-wird-eroeffnet\\\/#article\",\"isPartOf\":{\"@id\":\"https:\\\/\\\/news.save.ch\\\/facbooknutzer-aufgepasst-pay-pal-konto-wird-eroeffnet\\\/\"},\"author\":{\"name\":\"Roger Str\u00e4ssle\",\"@id\":\"https:\\\/\\\/news.save.ch\\\/de\\\/#\\\/schema\\\/person\\\/d5022db048e0e2b9785c50e5b24da5aa\"},\"headline\":\"Achtung Facebooknutzer &#8211; Pay-Pal-Konto wird er\u00f6ffnet\",\"datePublished\":\"2017-02-03T08:13:01+00:00\",\"dateModified\":\"2023-03-14T07:57:07+00:00\",\"mainEntityOfPage\":{\"@id\":\"https:\\\/\\\/news.save.ch\\\/facbooknutzer-aufgepasst-pay-pal-konto-wird-eroeffnet\\\/\"},\"wordCount\":196,\"commentCount\":0,\"publisher\":{\"@id\":\"https:\\\/\\\/news.save.ch\\\/de\\\/#organization\"},\"image\":{\"@id\":\"https:\\\/\\\/news.save.ch\\\/facbooknutzer-aufgepasst-pay-pal-konto-wird-eroeffnet\\\/#primaryimage\"},\"thumbnailUrl\":\"https:\\\/\\\/news.save.ch\\\/wp-content\\\/uploads\\\/2017\\\/02\\\/Depositphotos-pay-pal.jpg\",\"keywords\":[\"IT-SECURITY\",\"Justiz &amp; Polizei\"],\"articleSection\":[\"ALLGEMEIN\",\"DIGITALISIERUNG\"],\"inLanguage\":\"de\"},{\"@type\":\"WebPage\",\"@id\":\"https:\\\/\\\/news.save.ch\\\/facbooknutzer-aufgepasst-pay-pal-konto-wird-eroeffnet\\\/\",\"url\":\"https:\\\/\\\/news.save.ch\\\/facbooknutzer-aufgepasst-pay-pal-konto-wird-eroeffnet\\\/\",\"name\":\"Achtung Facebooknutzer - Pay-Pal-Konto wird er\u00f6ffnet - Save\",\"isPartOf\":{\"@id\":\"https:\\\/\\\/news.save.ch\\\/de\\\/#website\"},\"primaryImageOfPage\":{\"@id\":\"https:\\\/\\\/news.save.ch\\\/facbooknutzer-aufgepasst-pay-pal-konto-wird-eroeffnet\\\/#primaryimage\"},\"image\":{\"@id\":\"https:\\\/\\\/news.save.ch\\\/facbooknutzer-aufgepasst-pay-pal-konto-wird-eroeffnet\\\/#primaryimage\"},\"thumbnailUrl\":\"https:\\\/\\\/news.save.ch\\\/wp-content\\\/uploads\\\/2017\\\/02\\\/Depositphotos-pay-pal.jpg\",\"datePublished\":\"2017-02-03T08:13:01+00:00\",\"dateModified\":\"2023-03-14T07:57:07+00:00\",\"description\":\"Facebooknutzer aufgepasst, sonst habt ihr am Ende ein Pay-Pal-Konto, \u00fcber das Kriminelle einkaufen und den Betrag deiner Telefonrechnung belasten.\",\"breadcrumb\":{\"@id\":\"https:\\\/\\\/news.save.ch\\\/facbooknutzer-aufgepasst-pay-pal-konto-wird-eroeffnet\\\/#breadcrumb\"},\"inLanguage\":\"de\",\"potentialAction\":[{\"@type\":\"ReadAction\",\"target\":[\"https:\\\/\\\/news.save.ch\\\/facbooknutzer-aufgepasst-pay-pal-konto-wird-eroeffnet\\\/\"]}]},{\"@type\":\"ImageObject\",\"inLanguage\":\"de\",\"@id\":\"https:\\\/\\\/news.save.ch\\\/facbooknutzer-aufgepasst-pay-pal-konto-wird-eroeffnet\\\/#primaryimage\",\"url\":\"https:\\\/\\\/news.save.ch\\\/wp-content\\\/uploads\\\/2017\\\/02\\\/Depositphotos-pay-pal.jpg\",\"contentUrl\":\"https:\\\/\\\/news.save.ch\\\/wp-content\\\/uploads\\\/2017\\\/02\\\/Depositphotos-pay-pal.jpg\",\"width\":1000,\"height\":667,\"caption\":\"\u00a9 doroshin, depositphotos\"},{\"@type\":\"BreadcrumbList\",\"@id\":\"https:\\\/\\\/news.save.ch\\\/facbooknutzer-aufgepasst-pay-pal-konto-wird-eroeffnet\\\/#breadcrumb\",\"itemListElement\":[{\"@type\":\"ListItem\",\"position\":1,\"name\":\"Home\",\"item\":\"https:\\\/\\\/news.save.ch\\\/de\\\/\"},{\"@type\":\"ListItem\",\"position\":2,\"name\":\"Achtung Facebooknutzer &#8211; Pay-Pal-Konto wird er\u00f6ffnet\"}]},{\"@type\":\"WebSite\",\"@id\":\"https:\\\/\\\/news.save.ch\\\/de\\\/#website\",\"url\":\"https:\\\/\\\/news.save.ch\\\/de\\\/\",\"name\":\"Save\",\"description\":\"Schweizer Fachzeitschrift f\u00fcr Sicherheit\",\"publisher\":{\"@id\":\"https:\\\/\\\/news.save.ch\\\/de\\\/#organization\"},\"potentialAction\":[{\"@type\":\"SearchAction\",\"target\":{\"@type\":\"EntryPoint\",\"urlTemplate\":\"https:\\\/\\\/news.save.ch\\\/de\\\/?s={search_term_string}\"},\"query-input\":{\"@type\":\"PropertyValueSpecification\",\"valueRequired\":true,\"valueName\":\"search_term_string\"}}],\"inLanguage\":\"de\"},{\"@type\":\"Organization\",\"@id\":\"https:\\\/\\\/news.save.ch\\\/de\\\/#organization\",\"name\":\"Sicherheitsforum\",\"url\":\"https:\\\/\\\/news.save.ch\\\/de\\\/\",\"logo\":{\"@type\":\"ImageObject\",\"inLanguage\":\"de\",\"@id\":\"https:\\\/\\\/news.save.ch\\\/de\\\/#\\\/schema\\\/logo\\\/image\\\/\",\"url\":\"https:\\\/\\\/news.save.ch\\\/wp-content\\\/uploads\\\/2022\\\/06\\\/Logo_SF_2012.png\",\"contentUrl\":\"https:\\\/\\\/news.save.ch\\\/wp-content\\\/uploads\\\/2022\\\/06\\\/Logo_SF_2012.png\",\"width\":1100,\"height\":91,\"caption\":\"Sicherheitsforum\"},\"image\":{\"@id\":\"https:\\\/\\\/news.save.ch\\\/de\\\/#\\\/schema\\\/logo\\\/image\\\/\"}},{\"@type\":\"Person\",\"@id\":\"https:\\\/\\\/news.save.ch\\\/de\\\/#\\\/schema\\\/person\\\/d5022db048e0e2b9785c50e5b24da5aa\",\"name\":\"Roger Str\u00e4ssle\",\"image\":{\"@type\":\"ImageObject\",\"inLanguage\":\"de\",\"@id\":\"https:\\\/\\\/secure.gravatar.com\\\/avatar\\\/862a5569d087de48e5856e32f45d719a03804c891d6deb8d4f71a660e79e4a47?s=96&d=mm&r=g\",\"url\":\"https:\\\/\\\/secure.gravatar.com\\\/avatar\\\/862a5569d087de48e5856e32f45d719a03804c891d6deb8d4f71a660e79e4a47?s=96&d=mm&r=g\",\"contentUrl\":\"https:\\\/\\\/secure.gravatar.com\\\/avatar\\\/862a5569d087de48e5856e32f45d719a03804c891d6deb8d4f71a660e79e4a47?s=96&d=mm&r=g\",\"caption\":\"Roger Str\u00e4ssle\"},\"url\":\"https:\\\/\\\/news.save.ch\\\/de\\\/author\\\/roger-straessle\\\/\"}]}<\/script>\n<!-- \/ Yoast SEO plugin. -->","yoast_head_json":{"title":"Achtung Facebooknutzer - Pay-Pal-Konto wird er\u00f6ffnet - Save","description":"Facebooknutzer aufgepasst, sonst habt ihr am Ende ein Pay-Pal-Konto, \u00fcber das Kriminelle einkaufen und den Betrag deiner Telefonrechnung belasten.","robots":{"index":"index","follow":"follow","max-snippet":"max-snippet:-1","max-image-preview":"max-image-preview:large","max-video-preview":"max-video-preview:-1"},"canonical":"https:\/\/news.save.ch\/de\/facbooknutzer-aufgepasst-pay-pal-konto-wird-eroeffnet\/","og_locale":"de_DE","og_type":"article","og_title":"Achtung Facebooknutzer - Pay-Pal-Konto wird er\u00f6ffnet - Save","og_description":"Facebooknutzer aufgepasst, sonst habt ihr am Ende ein Pay-Pal-Konto, \u00fcber das Kriminelle einkaufen und den Betrag deiner Telefonrechnung belasten.","og_url":"https:\/\/news.save.ch\/de\/facbooknutzer-aufgepasst-pay-pal-konto-wird-eroeffnet\/","og_site_name":"Save","article_published_time":"2017-02-03T08:13:01+00:00","article_modified_time":"2023-03-14T07:57:07+00:00","og_image":[{"width":1000,"height":667,"url":"https:\/\/news.save.ch\/wp-content\/uploads\/2017\/02\/Depositphotos-pay-pal.jpg","type":"image\/jpeg"}],"author":"Roger Str\u00e4ssle","twitter_card":"summary_large_image","twitter_misc":{"Geschrieben von":"Roger Str\u00e4ssle","Gesch\u00e4tzte Lesezeit":"1\u00a0Minute"},"schema":{"@context":"https:\/\/schema.org","@graph":[{"@type":"Article","@id":"https:\/\/news.save.ch\/facbooknutzer-aufgepasst-pay-pal-konto-wird-eroeffnet\/#article","isPartOf":{"@id":"https:\/\/news.save.ch\/facbooknutzer-aufgepasst-pay-pal-konto-wird-eroeffnet\/"},"author":{"name":"Roger Str\u00e4ssle","@id":"https:\/\/news.save.ch\/de\/#\/schema\/person\/d5022db048e0e2b9785c50e5b24da5aa"},"headline":"Achtung Facebooknutzer &#8211; Pay-Pal-Konto wird er\u00f6ffnet","datePublished":"2017-02-03T08:13:01+00:00","dateModified":"2023-03-14T07:57:07+00:00","mainEntityOfPage":{"@id":"https:\/\/news.save.ch\/facbooknutzer-aufgepasst-pay-pal-konto-wird-eroeffnet\/"},"wordCount":196,"commentCount":0,"publisher":{"@id":"https:\/\/news.save.ch\/de\/#organization"},"image":{"@id":"https:\/\/news.save.ch\/facbooknutzer-aufgepasst-pay-pal-konto-wird-eroeffnet\/#primaryimage"},"thumbnailUrl":"https:\/\/news.save.ch\/wp-content\/uploads\/2017\/02\/Depositphotos-pay-pal.jpg","keywords":["IT-SECURITY","Justiz &amp; Polizei"],"articleSection":["ALLGEMEIN","DIGITALISIERUNG"],"inLanguage":"de"},{"@type":"WebPage","@id":"https:\/\/news.save.ch\/facbooknutzer-aufgepasst-pay-pal-konto-wird-eroeffnet\/","url":"https:\/\/news.save.ch\/facbooknutzer-aufgepasst-pay-pal-konto-wird-eroeffnet\/","name":"Achtung Facebooknutzer - Pay-Pal-Konto wird er\u00f6ffnet - Save","isPartOf":{"@id":"https:\/\/news.save.ch\/de\/#website"},"primaryImageOfPage":{"@id":"https:\/\/news.save.ch\/facbooknutzer-aufgepasst-pay-pal-konto-wird-eroeffnet\/#primaryimage"},"image":{"@id":"https:\/\/news.save.ch\/facbooknutzer-aufgepasst-pay-pal-konto-wird-eroeffnet\/#primaryimage"},"thumbnailUrl":"https:\/\/news.save.ch\/wp-content\/uploads\/2017\/02\/Depositphotos-pay-pal.jpg","datePublished":"2017-02-03T08:13:01+00:00","dateModified":"2023-03-14T07:57:07+00:00","description":"Facebooknutzer aufgepasst, sonst habt ihr am Ende ein Pay-Pal-Konto, \u00fcber das Kriminelle einkaufen und den Betrag deiner Telefonrechnung belasten.","breadcrumb":{"@id":"https:\/\/news.save.ch\/facbooknutzer-aufgepasst-pay-pal-konto-wird-eroeffnet\/#breadcrumb"},"inLanguage":"de","potentialAction":[{"@type":"ReadAction","target":["https:\/\/news.save.ch\/facbooknutzer-aufgepasst-pay-pal-konto-wird-eroeffnet\/"]}]},{"@type":"ImageObject","inLanguage":"de","@id":"https:\/\/news.save.ch\/facbooknutzer-aufgepasst-pay-pal-konto-wird-eroeffnet\/#primaryimage","url":"https:\/\/news.save.ch\/wp-content\/uploads\/2017\/02\/Depositphotos-pay-pal.jpg","contentUrl":"https:\/\/news.save.ch\/wp-content\/uploads\/2017\/02\/Depositphotos-pay-pal.jpg","width":1000,"height":667,"caption":"\u00a9 doroshin, depositphotos"},{"@type":"BreadcrumbList","@id":"https:\/\/news.save.ch\/facbooknutzer-aufgepasst-pay-pal-konto-wird-eroeffnet\/#breadcrumb","itemListElement":[{"@type":"ListItem","position":1,"name":"Home","item":"https:\/\/news.save.ch\/de\/"},{"@type":"ListItem","position":2,"name":"Achtung Facebooknutzer &#8211; Pay-Pal-Konto wird er\u00f6ffnet"}]},{"@type":"WebSite","@id":"https:\/\/news.save.ch\/de\/#website","url":"https:\/\/news.save.ch\/de\/","name":"Save","description":"Schweizer Fachzeitschrift f\u00fcr Sicherheit","publisher":{"@id":"https:\/\/news.save.ch\/de\/#organization"},"potentialAction":[{"@type":"SearchAction","target":{"@type":"EntryPoint","urlTemplate":"https:\/\/news.save.ch\/de\/?s={search_term_string}"},"query-input":{"@type":"PropertyValueSpecification","valueRequired":true,"valueName":"search_term_string"}}],"inLanguage":"de"},{"@type":"Organization","@id":"https:\/\/news.save.ch\/de\/#organization","name":"Sicherheitsforum","url":"https:\/\/news.save.ch\/de\/","logo":{"@type":"ImageObject","inLanguage":"de","@id":"https:\/\/news.save.ch\/de\/#\/schema\/logo\/image\/","url":"https:\/\/news.save.ch\/wp-content\/uploads\/2022\/06\/Logo_SF_2012.png","contentUrl":"https:\/\/news.save.ch\/wp-content\/uploads\/2022\/06\/Logo_SF_2012.png","width":1100,"height":91,"caption":"Sicherheitsforum"},"image":{"@id":"https:\/\/news.save.ch\/de\/#\/schema\/logo\/image\/"}},{"@type":"Person","@id":"https:\/\/news.save.ch\/de\/#\/schema\/person\/d5022db048e0e2b9785c50e5b24da5aa","name":"Roger Str\u00e4ssle","image":{"@type":"ImageObject","inLanguage":"de","@id":"https:\/\/secure.gravatar.com\/avatar\/862a5569d087de48e5856e32f45d719a03804c891d6deb8d4f71a660e79e4a47?s=96&d=mm&r=g","url":"https:\/\/secure.gravatar.com\/avatar\/862a5569d087de48e5856e32f45d719a03804c891d6deb8d4f71a660e79e4a47?s=96&d=mm&r=g","contentUrl":"https:\/\/secure.gravatar.com\/avatar\/862a5569d087de48e5856e32f45d719a03804c891d6deb8d4f71a660e79e4a47?s=96&d=mm&r=g","caption":"Roger Str\u00e4ssle"},"url":"https:\/\/news.save.ch\/de\/author\/roger-straessle\/"}]}},"_links":{"self":[{"href":"https:\/\/news.save.ch\/de\/wp-json\/wp\/v2\/posts\/3866","targetHints":{"allow":["GET"]}}],"collection":[{"href":"https:\/\/news.save.ch\/de\/wp-json\/wp\/v2\/posts"}],"about":[{"href":"https:\/\/news.save.ch\/de\/wp-json\/wp\/v2\/types\/post"}],"author":[{"embeddable":true,"href":"https:\/\/news.save.ch\/de\/wp-json\/wp\/v2\/users\/8"}],"replies":[{"embeddable":true,"href":"https:\/\/news.save.ch\/de\/wp-json\/wp\/v2\/comments?post=3866"}],"version-history":[{"count":1,"href":"https:\/\/news.save.ch\/de\/wp-json\/wp\/v2\/posts\/3866\/revisions"}],"predecessor-version":[{"id":17533,"href":"https:\/\/news.save.ch\/de\/wp-json\/wp\/v2\/posts\/3866\/revisions\/17533"}],"wp:featuredmedia":[{"embeddable":true,"href":"https:\/\/news.save.ch\/de\/wp-json\/wp\/v2\/media\/3867"}],"wp:attachment":[{"href":"https:\/\/news.save.ch\/de\/wp-json\/wp\/v2\/media?parent=3866"}],"wp:term":[{"taxonomy":"category","embeddable":true,"href":"https:\/\/news.save.ch\/de\/wp-json\/wp\/v2\/categories?post=3866"},{"taxonomy":"post_tag","embeddable":true,"href":"https:\/\/news.save.ch\/de\/wp-json\/wp\/v2\/tags?post=3866"}],"curies":[{"name":"wp","href":"https:\/\/api.w.org\/{rel}","templated":true}]}}