{"id":393,"date":"2015-05-18T10:49:15","date_gmt":"2015-05-18T08:49:15","guid":{"rendered":"https:\/\/dev.sicherheitsforum.ch\/?p=393"},"modified":"2023-03-14T08:57:40","modified_gmt":"2023-03-14T07:57:40","slug":"cyberangriffe-haeufiger-und-folgenschwerer","status":null,"type":"post","link":"https:\/\/news.save.ch\/de\/cyberangriffe-haeufiger-und-folgenschwerer\/","title":{"rendered":"Cyberangriffe: h\u00e4ufiger und folgenschwerer"},"content":{"rendered":"<figure id=\"attachment_394\" aria-describedby=\"caption-attachment-394\" style=\"width: 680px\" class=\"wp-caption alignnone\"><img loading=\"lazy\" decoding=\"async\" class=\"size-medium wp-image-394\" src=\"https:\/\/sicherheitsforum.ch\/wp-content\/uploads\/2016\/12\/Cyberangriffe-h\u00e4ufiger-und-folgenschwerer-it-security.jpg\" alt=\"Cyberattacken k\u00f6nnen teuer ausfallen.\" width=\"680\" height=\"553\" \/><figcaption id=\"caption-attachment-394\" class=\"wp-caption-text\">Cyberattacken k\u00f6nnen teuer ausfallen.<\/figcaption><\/figure>\n<p>In Zukunft werden die Frequenz und das Ausmass an Cyberattacken weiter ansteigen, wie die Unternehmensberatung schreibt. Um Risiken zu minimieren, empfiehlt es sich, Informationssicherheit ganzheitlich <a href=\"https:\/\/www.atkearney.ch\/strategic-it\/featured-article\/-\/asset_publisher\/BqWAk3NLsZIU\/content\/information-security-its-all-about-trust\/10192\" target=\"_blank\" data-cke-saved-href=\"https:\/\/www.atkearney.ch\/strategic-it\/featured-article\/-\/asset_publisher\/BqWAk3NLsZIU\/content\/information-security-its-all-about-trust\/10192\" rel=\"noopener\">in f\u00fcnf Dimensionen<\/a> zu adressieren: Strategie, Organisation, Prozesse, Technologie und Kultur.<\/p>\n<p>\u201eZun\u00e4chst einmal m\u00fcssen Unternehmen verstehen, dass Informationssicherheitsrisiken Gesch\u00e4ftsrisiken sind. Die Verantwortung f\u00fcr das Management dieser Risiken liegt bei der Unternehmensf\u00fchrung, nicht bei der IT-Abteilung oder dem CIO\u201c, erkl\u00e4rt Michael R\u00f6mer, Partner bei A.T.\u00a0Kearney und Leiter des Beratungsbereichs Digital Business in Europa.<\/p>\n<p>Die Methoden der Attacken auf die Informationssicherheit w\u00fcrden sich rasant ver\u00e4ndern, w\u00e4hrend das Risiko und die Folgekosten ungen\u00fcgender Sicherheitsmassnahmen weiter steigen. \u201eDer n\u00e4chste Cyberangriff ist ebenso schwer vorherzusagen wie das n\u00e4chste Erdbeben, allerdings zeichnen sich einige Trends ab. Die gesch\u00e4tzten Kosten erfolgreicher Angriffe liegen j\u00e4hrlich weltweit zwischen 400 Milliarden und 2,2 Billionen US-Dollar. Das entspricht etwa dem Bruttoinlandsprodukt von \u00d6sterreich bzw. Brasilien, wobei langfristige Folgen wie Imagesch\u00e4den durch den Vertrauensverlust kaum angemessen ber\u00fccksichtigt werden k\u00f6nnen\u201c, sagt Boris Piwinger, Senior Manager und Leiter des Beratungsbereichs Informationssicherheit bei A.T.\u00a0Kearney.<\/p>\n<p>Mit der zunehmenden Digitalisierung und den damit einhergehenden, unvermeidlichen Sicherheitsverletzungen w\u00fcrden auch das Ausmass und die Frequenz der Attacken steigen. Piwinger sieht vor allem die folgenden Trends:<\/p>\n<ul>\n<li>globale \u00dcberwachung<\/li>\n<li>gezielte Schw\u00e4chung von Informationssicherheitstechnologie<\/li>\n<li>Attack-as-a-Service-Angebote (AaaS)<\/li>\n<li>massive Angriffe auf Infrastrukturen<\/li>\n<li>industrielle Steuerungssysteme<\/li>\n<\/ul>\n<p>Auch Erpressung sei ein m\u00f6gliches Gesch\u00e4ftsmodell der Angreifer. Sie drohten damit, einen zuvor glaubhaft gemachten Schaden massiv in die H\u00f6he zu treiben, bis das \u201eL\u00f6segeld\u201c bezahlt ist, wie betont wird.<\/p>\n<p><strong>Wie Sicherheitsrisiken minimieren?<\/strong><\/p>\n<p>Die Studie zeigt, dass Unternehmen, die vorbildlich in der Informationssicherheit sind, immer wieder f\u00fcnf Bereiche adressieren, um Risiken zu minimieren:<\/p>\n<ul>\n<li>Strategie<\/li>\n<li>Organisation<\/li>\n<li>Prozesse<\/li>\n<li>Technologie<\/li>\n<li>Kultur<\/li>\n<\/ul>\n<p>\u201eSicherheitsprobleme sind selten auf Fehler in nur einem dieser Bereiche zur\u00fcckzuf\u00fchren. Erfolgreiche Hacker nutzen typischerweise eine Kombination unterschiedlicher Schwachstellen\u201c, erkl\u00e4rt Piwinger.<\/p>\n<p>\u201eUnternehmen, die ihre Sicherheitsrisiken minimieren wollen, brauchen eine eng mit der Unternehmensstrategie verbundene Sicherheitsstrategie, ein ausbalanciertes organisatorisches Setup, in dem schwierige Entscheidungen bew\u00e4ltigt werden k\u00f6nnen, durchdachte und einge\u00fcbte Prozesse zur Bewertung und Bearbeitung von Risiken, einen effizienten Einsatz von Technik und vor allem eine starke Unternehmenskultur, die Informationssicherheit als Wertbeitrag und gemeinsame Aufgabe der Gesamtorganisation wahrnimmt\u201c, sagt Michael R\u00f6mer abschliessend.<\/p>\n","protected":false},"excerpt":{"rendered":"<p>In Zukunft werden die Frequenz und das Ausmass an Cyberattacken weiter ansteigen, wie die Unternehmensberatung schreibt. Um Risiken zu minimieren, empfiehlt es sich, Informationssicherheit ganzheitlich in f\u00fcnf Dimensionen zu adressieren: Strategie, Organisation, Prozesse, Technologie und Kultur. \u201eZun\u00e4chst einmal m\u00fcssen Unternehmen verstehen, dass Informationssicherheitsrisiken Gesch\u00e4ftsrisiken sind. Die Verantwortung f\u00fcr das Management dieser Risiken liegt bei der [&hellip;]<\/p>\n","protected":false},"author":1,"featured_media":394,"comment_status":"open","ping_status":"open","sticky":false,"template":"","format":"standard","meta":{"_acf_changed":false,"pgc_sgb_lightbox_settings":"","footnotes":""},"categories":[3313],"tags":[96,62,63],"class_list":["post-393","post","type-post","status-publish","format-standard","has-post-thumbnail","hentry","category-digitalisierung","tag-cyber-crime","tag-ict-sicherheit","tag-it-security"],"acf":[],"hkrextid":null,"publication":null,"issue":null,"workflow":null,"startPage":null,"spitzmarke":null,"_posts_by_tag_page_fields":{"widget_title":"","widget_tags":""},"_at_widget":"1","_yoast_wpseo_primary_category":"2","_yoast_wpseo_focuskw_text_input":"Cyberangriffe","_yoast_wpseo_opengraph-image":"https:\/\/news.save.ch\/wp-content\/uploads\/2016\/12\/Cyberangriffe-h\u00e4ufiger-und-folgenschwerer-it-security.jpg","_yoast_wpseo_opengraph-description":"Unternehmen untersch\u00e4tzen die Gefahr durch Cyberattacken laut einer Studie der Unternehmensberatung A.T. Kearney. Das kann teuer werden: Die Sch\u00e4tzungen einschl\u00e4giger Institutionen zum weltweiten Schaden liegen zwischen 400 Milliarden und 2,2 Billionen US-Dollar. Hinzu kommen Imagesch\u00e4den und Vertrauensverluste.","_yoast_wpseo_opengraph-title":"Cyberangriffe","enclosure":null,"_yoast_wpseo_twitter-title":null,"_yoast_wpseo_twitter-description":null,"_yoast_wpseo_twitter-image":null,"_wp_old_slug":null,"_yoast_wpseo_title":null,"_yoast_wpseo_canonical":null,"yoast_head":"<!-- This site is optimized with the Yoast SEO plugin v27.4 - https:\/\/yoast.com\/product\/yoast-seo-wordpress\/ -->\n<title>Cyberangriffe: h\u00e4ufiger und folgenschwerer - Save<\/title>\n<meta name=\"description\" content=\"Cyberangriffe: Unternehmen untersch\u00e4tzen die Gefahr durch Cyberattacken laut einer Studie der Unternehmensberatung A.T. Kearney.\" \/>\n<meta name=\"robots\" content=\"index, follow, max-snippet:-1, max-image-preview:large, max-video-preview:-1\" \/>\n<link rel=\"canonical\" href=\"https:\/\/news.save.ch\/de\/cyberangriffe-haeufiger-und-folgenschwerer\/\" \/>\n<meta property=\"og:locale\" content=\"de_DE\" \/>\n<meta property=\"og:type\" content=\"article\" \/>\n<meta property=\"og:title\" content=\"Cyberangriffe\" \/>\n<meta property=\"og:description\" content=\"Unternehmen untersch\u00e4tzen die Gefahr durch Cyberattacken laut einer Studie der Unternehmensberatung A.T. Kearney. Das kann teuer werden: Die Sch\u00e4tzungen einschl\u00e4giger Institutionen zum weltweiten Schaden liegen zwischen 400 Milliarden und 2,2 Billionen US-Dollar. Hinzu kommen Imagesch\u00e4den und Vertrauensverluste.\" \/>\n<meta property=\"og:url\" content=\"https:\/\/news.save.ch\/de\/cyberangriffe-haeufiger-und-folgenschwerer\/\" \/>\n<meta property=\"og:site_name\" content=\"Save\" \/>\n<meta property=\"article:published_time\" content=\"2015-05-18T08:49:15+00:00\" \/>\n<meta property=\"article:modified_time\" content=\"2023-03-14T07:57:40+00:00\" \/>\n<meta property=\"og:image\" content=\"https:\/\/news.save.ch\/wp-content\/uploads\/2016\/12\/Cyberangriffe-h\u00e4ufiger-und-folgenschwerer-it-security.jpg\" \/>\n<meta name=\"author\" content=\"admin\" \/>\n<meta name=\"twitter:card\" content=\"summary_large_image\" \/>\n<meta name=\"twitter:label1\" content=\"Geschrieben von\" \/>\n\t<meta name=\"twitter:data1\" content=\"admin\" \/>\n\t<meta name=\"twitter:label2\" content=\"Gesch\u00e4tzte Lesezeit\" \/>\n\t<meta name=\"twitter:data2\" content=\"2\u00a0Minuten\" \/>\n<script type=\"application\/ld+json\" class=\"yoast-schema-graph\">{\"@context\":\"https:\\\/\\\/schema.org\",\"@graph\":[{\"@type\":\"Article\",\"@id\":\"https:\\\/\\\/news.save.ch\\\/cyberangriffe-haeufiger-und-folgenschwerer\\\/#article\",\"isPartOf\":{\"@id\":\"https:\\\/\\\/news.save.ch\\\/cyberangriffe-haeufiger-und-folgenschwerer\\\/\"},\"author\":{\"name\":\"admin\",\"@id\":\"https:\\\/\\\/news.save.ch\\\/de\\\/#\\\/schema\\\/person\\\/d49e199490bad7c70d64b9ab51142f2b\"},\"headline\":\"Cyberangriffe: h\u00e4ufiger und folgenschwerer\",\"datePublished\":\"2015-05-18T08:49:15+00:00\",\"dateModified\":\"2023-03-14T07:57:40+00:00\",\"mainEntityOfPage\":{\"@id\":\"https:\\\/\\\/news.save.ch\\\/cyberangriffe-haeufiger-und-folgenschwerer\\\/\"},\"wordCount\":396,\"commentCount\":0,\"publisher\":{\"@id\":\"https:\\\/\\\/news.save.ch\\\/de\\\/#organization\"},\"image\":{\"@id\":\"https:\\\/\\\/news.save.ch\\\/cyberangriffe-haeufiger-und-folgenschwerer\\\/#primaryimage\"},\"thumbnailUrl\":\"https:\\\/\\\/news.save.ch\\\/wp-content\\\/uploads\\\/2016\\\/12\\\/Cyberangriffe-haeufiger-und-folgenschwerer-it-security-scaled.jpg\",\"keywords\":[\"Cyber-Crime\",\"ICT-Sicherheit\",\"IT-SECURITY\"],\"articleSection\":[\"DIGITALISIERUNG\"],\"inLanguage\":\"de\"},{\"@type\":\"WebPage\",\"@id\":\"https:\\\/\\\/news.save.ch\\\/cyberangriffe-haeufiger-und-folgenschwerer\\\/\",\"url\":\"https:\\\/\\\/news.save.ch\\\/cyberangriffe-haeufiger-und-folgenschwerer\\\/\",\"name\":\"Cyberangriffe: h\u00e4ufiger und folgenschwerer - Save\",\"isPartOf\":{\"@id\":\"https:\\\/\\\/news.save.ch\\\/de\\\/#website\"},\"primaryImageOfPage\":{\"@id\":\"https:\\\/\\\/news.save.ch\\\/cyberangriffe-haeufiger-und-folgenschwerer\\\/#primaryimage\"},\"image\":{\"@id\":\"https:\\\/\\\/news.save.ch\\\/cyberangriffe-haeufiger-und-folgenschwerer\\\/#primaryimage\"},\"thumbnailUrl\":\"https:\\\/\\\/news.save.ch\\\/wp-content\\\/uploads\\\/2016\\\/12\\\/Cyberangriffe-haeufiger-und-folgenschwerer-it-security-scaled.jpg\",\"datePublished\":\"2015-05-18T08:49:15+00:00\",\"dateModified\":\"2023-03-14T07:57:40+00:00\",\"description\":\"Cyberangriffe: Unternehmen untersch\u00e4tzen die Gefahr durch Cyberattacken laut einer Studie der Unternehmensberatung A.T. Kearney.\",\"breadcrumb\":{\"@id\":\"https:\\\/\\\/news.save.ch\\\/cyberangriffe-haeufiger-und-folgenschwerer\\\/#breadcrumb\"},\"inLanguage\":\"de\",\"potentialAction\":[{\"@type\":\"ReadAction\",\"target\":[\"https:\\\/\\\/news.save.ch\\\/cyberangriffe-haeufiger-und-folgenschwerer\\\/\"]}]},{\"@type\":\"ImageObject\",\"inLanguage\":\"de\",\"@id\":\"https:\\\/\\\/news.save.ch\\\/cyberangriffe-haeufiger-und-folgenschwerer\\\/#primaryimage\",\"url\":\"https:\\\/\\\/news.save.ch\\\/wp-content\\\/uploads\\\/2016\\\/12\\\/Cyberangriffe-haeufiger-und-folgenschwerer-it-security-scaled.jpg\",\"contentUrl\":\"https:\\\/\\\/news.save.ch\\\/wp-content\\\/uploads\\\/2016\\\/12\\\/Cyberangriffe-haeufiger-und-folgenschwerer-it-security-scaled.jpg\",\"width\":1400,\"height\":1139,\"caption\":\"Cyberattacken k\u00f6nnen teuer ausfallen.\"},{\"@type\":\"BreadcrumbList\",\"@id\":\"https:\\\/\\\/news.save.ch\\\/cyberangriffe-haeufiger-und-folgenschwerer\\\/#breadcrumb\",\"itemListElement\":[{\"@type\":\"ListItem\",\"position\":1,\"name\":\"Home\",\"item\":\"https:\\\/\\\/news.save.ch\\\/de\\\/\"},{\"@type\":\"ListItem\",\"position\":2,\"name\":\"Cyberangriffe: h\u00e4ufiger und folgenschwerer\"}]},{\"@type\":\"WebSite\",\"@id\":\"https:\\\/\\\/news.save.ch\\\/de\\\/#website\",\"url\":\"https:\\\/\\\/news.save.ch\\\/de\\\/\",\"name\":\"Save\",\"description\":\"Schweizer Fachzeitschrift f\u00fcr Sicherheit\",\"publisher\":{\"@id\":\"https:\\\/\\\/news.save.ch\\\/de\\\/#organization\"},\"potentialAction\":[{\"@type\":\"SearchAction\",\"target\":{\"@type\":\"EntryPoint\",\"urlTemplate\":\"https:\\\/\\\/news.save.ch\\\/de\\\/?s={search_term_string}\"},\"query-input\":{\"@type\":\"PropertyValueSpecification\",\"valueRequired\":true,\"valueName\":\"search_term_string\"}}],\"inLanguage\":\"de\"},{\"@type\":\"Organization\",\"@id\":\"https:\\\/\\\/news.save.ch\\\/de\\\/#organization\",\"name\":\"Sicherheitsforum\",\"url\":\"https:\\\/\\\/news.save.ch\\\/de\\\/\",\"logo\":{\"@type\":\"ImageObject\",\"inLanguage\":\"de\",\"@id\":\"https:\\\/\\\/news.save.ch\\\/de\\\/#\\\/schema\\\/logo\\\/image\\\/\",\"url\":\"https:\\\/\\\/news.save.ch\\\/wp-content\\\/uploads\\\/2022\\\/06\\\/Logo_SF_2012.png\",\"contentUrl\":\"https:\\\/\\\/news.save.ch\\\/wp-content\\\/uploads\\\/2022\\\/06\\\/Logo_SF_2012.png\",\"width\":1100,\"height\":91,\"caption\":\"Sicherheitsforum\"},\"image\":{\"@id\":\"https:\\\/\\\/news.save.ch\\\/de\\\/#\\\/schema\\\/logo\\\/image\\\/\"}},{\"@type\":\"Person\",\"@id\":\"https:\\\/\\\/news.save.ch\\\/de\\\/#\\\/schema\\\/person\\\/d49e199490bad7c70d64b9ab51142f2b\",\"name\":\"admin\",\"image\":{\"@type\":\"ImageObject\",\"inLanguage\":\"de\",\"@id\":\"https:\\\/\\\/secure.gravatar.com\\\/avatar\\\/ae2f4d718e6c49043e314ce431e7e645d646302a24a5ef5a8bc8e3f5a032e319?s=96&d=mm&r=g\",\"url\":\"https:\\\/\\\/secure.gravatar.com\\\/avatar\\\/ae2f4d718e6c49043e314ce431e7e645d646302a24a5ef5a8bc8e3f5a032e319?s=96&d=mm&r=g\",\"contentUrl\":\"https:\\\/\\\/secure.gravatar.com\\\/avatar\\\/ae2f4d718e6c49043e314ce431e7e645d646302a24a5ef5a8bc8e3f5a032e319?s=96&d=mm&r=g\",\"caption\":\"admin\"},\"sameAs\":[\"https:\\\/\\\/develop.organisator.galledia.ch\"],\"url\":\"https:\\\/\\\/news.save.ch\\\/de\\\/author\\\/admin\\\/\"}]}<\/script>\n<!-- \/ Yoast SEO plugin. -->","yoast_head_json":{"title":"Cyberangriffe: h\u00e4ufiger und folgenschwerer - Save","description":"Cyberangriffe: Unternehmen untersch\u00e4tzen die Gefahr durch Cyberattacken laut einer Studie der Unternehmensberatung A.T. Kearney.","robots":{"index":"index","follow":"follow","max-snippet":"max-snippet:-1","max-image-preview":"max-image-preview:large","max-video-preview":"max-video-preview:-1"},"canonical":"https:\/\/news.save.ch\/de\/cyberangriffe-haeufiger-und-folgenschwerer\/","og_locale":"de_DE","og_type":"article","og_title":"Cyberangriffe","og_description":"Unternehmen untersch\u00e4tzen die Gefahr durch Cyberattacken laut einer Studie der Unternehmensberatung A.T. Kearney. Das kann teuer werden: Die Sch\u00e4tzungen einschl\u00e4giger Institutionen zum weltweiten Schaden liegen zwischen 400 Milliarden und 2,2 Billionen US-Dollar. Hinzu kommen Imagesch\u00e4den und Vertrauensverluste.","og_url":"https:\/\/news.save.ch\/de\/cyberangriffe-haeufiger-und-folgenschwerer\/","og_site_name":"Save","article_published_time":"2015-05-18T08:49:15+00:00","article_modified_time":"2023-03-14T07:57:40+00:00","og_image":[{"url":"https:\/\/news.save.ch\/wp-content\/uploads\/2016\/12\/Cyberangriffe-h\u00e4ufiger-und-folgenschwerer-it-security.jpg","type":"","width":"","height":""}],"author":"admin","twitter_card":"summary_large_image","twitter_misc":{"Geschrieben von":"admin","Gesch\u00e4tzte Lesezeit":"2\u00a0Minuten"},"schema":{"@context":"https:\/\/schema.org","@graph":[{"@type":"Article","@id":"https:\/\/news.save.ch\/cyberangriffe-haeufiger-und-folgenschwerer\/#article","isPartOf":{"@id":"https:\/\/news.save.ch\/cyberangriffe-haeufiger-und-folgenschwerer\/"},"author":{"name":"admin","@id":"https:\/\/news.save.ch\/de\/#\/schema\/person\/d49e199490bad7c70d64b9ab51142f2b"},"headline":"Cyberangriffe: h\u00e4ufiger und folgenschwerer","datePublished":"2015-05-18T08:49:15+00:00","dateModified":"2023-03-14T07:57:40+00:00","mainEntityOfPage":{"@id":"https:\/\/news.save.ch\/cyberangriffe-haeufiger-und-folgenschwerer\/"},"wordCount":396,"commentCount":0,"publisher":{"@id":"https:\/\/news.save.ch\/de\/#organization"},"image":{"@id":"https:\/\/news.save.ch\/cyberangriffe-haeufiger-und-folgenschwerer\/#primaryimage"},"thumbnailUrl":"https:\/\/news.save.ch\/wp-content\/uploads\/2016\/12\/Cyberangriffe-haeufiger-und-folgenschwerer-it-security-scaled.jpg","keywords":["Cyber-Crime","ICT-Sicherheit","IT-SECURITY"],"articleSection":["DIGITALISIERUNG"],"inLanguage":"de"},{"@type":"WebPage","@id":"https:\/\/news.save.ch\/cyberangriffe-haeufiger-und-folgenschwerer\/","url":"https:\/\/news.save.ch\/cyberangriffe-haeufiger-und-folgenschwerer\/","name":"Cyberangriffe: h\u00e4ufiger und folgenschwerer - Save","isPartOf":{"@id":"https:\/\/news.save.ch\/de\/#website"},"primaryImageOfPage":{"@id":"https:\/\/news.save.ch\/cyberangriffe-haeufiger-und-folgenschwerer\/#primaryimage"},"image":{"@id":"https:\/\/news.save.ch\/cyberangriffe-haeufiger-und-folgenschwerer\/#primaryimage"},"thumbnailUrl":"https:\/\/news.save.ch\/wp-content\/uploads\/2016\/12\/Cyberangriffe-haeufiger-und-folgenschwerer-it-security-scaled.jpg","datePublished":"2015-05-18T08:49:15+00:00","dateModified":"2023-03-14T07:57:40+00:00","description":"Cyberangriffe: Unternehmen untersch\u00e4tzen die Gefahr durch Cyberattacken laut einer Studie der Unternehmensberatung A.T. Kearney.","breadcrumb":{"@id":"https:\/\/news.save.ch\/cyberangriffe-haeufiger-und-folgenschwerer\/#breadcrumb"},"inLanguage":"de","potentialAction":[{"@type":"ReadAction","target":["https:\/\/news.save.ch\/cyberangriffe-haeufiger-und-folgenschwerer\/"]}]},{"@type":"ImageObject","inLanguage":"de","@id":"https:\/\/news.save.ch\/cyberangriffe-haeufiger-und-folgenschwerer\/#primaryimage","url":"https:\/\/news.save.ch\/wp-content\/uploads\/2016\/12\/Cyberangriffe-haeufiger-und-folgenschwerer-it-security-scaled.jpg","contentUrl":"https:\/\/news.save.ch\/wp-content\/uploads\/2016\/12\/Cyberangriffe-haeufiger-und-folgenschwerer-it-security-scaled.jpg","width":1400,"height":1139,"caption":"Cyberattacken k\u00f6nnen teuer ausfallen."},{"@type":"BreadcrumbList","@id":"https:\/\/news.save.ch\/cyberangriffe-haeufiger-und-folgenschwerer\/#breadcrumb","itemListElement":[{"@type":"ListItem","position":1,"name":"Home","item":"https:\/\/news.save.ch\/de\/"},{"@type":"ListItem","position":2,"name":"Cyberangriffe: h\u00e4ufiger und folgenschwerer"}]},{"@type":"WebSite","@id":"https:\/\/news.save.ch\/de\/#website","url":"https:\/\/news.save.ch\/de\/","name":"Save","description":"Schweizer Fachzeitschrift f\u00fcr Sicherheit","publisher":{"@id":"https:\/\/news.save.ch\/de\/#organization"},"potentialAction":[{"@type":"SearchAction","target":{"@type":"EntryPoint","urlTemplate":"https:\/\/news.save.ch\/de\/?s={search_term_string}"},"query-input":{"@type":"PropertyValueSpecification","valueRequired":true,"valueName":"search_term_string"}}],"inLanguage":"de"},{"@type":"Organization","@id":"https:\/\/news.save.ch\/de\/#organization","name":"Sicherheitsforum","url":"https:\/\/news.save.ch\/de\/","logo":{"@type":"ImageObject","inLanguage":"de","@id":"https:\/\/news.save.ch\/de\/#\/schema\/logo\/image\/","url":"https:\/\/news.save.ch\/wp-content\/uploads\/2022\/06\/Logo_SF_2012.png","contentUrl":"https:\/\/news.save.ch\/wp-content\/uploads\/2022\/06\/Logo_SF_2012.png","width":1100,"height":91,"caption":"Sicherheitsforum"},"image":{"@id":"https:\/\/news.save.ch\/de\/#\/schema\/logo\/image\/"}},{"@type":"Person","@id":"https:\/\/news.save.ch\/de\/#\/schema\/person\/d49e199490bad7c70d64b9ab51142f2b","name":"admin","image":{"@type":"ImageObject","inLanguage":"de","@id":"https:\/\/secure.gravatar.com\/avatar\/ae2f4d718e6c49043e314ce431e7e645d646302a24a5ef5a8bc8e3f5a032e319?s=96&d=mm&r=g","url":"https:\/\/secure.gravatar.com\/avatar\/ae2f4d718e6c49043e314ce431e7e645d646302a24a5ef5a8bc8e3f5a032e319?s=96&d=mm&r=g","contentUrl":"https:\/\/secure.gravatar.com\/avatar\/ae2f4d718e6c49043e314ce431e7e645d646302a24a5ef5a8bc8e3f5a032e319?s=96&d=mm&r=g","caption":"admin"},"sameAs":["https:\/\/develop.organisator.galledia.ch"],"url":"https:\/\/news.save.ch\/de\/author\/admin\/"}]}},"_links":{"self":[{"href":"https:\/\/news.save.ch\/de\/wp-json\/wp\/v2\/posts\/393","targetHints":{"allow":["GET"]}}],"collection":[{"href":"https:\/\/news.save.ch\/de\/wp-json\/wp\/v2\/posts"}],"about":[{"href":"https:\/\/news.save.ch\/de\/wp-json\/wp\/v2\/types\/post"}],"author":[{"embeddable":true,"href":"https:\/\/news.save.ch\/de\/wp-json\/wp\/v2\/users\/1"}],"replies":[{"embeddable":true,"href":"https:\/\/news.save.ch\/de\/wp-json\/wp\/v2\/comments?post=393"}],"version-history":[{"count":1,"href":"https:\/\/news.save.ch\/de\/wp-json\/wp\/v2\/posts\/393\/revisions"}],"predecessor-version":[{"id":17790,"href":"https:\/\/news.save.ch\/de\/wp-json\/wp\/v2\/posts\/393\/revisions\/17790"}],"wp:featuredmedia":[{"embeddable":true,"href":"https:\/\/news.save.ch\/de\/wp-json\/wp\/v2\/media\/394"}],"wp:attachment":[{"href":"https:\/\/news.save.ch\/de\/wp-json\/wp\/v2\/media?parent=393"}],"wp:term":[{"taxonomy":"category","embeddable":true,"href":"https:\/\/news.save.ch\/de\/wp-json\/wp\/v2\/categories?post=393"},{"taxonomy":"post_tag","embeddable":true,"href":"https:\/\/news.save.ch\/de\/wp-json\/wp\/v2\/tags?post=393"}],"curies":[{"name":"wp","href":"https:\/\/api.w.org\/{rel}","templated":true}]}}