{"id":3965,"date":"2017-02-03T12:56:26","date_gmt":"2017-02-03T11:56:26","guid":{"rendered":"https:\/\/news.save.ch\/?p=3965"},"modified":"2023-03-14T08:59:23","modified_gmt":"2023-03-14T07:59:23","slug":"brandstifter-von-videokamera-gefilmt","status":null,"type":"post","link":"https:\/\/news.save.ch\/de\/brandstifter-von-videokamera-gefilmt\/","title":{"rendered":"Brandstifter von Videokamera gefilmt"},"content":{"rendered":"<figure id=\"attachment_3966\" aria-describedby=\"caption-attachment-3966\" style=\"width: 387px\" class=\"wp-caption aligncenter\"><img loading=\"lazy\" decoding=\"async\" class=\"size-full wp-image-3966\" src=\"https:\/\/news.save.ch\/wp-content\/uploads\/2017\/02\/brandstifter.jpg\" alt=\"\" width=\"387\" height=\"278\" srcset=\"https:\/\/news.save.ch\/wp-content\/uploads\/2017\/02\/brandstifter.jpg 387w, https:\/\/news.save.ch\/wp-content\/uploads\/2017\/02\/brandstifter-375x269.jpg 375w\" sizes=\"auto, (max-width: 387px) 100vw, 387px\" \/><figcaption id=\"caption-attachment-3966\" class=\"wp-caption-text\">\u00a9 Kapo Z\u00fcrich<\/figcaption><\/figure>\n<p>Eine unbekannter Mann hat gem\u00e4ss Angaben der Kantonspolizei (Kapo) Z\u00fcrich am 12. Januar 2017 (fr\u00fchmorgens gegen 2 Uhr) an der Kasernenstrasse in B\u00fclach ZH ein Restaurant in Brand gesteckt. Mit einem Benzinkanister machte er sich an der Fensterfront der Raucherlounge zu schaffen, wie das <a href=\"https:\/\/www.kapo.zh.ch\/internet\/sicherheitsdirektion\/kapo\/de\/aktuell\/medienmitteilungen\/2017_02\/1702021o\/_jcr_content\/contentPar\/downloadlist\/downloaditems\/49_1486038182000.spooler.download.1486039103406.mp4\/Brand.mp4\">Video <\/a>zeigt. Kurze Zeit sp\u00e4ter stand das Lokal in Brand; es entstand ein Sachschaden von rund 100&#8217;000 Franken.<\/p>\n<p><strong>Zeugenaufruf<\/strong><\/p>\n<p>Der Gesuchte ist laut Kapo-Angaben zirka 25 bis 45 Jahre alt, hat eine schlanke Statur und ist Brillentr\u00e4ger. Bei der Tat trug er Bluejeans, eine dunkle Jacke sowie einen hellen Kapuzenpullover und einen Schal.<\/p>\n<p>Personen, die Hinweise im Zusammenhang mit dieser Tat oder zum gesuchten Mann machen k\u00f6nnen, werden gebeten, sich bei der Kantonspolizei Z\u00fcrich, Telefon 044 247 22 11, zu melden.<\/p>\n<p><em>Quelle: Kantonspolizei Z\u00fcrich<\/em><\/p>\n","protected":false},"excerpt":{"rendered":"<p>Eine unbekannter Mann hat gem\u00e4ss Angaben der Kantonspolizei (Kapo) Z\u00fcrich am 12. Januar 2017 (fr\u00fchmorgens gegen 2 Uhr) an der Kasernenstrasse in B\u00fclach ZH ein Restaurant in Brand gesteckt. Mit einem Benzinkanister machte er sich an der Fensterfront der Raucherlounge zu schaffen, wie das Video zeigt. Kurze Zeit sp\u00e4ter stand das Lokal in Brand; es [&hellip;]<\/p>\n","protected":false},"author":8,"featured_media":3966,"comment_status":"open","ping_status":"open","sticky":false,"template":"","format":"standard","meta":{"_acf_changed":false,"pgc_sgb_lightbox_settings":"","footnotes":""},"categories":[3312],"tags":[78],"class_list":["post-3965","post","type-post","status-publish","format-standard","has-post-thumbnail","hentry","category-sicherheit","tag-videoueberwachung"],"acf":[],"hkrextid":null,"publication":null,"issue":null,"workflow":null,"startPage":null,"spitzmarke":null,"_posts_by_tag_page_fields":{"widget_title":"","widget_tags":""},"_at_widget":"1","_yoast_wpseo_primary_category":"529","_yoast_wpseo_focuskw_text_input":"Brandstifter","_yoast_wpseo_opengraph-image":null,"_yoast_wpseo_opengraph-description":null,"_yoast_wpseo_opengraph-title":null,"enclosure":"https:\/\/www.kapo.zh.ch\/internet\/sicherheitsdirektion\/kapo\/de\/aktuell\/medienmitteilungen\/2017_02\/1702021o\/_jcr_content\/contentPar\/downloadlist\/downloaditems\/49_1486038182000.spooler.download.1486039103406.mp4\/Brand.mp4\n2208666\nvideo\/mp4\n","_yoast_wpseo_twitter-title":null,"_yoast_wpseo_twitter-description":null,"_yoast_wpseo_twitter-image":null,"_wp_old_slug":null,"_yoast_wpseo_title":null,"_yoast_wpseo_canonical":null,"yoast_head":"<!-- This site is optimized with the Yoast SEO plugin v27.5 - https:\/\/yoast.com\/product\/yoast-seo-wordpress\/ -->\n<title>Brandstifter von Videokamera gefilmt - Save<\/title>\n<meta name=\"description\" content=\"Ein Brandstifter wurde in flagranti erwischt, wie er in B\u00fclach ZH ein Restaurant in Brand steckt. Gute Dienste leistete eine \u00dcberwachungskamera.\" \/>\n<meta name=\"robots\" content=\"index, follow, max-snippet:-1, max-image-preview:large, max-video-preview:-1\" \/>\n<link rel=\"canonical\" href=\"https:\/\/news.save.ch\/de\/brandstifter-von-videokamera-gefilmt\/\" \/>\n<meta property=\"og:locale\" content=\"de_DE\" \/>\n<meta property=\"og:type\" content=\"article\" \/>\n<meta property=\"og:title\" content=\"Brandstifter von Videokamera gefilmt - Save\" \/>\n<meta property=\"og:description\" content=\"Ein Brandstifter wurde in flagranti erwischt, wie er in B\u00fclach ZH ein Restaurant in Brand steckt. Gute Dienste leistete eine \u00dcberwachungskamera.\" \/>\n<meta property=\"og:url\" content=\"https:\/\/news.save.ch\/de\/brandstifter-von-videokamera-gefilmt\/\" \/>\n<meta property=\"og:site_name\" content=\"Save\" \/>\n<meta property=\"article:published_time\" content=\"2017-02-03T11:56:26+00:00\" \/>\n<meta property=\"article:modified_time\" content=\"2023-03-14T07:59:23+00:00\" \/>\n<meta property=\"og:image\" content=\"https:\/\/news.save.ch\/wp-content\/uploads\/2017\/02\/brandstifter.jpg\" \/>\n\t<meta property=\"og:image:width\" content=\"387\" \/>\n\t<meta property=\"og:image:height\" content=\"278\" \/>\n\t<meta property=\"og:image:type\" content=\"image\/jpeg\" \/>\n<meta name=\"author\" content=\"Roger Str\u00e4ssle\" \/>\n<meta name=\"twitter:card\" content=\"summary_large_image\" \/>\n<meta name=\"twitter:label1\" content=\"Geschrieben von\" \/>\n\t<meta name=\"twitter:data1\" content=\"Roger Str\u00e4ssle\" \/>\n\t<meta name=\"twitter:label2\" content=\"Gesch\u00e4tzte Lesezeit\" \/>\n\t<meta name=\"twitter:data2\" content=\"1\u00a0Minute\" \/>\n<script type=\"application\/ld+json\" class=\"yoast-schema-graph\">{\"@context\":\"https:\\\/\\\/schema.org\",\"@graph\":[{\"@type\":\"Article\",\"@id\":\"https:\\\/\\\/news.save.ch\\\/brandstifter-von-videokamera-gefilmt\\\/#article\",\"isPartOf\":{\"@id\":\"https:\\\/\\\/news.save.ch\\\/brandstifter-von-videokamera-gefilmt\\\/\"},\"author\":{\"name\":\"Roger Str\u00e4ssle\",\"@id\":\"https:\\\/\\\/news.save.ch\\\/de\\\/#\\\/schema\\\/person\\\/d5022db048e0e2b9785c50e5b24da5aa\"},\"headline\":\"Brandstifter von Videokamera gefilmt\",\"datePublished\":\"2017-02-03T11:56:26+00:00\",\"dateModified\":\"2023-03-14T07:59:23+00:00\",\"mainEntityOfPage\":{\"@id\":\"https:\\\/\\\/news.save.ch\\\/brandstifter-von-videokamera-gefilmt\\\/\"},\"wordCount\":141,\"commentCount\":0,\"publisher\":{\"@id\":\"https:\\\/\\\/news.save.ch\\\/de\\\/#organization\"},\"image\":{\"@id\":\"https:\\\/\\\/news.save.ch\\\/brandstifter-von-videokamera-gefilmt\\\/#primaryimage\"},\"thumbnailUrl\":\"https:\\\/\\\/news.save.ch\\\/wp-content\\\/uploads\\\/2017\\\/02\\\/brandstifter.jpg\",\"keywords\":[\"Video\u00fcberwachung\"],\"articleSection\":[\"SICHERHEIT\"],\"inLanguage\":\"de\"},{\"@type\":\"WebPage\",\"@id\":\"https:\\\/\\\/news.save.ch\\\/brandstifter-von-videokamera-gefilmt\\\/\",\"url\":\"https:\\\/\\\/news.save.ch\\\/brandstifter-von-videokamera-gefilmt\\\/\",\"name\":\"Brandstifter von Videokamera gefilmt - Save\",\"isPartOf\":{\"@id\":\"https:\\\/\\\/news.save.ch\\\/de\\\/#website\"},\"primaryImageOfPage\":{\"@id\":\"https:\\\/\\\/news.save.ch\\\/brandstifter-von-videokamera-gefilmt\\\/#primaryimage\"},\"image\":{\"@id\":\"https:\\\/\\\/news.save.ch\\\/brandstifter-von-videokamera-gefilmt\\\/#primaryimage\"},\"thumbnailUrl\":\"https:\\\/\\\/news.save.ch\\\/wp-content\\\/uploads\\\/2017\\\/02\\\/brandstifter.jpg\",\"datePublished\":\"2017-02-03T11:56:26+00:00\",\"dateModified\":\"2023-03-14T07:59:23+00:00\",\"description\":\"Ein Brandstifter wurde in flagranti erwischt, wie er in B\u00fclach ZH ein Restaurant in Brand steckt. Gute Dienste leistete eine \u00dcberwachungskamera.\",\"breadcrumb\":{\"@id\":\"https:\\\/\\\/news.save.ch\\\/brandstifter-von-videokamera-gefilmt\\\/#breadcrumb\"},\"inLanguage\":\"de\",\"potentialAction\":[{\"@type\":\"ReadAction\",\"target\":[\"https:\\\/\\\/news.save.ch\\\/brandstifter-von-videokamera-gefilmt\\\/\"]}]},{\"@type\":\"ImageObject\",\"inLanguage\":\"de\",\"@id\":\"https:\\\/\\\/news.save.ch\\\/brandstifter-von-videokamera-gefilmt\\\/#primaryimage\",\"url\":\"https:\\\/\\\/news.save.ch\\\/wp-content\\\/uploads\\\/2017\\\/02\\\/brandstifter.jpg\",\"contentUrl\":\"https:\\\/\\\/news.save.ch\\\/wp-content\\\/uploads\\\/2017\\\/02\\\/brandstifter.jpg\",\"width\":387,\"height\":278,\"caption\":\"\u00a9 Kapo Z\u00fcrich\"},{\"@type\":\"BreadcrumbList\",\"@id\":\"https:\\\/\\\/news.save.ch\\\/brandstifter-von-videokamera-gefilmt\\\/#breadcrumb\",\"itemListElement\":[{\"@type\":\"ListItem\",\"position\":1,\"name\":\"Home\",\"item\":\"https:\\\/\\\/news.save.ch\\\/de\\\/\"},{\"@type\":\"ListItem\",\"position\":2,\"name\":\"Brandstifter von Videokamera gefilmt\"}]},{\"@type\":\"WebSite\",\"@id\":\"https:\\\/\\\/news.save.ch\\\/de\\\/#website\",\"url\":\"https:\\\/\\\/news.save.ch\\\/de\\\/\",\"name\":\"Save\",\"description\":\"Schweizer Fachzeitschrift f\u00fcr Sicherheit\",\"publisher\":{\"@id\":\"https:\\\/\\\/news.save.ch\\\/de\\\/#organization\"},\"potentialAction\":[{\"@type\":\"SearchAction\",\"target\":{\"@type\":\"EntryPoint\",\"urlTemplate\":\"https:\\\/\\\/news.save.ch\\\/de\\\/?s={search_term_string}\"},\"query-input\":{\"@type\":\"PropertyValueSpecification\",\"valueRequired\":true,\"valueName\":\"search_term_string\"}}],\"inLanguage\":\"de\"},{\"@type\":\"Organization\",\"@id\":\"https:\\\/\\\/news.save.ch\\\/de\\\/#organization\",\"name\":\"Sicherheitsforum\",\"url\":\"https:\\\/\\\/news.save.ch\\\/de\\\/\",\"logo\":{\"@type\":\"ImageObject\",\"inLanguage\":\"de\",\"@id\":\"https:\\\/\\\/news.save.ch\\\/de\\\/#\\\/schema\\\/logo\\\/image\\\/\",\"url\":\"https:\\\/\\\/news.save.ch\\\/wp-content\\\/uploads\\\/2022\\\/06\\\/Logo_SF_2012.png\",\"contentUrl\":\"https:\\\/\\\/news.save.ch\\\/wp-content\\\/uploads\\\/2022\\\/06\\\/Logo_SF_2012.png\",\"width\":1100,\"height\":91,\"caption\":\"Sicherheitsforum\"},\"image\":{\"@id\":\"https:\\\/\\\/news.save.ch\\\/de\\\/#\\\/schema\\\/logo\\\/image\\\/\"}},{\"@type\":\"Person\",\"@id\":\"https:\\\/\\\/news.save.ch\\\/de\\\/#\\\/schema\\\/person\\\/d5022db048e0e2b9785c50e5b24da5aa\",\"name\":\"Roger Str\u00e4ssle\",\"image\":{\"@type\":\"ImageObject\",\"inLanguage\":\"de\",\"@id\":\"https:\\\/\\\/secure.gravatar.com\\\/avatar\\\/862a5569d087de48e5856e32f45d719a03804c891d6deb8d4f71a660e79e4a47?s=96&d=mm&r=g\",\"url\":\"https:\\\/\\\/secure.gravatar.com\\\/avatar\\\/862a5569d087de48e5856e32f45d719a03804c891d6deb8d4f71a660e79e4a47?s=96&d=mm&r=g\",\"contentUrl\":\"https:\\\/\\\/secure.gravatar.com\\\/avatar\\\/862a5569d087de48e5856e32f45d719a03804c891d6deb8d4f71a660e79e4a47?s=96&d=mm&r=g\",\"caption\":\"Roger Str\u00e4ssle\"},\"url\":\"https:\\\/\\\/news.save.ch\\\/de\\\/author\\\/roger-straessle\\\/\"}]}<\/script>\n<!-- \/ Yoast SEO plugin. -->","yoast_head_json":{"title":"Brandstifter von Videokamera gefilmt - Save","description":"Ein Brandstifter wurde in flagranti erwischt, wie er in B\u00fclach ZH ein Restaurant in Brand steckt. Gute Dienste leistete eine \u00dcberwachungskamera.","robots":{"index":"index","follow":"follow","max-snippet":"max-snippet:-1","max-image-preview":"max-image-preview:large","max-video-preview":"max-video-preview:-1"},"canonical":"https:\/\/news.save.ch\/de\/brandstifter-von-videokamera-gefilmt\/","og_locale":"de_DE","og_type":"article","og_title":"Brandstifter von Videokamera gefilmt - Save","og_description":"Ein Brandstifter wurde in flagranti erwischt, wie er in B\u00fclach ZH ein Restaurant in Brand steckt. Gute Dienste leistete eine \u00dcberwachungskamera.","og_url":"https:\/\/news.save.ch\/de\/brandstifter-von-videokamera-gefilmt\/","og_site_name":"Save","article_published_time":"2017-02-03T11:56:26+00:00","article_modified_time":"2023-03-14T07:59:23+00:00","og_image":[{"width":387,"height":278,"url":"https:\/\/news.save.ch\/wp-content\/uploads\/2017\/02\/brandstifter.jpg","type":"image\/jpeg"}],"author":"Roger Str\u00e4ssle","twitter_card":"summary_large_image","twitter_misc":{"Geschrieben von":"Roger Str\u00e4ssle","Gesch\u00e4tzte Lesezeit":"1\u00a0Minute"},"schema":{"@context":"https:\/\/schema.org","@graph":[{"@type":"Article","@id":"https:\/\/news.save.ch\/brandstifter-von-videokamera-gefilmt\/#article","isPartOf":{"@id":"https:\/\/news.save.ch\/brandstifter-von-videokamera-gefilmt\/"},"author":{"name":"Roger Str\u00e4ssle","@id":"https:\/\/news.save.ch\/de\/#\/schema\/person\/d5022db048e0e2b9785c50e5b24da5aa"},"headline":"Brandstifter von Videokamera gefilmt","datePublished":"2017-02-03T11:56:26+00:00","dateModified":"2023-03-14T07:59:23+00:00","mainEntityOfPage":{"@id":"https:\/\/news.save.ch\/brandstifter-von-videokamera-gefilmt\/"},"wordCount":141,"commentCount":0,"publisher":{"@id":"https:\/\/news.save.ch\/de\/#organization"},"image":{"@id":"https:\/\/news.save.ch\/brandstifter-von-videokamera-gefilmt\/#primaryimage"},"thumbnailUrl":"https:\/\/news.save.ch\/wp-content\/uploads\/2017\/02\/brandstifter.jpg","keywords":["Video\u00fcberwachung"],"articleSection":["SICHERHEIT"],"inLanguage":"de"},{"@type":"WebPage","@id":"https:\/\/news.save.ch\/brandstifter-von-videokamera-gefilmt\/","url":"https:\/\/news.save.ch\/brandstifter-von-videokamera-gefilmt\/","name":"Brandstifter von Videokamera gefilmt - Save","isPartOf":{"@id":"https:\/\/news.save.ch\/de\/#website"},"primaryImageOfPage":{"@id":"https:\/\/news.save.ch\/brandstifter-von-videokamera-gefilmt\/#primaryimage"},"image":{"@id":"https:\/\/news.save.ch\/brandstifter-von-videokamera-gefilmt\/#primaryimage"},"thumbnailUrl":"https:\/\/news.save.ch\/wp-content\/uploads\/2017\/02\/brandstifter.jpg","datePublished":"2017-02-03T11:56:26+00:00","dateModified":"2023-03-14T07:59:23+00:00","description":"Ein Brandstifter wurde in flagranti erwischt, wie er in B\u00fclach ZH ein Restaurant in Brand steckt. Gute Dienste leistete eine \u00dcberwachungskamera.","breadcrumb":{"@id":"https:\/\/news.save.ch\/brandstifter-von-videokamera-gefilmt\/#breadcrumb"},"inLanguage":"de","potentialAction":[{"@type":"ReadAction","target":["https:\/\/news.save.ch\/brandstifter-von-videokamera-gefilmt\/"]}]},{"@type":"ImageObject","inLanguage":"de","@id":"https:\/\/news.save.ch\/brandstifter-von-videokamera-gefilmt\/#primaryimage","url":"https:\/\/news.save.ch\/wp-content\/uploads\/2017\/02\/brandstifter.jpg","contentUrl":"https:\/\/news.save.ch\/wp-content\/uploads\/2017\/02\/brandstifter.jpg","width":387,"height":278,"caption":"\u00a9 Kapo Z\u00fcrich"},{"@type":"BreadcrumbList","@id":"https:\/\/news.save.ch\/brandstifter-von-videokamera-gefilmt\/#breadcrumb","itemListElement":[{"@type":"ListItem","position":1,"name":"Home","item":"https:\/\/news.save.ch\/de\/"},{"@type":"ListItem","position":2,"name":"Brandstifter von Videokamera gefilmt"}]},{"@type":"WebSite","@id":"https:\/\/news.save.ch\/de\/#website","url":"https:\/\/news.save.ch\/de\/","name":"Save","description":"Schweizer Fachzeitschrift f\u00fcr Sicherheit","publisher":{"@id":"https:\/\/news.save.ch\/de\/#organization"},"potentialAction":[{"@type":"SearchAction","target":{"@type":"EntryPoint","urlTemplate":"https:\/\/news.save.ch\/de\/?s={search_term_string}"},"query-input":{"@type":"PropertyValueSpecification","valueRequired":true,"valueName":"search_term_string"}}],"inLanguage":"de"},{"@type":"Organization","@id":"https:\/\/news.save.ch\/de\/#organization","name":"Sicherheitsforum","url":"https:\/\/news.save.ch\/de\/","logo":{"@type":"ImageObject","inLanguage":"de","@id":"https:\/\/news.save.ch\/de\/#\/schema\/logo\/image\/","url":"https:\/\/news.save.ch\/wp-content\/uploads\/2022\/06\/Logo_SF_2012.png","contentUrl":"https:\/\/news.save.ch\/wp-content\/uploads\/2022\/06\/Logo_SF_2012.png","width":1100,"height":91,"caption":"Sicherheitsforum"},"image":{"@id":"https:\/\/news.save.ch\/de\/#\/schema\/logo\/image\/"}},{"@type":"Person","@id":"https:\/\/news.save.ch\/de\/#\/schema\/person\/d5022db048e0e2b9785c50e5b24da5aa","name":"Roger Str\u00e4ssle","image":{"@type":"ImageObject","inLanguage":"de","@id":"https:\/\/secure.gravatar.com\/avatar\/862a5569d087de48e5856e32f45d719a03804c891d6deb8d4f71a660e79e4a47?s=96&d=mm&r=g","url":"https:\/\/secure.gravatar.com\/avatar\/862a5569d087de48e5856e32f45d719a03804c891d6deb8d4f71a660e79e4a47?s=96&d=mm&r=g","contentUrl":"https:\/\/secure.gravatar.com\/avatar\/862a5569d087de48e5856e32f45d719a03804c891d6deb8d4f71a660e79e4a47?s=96&d=mm&r=g","caption":"Roger Str\u00e4ssle"},"url":"https:\/\/news.save.ch\/de\/author\/roger-straessle\/"}]}},"_links":{"self":[{"href":"https:\/\/news.save.ch\/de\/wp-json\/wp\/v2\/posts\/3965","targetHints":{"allow":["GET"]}}],"collection":[{"href":"https:\/\/news.save.ch\/de\/wp-json\/wp\/v2\/posts"}],"about":[{"href":"https:\/\/news.save.ch\/de\/wp-json\/wp\/v2\/types\/post"}],"author":[{"embeddable":true,"href":"https:\/\/news.save.ch\/de\/wp-json\/wp\/v2\/users\/8"}],"replies":[{"embeddable":true,"href":"https:\/\/news.save.ch\/de\/wp-json\/wp\/v2\/comments?post=3965"}],"version-history":[{"count":1,"href":"https:\/\/news.save.ch\/de\/wp-json\/wp\/v2\/posts\/3965\/revisions"}],"predecessor-version":[{"id":17944,"href":"https:\/\/news.save.ch\/de\/wp-json\/wp\/v2\/posts\/3965\/revisions\/17944"}],"wp:featuredmedia":[{"embeddable":true,"href":"https:\/\/news.save.ch\/de\/wp-json\/wp\/v2\/media\/3966"}],"wp:attachment":[{"href":"https:\/\/news.save.ch\/de\/wp-json\/wp\/v2\/media?parent=3965"}],"wp:term":[{"taxonomy":"category","embeddable":true,"href":"https:\/\/news.save.ch\/de\/wp-json\/wp\/v2\/categories?post=3965"},{"taxonomy":"post_tag","embeddable":true,"href":"https:\/\/news.save.ch\/de\/wp-json\/wp\/v2\/tags?post=3965"}],"curies":[{"name":"wp","href":"https:\/\/api.w.org\/{rel}","templated":true}]}}