{"id":3968,"date":"2019-04-08T08:00:57","date_gmt":"2019-04-08T06:00:57","guid":{"rendered":"https:\/\/news.save.ch\/?p=3968"},"modified":"2023-03-14T09:04:03","modified_gmt":"2023-03-14T08:04:03","slug":"eine-neue-leiterin-in-die-geschaeftsleitung-der-suva","status":null,"type":"post","link":"https:\/\/news.save.ch\/de\/eine-neue-leiterin-in-die-geschaeftsleitung-der-suva\/","title":{"rendered":"Neue Leiterin f\u00fcr das Departement Gesundheitsschutz der Suva"},"content":{"rendered":"<figure id=\"attachment_3969\" aria-describedby=\"caption-attachment-3969\" style=\"width: 680px\" class=\"wp-caption alignnone\"><img loading=\"lazy\" decoding=\"async\" class=\"size-medium wp-image-3969\" src=\"http:\/\/develop.safety-plus.ch\/wp-content\/uploads\/2019\/04\/suva.jpeg\" alt=\"\" width=\"680\" height=\"730\" \/><figcaption id=\"caption-attachment-3969\" class=\"wp-caption-text\">Edith M\u00fcller Loretz leitet als erfahrene F\u00fchrungsperson neu das Departement Gesundheitsschutz der Suva. \u00a9 Suva<\/figcaption><\/figure>\n<p>Edith M\u00fcller Loretz \u00fcbernimmt die Leitung des Departements Gesundheitsschutz per April 2019. In dieser Funktion wird sie die Abteilungen Arbeitsmedizin, Arbeitssicherheit Luzern und Lausanne, Pr\u00e4ventionsangebote und Gesundheitsschutz am Arbeitsplatz sowie die F\u00fchrung der sechs <a href=\"https:\/\/news.save.ch\/100-jahre-suva\/\" target=\"_blank\" rel=\"noopener\">Suva<\/a>-Agenturen Bellinzona, La Chaux-de-Fonds und Del\u00e9mont, Fribourg, Gen\u00e9ve, Lausanne und Sion \u00fcbernehmen. Sie trat 1998 als Kampagnenleiterin Schneesport in die Suva ein. Nach Stationen als Leiterin Kampagnen und des Bereichs Freizeitsicherheit verantwortete sie ab 2014 die Abteilung Pr\u00e4ventionsangebote. Sie studierte Betriebs\u00f6konomie an den Hochschulen Luzern und Chur und bildete sich weiter in Corporate Communications und Arbeits- und Organisationspsychologie. Edith M\u00fcller Loretz ist verheiratet und Mutter von zwei Kindern.<\/p>\n<p>Die 51-J\u00e4hrige \u00fcbernimmt die Verantwortung des Departements von Andr\u00e9 Meier, der dessen Leitung interimistisch innehatte, nachdem der Vorg\u00e4nger Edouard Currat aus gesundheitlichen Gr\u00fcnden im Oktober 2018 vorzeitig in Pension ging. Andr\u00e9 Meier leitet weiterhin die Abteilung Arbeitssicherheit Luzern.<\/p>\n<p>Felix Weber, Vorsitzender der Gesch\u00e4ftsleitung, kommentiert: \u00abMit Edith M\u00fcller Loretz gewinnen wir f\u00fcr die Leitung des Departements <a href=\"https:\/\/news.save.ch\/wo-bleibt-der-gesundheitsschutz\/\" target=\"_blank\" rel=\"noopener\">Gesundheitsschutz<\/a> eine erfahrene F\u00fchrungsperson mit fundierten Kenntnissen im Pr\u00e4ventions- und Versicherungswesen und hoher Sozialkompetenz. Ich w\u00fcnsche ihr f\u00fcr ihre neue Aufgabe viel Erfolg und Erf\u00fcllung. Andr\u00e9 Meier danke ich herzlich f\u00fcr die ausgezeichnete interimistische F\u00fchrung des Departements in den letzten Monaten.\u00bb<\/p>\n<p><strong>Weitere Infos<\/strong><\/p>\n<p><a href=\"https:\/\/www.suva.ch\/de-ch\/die-suva\/news-und-medien\/medien\/2019\/03\/29\/edith-mueller-loretz-wird-mitglied-der-geschaeftsleitung-der-suva\" target=\"_blank\" rel=\"noopener\"><strong>www.suva.ch<\/strong><\/a><\/p>\n","protected":false},"excerpt":{"rendered":"<p>Edith M\u00fcller Loretz \u00fcbernimmt die Leitung des Departements Gesundheitsschutz per April 2019. In dieser Funktion wird sie die Abteilungen Arbeitsmedizin, Arbeitssicherheit Luzern und Lausanne, Pr\u00e4ventionsangebote und Gesundheitsschutz am Arbeitsplatz sowie die F\u00fchrung der sechs Suva-Agenturen Bellinzona, La Chaux-de-Fonds und Del\u00e9mont, Fribourg, Gen\u00e9ve, Lausanne und Sion \u00fcbernehmen. Sie trat 1998 als Kampagnenleiterin Schneesport in die Suva [&hellip;]<\/p>\n","protected":false},"author":1,"featured_media":3969,"comment_status":"open","ping_status":"open","sticky":false,"template":"","format":"standard","meta":{"_acf_changed":false,"pgc_sgb_lightbox_settings":"","footnotes":""},"categories":[1,3314],"tags":[1945,149,2459,167,181],"class_list":["post-3968","post","type-post","status-publish","format-standard","has-post-thumbnail","hentry","category-allgemein","category-health-safety","tag-edith-mueller-loretz","tag-gesundheitsschutz","tag-leitung","tag-suva","tag-versicherung"],"acf":[],"hkrextid":null,"publication":null,"issue":null,"workflow":null,"startPage":null,"spitzmarke":null,"_posts_by_tag_page_fields":{"widget_title":"","widget_tags":""},"_at_widget":"1","_yoast_wpseo_primary_category":"1","_yoast_wpseo_focuskw_text_input":"Suva","_yoast_wpseo_opengraph-image":null,"_yoast_wpseo_opengraph-description":null,"_yoast_wpseo_opengraph-title":null,"enclosure":null,"_yoast_wpseo_twitter-title":null,"_yoast_wpseo_twitter-description":null,"_yoast_wpseo_twitter-image":null,"_wp_old_slug":null,"_yoast_wpseo_title":null,"_yoast_wpseo_canonical":null,"yoast_head":"<!-- This site is optimized with the Yoast SEO plugin v27.4 - https:\/\/yoast.com\/product\/yoast-seo-wordpress\/ -->\n<title>Neue Leiterin f\u00fcr das Departement Gesundheitsschutz der Suva - Save<\/title>\n<meta name=\"description\" content=\"Der Suva-Ratsausschuss hat Edith M\u00fcller Loretz zur neuen Leiterin des Departements Gesundheitsschutz und zum Mitglied der Gesch\u00e4ftsleitung der Suva gew\u00e4hlt.\" \/>\n<meta name=\"robots\" content=\"index, follow, max-snippet:-1, max-image-preview:large, max-video-preview:-1\" \/>\n<link rel=\"canonical\" href=\"https:\/\/news.save.ch\/de\/eine-neue-leiterin-in-die-geschaeftsleitung-der-suva\/\" \/>\n<meta property=\"og:locale\" content=\"de_DE\" \/>\n<meta property=\"og:type\" content=\"article\" \/>\n<meta property=\"og:title\" content=\"Neue Leiterin f\u00fcr das Departement Gesundheitsschutz der Suva - Save\" \/>\n<meta property=\"og:description\" content=\"Der Suva-Ratsausschuss hat Edith M\u00fcller Loretz zur neuen Leiterin des Departements Gesundheitsschutz und zum Mitglied der Gesch\u00e4ftsleitung der Suva gew\u00e4hlt.\" \/>\n<meta property=\"og:url\" content=\"https:\/\/news.save.ch\/de\/eine-neue-leiterin-in-die-geschaeftsleitung-der-suva\/\" \/>\n<meta property=\"og:site_name\" content=\"Save\" \/>\n<meta property=\"article:published_time\" content=\"2019-04-08T06:00:57+00:00\" \/>\n<meta property=\"article:modified_time\" content=\"2023-03-14T08:04:03+00:00\" \/>\n<meta property=\"og:image\" content=\"https:\/\/news.save.ch\/wp-content\/uploads\/2019\/04\/suva-scaled-1.jpeg\" \/>\n\t<meta property=\"og:image:width\" content=\"1119\" \/>\n\t<meta property=\"og:image:height\" content=\"1200\" \/>\n\t<meta property=\"og:image:type\" content=\"image\/jpeg\" \/>\n<meta name=\"author\" content=\"admin\" \/>\n<meta name=\"twitter:card\" content=\"summary_large_image\" \/>\n<meta name=\"twitter:label1\" content=\"Geschrieben von\" \/>\n\t<meta name=\"twitter:data1\" content=\"admin\" \/>\n\t<meta name=\"twitter:label2\" content=\"Gesch\u00e4tzte Lesezeit\" \/>\n\t<meta name=\"twitter:data2\" content=\"1\u00a0Minute\" \/>\n<script type=\"application\/ld+json\" class=\"yoast-schema-graph\">{\"@context\":\"https:\\\/\\\/schema.org\",\"@graph\":[{\"@type\":\"Article\",\"@id\":\"https:\\\/\\\/news.save.ch\\\/eine-neue-leiterin-in-die-geschaeftsleitung-der-suva\\\/#article\",\"isPartOf\":{\"@id\":\"https:\\\/\\\/news.save.ch\\\/eine-neue-leiterin-in-die-geschaeftsleitung-der-suva\\\/\"},\"author\":{\"name\":\"admin\",\"@id\":\"https:\\\/\\\/news.save.ch\\\/de\\\/#\\\/schema\\\/person\\\/d49e199490bad7c70d64b9ab51142f2b\"},\"headline\":\"Neue Leiterin f\u00fcr das Departement Gesundheitsschutz der Suva\",\"datePublished\":\"2019-04-08T06:00:57+00:00\",\"dateModified\":\"2023-03-14T08:04:03+00:00\",\"mainEntityOfPage\":{\"@id\":\"https:\\\/\\\/news.save.ch\\\/eine-neue-leiterin-in-die-geschaeftsleitung-der-suva\\\/\"},\"wordCount\":252,\"commentCount\":0,\"publisher\":{\"@id\":\"https:\\\/\\\/news.save.ch\\\/de\\\/#organization\"},\"image\":{\"@id\":\"https:\\\/\\\/news.save.ch\\\/eine-neue-leiterin-in-die-geschaeftsleitung-der-suva\\\/#primaryimage\"},\"thumbnailUrl\":\"https:\\\/\\\/news.save.ch\\\/wp-content\\\/uploads\\\/2019\\\/04\\\/suva-scaled-1.jpeg\",\"keywords\":[\"Edith M\u00fcller Loretz\",\"Gesundheitsschutz\",\"Leitung\",\"SUVA\",\"Versicherung\"],\"articleSection\":[\"ALLGEMEIN\",\"HEALTH &amp; SAFETY\"],\"inLanguage\":\"de\"},{\"@type\":\"WebPage\",\"@id\":\"https:\\\/\\\/news.save.ch\\\/eine-neue-leiterin-in-die-geschaeftsleitung-der-suva\\\/\",\"url\":\"https:\\\/\\\/news.save.ch\\\/eine-neue-leiterin-in-die-geschaeftsleitung-der-suva\\\/\",\"name\":\"Neue Leiterin f\u00fcr das Departement Gesundheitsschutz der Suva - Save\",\"isPartOf\":{\"@id\":\"https:\\\/\\\/news.save.ch\\\/de\\\/#website\"},\"primaryImageOfPage\":{\"@id\":\"https:\\\/\\\/news.save.ch\\\/eine-neue-leiterin-in-die-geschaeftsleitung-der-suva\\\/#primaryimage\"},\"image\":{\"@id\":\"https:\\\/\\\/news.save.ch\\\/eine-neue-leiterin-in-die-geschaeftsleitung-der-suva\\\/#primaryimage\"},\"thumbnailUrl\":\"https:\\\/\\\/news.save.ch\\\/wp-content\\\/uploads\\\/2019\\\/04\\\/suva-scaled-1.jpeg\",\"datePublished\":\"2019-04-08T06:00:57+00:00\",\"dateModified\":\"2023-03-14T08:04:03+00:00\",\"description\":\"Der Suva-Ratsausschuss hat Edith M\u00fcller Loretz zur neuen Leiterin des Departements Gesundheitsschutz und zum Mitglied der Gesch\u00e4ftsleitung der Suva gew\u00e4hlt.\",\"breadcrumb\":{\"@id\":\"https:\\\/\\\/news.save.ch\\\/eine-neue-leiterin-in-die-geschaeftsleitung-der-suva\\\/#breadcrumb\"},\"inLanguage\":\"de\",\"potentialAction\":[{\"@type\":\"ReadAction\",\"target\":[\"https:\\\/\\\/news.save.ch\\\/eine-neue-leiterin-in-die-geschaeftsleitung-der-suva\\\/\"]}]},{\"@type\":\"ImageObject\",\"inLanguage\":\"de\",\"@id\":\"https:\\\/\\\/news.save.ch\\\/eine-neue-leiterin-in-die-geschaeftsleitung-der-suva\\\/#primaryimage\",\"url\":\"https:\\\/\\\/news.save.ch\\\/wp-content\\\/uploads\\\/2019\\\/04\\\/suva-scaled-1.jpeg\",\"contentUrl\":\"https:\\\/\\\/news.save.ch\\\/wp-content\\\/uploads\\\/2019\\\/04\\\/suva-scaled-1.jpeg\",\"width\":1119,\"height\":1200,\"caption\":\"Mit Edith M\u00fcller Loretz gewinnen wir f\u00fcr die Leitung des Departements Gesundheitsschutz eine erfahrene F\u00fchrungsperson. \u00a9 Suva\"},{\"@type\":\"BreadcrumbList\",\"@id\":\"https:\\\/\\\/news.save.ch\\\/eine-neue-leiterin-in-die-geschaeftsleitung-der-suva\\\/#breadcrumb\",\"itemListElement\":[{\"@type\":\"ListItem\",\"position\":1,\"name\":\"Home\",\"item\":\"https:\\\/\\\/news.save.ch\\\/de\\\/\"},{\"@type\":\"ListItem\",\"position\":2,\"name\":\"Neue Leiterin f\u00fcr das Departement Gesundheitsschutz der Suva\"}]},{\"@type\":\"WebSite\",\"@id\":\"https:\\\/\\\/news.save.ch\\\/de\\\/#website\",\"url\":\"https:\\\/\\\/news.save.ch\\\/de\\\/\",\"name\":\"Save\",\"description\":\"Schweizer Fachzeitschrift f\u00fcr Sicherheit\",\"publisher\":{\"@id\":\"https:\\\/\\\/news.save.ch\\\/de\\\/#organization\"},\"potentialAction\":[{\"@type\":\"SearchAction\",\"target\":{\"@type\":\"EntryPoint\",\"urlTemplate\":\"https:\\\/\\\/news.save.ch\\\/de\\\/?s={search_term_string}\"},\"query-input\":{\"@type\":\"PropertyValueSpecification\",\"valueRequired\":true,\"valueName\":\"search_term_string\"}}],\"inLanguage\":\"de\"},{\"@type\":\"Organization\",\"@id\":\"https:\\\/\\\/news.save.ch\\\/de\\\/#organization\",\"name\":\"Sicherheitsforum\",\"url\":\"https:\\\/\\\/news.save.ch\\\/de\\\/\",\"logo\":{\"@type\":\"ImageObject\",\"inLanguage\":\"de\",\"@id\":\"https:\\\/\\\/news.save.ch\\\/de\\\/#\\\/schema\\\/logo\\\/image\\\/\",\"url\":\"https:\\\/\\\/news.save.ch\\\/wp-content\\\/uploads\\\/2022\\\/06\\\/Logo_SF_2012.png\",\"contentUrl\":\"https:\\\/\\\/news.save.ch\\\/wp-content\\\/uploads\\\/2022\\\/06\\\/Logo_SF_2012.png\",\"width\":1100,\"height\":91,\"caption\":\"Sicherheitsforum\"},\"image\":{\"@id\":\"https:\\\/\\\/news.save.ch\\\/de\\\/#\\\/schema\\\/logo\\\/image\\\/\"}},{\"@type\":\"Person\",\"@id\":\"https:\\\/\\\/news.save.ch\\\/de\\\/#\\\/schema\\\/person\\\/d49e199490bad7c70d64b9ab51142f2b\",\"name\":\"admin\",\"image\":{\"@type\":\"ImageObject\",\"inLanguage\":\"de\",\"@id\":\"https:\\\/\\\/secure.gravatar.com\\\/avatar\\\/ae2f4d718e6c49043e314ce431e7e645d646302a24a5ef5a8bc8e3f5a032e319?s=96&d=mm&r=g\",\"url\":\"https:\\\/\\\/secure.gravatar.com\\\/avatar\\\/ae2f4d718e6c49043e314ce431e7e645d646302a24a5ef5a8bc8e3f5a032e319?s=96&d=mm&r=g\",\"contentUrl\":\"https:\\\/\\\/secure.gravatar.com\\\/avatar\\\/ae2f4d718e6c49043e314ce431e7e645d646302a24a5ef5a8bc8e3f5a032e319?s=96&d=mm&r=g\",\"caption\":\"admin\"},\"sameAs\":[\"https:\\\/\\\/develop.organisator.galledia.ch\"],\"url\":\"https:\\\/\\\/news.save.ch\\\/de\\\/author\\\/admin\\\/\"}]}<\/script>\n<!-- \/ Yoast SEO plugin. -->","yoast_head_json":{"title":"Neue Leiterin f\u00fcr das Departement Gesundheitsschutz der Suva - Save","description":"Der Suva-Ratsausschuss hat Edith M\u00fcller Loretz zur neuen Leiterin des Departements Gesundheitsschutz und zum Mitglied der Gesch\u00e4ftsleitung der Suva gew\u00e4hlt.","robots":{"index":"index","follow":"follow","max-snippet":"max-snippet:-1","max-image-preview":"max-image-preview:large","max-video-preview":"max-video-preview:-1"},"canonical":"https:\/\/news.save.ch\/de\/eine-neue-leiterin-in-die-geschaeftsleitung-der-suva\/","og_locale":"de_DE","og_type":"article","og_title":"Neue Leiterin f\u00fcr das Departement Gesundheitsschutz der Suva - Save","og_description":"Der Suva-Ratsausschuss hat Edith M\u00fcller Loretz zur neuen Leiterin des Departements Gesundheitsschutz und zum Mitglied der Gesch\u00e4ftsleitung der Suva gew\u00e4hlt.","og_url":"https:\/\/news.save.ch\/de\/eine-neue-leiterin-in-die-geschaeftsleitung-der-suva\/","og_site_name":"Save","article_published_time":"2019-04-08T06:00:57+00:00","article_modified_time":"2023-03-14T08:04:03+00:00","og_image":[{"width":1119,"height":1200,"url":"https:\/\/news.save.ch\/wp-content\/uploads\/2019\/04\/suva-scaled-1.jpeg","type":"image\/jpeg"}],"author":"admin","twitter_card":"summary_large_image","twitter_misc":{"Geschrieben von":"admin","Gesch\u00e4tzte Lesezeit":"1\u00a0Minute"},"schema":{"@context":"https:\/\/schema.org","@graph":[{"@type":"Article","@id":"https:\/\/news.save.ch\/eine-neue-leiterin-in-die-geschaeftsleitung-der-suva\/#article","isPartOf":{"@id":"https:\/\/news.save.ch\/eine-neue-leiterin-in-die-geschaeftsleitung-der-suva\/"},"author":{"name":"admin","@id":"https:\/\/news.save.ch\/de\/#\/schema\/person\/d49e199490bad7c70d64b9ab51142f2b"},"headline":"Neue Leiterin f\u00fcr das Departement Gesundheitsschutz der Suva","datePublished":"2019-04-08T06:00:57+00:00","dateModified":"2023-03-14T08:04:03+00:00","mainEntityOfPage":{"@id":"https:\/\/news.save.ch\/eine-neue-leiterin-in-die-geschaeftsleitung-der-suva\/"},"wordCount":252,"commentCount":0,"publisher":{"@id":"https:\/\/news.save.ch\/de\/#organization"},"image":{"@id":"https:\/\/news.save.ch\/eine-neue-leiterin-in-die-geschaeftsleitung-der-suva\/#primaryimage"},"thumbnailUrl":"https:\/\/news.save.ch\/wp-content\/uploads\/2019\/04\/suva-scaled-1.jpeg","keywords":["Edith M\u00fcller Loretz","Gesundheitsschutz","Leitung","SUVA","Versicherung"],"articleSection":["ALLGEMEIN","HEALTH &amp; SAFETY"],"inLanguage":"de"},{"@type":"WebPage","@id":"https:\/\/news.save.ch\/eine-neue-leiterin-in-die-geschaeftsleitung-der-suva\/","url":"https:\/\/news.save.ch\/eine-neue-leiterin-in-die-geschaeftsleitung-der-suva\/","name":"Neue Leiterin f\u00fcr das Departement Gesundheitsschutz der Suva - Save","isPartOf":{"@id":"https:\/\/news.save.ch\/de\/#website"},"primaryImageOfPage":{"@id":"https:\/\/news.save.ch\/eine-neue-leiterin-in-die-geschaeftsleitung-der-suva\/#primaryimage"},"image":{"@id":"https:\/\/news.save.ch\/eine-neue-leiterin-in-die-geschaeftsleitung-der-suva\/#primaryimage"},"thumbnailUrl":"https:\/\/news.save.ch\/wp-content\/uploads\/2019\/04\/suva-scaled-1.jpeg","datePublished":"2019-04-08T06:00:57+00:00","dateModified":"2023-03-14T08:04:03+00:00","description":"Der Suva-Ratsausschuss hat Edith M\u00fcller Loretz zur neuen Leiterin des Departements Gesundheitsschutz und zum Mitglied der Gesch\u00e4ftsleitung der Suva gew\u00e4hlt.","breadcrumb":{"@id":"https:\/\/news.save.ch\/eine-neue-leiterin-in-die-geschaeftsleitung-der-suva\/#breadcrumb"},"inLanguage":"de","potentialAction":[{"@type":"ReadAction","target":["https:\/\/news.save.ch\/eine-neue-leiterin-in-die-geschaeftsleitung-der-suva\/"]}]},{"@type":"ImageObject","inLanguage":"de","@id":"https:\/\/news.save.ch\/eine-neue-leiterin-in-die-geschaeftsleitung-der-suva\/#primaryimage","url":"https:\/\/news.save.ch\/wp-content\/uploads\/2019\/04\/suva-scaled-1.jpeg","contentUrl":"https:\/\/news.save.ch\/wp-content\/uploads\/2019\/04\/suva-scaled-1.jpeg","width":1119,"height":1200,"caption":"Mit Edith M\u00fcller Loretz gewinnen wir f\u00fcr die Leitung des Departements Gesundheitsschutz eine erfahrene F\u00fchrungsperson. \u00a9 Suva"},{"@type":"BreadcrumbList","@id":"https:\/\/news.save.ch\/eine-neue-leiterin-in-die-geschaeftsleitung-der-suva\/#breadcrumb","itemListElement":[{"@type":"ListItem","position":1,"name":"Home","item":"https:\/\/news.save.ch\/de\/"},{"@type":"ListItem","position":2,"name":"Neue Leiterin f\u00fcr das Departement Gesundheitsschutz der Suva"}]},{"@type":"WebSite","@id":"https:\/\/news.save.ch\/de\/#website","url":"https:\/\/news.save.ch\/de\/","name":"Save","description":"Schweizer Fachzeitschrift f\u00fcr Sicherheit","publisher":{"@id":"https:\/\/news.save.ch\/de\/#organization"},"potentialAction":[{"@type":"SearchAction","target":{"@type":"EntryPoint","urlTemplate":"https:\/\/news.save.ch\/de\/?s={search_term_string}"},"query-input":{"@type":"PropertyValueSpecification","valueRequired":true,"valueName":"search_term_string"}}],"inLanguage":"de"},{"@type":"Organization","@id":"https:\/\/news.save.ch\/de\/#organization","name":"Sicherheitsforum","url":"https:\/\/news.save.ch\/de\/","logo":{"@type":"ImageObject","inLanguage":"de","@id":"https:\/\/news.save.ch\/de\/#\/schema\/logo\/image\/","url":"https:\/\/news.save.ch\/wp-content\/uploads\/2022\/06\/Logo_SF_2012.png","contentUrl":"https:\/\/news.save.ch\/wp-content\/uploads\/2022\/06\/Logo_SF_2012.png","width":1100,"height":91,"caption":"Sicherheitsforum"},"image":{"@id":"https:\/\/news.save.ch\/de\/#\/schema\/logo\/image\/"}},{"@type":"Person","@id":"https:\/\/news.save.ch\/de\/#\/schema\/person\/d49e199490bad7c70d64b9ab51142f2b","name":"admin","image":{"@type":"ImageObject","inLanguage":"de","@id":"https:\/\/secure.gravatar.com\/avatar\/ae2f4d718e6c49043e314ce431e7e645d646302a24a5ef5a8bc8e3f5a032e319?s=96&d=mm&r=g","url":"https:\/\/secure.gravatar.com\/avatar\/ae2f4d718e6c49043e314ce431e7e645d646302a24a5ef5a8bc8e3f5a032e319?s=96&d=mm&r=g","contentUrl":"https:\/\/secure.gravatar.com\/avatar\/ae2f4d718e6c49043e314ce431e7e645d646302a24a5ef5a8bc8e3f5a032e319?s=96&d=mm&r=g","caption":"admin"},"sameAs":["https:\/\/develop.organisator.galledia.ch"],"url":"https:\/\/news.save.ch\/de\/author\/admin\/"}]}},"_links":{"self":[{"href":"https:\/\/news.save.ch\/de\/wp-json\/wp\/v2\/posts\/3968","targetHints":{"allow":["GET"]}}],"collection":[{"href":"https:\/\/news.save.ch\/de\/wp-json\/wp\/v2\/posts"}],"about":[{"href":"https:\/\/news.save.ch\/de\/wp-json\/wp\/v2\/types\/post"}],"author":[{"embeddable":true,"href":"https:\/\/news.save.ch\/de\/wp-json\/wp\/v2\/users\/1"}],"replies":[{"embeddable":true,"href":"https:\/\/news.save.ch\/de\/wp-json\/wp\/v2\/comments?post=3968"}],"version-history":[{"count":1,"href":"https:\/\/news.save.ch\/de\/wp-json\/wp\/v2\/posts\/3968\/revisions"}],"predecessor-version":[{"id":18263,"href":"https:\/\/news.save.ch\/de\/wp-json\/wp\/v2\/posts\/3968\/revisions\/18263"}],"wp:featuredmedia":[{"embeddable":true,"href":"https:\/\/news.save.ch\/de\/wp-json\/wp\/v2\/media\/3969"}],"wp:attachment":[{"href":"https:\/\/news.save.ch\/de\/wp-json\/wp\/v2\/media?parent=3968"}],"wp:term":[{"taxonomy":"category","embeddable":true,"href":"https:\/\/news.save.ch\/de\/wp-json\/wp\/v2\/categories?post=3968"},{"taxonomy":"post_tag","embeddable":true,"href":"https:\/\/news.save.ch\/de\/wp-json\/wp\/v2\/tags?post=3968"}],"curies":[{"name":"wp","href":"https:\/\/api.w.org\/{rel}","templated":true}]}}