{"id":401,"date":"2015-06-10T11:38:16","date_gmt":"2015-06-10T09:38:16","guid":{"rendered":"http:\/\/dev.safety-plus.ch\/?p=401"},"modified":"2023-03-14T09:01:12","modified_gmt":"2023-03-14T08:01:12","slug":"g7-schafft-fonds-fuer-arbeitssicherheit","status":null,"type":"post","link":"https:\/\/news.save.ch\/de\/g7-schafft-fonds-fuer-arbeitssicherheit\/","title":{"rendered":"G7 schafft Fonds f\u00fcr Arbeitssicherheit"},"content":{"rendered":"<figure id=\"attachment_404\" aria-describedby=\"caption-attachment-404\" style=\"width: 654px\" class=\"wp-caption alignnone\"><img loading=\"lazy\" decoding=\"async\" class=\"wp-image-404 size-full\" src=\"http:\/\/develop.safety-plus.ch\/wp-content\/uploads\/2016\/12\/G7-schafft-Fonds-fuer-Arbeitssicherheit_safety-plus.jpeg\" alt=\"Die Regierungen der G7-Staaten wollen ihre globale Verantwortung in Bezug auf Arbeitsbedingungen st\u00e4rker wahrnehmen. (Bild: White House \/ Pete Souza)\" width=\"654\" height=\"436\" srcset=\"https:\/\/news.save.ch\/wp-content\/uploads\/2016\/12\/G7-schafft-Fonds-fuer-Arbeitssicherheit_safety-plus.jpeg 654w, https:\/\/news.save.ch\/wp-content\/uploads\/2016\/12\/G7-schafft-Fonds-fuer-Arbeitssicherheit_safety-plus-18x12.jpeg 18w, https:\/\/news.save.ch\/wp-content\/uploads\/2016\/12\/G7-schafft-Fonds-fuer-Arbeitssicherheit_safety-plus-375x250.jpeg 375w, https:\/\/news.save.ch\/wp-content\/uploads\/2016\/12\/G7-schafft-Fonds-fuer-Arbeitssicherheit_safety-plus-525x350.jpeg 525w\" sizes=\"auto, (max-width: 654px) 100vw, 654px\" \/><figcaption id=\"caption-attachment-404\" class=\"wp-caption-text\">Die Regierungen der G7-Staaten wollen ihre globale Verantwortung in Bezug auf Arbeitsbedingungen st\u00e4rker wahrnehmen. (Bild: White House \/ Pete Souza)<\/figcaption><\/figure>\n<p>Die Vertreter der sieben gr\u00f6ssten Industrienationen, die sich dieser Tage am G7-Gipfel in Deutschland treffen, wollen ihre Verantwortung f\u00fcr die weltweiten Produktionsketten st\u00e4rker wahrnehmen.<\/p>\n<p>Dazu haben sie in Kooperation mit der <a href=\"http:\/\/www.ilo.org\/global\/about-the-ilo\/who-we-are\/ilo-director-general\/news-and-press-releases\/WCMS_374316\/lang--en\/index.htm?shared_from=media-mail\" target=\"_blank\" data-cke-saved-href=\"http:\/\/www.ilo.org\/global\/about-the-ilo\/who-we-are\/ilo-director-general\/news-and-press-releases\/WCMS_374316\/lang--en\/index.htm?shared_from=media-mail\" rel=\"noopener\">International Labour Organization ILO<\/a>\u00a0einen globalen Fonds, den &#8222;Vision Zero Fund&#8220; ins Leben gerufen. Dieser soll Unternehmen unterst\u00fctzen, Standards bei der Arbeitssicherheit, der sozialen Verantwortung, der Arbeitsbedingungen und des Umweltschutzes einzuhalten &#8211; insbesondere in \u00e4rmeren Produktionsl\u00e4ndern. So sollen zum Beispiel Investitionen in den Arbeitsschutz finanziert werden oder Unfallversicherungen aufgebaut werden, wie die Deutsche Bundesarbeitsministerin Andera Nahles erkl\u00e4rt.<\/p>\n<p>Damit sollen\u00a0k\u00fcnftig tragische Unf\u00e4lle wie etwa der Fabrikeinsturz des\u00a0<a href=\"http:\/\/dev.safety-plus.ch\/zwei-jahre-nach-rana-plaza-noch-keine-entwarnung\/\" target=\"_blank\" data-cke-saved-href=\"http:\/\/safety-plus.hamster.ch\/zwei-jahre-nach-rana-plaza-noch-keine-entwarnung\" rel=\"noopener\">Rana Plaza<\/a>\u00a0in Bangladesch\u00a0vor zwei Jahren verhindert werden, bei dem 1100 Arbeiter und Arbeiterinnen ihr Leben verloren.<\/p>\n<p>Die Arbeits- und Entwicklungsminister der G7-Staaten treffen sich im Oktober zu einer eigenen Konferenz mit dem Thema &#8222;Faire Produktion in Lieferketten&#8220;. Dort sollen die Beschlusse des G7-Gipfels umgesetzt werden.<\/p>\n","protected":false},"excerpt":{"rendered":"<p>Die Vertreter der sieben gr\u00f6ssten Industrienationen, die sich dieser Tage am G7-Gipfel in Deutschland treffen, wollen ihre Verantwortung f\u00fcr die weltweiten Produktionsketten st\u00e4rker wahrnehmen. Dazu haben sie in Kooperation mit der International Labour Organization ILO\u00a0einen globalen Fonds, den &#8222;Vision Zero Fund&#8220; ins Leben gerufen. Dieser soll Unternehmen unterst\u00fctzen, Standards bei der Arbeitssicherheit, der sozialen Verantwortung, [&hellip;]<\/p>\n","protected":false},"author":1,"featured_media":404,"comment_status":"open","ping_status":"open","sticky":false,"template":"","format":"standard","meta":{"_acf_changed":false,"pgc_sgb_lightbox_settings":"","footnotes":""},"categories":[3314],"tags":[172],"class_list":["post-401","post","type-post","status-publish","format-standard","has-post-thumbnail","hentry","category-health-safety","tag-arbeitssicherheit"],"acf":[],"hkrextid":null,"publication":null,"issue":null,"workflow":null,"startPage":null,"spitzmarke":null,"_posts_by_tag_page_fields":{"widget_title":"","widget_tags":""},"_at_widget":"1","_yoast_wpseo_primary_category":"5","_yoast_wpseo_focuskw_text_input":"G7","_yoast_wpseo_opengraph-image":null,"_yoast_wpseo_opengraph-description":null,"_yoast_wpseo_opengraph-title":null,"enclosure":null,"_yoast_wpseo_twitter-title":null,"_yoast_wpseo_twitter-description":null,"_yoast_wpseo_twitter-image":null,"_wp_old_slug":null,"_yoast_wpseo_title":null,"_yoast_wpseo_canonical":null,"yoast_head":"<!-- This site is optimized with the Yoast SEO plugin v27.5 - https:\/\/yoast.com\/product\/yoast-seo-wordpress\/ -->\n<title>G7 schafft Fonds f\u00fcr Arbeitssicherheit - Save<\/title>\n<meta name=\"description\" content=\"G7: Die Staats-\/Regierungschefs der 7 f\u00fchrenden Industrienationen wollen die Arbeitssicherheit und den Umweltschutz in globalen Versorgungsketten f\u00f6rdern.\" \/>\n<meta name=\"robots\" content=\"index, follow, max-snippet:-1, max-image-preview:large, max-video-preview:-1\" \/>\n<link rel=\"canonical\" href=\"https:\/\/news.save.ch\/de\/g7-schafft-fonds-fuer-arbeitssicherheit\/\" \/>\n<meta property=\"og:locale\" content=\"de_DE\" \/>\n<meta property=\"og:type\" content=\"article\" \/>\n<meta property=\"og:title\" content=\"G7 schafft Fonds f\u00fcr Arbeitssicherheit - Save\" \/>\n<meta property=\"og:description\" content=\"G7: Die Staats-\/Regierungschefs der 7 f\u00fchrenden Industrienationen wollen die Arbeitssicherheit und den Umweltschutz in globalen Versorgungsketten f\u00f6rdern.\" \/>\n<meta property=\"og:url\" content=\"https:\/\/news.save.ch\/de\/g7-schafft-fonds-fuer-arbeitssicherheit\/\" \/>\n<meta property=\"og:site_name\" content=\"Save\" \/>\n<meta property=\"article:published_time\" content=\"2015-06-10T09:38:16+00:00\" \/>\n<meta property=\"article:modified_time\" content=\"2023-03-14T08:01:12+00:00\" \/>\n<meta property=\"og:image\" content=\"https:\/\/news.save.ch\/wp-content\/uploads\/2016\/12\/G7-schafft-Fonds-fuer-Arbeitssicherheit_safety-plus.jpeg\" \/>\n\t<meta property=\"og:image:width\" content=\"654\" \/>\n\t<meta property=\"og:image:height\" content=\"436\" \/>\n\t<meta property=\"og:image:type\" content=\"image\/jpeg\" \/>\n<meta name=\"author\" content=\"admin\" \/>\n<meta name=\"twitter:card\" content=\"summary_large_image\" \/>\n<meta name=\"twitter:label1\" content=\"Geschrieben von\" \/>\n\t<meta name=\"twitter:data1\" content=\"admin\" \/>\n\t<meta name=\"twitter:label2\" content=\"Gesch\u00e4tzte Lesezeit\" \/>\n\t<meta name=\"twitter:data2\" content=\"1\u00a0Minute\" \/>\n<script type=\"application\/ld+json\" class=\"yoast-schema-graph\">{\"@context\":\"https:\\\/\\\/schema.org\",\"@graph\":[{\"@type\":\"Article\",\"@id\":\"https:\\\/\\\/news.save.ch\\\/g7-schafft-fonds-fuer-arbeitssicherheit\\\/#article\",\"isPartOf\":{\"@id\":\"https:\\\/\\\/news.save.ch\\\/g7-schafft-fonds-fuer-arbeitssicherheit\\\/\"},\"author\":{\"name\":\"admin\",\"@id\":\"https:\\\/\\\/news.save.ch\\\/de\\\/#\\\/schema\\\/person\\\/d49e199490bad7c70d64b9ab51142f2b\"},\"headline\":\"G7 schafft Fonds f\u00fcr Arbeitssicherheit\",\"datePublished\":\"2015-06-10T09:38:16+00:00\",\"dateModified\":\"2023-03-14T08:01:12+00:00\",\"mainEntityOfPage\":{\"@id\":\"https:\\\/\\\/news.save.ch\\\/g7-schafft-fonds-fuer-arbeitssicherheit\\\/\"},\"wordCount\":189,\"commentCount\":0,\"publisher\":{\"@id\":\"https:\\\/\\\/news.save.ch\\\/de\\\/#organization\"},\"image\":{\"@id\":\"https:\\\/\\\/news.save.ch\\\/g7-schafft-fonds-fuer-arbeitssicherheit\\\/#primaryimage\"},\"thumbnailUrl\":\"https:\\\/\\\/news.save.ch\\\/wp-content\\\/uploads\\\/2016\\\/12\\\/G7-schafft-Fonds-fuer-Arbeitssicherheit_safety-plus.jpeg\",\"keywords\":[\"Arbeitssicherheit\"],\"articleSection\":[\"HEALTH &amp; SAFETY\"],\"inLanguage\":\"de\"},{\"@type\":\"WebPage\",\"@id\":\"https:\\\/\\\/news.save.ch\\\/g7-schafft-fonds-fuer-arbeitssicherheit\\\/\",\"url\":\"https:\\\/\\\/news.save.ch\\\/g7-schafft-fonds-fuer-arbeitssicherheit\\\/\",\"name\":\"G7 schafft Fonds f\u00fcr Arbeitssicherheit - Save\",\"isPartOf\":{\"@id\":\"https:\\\/\\\/news.save.ch\\\/de\\\/#website\"},\"primaryImageOfPage\":{\"@id\":\"https:\\\/\\\/news.save.ch\\\/g7-schafft-fonds-fuer-arbeitssicherheit\\\/#primaryimage\"},\"image\":{\"@id\":\"https:\\\/\\\/news.save.ch\\\/g7-schafft-fonds-fuer-arbeitssicherheit\\\/#primaryimage\"},\"thumbnailUrl\":\"https:\\\/\\\/news.save.ch\\\/wp-content\\\/uploads\\\/2016\\\/12\\\/G7-schafft-Fonds-fuer-Arbeitssicherheit_safety-plus.jpeg\",\"datePublished\":\"2015-06-10T09:38:16+00:00\",\"dateModified\":\"2023-03-14T08:01:12+00:00\",\"description\":\"G7: Die Staats-\\\/Regierungschefs der 7 f\u00fchrenden Industrienationen wollen die Arbeitssicherheit und den Umweltschutz in globalen Versorgungsketten f\u00f6rdern.\",\"breadcrumb\":{\"@id\":\"https:\\\/\\\/news.save.ch\\\/g7-schafft-fonds-fuer-arbeitssicherheit\\\/#breadcrumb\"},\"inLanguage\":\"de\",\"potentialAction\":[{\"@type\":\"ReadAction\",\"target\":[\"https:\\\/\\\/news.save.ch\\\/g7-schafft-fonds-fuer-arbeitssicherheit\\\/\"]}]},{\"@type\":\"ImageObject\",\"inLanguage\":\"de\",\"@id\":\"https:\\\/\\\/news.save.ch\\\/g7-schafft-fonds-fuer-arbeitssicherheit\\\/#primaryimage\",\"url\":\"https:\\\/\\\/news.save.ch\\\/wp-content\\\/uploads\\\/2016\\\/12\\\/G7-schafft-Fonds-fuer-Arbeitssicherheit_safety-plus.jpeg\",\"contentUrl\":\"https:\\\/\\\/news.save.ch\\\/wp-content\\\/uploads\\\/2016\\\/12\\\/G7-schafft-Fonds-fuer-Arbeitssicherheit_safety-plus.jpeg\",\"width\":654,\"height\":436,\"caption\":\"Die Regierungen der G7-Staaten wollen ihre globale Verantwortung in Bezug auf Arbeitsbedingungen st\u00e4rker wahrnehmen. (Bild: White House \\\/ Pete Souza)\"},{\"@type\":\"BreadcrumbList\",\"@id\":\"https:\\\/\\\/news.save.ch\\\/g7-schafft-fonds-fuer-arbeitssicherheit\\\/#breadcrumb\",\"itemListElement\":[{\"@type\":\"ListItem\",\"position\":1,\"name\":\"Home\",\"item\":\"https:\\\/\\\/news.save.ch\\\/de\\\/\"},{\"@type\":\"ListItem\",\"position\":2,\"name\":\"G7 schafft Fonds f\u00fcr Arbeitssicherheit\"}]},{\"@type\":\"WebSite\",\"@id\":\"https:\\\/\\\/news.save.ch\\\/de\\\/#website\",\"url\":\"https:\\\/\\\/news.save.ch\\\/de\\\/\",\"name\":\"Save\",\"description\":\"Schweizer Fachzeitschrift f\u00fcr Sicherheit\",\"publisher\":{\"@id\":\"https:\\\/\\\/news.save.ch\\\/de\\\/#organization\"},\"potentialAction\":[{\"@type\":\"SearchAction\",\"target\":{\"@type\":\"EntryPoint\",\"urlTemplate\":\"https:\\\/\\\/news.save.ch\\\/de\\\/?s={search_term_string}\"},\"query-input\":{\"@type\":\"PropertyValueSpecification\",\"valueRequired\":true,\"valueName\":\"search_term_string\"}}],\"inLanguage\":\"de\"},{\"@type\":\"Organization\",\"@id\":\"https:\\\/\\\/news.save.ch\\\/de\\\/#organization\",\"name\":\"Sicherheitsforum\",\"url\":\"https:\\\/\\\/news.save.ch\\\/de\\\/\",\"logo\":{\"@type\":\"ImageObject\",\"inLanguage\":\"de\",\"@id\":\"https:\\\/\\\/news.save.ch\\\/de\\\/#\\\/schema\\\/logo\\\/image\\\/\",\"url\":\"https:\\\/\\\/news.save.ch\\\/wp-content\\\/uploads\\\/2022\\\/06\\\/Logo_SF_2012.png\",\"contentUrl\":\"https:\\\/\\\/news.save.ch\\\/wp-content\\\/uploads\\\/2022\\\/06\\\/Logo_SF_2012.png\",\"width\":1100,\"height\":91,\"caption\":\"Sicherheitsforum\"},\"image\":{\"@id\":\"https:\\\/\\\/news.save.ch\\\/de\\\/#\\\/schema\\\/logo\\\/image\\\/\"}},{\"@type\":\"Person\",\"@id\":\"https:\\\/\\\/news.save.ch\\\/de\\\/#\\\/schema\\\/person\\\/d49e199490bad7c70d64b9ab51142f2b\",\"name\":\"admin\",\"image\":{\"@type\":\"ImageObject\",\"inLanguage\":\"de\",\"@id\":\"https:\\\/\\\/secure.gravatar.com\\\/avatar\\\/ae2f4d718e6c49043e314ce431e7e645d646302a24a5ef5a8bc8e3f5a032e319?s=96&d=mm&r=g\",\"url\":\"https:\\\/\\\/secure.gravatar.com\\\/avatar\\\/ae2f4d718e6c49043e314ce431e7e645d646302a24a5ef5a8bc8e3f5a032e319?s=96&d=mm&r=g\",\"contentUrl\":\"https:\\\/\\\/secure.gravatar.com\\\/avatar\\\/ae2f4d718e6c49043e314ce431e7e645d646302a24a5ef5a8bc8e3f5a032e319?s=96&d=mm&r=g\",\"caption\":\"admin\"},\"sameAs\":[\"https:\\\/\\\/develop.organisator.galledia.ch\"],\"url\":\"https:\\\/\\\/news.save.ch\\\/de\\\/author\\\/admin\\\/\"}]}<\/script>\n<!-- \/ Yoast SEO plugin. -->","yoast_head_json":{"title":"G7 schafft Fonds f\u00fcr Arbeitssicherheit - Save","description":"G7: Die Staats-\/Regierungschefs der 7 f\u00fchrenden Industrienationen wollen die Arbeitssicherheit und den Umweltschutz in globalen Versorgungsketten f\u00f6rdern.","robots":{"index":"index","follow":"follow","max-snippet":"max-snippet:-1","max-image-preview":"max-image-preview:large","max-video-preview":"max-video-preview:-1"},"canonical":"https:\/\/news.save.ch\/de\/g7-schafft-fonds-fuer-arbeitssicherheit\/","og_locale":"de_DE","og_type":"article","og_title":"G7 schafft Fonds f\u00fcr Arbeitssicherheit - Save","og_description":"G7: Die Staats-\/Regierungschefs der 7 f\u00fchrenden Industrienationen wollen die Arbeitssicherheit und den Umweltschutz in globalen Versorgungsketten f\u00f6rdern.","og_url":"https:\/\/news.save.ch\/de\/g7-schafft-fonds-fuer-arbeitssicherheit\/","og_site_name":"Save","article_published_time":"2015-06-10T09:38:16+00:00","article_modified_time":"2023-03-14T08:01:12+00:00","og_image":[{"width":654,"height":436,"url":"https:\/\/news.save.ch\/wp-content\/uploads\/2016\/12\/G7-schafft-Fonds-fuer-Arbeitssicherheit_safety-plus.jpeg","type":"image\/jpeg"}],"author":"admin","twitter_card":"summary_large_image","twitter_misc":{"Geschrieben von":"admin","Gesch\u00e4tzte Lesezeit":"1\u00a0Minute"},"schema":{"@context":"https:\/\/schema.org","@graph":[{"@type":"Article","@id":"https:\/\/news.save.ch\/g7-schafft-fonds-fuer-arbeitssicherheit\/#article","isPartOf":{"@id":"https:\/\/news.save.ch\/g7-schafft-fonds-fuer-arbeitssicherheit\/"},"author":{"name":"admin","@id":"https:\/\/news.save.ch\/de\/#\/schema\/person\/d49e199490bad7c70d64b9ab51142f2b"},"headline":"G7 schafft Fonds f\u00fcr Arbeitssicherheit","datePublished":"2015-06-10T09:38:16+00:00","dateModified":"2023-03-14T08:01:12+00:00","mainEntityOfPage":{"@id":"https:\/\/news.save.ch\/g7-schafft-fonds-fuer-arbeitssicherheit\/"},"wordCount":189,"commentCount":0,"publisher":{"@id":"https:\/\/news.save.ch\/de\/#organization"},"image":{"@id":"https:\/\/news.save.ch\/g7-schafft-fonds-fuer-arbeitssicherheit\/#primaryimage"},"thumbnailUrl":"https:\/\/news.save.ch\/wp-content\/uploads\/2016\/12\/G7-schafft-Fonds-fuer-Arbeitssicherheit_safety-plus.jpeg","keywords":["Arbeitssicherheit"],"articleSection":["HEALTH &amp; SAFETY"],"inLanguage":"de"},{"@type":"WebPage","@id":"https:\/\/news.save.ch\/g7-schafft-fonds-fuer-arbeitssicherheit\/","url":"https:\/\/news.save.ch\/g7-schafft-fonds-fuer-arbeitssicherheit\/","name":"G7 schafft Fonds f\u00fcr Arbeitssicherheit - Save","isPartOf":{"@id":"https:\/\/news.save.ch\/de\/#website"},"primaryImageOfPage":{"@id":"https:\/\/news.save.ch\/g7-schafft-fonds-fuer-arbeitssicherheit\/#primaryimage"},"image":{"@id":"https:\/\/news.save.ch\/g7-schafft-fonds-fuer-arbeitssicherheit\/#primaryimage"},"thumbnailUrl":"https:\/\/news.save.ch\/wp-content\/uploads\/2016\/12\/G7-schafft-Fonds-fuer-Arbeitssicherheit_safety-plus.jpeg","datePublished":"2015-06-10T09:38:16+00:00","dateModified":"2023-03-14T08:01:12+00:00","description":"G7: Die Staats-\/Regierungschefs der 7 f\u00fchrenden Industrienationen wollen die Arbeitssicherheit und den Umweltschutz in globalen Versorgungsketten f\u00f6rdern.","breadcrumb":{"@id":"https:\/\/news.save.ch\/g7-schafft-fonds-fuer-arbeitssicherheit\/#breadcrumb"},"inLanguage":"de","potentialAction":[{"@type":"ReadAction","target":["https:\/\/news.save.ch\/g7-schafft-fonds-fuer-arbeitssicherheit\/"]}]},{"@type":"ImageObject","inLanguage":"de","@id":"https:\/\/news.save.ch\/g7-schafft-fonds-fuer-arbeitssicherheit\/#primaryimage","url":"https:\/\/news.save.ch\/wp-content\/uploads\/2016\/12\/G7-schafft-Fonds-fuer-Arbeitssicherheit_safety-plus.jpeg","contentUrl":"https:\/\/news.save.ch\/wp-content\/uploads\/2016\/12\/G7-schafft-Fonds-fuer-Arbeitssicherheit_safety-plus.jpeg","width":654,"height":436,"caption":"Die Regierungen der G7-Staaten wollen ihre globale Verantwortung in Bezug auf Arbeitsbedingungen st\u00e4rker wahrnehmen. (Bild: White House \/ Pete Souza)"},{"@type":"BreadcrumbList","@id":"https:\/\/news.save.ch\/g7-schafft-fonds-fuer-arbeitssicherheit\/#breadcrumb","itemListElement":[{"@type":"ListItem","position":1,"name":"Home","item":"https:\/\/news.save.ch\/de\/"},{"@type":"ListItem","position":2,"name":"G7 schafft Fonds f\u00fcr Arbeitssicherheit"}]},{"@type":"WebSite","@id":"https:\/\/news.save.ch\/de\/#website","url":"https:\/\/news.save.ch\/de\/","name":"Save","description":"Schweizer Fachzeitschrift f\u00fcr Sicherheit","publisher":{"@id":"https:\/\/news.save.ch\/de\/#organization"},"potentialAction":[{"@type":"SearchAction","target":{"@type":"EntryPoint","urlTemplate":"https:\/\/news.save.ch\/de\/?s={search_term_string}"},"query-input":{"@type":"PropertyValueSpecification","valueRequired":true,"valueName":"search_term_string"}}],"inLanguage":"de"},{"@type":"Organization","@id":"https:\/\/news.save.ch\/de\/#organization","name":"Sicherheitsforum","url":"https:\/\/news.save.ch\/de\/","logo":{"@type":"ImageObject","inLanguage":"de","@id":"https:\/\/news.save.ch\/de\/#\/schema\/logo\/image\/","url":"https:\/\/news.save.ch\/wp-content\/uploads\/2022\/06\/Logo_SF_2012.png","contentUrl":"https:\/\/news.save.ch\/wp-content\/uploads\/2022\/06\/Logo_SF_2012.png","width":1100,"height":91,"caption":"Sicherheitsforum"},"image":{"@id":"https:\/\/news.save.ch\/de\/#\/schema\/logo\/image\/"}},{"@type":"Person","@id":"https:\/\/news.save.ch\/de\/#\/schema\/person\/d49e199490bad7c70d64b9ab51142f2b","name":"admin","image":{"@type":"ImageObject","inLanguage":"de","@id":"https:\/\/secure.gravatar.com\/avatar\/ae2f4d718e6c49043e314ce431e7e645d646302a24a5ef5a8bc8e3f5a032e319?s=96&d=mm&r=g","url":"https:\/\/secure.gravatar.com\/avatar\/ae2f4d718e6c49043e314ce431e7e645d646302a24a5ef5a8bc8e3f5a032e319?s=96&d=mm&r=g","contentUrl":"https:\/\/secure.gravatar.com\/avatar\/ae2f4d718e6c49043e314ce431e7e645d646302a24a5ef5a8bc8e3f5a032e319?s=96&d=mm&r=g","caption":"admin"},"sameAs":["https:\/\/develop.organisator.galledia.ch"],"url":"https:\/\/news.save.ch\/de\/author\/admin\/"}]}},"_links":{"self":[{"href":"https:\/\/news.save.ch\/de\/wp-json\/wp\/v2\/posts\/401","targetHints":{"allow":["GET"]}}],"collection":[{"href":"https:\/\/news.save.ch\/de\/wp-json\/wp\/v2\/posts"}],"about":[{"href":"https:\/\/news.save.ch\/de\/wp-json\/wp\/v2\/types\/post"}],"author":[{"embeddable":true,"href":"https:\/\/news.save.ch\/de\/wp-json\/wp\/v2\/users\/1"}],"replies":[{"embeddable":true,"href":"https:\/\/news.save.ch\/de\/wp-json\/wp\/v2\/comments?post=401"}],"version-history":[{"count":1,"href":"https:\/\/news.save.ch\/de\/wp-json\/wp\/v2\/posts\/401\/revisions"}],"predecessor-version":[{"id":18395,"href":"https:\/\/news.save.ch\/de\/wp-json\/wp\/v2\/posts\/401\/revisions\/18395"}],"wp:featuredmedia":[{"embeddable":true,"href":"https:\/\/news.save.ch\/de\/wp-json\/wp\/v2\/media\/404"}],"wp:attachment":[{"href":"https:\/\/news.save.ch\/de\/wp-json\/wp\/v2\/media?parent=401"}],"wp:term":[{"taxonomy":"category","embeddable":true,"href":"https:\/\/news.save.ch\/de\/wp-json\/wp\/v2\/categories?post=401"},{"taxonomy":"post_tag","embeddable":true,"href":"https:\/\/news.save.ch\/de\/wp-json\/wp\/v2\/tags?post=401"}],"curies":[{"name":"wp","href":"https:\/\/api.w.org\/{rel}","templated":true}]}}