{"id":4113,"date":"2019-05-31T08:00:24","date_gmt":"2019-05-31T06:00:24","guid":{"rendered":"https:\/\/news.save.ch\/?p=4113"},"modified":"2023-03-14T09:04:00","modified_gmt":"2023-03-14T08:04:00","slug":"weltnichtrauchertag-2019","status":null,"type":"post","link":"https:\/\/news.save.ch\/de\/weltnichtrauchertag-2019\/","title":{"rendered":"Weltnichtrauchertag 2019"},"content":{"rendered":"<figure id=\"attachment_4115\" aria-describedby=\"caption-attachment-4115\" style=\"width: 680px\" class=\"wp-caption alignnone\"><img loading=\"lazy\" decoding=\"async\" class=\"size-medium wp-image-4115\" src=\"http:\/\/develop.safety-plus.ch\/wp-content\/uploads\/2019\/05\/Depositphotos_fermate.jpg\" alt=\"\" width=\"680\" height=\"453\" \/><figcaption id=\"caption-attachment-4115\" class=\"wp-caption-text\">Zehn Jahre nach der letzten Zigarette ist das Risiko nur noch halb so hoch wie das eines Rauchers.<br \/>\u00a9Depositphotos\/fermate<\/figcaption><\/figure>\n<p><span style=\"font-size: 16px;\">Aktiv- und Passivrauchen erh\u00f6hen das Risiko f\u00fcr eine Vielzahl von Krankheiten. So haben Aktiv- und Passivrauchen vielf\u00e4ltige Auswirkungen auf die Lungengesundheit von Menschen:<\/span><\/p>\n<ul>\n<li>Lungenkrebs: Rauchen ist weltweit f\u00fcr \u00fcber zwei Drittel aller durch Lungenkrebs bedingten Todesf\u00e4lle verantwortlich, und Passivrauchen erh\u00f6ht auch bei Nichtrauchern das Risiko, an Lungenkrebs zu erkranken. Lungenkrebs ist in den meisten L\u00e4ndern der Europ\u00e4ischen Region der WHO die h\u00e4ufigste krebsbedingte Todesursache. 2018 starben in der Europ\u00e4ischen Region etwa 430 000 Menschen an Lungenkrebs, und es wurden mehr als eine halbe Million neue F\u00e4lle diagnostiziert. Durch Rauchverzicht verringert sich das Lungenkrebsrisiko: Zehn Jahre nach der letzten Zigarette ist das Risiko nur noch halb so hoch wie das eines Rauchers.<\/li>\n<li>Chronische Atemwegserkrankungen wie chronisch obstruktive Lungenerkrankung (COPD) und Asthma: <a href=\"https:\/\/news.save.ch\/rauchende-unterschaetzen-ihr-erkrankungsrisiko\/\" target=\"_blank\" rel=\"noopener\">Rauchen<\/a> ist die h\u00e4ufigste Ursache von COPD, einer <a href=\"https:\/\/news.save.ch\/welttag-ohne-tabak\/\" target=\"_blank\" rel=\"noopener\">Erkrankung<\/a>, die sich in schmerzhaftem Husten und qu\u00e4lenden Atembeschwerden \u00e4ussert. Sie versch\u00e4rft auch Asthmaleiden, die den Aktionsradius von Menschen einschr\u00e4nken und zu Behinderung beitragen. Nach den neuesten verf\u00fcgbaren Daten waren 2017 ca. 3,6% aller Todesf\u00e4lle in der Europ\u00e4ischen Region auf COPD zur\u00fcckzuf\u00fchren. Ein fr\u00fcher Rauchverzicht ist der wirksamste Weg zur Verlangsamung des Fortschreitens der Erkrankung und zur Verbesserung von Asthmasymptomen.<\/li>\n<\/ul>\n<p>Ausserdem tragen Kinder, die Passivrauch ausgesetzt sind, ein h\u00f6heres Risiko in Bezug auf h\u00e4ufige Infektionen der unteren Atemwege sowie auf Ausbruch und Verschlimmerung von Asthmabeschwerden, Lungenentz\u00fcndung und Bronchitis. Auch die Verkn\u00fcpfung zwischen Rauchen und Tuberkulose ist hinreichend belegt, und die chemischen Bestandteile des Tabakrauchs k\u00f6nnen als Ausl\u00f6ser f\u00fcr latente Tuberkuloseinfektionen dienen. Bei Personen mit aktiver Tuberkulose kann Rauchen auch die Gefahr von Behinderung und <a href=\"https:\/\/news.save.ch\/mehr-todesopfer-im-2017\/\" target=\"_blank\" rel=\"noopener\">Tod<\/a> infolge von Ateminsuffizienz erh\u00f6hen.<\/p>\n<p><strong>\u00a0<\/strong><strong>Weitere Infos<\/strong><\/p>\n<p><a href=\"http:\/\/www.euro.who.int\/de\/media-centre\/events\/events\/2019\/05\/tobacco-and-lung-health-world-no-tobacco-day-2019\" target=\"_blank\" rel=\"noopener\">www.euro.who.int<\/a><\/p>\n","protected":false},"excerpt":{"rendered":"<p>Aktiv- und Passivrauchen erh\u00f6hen das Risiko f\u00fcr eine Vielzahl von Krankheiten. So haben Aktiv- und Passivrauchen vielf\u00e4ltige Auswirkungen auf die Lungengesundheit von Menschen: Lungenkrebs: Rauchen ist weltweit f\u00fcr \u00fcber zwei Drittel aller durch Lungenkrebs bedingten Todesf\u00e4lle verantwortlich, und Passivrauchen erh\u00f6ht auch bei Nichtrauchern das Risiko, an Lungenkrebs zu erkranken. Lungenkrebs ist in den meisten L\u00e4ndern [&hellip;]<\/p>\n","protected":false},"author":1,"featured_media":4115,"comment_status":"open","ping_status":"open","sticky":false,"template":"","format":"standard","meta":{"_acf_changed":false,"pgc_sgb_lightbox_settings":"","footnotes":""},"categories":[1,3314],"tags":[1611,1931,2165,149,2487,2491,141,1094,3240],"class_list":["post-4113","post","type-post","status-publish","format-standard","has-post-thumbnail","hentry","category-allgemein","category-health-safety","tag-aktiv-und-passivrauchen","tag-drogen","tag-gesundheitsfoerderung","tag-gesundheitsschutz","tag-lungenerkrankung","tag-lungenkrebs","tag-praevention","tag-risiko","tag-weltnichtrauchertag-2019"],"acf":[],"hkrextid":null,"publication":null,"issue":null,"workflow":null,"startPage":null,"spitzmarke":null,"_posts_by_tag_page_fields":{"widget_title":"","widget_tags":""},"_at_widget":"1","_yoast_wpseo_primary_category":"4","_yoast_wpseo_focuskw_text_input":"Weltnichtrauchertag 2019","_yoast_wpseo_opengraph-image":null,"_yoast_wpseo_opengraph-description":null,"_yoast_wpseo_opengraph-title":null,"enclosure":null,"_yoast_wpseo_twitter-title":null,"_yoast_wpseo_twitter-description":null,"_yoast_wpseo_twitter-image":null,"_wp_old_slug":null,"_yoast_wpseo_title":null,"_yoast_wpseo_canonical":null,"yoast_head":"<!-- This site is optimized with the Yoast SEO plugin v27.4 - https:\/\/yoast.com\/product\/yoast-seo-wordpress\/ -->\n<title>Weltnichtrauchertag 2019 - Save<\/title>\n<meta name=\"description\" content=\"Jedes Jahr am 31. Mai begehen die WHO und ihre globalen Partnerorganisationen den Weltnichtrauchertag (WNTD).\" \/>\n<meta name=\"robots\" content=\"index, follow, max-snippet:-1, max-image-preview:large, max-video-preview:-1\" \/>\n<link rel=\"canonical\" href=\"https:\/\/news.save.ch\/de\/weltnichtrauchertag-2019\/\" \/>\n<meta property=\"og:locale\" content=\"de_DE\" \/>\n<meta property=\"og:type\" content=\"article\" \/>\n<meta property=\"og:title\" content=\"Weltnichtrauchertag 2019 - Save\" \/>\n<meta property=\"og:description\" content=\"Jedes Jahr am 31. Mai begehen die WHO und ihre globalen Partnerorganisationen den Weltnichtrauchertag (WNTD).\" \/>\n<meta property=\"og:url\" content=\"https:\/\/news.save.ch\/de\/weltnichtrauchertag-2019\/\" \/>\n<meta property=\"og:site_name\" content=\"Save\" \/>\n<meta property=\"article:published_time\" content=\"2019-05-31T06:00:24+00:00\" \/>\n<meta property=\"article:modified_time\" content=\"2023-03-14T08:04:00+00:00\" \/>\n<meta property=\"og:image\" content=\"https:\/\/news.save.ch\/wp-content\/uploads\/2019\/05\/Depositphotos_fermate-scaled-1.jpg\" \/>\n\t<meta property=\"og:image:width\" content=\"1200\" \/>\n\t<meta property=\"og:image:height\" content=\"800\" \/>\n\t<meta property=\"og:image:type\" content=\"image\/jpeg\" \/>\n<meta name=\"author\" content=\"admin\" \/>\n<meta name=\"twitter:card\" content=\"summary_large_image\" \/>\n<meta name=\"twitter:label1\" content=\"Geschrieben von\" \/>\n\t<meta name=\"twitter:data1\" content=\"admin\" \/>\n\t<meta name=\"twitter:label2\" content=\"Gesch\u00e4tzte Lesezeit\" \/>\n\t<meta name=\"twitter:data2\" content=\"2\u00a0Minuten\" \/>\n<script type=\"application\/ld+json\" class=\"yoast-schema-graph\">{\"@context\":\"https:\\\/\\\/schema.org\",\"@graph\":[{\"@type\":\"Article\",\"@id\":\"https:\\\/\\\/news.save.ch\\\/weltnichtrauchertag-2019\\\/#article\",\"isPartOf\":{\"@id\":\"https:\\\/\\\/news.save.ch\\\/weltnichtrauchertag-2019\\\/\"},\"author\":{\"name\":\"admin\",\"@id\":\"https:\\\/\\\/news.save.ch\\\/de\\\/#\\\/schema\\\/person\\\/d49e199490bad7c70d64b9ab51142f2b\"},\"headline\":\"Weltnichtrauchertag 2019\",\"datePublished\":\"2019-05-31T06:00:24+00:00\",\"dateModified\":\"2023-03-14T08:04:00+00:00\",\"mainEntityOfPage\":{\"@id\":\"https:\\\/\\\/news.save.ch\\\/weltnichtrauchertag-2019\\\/\"},\"wordCount\":315,\"commentCount\":0,\"publisher\":{\"@id\":\"https:\\\/\\\/news.save.ch\\\/de\\\/#organization\"},\"image\":{\"@id\":\"https:\\\/\\\/news.save.ch\\\/weltnichtrauchertag-2019\\\/#primaryimage\"},\"thumbnailUrl\":\"https:\\\/\\\/news.save.ch\\\/wp-content\\\/uploads\\\/2019\\\/05\\\/Depositphotos_fermate-scaled-1.jpg\",\"keywords\":[\"Aktiv- und Passivrauchen\",\"Drogen\",\"Gesundheitsf\u00f6rderung\",\"Gesundheitsschutz\",\"Lungenerkrankung\",\"Lungenkrebs\",\"Pr\u00e4vention\",\"Risiko\",\"Weltnichtrauchertag 2019\"],\"articleSection\":[\"ALLGEMEIN\",\"HEALTH &amp; SAFETY\"],\"inLanguage\":\"de\"},{\"@type\":\"WebPage\",\"@id\":\"https:\\\/\\\/news.save.ch\\\/weltnichtrauchertag-2019\\\/\",\"url\":\"https:\\\/\\\/news.save.ch\\\/weltnichtrauchertag-2019\\\/\",\"name\":\"Weltnichtrauchertag 2019 - Save\",\"isPartOf\":{\"@id\":\"https:\\\/\\\/news.save.ch\\\/de\\\/#website\"},\"primaryImageOfPage\":{\"@id\":\"https:\\\/\\\/news.save.ch\\\/weltnichtrauchertag-2019\\\/#primaryimage\"},\"image\":{\"@id\":\"https:\\\/\\\/news.save.ch\\\/weltnichtrauchertag-2019\\\/#primaryimage\"},\"thumbnailUrl\":\"https:\\\/\\\/news.save.ch\\\/wp-content\\\/uploads\\\/2019\\\/05\\\/Depositphotos_fermate-scaled-1.jpg\",\"datePublished\":\"2019-05-31T06:00:24+00:00\",\"dateModified\":\"2023-03-14T08:04:00+00:00\",\"description\":\"Jedes Jahr am 31. Mai begehen die WHO und ihre globalen Partnerorganisationen den Weltnichtrauchertag (WNTD).\",\"breadcrumb\":{\"@id\":\"https:\\\/\\\/news.save.ch\\\/weltnichtrauchertag-2019\\\/#breadcrumb\"},\"inLanguage\":\"de\",\"potentialAction\":[{\"@type\":\"ReadAction\",\"target\":[\"https:\\\/\\\/news.save.ch\\\/weltnichtrauchertag-2019\\\/\"]}]},{\"@type\":\"ImageObject\",\"inLanguage\":\"de\",\"@id\":\"https:\\\/\\\/news.save.ch\\\/weltnichtrauchertag-2019\\\/#primaryimage\",\"url\":\"https:\\\/\\\/news.save.ch\\\/wp-content\\\/uploads\\\/2019\\\/05\\\/Depositphotos_fermate-scaled-1.jpg\",\"contentUrl\":\"https:\\\/\\\/news.save.ch\\\/wp-content\\\/uploads\\\/2019\\\/05\\\/Depositphotos_fermate-scaled-1.jpg\",\"width\":1200,\"height\":800,\"caption\":\"Zehn Jahre nach der letzten Zigarette ist das Risiko nur noch halb so hoch wie das eines Rauchers. \u00a9Depositphotos\\\/fermate\"},{\"@type\":\"BreadcrumbList\",\"@id\":\"https:\\\/\\\/news.save.ch\\\/weltnichtrauchertag-2019\\\/#breadcrumb\",\"itemListElement\":[{\"@type\":\"ListItem\",\"position\":1,\"name\":\"Home\",\"item\":\"https:\\\/\\\/news.save.ch\\\/de\\\/\"},{\"@type\":\"ListItem\",\"position\":2,\"name\":\"Weltnichtrauchertag 2019\"}]},{\"@type\":\"WebSite\",\"@id\":\"https:\\\/\\\/news.save.ch\\\/de\\\/#website\",\"url\":\"https:\\\/\\\/news.save.ch\\\/de\\\/\",\"name\":\"Save\",\"description\":\"Schweizer Fachzeitschrift f\u00fcr Sicherheit\",\"publisher\":{\"@id\":\"https:\\\/\\\/news.save.ch\\\/de\\\/#organization\"},\"potentialAction\":[{\"@type\":\"SearchAction\",\"target\":{\"@type\":\"EntryPoint\",\"urlTemplate\":\"https:\\\/\\\/news.save.ch\\\/de\\\/?s={search_term_string}\"},\"query-input\":{\"@type\":\"PropertyValueSpecification\",\"valueRequired\":true,\"valueName\":\"search_term_string\"}}],\"inLanguage\":\"de\"},{\"@type\":\"Organization\",\"@id\":\"https:\\\/\\\/news.save.ch\\\/de\\\/#organization\",\"name\":\"Sicherheitsforum\",\"url\":\"https:\\\/\\\/news.save.ch\\\/de\\\/\",\"logo\":{\"@type\":\"ImageObject\",\"inLanguage\":\"de\",\"@id\":\"https:\\\/\\\/news.save.ch\\\/de\\\/#\\\/schema\\\/logo\\\/image\\\/\",\"url\":\"https:\\\/\\\/news.save.ch\\\/wp-content\\\/uploads\\\/2022\\\/06\\\/Logo_SF_2012.png\",\"contentUrl\":\"https:\\\/\\\/news.save.ch\\\/wp-content\\\/uploads\\\/2022\\\/06\\\/Logo_SF_2012.png\",\"width\":1100,\"height\":91,\"caption\":\"Sicherheitsforum\"},\"image\":{\"@id\":\"https:\\\/\\\/news.save.ch\\\/de\\\/#\\\/schema\\\/logo\\\/image\\\/\"}},{\"@type\":\"Person\",\"@id\":\"https:\\\/\\\/news.save.ch\\\/de\\\/#\\\/schema\\\/person\\\/d49e199490bad7c70d64b9ab51142f2b\",\"name\":\"admin\",\"image\":{\"@type\":\"ImageObject\",\"inLanguage\":\"de\",\"@id\":\"https:\\\/\\\/secure.gravatar.com\\\/avatar\\\/ae2f4d718e6c49043e314ce431e7e645d646302a24a5ef5a8bc8e3f5a032e319?s=96&d=mm&r=g\",\"url\":\"https:\\\/\\\/secure.gravatar.com\\\/avatar\\\/ae2f4d718e6c49043e314ce431e7e645d646302a24a5ef5a8bc8e3f5a032e319?s=96&d=mm&r=g\",\"contentUrl\":\"https:\\\/\\\/secure.gravatar.com\\\/avatar\\\/ae2f4d718e6c49043e314ce431e7e645d646302a24a5ef5a8bc8e3f5a032e319?s=96&d=mm&r=g\",\"caption\":\"admin\"},\"sameAs\":[\"https:\\\/\\\/develop.organisator.galledia.ch\"],\"url\":\"https:\\\/\\\/news.save.ch\\\/de\\\/author\\\/admin\\\/\"}]}<\/script>\n<!-- \/ Yoast SEO plugin. -->","yoast_head_json":{"title":"Weltnichtrauchertag 2019 - Save","description":"Jedes Jahr am 31. Mai begehen die WHO und ihre globalen Partnerorganisationen den Weltnichtrauchertag (WNTD).","robots":{"index":"index","follow":"follow","max-snippet":"max-snippet:-1","max-image-preview":"max-image-preview:large","max-video-preview":"max-video-preview:-1"},"canonical":"https:\/\/news.save.ch\/de\/weltnichtrauchertag-2019\/","og_locale":"de_DE","og_type":"article","og_title":"Weltnichtrauchertag 2019 - Save","og_description":"Jedes Jahr am 31. Mai begehen die WHO und ihre globalen Partnerorganisationen den Weltnichtrauchertag (WNTD).","og_url":"https:\/\/news.save.ch\/de\/weltnichtrauchertag-2019\/","og_site_name":"Save","article_published_time":"2019-05-31T06:00:24+00:00","article_modified_time":"2023-03-14T08:04:00+00:00","og_image":[{"width":1200,"height":800,"url":"https:\/\/news.save.ch\/wp-content\/uploads\/2019\/05\/Depositphotos_fermate-scaled-1.jpg","type":"image\/jpeg"}],"author":"admin","twitter_card":"summary_large_image","twitter_misc":{"Geschrieben von":"admin","Gesch\u00e4tzte Lesezeit":"2\u00a0Minuten"},"schema":{"@context":"https:\/\/schema.org","@graph":[{"@type":"Article","@id":"https:\/\/news.save.ch\/weltnichtrauchertag-2019\/#article","isPartOf":{"@id":"https:\/\/news.save.ch\/weltnichtrauchertag-2019\/"},"author":{"name":"admin","@id":"https:\/\/news.save.ch\/de\/#\/schema\/person\/d49e199490bad7c70d64b9ab51142f2b"},"headline":"Weltnichtrauchertag 2019","datePublished":"2019-05-31T06:00:24+00:00","dateModified":"2023-03-14T08:04:00+00:00","mainEntityOfPage":{"@id":"https:\/\/news.save.ch\/weltnichtrauchertag-2019\/"},"wordCount":315,"commentCount":0,"publisher":{"@id":"https:\/\/news.save.ch\/de\/#organization"},"image":{"@id":"https:\/\/news.save.ch\/weltnichtrauchertag-2019\/#primaryimage"},"thumbnailUrl":"https:\/\/news.save.ch\/wp-content\/uploads\/2019\/05\/Depositphotos_fermate-scaled-1.jpg","keywords":["Aktiv- und Passivrauchen","Drogen","Gesundheitsf\u00f6rderung","Gesundheitsschutz","Lungenerkrankung","Lungenkrebs","Pr\u00e4vention","Risiko","Weltnichtrauchertag 2019"],"articleSection":["ALLGEMEIN","HEALTH &amp; SAFETY"],"inLanguage":"de"},{"@type":"WebPage","@id":"https:\/\/news.save.ch\/weltnichtrauchertag-2019\/","url":"https:\/\/news.save.ch\/weltnichtrauchertag-2019\/","name":"Weltnichtrauchertag 2019 - Save","isPartOf":{"@id":"https:\/\/news.save.ch\/de\/#website"},"primaryImageOfPage":{"@id":"https:\/\/news.save.ch\/weltnichtrauchertag-2019\/#primaryimage"},"image":{"@id":"https:\/\/news.save.ch\/weltnichtrauchertag-2019\/#primaryimage"},"thumbnailUrl":"https:\/\/news.save.ch\/wp-content\/uploads\/2019\/05\/Depositphotos_fermate-scaled-1.jpg","datePublished":"2019-05-31T06:00:24+00:00","dateModified":"2023-03-14T08:04:00+00:00","description":"Jedes Jahr am 31. Mai begehen die WHO und ihre globalen Partnerorganisationen den Weltnichtrauchertag (WNTD).","breadcrumb":{"@id":"https:\/\/news.save.ch\/weltnichtrauchertag-2019\/#breadcrumb"},"inLanguage":"de","potentialAction":[{"@type":"ReadAction","target":["https:\/\/news.save.ch\/weltnichtrauchertag-2019\/"]}]},{"@type":"ImageObject","inLanguage":"de","@id":"https:\/\/news.save.ch\/weltnichtrauchertag-2019\/#primaryimage","url":"https:\/\/news.save.ch\/wp-content\/uploads\/2019\/05\/Depositphotos_fermate-scaled-1.jpg","contentUrl":"https:\/\/news.save.ch\/wp-content\/uploads\/2019\/05\/Depositphotos_fermate-scaled-1.jpg","width":1200,"height":800,"caption":"Zehn Jahre nach der letzten Zigarette ist das Risiko nur noch halb so hoch wie das eines Rauchers. \u00a9Depositphotos\/fermate"},{"@type":"BreadcrumbList","@id":"https:\/\/news.save.ch\/weltnichtrauchertag-2019\/#breadcrumb","itemListElement":[{"@type":"ListItem","position":1,"name":"Home","item":"https:\/\/news.save.ch\/de\/"},{"@type":"ListItem","position":2,"name":"Weltnichtrauchertag 2019"}]},{"@type":"WebSite","@id":"https:\/\/news.save.ch\/de\/#website","url":"https:\/\/news.save.ch\/de\/","name":"Save","description":"Schweizer Fachzeitschrift f\u00fcr Sicherheit","publisher":{"@id":"https:\/\/news.save.ch\/de\/#organization"},"potentialAction":[{"@type":"SearchAction","target":{"@type":"EntryPoint","urlTemplate":"https:\/\/news.save.ch\/de\/?s={search_term_string}"},"query-input":{"@type":"PropertyValueSpecification","valueRequired":true,"valueName":"search_term_string"}}],"inLanguage":"de"},{"@type":"Organization","@id":"https:\/\/news.save.ch\/de\/#organization","name":"Sicherheitsforum","url":"https:\/\/news.save.ch\/de\/","logo":{"@type":"ImageObject","inLanguage":"de","@id":"https:\/\/news.save.ch\/de\/#\/schema\/logo\/image\/","url":"https:\/\/news.save.ch\/wp-content\/uploads\/2022\/06\/Logo_SF_2012.png","contentUrl":"https:\/\/news.save.ch\/wp-content\/uploads\/2022\/06\/Logo_SF_2012.png","width":1100,"height":91,"caption":"Sicherheitsforum"},"image":{"@id":"https:\/\/news.save.ch\/de\/#\/schema\/logo\/image\/"}},{"@type":"Person","@id":"https:\/\/news.save.ch\/de\/#\/schema\/person\/d49e199490bad7c70d64b9ab51142f2b","name":"admin","image":{"@type":"ImageObject","inLanguage":"de","@id":"https:\/\/secure.gravatar.com\/avatar\/ae2f4d718e6c49043e314ce431e7e645d646302a24a5ef5a8bc8e3f5a032e319?s=96&d=mm&r=g","url":"https:\/\/secure.gravatar.com\/avatar\/ae2f4d718e6c49043e314ce431e7e645d646302a24a5ef5a8bc8e3f5a032e319?s=96&d=mm&r=g","contentUrl":"https:\/\/secure.gravatar.com\/avatar\/ae2f4d718e6c49043e314ce431e7e645d646302a24a5ef5a8bc8e3f5a032e319?s=96&d=mm&r=g","caption":"admin"},"sameAs":["https:\/\/develop.organisator.galledia.ch"],"url":"https:\/\/news.save.ch\/de\/author\/admin\/"}]}},"_links":{"self":[{"href":"https:\/\/news.save.ch\/de\/wp-json\/wp\/v2\/posts\/4113","targetHints":{"allow":["GET"]}}],"collection":[{"href":"https:\/\/news.save.ch\/de\/wp-json\/wp\/v2\/posts"}],"about":[{"href":"https:\/\/news.save.ch\/de\/wp-json\/wp\/v2\/types\/post"}],"author":[{"embeddable":true,"href":"https:\/\/news.save.ch\/de\/wp-json\/wp\/v2\/users\/1"}],"replies":[{"embeddable":true,"href":"https:\/\/news.save.ch\/de\/wp-json\/wp\/v2\/comments?post=4113"}],"version-history":[{"count":1,"href":"https:\/\/news.save.ch\/de\/wp-json\/wp\/v2\/posts\/4113\/revisions"}],"predecessor-version":[{"id":18659,"href":"https:\/\/news.save.ch\/de\/wp-json\/wp\/v2\/posts\/4113\/revisions\/18659"}],"wp:featuredmedia":[{"embeddable":true,"href":"https:\/\/news.save.ch\/de\/wp-json\/wp\/v2\/media\/4115"}],"wp:attachment":[{"href":"https:\/\/news.save.ch\/de\/wp-json\/wp\/v2\/media?parent=4113"}],"wp:term":[{"taxonomy":"category","embeddable":true,"href":"https:\/\/news.save.ch\/de\/wp-json\/wp\/v2\/categories?post=4113"},{"taxonomy":"post_tag","embeddable":true,"href":"https:\/\/news.save.ch\/de\/wp-json\/wp\/v2\/tags?post=4113"}],"curies":[{"name":"wp","href":"https:\/\/api.w.org\/{rel}","templated":true}]}}