{"id":4125,"date":"2019-05-18T08:00:36","date_gmt":"2019-05-18T06:00:36","guid":{"rendered":"https:\/\/news.save.ch\/?p=4125"},"modified":"2019-05-18T08:00:36","modified_gmt":"2019-05-18T06:00:36","slug":"biologischer-zeitgeber-blaues-licht-und-nachtarbeit","status":null,"type":"post","link":"https:\/\/news.save.ch\/de\/biologischer-zeitgeber-blaues-licht-und-nachtarbeit\/","title":{"rendered":"Biologischer Zeitgeber blaues Licht und Nachtarbeit"},"content":{"rendered":"<figure id=\"attachment_4126\" aria-describedby=\"caption-attachment-4126\" style=\"width: 680px\" class=\"wp-caption alignnone\"><img loading=\"lazy\" decoding=\"async\" class=\"size-medium wp-image-4126\" src=\"http:\/\/develop.safety-plus.ch\/wp-content\/uploads\/2019\/05\/Depositphotos_VadimVasenin.jpg\" alt=\"\" width=\"680\" height=\"680\" \/><figcaption id=\"caption-attachment-4126\" class=\"wp-caption-text\">Licht ist der st\u00e4rkste Zeitgeber f\u00fcr unsere innere biologische Uhr.<br \/>\u00a9Depositphotos\/VadimVasenin<\/figcaption><\/figure>\n<p>Sp\u00e4testens seit die internationale Krebsagentur langj\u00e4hrige Schichtarbeit, die mit circadianen St\u00f6rungen verbunden ist, als wahrscheinlich Krebs erregend (Gruppe 2A) einstufte, sind die Auswirkungen von <a href=\"https:\/\/news.save.ch\/lebensgefaehrlicher-schlafmangel\/\" target=\"_blank\" rel=\"noopener\">Schichtarbeit<\/a> in den Fokus der Forschung gelangt. Laut Mikrozensus von 2017 arbeiten mehr als 4,5 Millionen Menschen in Deutschland in Nachtarbeit, Tendenz weiter steigend.<\/p>\n<p><strong>Untersuchung von Besch\u00e4ftigten im Schichtdienst<\/strong><\/p>\n<p>Die Wissenschaftlerinnen und Wissenschaftler des IPA untersuchten weibliche Besch\u00e4ftigte in der Krankenpflege im Schichtdienst. Das Kollektiv bestand aus Frauen, die sowohl in Tag- als auch in Nachtschichten in der Klinik arbeiteten. Die Vergleichsgruppe bestand aus Frauen, die ausschliesslich in Tagschichten arbeiteten. Erfasst wurden in der Studie typische 24-Stunden-Profile des Lichts w\u00e4hrend Phasen mit Tagarbeit und Phasen mit Nachtarbeit. Dazu trugen die Teilnehmerinnen der Studie Lichtmessger\u00e4te, mit denen die <a href=\"https:\/\/news.save.ch\/daemmerlicht-fuehrt-zur-verdummung\/\" target=\"_blank\" rel=\"noopener\">Lichtexpositionen<\/a> in verschiedenen Spektralbereichen \u2013 hierunter auch das Blaulicht &#8211; , welches f\u00fcr die biologischen Tagesrhythmen eine besondere Rolle spielt \u2013 alle 10 Sekunden aufgezeichnet wurden. &#8222;Wir haben so ein engmaschiges Lichtprofil \u00fcber den Tag erhalten und konnten gezielt bestimmten Zeitabschnitten untersuchen&#8220;, erl\u00e4utert die Leiterin der Studie Dr. Sylvia Rabstein.<\/p>\n<p><strong>Weitere Infos<\/strong><\/p>\n<p><a href=\"https:\/\/www.dguv.de\/de\/wir-ueber-uns\/impressum\/datenschutzerklaerung\/datenschutz_partner\/index.jsp\" target=\"_blank\" rel=\"noopener\">www.dguv.de<\/a><\/p>\n<p><a href=\"https:\/\/www.suva.ch\/\" target=\"_blank\" rel=\"noopener\">www.suva.ch<\/a><\/p>\n","protected":false},"excerpt":{"rendered":"<p>Sp\u00e4testens seit die internationale Krebsagentur langj\u00e4hrige Schichtarbeit, die mit circadianen St\u00f6rungen verbunden ist, als wahrscheinlich Krebs erregend (Gruppe 2A) einstufte, sind die Auswirkungen von Schichtarbeit in den Fokus der Forschung gelangt. Laut Mikrozensus von 2017 arbeiten mehr als 4,5 Millionen Menschen in Deutschland in Nachtarbeit, Tendenz weiter steigend. Untersuchung von Besch\u00e4ftigten im Schichtdienst Die Wissenschaftlerinnen [&hellip;]<\/p>\n","protected":false},"author":1,"featured_media":4126,"comment_status":"open","ping_status":"open","sticky":false,"template":"","format":"standard","meta":{"_acf_changed":false,"pgc_sgb_lightbox_settings":"","footnotes":""},"categories":[1],"tags":[172,2165,149,2464,141,167],"class_list":["post-4125","post","type-post","status-publish","format-standard","has-post-thumbnail","hentry","category-allgemein","tag-arbeitssicherheit","tag-gesundheitsfoerderung","tag-gesundheitsschutz","tag-licht","tag-praevention","tag-suva"],"acf":[],"hkrextid":null,"publication":null,"issue":null,"workflow":null,"startPage":null,"spitzmarke":null,"_posts_by_tag_page_fields":{"widget_title":"","widget_tags":""},"_at_widget":"1","_yoast_wpseo_primary_category":"","_yoast_wpseo_focuskw_text_input":"Licht","_yoast_wpseo_opengraph-image":null,"_yoast_wpseo_opengraph-description":null,"_yoast_wpseo_opengraph-title":null,"enclosure":null,"_yoast_wpseo_twitter-title":null,"_yoast_wpseo_twitter-description":null,"_yoast_wpseo_twitter-image":null,"_wp_old_slug":null,"_yoast_wpseo_title":null,"_yoast_wpseo_canonical":null,"yoast_head":"<!-- This site is optimized with the Yoast SEO plugin v27.5 - https:\/\/yoast.com\/product\/yoast-seo-wordpress\/ -->\n<title>Biologischer Zeitgeber blaues Licht und Nachtarbeit - Save<\/title>\n<meta name=\"description\" content=\"Licht ist der st\u00e4rkste Zeitgeber f\u00fcr unsere innere biologische Uhr.\" \/>\n<meta name=\"robots\" content=\"index, follow, max-snippet:-1, max-image-preview:large, max-video-preview:-1\" \/>\n<link rel=\"canonical\" href=\"https:\/\/news.save.ch\/de\/biologischer-zeitgeber-blaues-licht-und-nachtarbeit\/\" \/>\n<meta property=\"og:locale\" content=\"de_DE\" \/>\n<meta property=\"og:type\" content=\"article\" \/>\n<meta property=\"og:title\" content=\"Biologischer Zeitgeber blaues Licht und Nachtarbeit - Save\" \/>\n<meta property=\"og:description\" content=\"Licht ist der st\u00e4rkste Zeitgeber f\u00fcr unsere innere biologische Uhr.\" \/>\n<meta property=\"og:url\" content=\"https:\/\/news.save.ch\/de\/biologischer-zeitgeber-blaues-licht-und-nachtarbeit\/\" \/>\n<meta property=\"og:site_name\" content=\"Save\" \/>\n<meta property=\"article:published_time\" content=\"2019-05-18T06:00:36+00:00\" \/>\n<meta property=\"og:image\" content=\"https:\/\/news.save.ch\/wp-content\/uploads\/2019\/05\/Depositphotos_VadimVasenin-scaled-1.jpg\" \/>\n\t<meta property=\"og:image:width\" content=\"1200\" \/>\n\t<meta property=\"og:image:height\" content=\"1200\" \/>\n\t<meta property=\"og:image:type\" content=\"image\/jpeg\" \/>\n<meta name=\"author\" content=\"admin\" \/>\n<meta name=\"twitter:card\" content=\"summary_large_image\" \/>\n<meta name=\"twitter:label1\" content=\"Geschrieben von\" \/>\n\t<meta name=\"twitter:data1\" content=\"admin\" \/>\n\t<meta name=\"twitter:label2\" content=\"Gesch\u00e4tzte Lesezeit\" \/>\n\t<meta name=\"twitter:data2\" content=\"1\u00a0Minute\" \/>\n<script type=\"application\/ld+json\" class=\"yoast-schema-graph\">{\"@context\":\"https:\\\/\\\/schema.org\",\"@graph\":[{\"@type\":\"Article\",\"@id\":\"https:\\\/\\\/news.save.ch\\\/biologischer-zeitgeber-blaues-licht-und-nachtarbeit\\\/#article\",\"isPartOf\":{\"@id\":\"https:\\\/\\\/news.save.ch\\\/biologischer-zeitgeber-blaues-licht-und-nachtarbeit\\\/\"},\"author\":{\"name\":\"admin\",\"@id\":\"https:\\\/\\\/news.save.ch\\\/de\\\/#\\\/schema\\\/person\\\/d49e199490bad7c70d64b9ab51142f2b\"},\"headline\":\"Biologischer Zeitgeber blaues Licht und Nachtarbeit\",\"datePublished\":\"2019-05-18T06:00:36+00:00\",\"mainEntityOfPage\":{\"@id\":\"https:\\\/\\\/news.save.ch\\\/biologischer-zeitgeber-blaues-licht-und-nachtarbeit\\\/\"},\"wordCount\":209,\"commentCount\":0,\"publisher\":{\"@id\":\"https:\\\/\\\/news.save.ch\\\/de\\\/#organization\"},\"image\":{\"@id\":\"https:\\\/\\\/news.save.ch\\\/biologischer-zeitgeber-blaues-licht-und-nachtarbeit\\\/#primaryimage\"},\"thumbnailUrl\":\"https:\\\/\\\/news.save.ch\\\/wp-content\\\/uploads\\\/2019\\\/05\\\/Depositphotos_VadimVasenin-scaled-1.jpg\",\"keywords\":[\"Arbeitssicherheit\",\"Gesundheitsf\u00f6rderung\",\"Gesundheitsschutz\",\"Licht\",\"Pr\u00e4vention\",\"SUVA\"],\"articleSection\":[\"ALLGEMEIN\"],\"inLanguage\":\"de\"},{\"@type\":\"WebPage\",\"@id\":\"https:\\\/\\\/news.save.ch\\\/biologischer-zeitgeber-blaues-licht-und-nachtarbeit\\\/\",\"url\":\"https:\\\/\\\/news.save.ch\\\/biologischer-zeitgeber-blaues-licht-und-nachtarbeit\\\/\",\"name\":\"Biologischer Zeitgeber blaues Licht und Nachtarbeit - Save\",\"isPartOf\":{\"@id\":\"https:\\\/\\\/news.save.ch\\\/de\\\/#website\"},\"primaryImageOfPage\":{\"@id\":\"https:\\\/\\\/news.save.ch\\\/biologischer-zeitgeber-blaues-licht-und-nachtarbeit\\\/#primaryimage\"},\"image\":{\"@id\":\"https:\\\/\\\/news.save.ch\\\/biologischer-zeitgeber-blaues-licht-und-nachtarbeit\\\/#primaryimage\"},\"thumbnailUrl\":\"https:\\\/\\\/news.save.ch\\\/wp-content\\\/uploads\\\/2019\\\/05\\\/Depositphotos_VadimVasenin-scaled-1.jpg\",\"datePublished\":\"2019-05-18T06:00:36+00:00\",\"description\":\"Licht ist der st\u00e4rkste Zeitgeber f\u00fcr unsere innere biologische Uhr.\",\"breadcrumb\":{\"@id\":\"https:\\\/\\\/news.save.ch\\\/biologischer-zeitgeber-blaues-licht-und-nachtarbeit\\\/#breadcrumb\"},\"inLanguage\":\"de\",\"potentialAction\":[{\"@type\":\"ReadAction\",\"target\":[\"https:\\\/\\\/news.save.ch\\\/biologischer-zeitgeber-blaues-licht-und-nachtarbeit\\\/\"]}]},{\"@type\":\"ImageObject\",\"inLanguage\":\"de\",\"@id\":\"https:\\\/\\\/news.save.ch\\\/biologischer-zeitgeber-blaues-licht-und-nachtarbeit\\\/#primaryimage\",\"url\":\"https:\\\/\\\/news.save.ch\\\/wp-content\\\/uploads\\\/2019\\\/05\\\/Depositphotos_VadimVasenin-scaled-1.jpg\",\"contentUrl\":\"https:\\\/\\\/news.save.ch\\\/wp-content\\\/uploads\\\/2019\\\/05\\\/Depositphotos_VadimVasenin-scaled-1.jpg\",\"width\":1200,\"height\":1200,\"caption\":\"Licht ist der st\u00e4rkste Zeitgeber f\u00fcr unsere innere biologische Uhr. \u00a9Depositphotos\\\/VadimVasenin\"},{\"@type\":\"BreadcrumbList\",\"@id\":\"https:\\\/\\\/news.save.ch\\\/biologischer-zeitgeber-blaues-licht-und-nachtarbeit\\\/#breadcrumb\",\"itemListElement\":[{\"@type\":\"ListItem\",\"position\":1,\"name\":\"Home\",\"item\":\"https:\\\/\\\/news.save.ch\\\/de\\\/\"},{\"@type\":\"ListItem\",\"position\":2,\"name\":\"Biologischer Zeitgeber blaues Licht und Nachtarbeit\"}]},{\"@type\":\"WebSite\",\"@id\":\"https:\\\/\\\/news.save.ch\\\/de\\\/#website\",\"url\":\"https:\\\/\\\/news.save.ch\\\/de\\\/\",\"name\":\"Save\",\"description\":\"Schweizer Fachzeitschrift f\u00fcr Sicherheit\",\"publisher\":{\"@id\":\"https:\\\/\\\/news.save.ch\\\/de\\\/#organization\"},\"potentialAction\":[{\"@type\":\"SearchAction\",\"target\":{\"@type\":\"EntryPoint\",\"urlTemplate\":\"https:\\\/\\\/news.save.ch\\\/de\\\/?s={search_term_string}\"},\"query-input\":{\"@type\":\"PropertyValueSpecification\",\"valueRequired\":true,\"valueName\":\"search_term_string\"}}],\"inLanguage\":\"de\"},{\"@type\":\"Organization\",\"@id\":\"https:\\\/\\\/news.save.ch\\\/de\\\/#organization\",\"name\":\"Sicherheitsforum\",\"url\":\"https:\\\/\\\/news.save.ch\\\/de\\\/\",\"logo\":{\"@type\":\"ImageObject\",\"inLanguage\":\"de\",\"@id\":\"https:\\\/\\\/news.save.ch\\\/de\\\/#\\\/schema\\\/logo\\\/image\\\/\",\"url\":\"https:\\\/\\\/news.save.ch\\\/wp-content\\\/uploads\\\/2022\\\/06\\\/Logo_SF_2012.png\",\"contentUrl\":\"https:\\\/\\\/news.save.ch\\\/wp-content\\\/uploads\\\/2022\\\/06\\\/Logo_SF_2012.png\",\"width\":1100,\"height\":91,\"caption\":\"Sicherheitsforum\"},\"image\":{\"@id\":\"https:\\\/\\\/news.save.ch\\\/de\\\/#\\\/schema\\\/logo\\\/image\\\/\"}},{\"@type\":\"Person\",\"@id\":\"https:\\\/\\\/news.save.ch\\\/de\\\/#\\\/schema\\\/person\\\/d49e199490bad7c70d64b9ab51142f2b\",\"name\":\"admin\",\"image\":{\"@type\":\"ImageObject\",\"inLanguage\":\"de\",\"@id\":\"https:\\\/\\\/secure.gravatar.com\\\/avatar\\\/ae2f4d718e6c49043e314ce431e7e645d646302a24a5ef5a8bc8e3f5a032e319?s=96&d=mm&r=g\",\"url\":\"https:\\\/\\\/secure.gravatar.com\\\/avatar\\\/ae2f4d718e6c49043e314ce431e7e645d646302a24a5ef5a8bc8e3f5a032e319?s=96&d=mm&r=g\",\"contentUrl\":\"https:\\\/\\\/secure.gravatar.com\\\/avatar\\\/ae2f4d718e6c49043e314ce431e7e645d646302a24a5ef5a8bc8e3f5a032e319?s=96&d=mm&r=g\",\"caption\":\"admin\"},\"sameAs\":[\"https:\\\/\\\/develop.organisator.galledia.ch\"],\"url\":\"https:\\\/\\\/news.save.ch\\\/de\\\/author\\\/admin\\\/\"}]}<\/script>\n<!-- \/ Yoast SEO plugin. -->","yoast_head_json":{"title":"Biologischer Zeitgeber blaues Licht und Nachtarbeit - Save","description":"Licht ist der st\u00e4rkste Zeitgeber f\u00fcr unsere innere biologische Uhr.","robots":{"index":"index","follow":"follow","max-snippet":"max-snippet:-1","max-image-preview":"max-image-preview:large","max-video-preview":"max-video-preview:-1"},"canonical":"https:\/\/news.save.ch\/de\/biologischer-zeitgeber-blaues-licht-und-nachtarbeit\/","og_locale":"de_DE","og_type":"article","og_title":"Biologischer Zeitgeber blaues Licht und Nachtarbeit - Save","og_description":"Licht ist der st\u00e4rkste Zeitgeber f\u00fcr unsere innere biologische Uhr.","og_url":"https:\/\/news.save.ch\/de\/biologischer-zeitgeber-blaues-licht-und-nachtarbeit\/","og_site_name":"Save","article_published_time":"2019-05-18T06:00:36+00:00","og_image":[{"width":1200,"height":1200,"url":"https:\/\/news.save.ch\/wp-content\/uploads\/2019\/05\/Depositphotos_VadimVasenin-scaled-1.jpg","type":"image\/jpeg"}],"author":"admin","twitter_card":"summary_large_image","twitter_misc":{"Geschrieben von":"admin","Gesch\u00e4tzte Lesezeit":"1\u00a0Minute"},"schema":{"@context":"https:\/\/schema.org","@graph":[{"@type":"Article","@id":"https:\/\/news.save.ch\/biologischer-zeitgeber-blaues-licht-und-nachtarbeit\/#article","isPartOf":{"@id":"https:\/\/news.save.ch\/biologischer-zeitgeber-blaues-licht-und-nachtarbeit\/"},"author":{"name":"admin","@id":"https:\/\/news.save.ch\/de\/#\/schema\/person\/d49e199490bad7c70d64b9ab51142f2b"},"headline":"Biologischer Zeitgeber blaues Licht und Nachtarbeit","datePublished":"2019-05-18T06:00:36+00:00","mainEntityOfPage":{"@id":"https:\/\/news.save.ch\/biologischer-zeitgeber-blaues-licht-und-nachtarbeit\/"},"wordCount":209,"commentCount":0,"publisher":{"@id":"https:\/\/news.save.ch\/de\/#organization"},"image":{"@id":"https:\/\/news.save.ch\/biologischer-zeitgeber-blaues-licht-und-nachtarbeit\/#primaryimage"},"thumbnailUrl":"https:\/\/news.save.ch\/wp-content\/uploads\/2019\/05\/Depositphotos_VadimVasenin-scaled-1.jpg","keywords":["Arbeitssicherheit","Gesundheitsf\u00f6rderung","Gesundheitsschutz","Licht","Pr\u00e4vention","SUVA"],"articleSection":["ALLGEMEIN"],"inLanguage":"de"},{"@type":"WebPage","@id":"https:\/\/news.save.ch\/biologischer-zeitgeber-blaues-licht-und-nachtarbeit\/","url":"https:\/\/news.save.ch\/biologischer-zeitgeber-blaues-licht-und-nachtarbeit\/","name":"Biologischer Zeitgeber blaues Licht und Nachtarbeit - Save","isPartOf":{"@id":"https:\/\/news.save.ch\/de\/#website"},"primaryImageOfPage":{"@id":"https:\/\/news.save.ch\/biologischer-zeitgeber-blaues-licht-und-nachtarbeit\/#primaryimage"},"image":{"@id":"https:\/\/news.save.ch\/biologischer-zeitgeber-blaues-licht-und-nachtarbeit\/#primaryimage"},"thumbnailUrl":"https:\/\/news.save.ch\/wp-content\/uploads\/2019\/05\/Depositphotos_VadimVasenin-scaled-1.jpg","datePublished":"2019-05-18T06:00:36+00:00","description":"Licht ist der st\u00e4rkste Zeitgeber f\u00fcr unsere innere biologische Uhr.","breadcrumb":{"@id":"https:\/\/news.save.ch\/biologischer-zeitgeber-blaues-licht-und-nachtarbeit\/#breadcrumb"},"inLanguage":"de","potentialAction":[{"@type":"ReadAction","target":["https:\/\/news.save.ch\/biologischer-zeitgeber-blaues-licht-und-nachtarbeit\/"]}]},{"@type":"ImageObject","inLanguage":"de","@id":"https:\/\/news.save.ch\/biologischer-zeitgeber-blaues-licht-und-nachtarbeit\/#primaryimage","url":"https:\/\/news.save.ch\/wp-content\/uploads\/2019\/05\/Depositphotos_VadimVasenin-scaled-1.jpg","contentUrl":"https:\/\/news.save.ch\/wp-content\/uploads\/2019\/05\/Depositphotos_VadimVasenin-scaled-1.jpg","width":1200,"height":1200,"caption":"Licht ist der st\u00e4rkste Zeitgeber f\u00fcr unsere innere biologische Uhr. \u00a9Depositphotos\/VadimVasenin"},{"@type":"BreadcrumbList","@id":"https:\/\/news.save.ch\/biologischer-zeitgeber-blaues-licht-und-nachtarbeit\/#breadcrumb","itemListElement":[{"@type":"ListItem","position":1,"name":"Home","item":"https:\/\/news.save.ch\/de\/"},{"@type":"ListItem","position":2,"name":"Biologischer Zeitgeber blaues Licht und Nachtarbeit"}]},{"@type":"WebSite","@id":"https:\/\/news.save.ch\/de\/#website","url":"https:\/\/news.save.ch\/de\/","name":"Save","description":"Schweizer Fachzeitschrift f\u00fcr Sicherheit","publisher":{"@id":"https:\/\/news.save.ch\/de\/#organization"},"potentialAction":[{"@type":"SearchAction","target":{"@type":"EntryPoint","urlTemplate":"https:\/\/news.save.ch\/de\/?s={search_term_string}"},"query-input":{"@type":"PropertyValueSpecification","valueRequired":true,"valueName":"search_term_string"}}],"inLanguage":"de"},{"@type":"Organization","@id":"https:\/\/news.save.ch\/de\/#organization","name":"Sicherheitsforum","url":"https:\/\/news.save.ch\/de\/","logo":{"@type":"ImageObject","inLanguage":"de","@id":"https:\/\/news.save.ch\/de\/#\/schema\/logo\/image\/","url":"https:\/\/news.save.ch\/wp-content\/uploads\/2022\/06\/Logo_SF_2012.png","contentUrl":"https:\/\/news.save.ch\/wp-content\/uploads\/2022\/06\/Logo_SF_2012.png","width":1100,"height":91,"caption":"Sicherheitsforum"},"image":{"@id":"https:\/\/news.save.ch\/de\/#\/schema\/logo\/image\/"}},{"@type":"Person","@id":"https:\/\/news.save.ch\/de\/#\/schema\/person\/d49e199490bad7c70d64b9ab51142f2b","name":"admin","image":{"@type":"ImageObject","inLanguage":"de","@id":"https:\/\/secure.gravatar.com\/avatar\/ae2f4d718e6c49043e314ce431e7e645d646302a24a5ef5a8bc8e3f5a032e319?s=96&d=mm&r=g","url":"https:\/\/secure.gravatar.com\/avatar\/ae2f4d718e6c49043e314ce431e7e645d646302a24a5ef5a8bc8e3f5a032e319?s=96&d=mm&r=g","contentUrl":"https:\/\/secure.gravatar.com\/avatar\/ae2f4d718e6c49043e314ce431e7e645d646302a24a5ef5a8bc8e3f5a032e319?s=96&d=mm&r=g","caption":"admin"},"sameAs":["https:\/\/develop.organisator.galledia.ch"],"url":"https:\/\/news.save.ch\/de\/author\/admin\/"}]}},"_links":{"self":[{"href":"https:\/\/news.save.ch\/de\/wp-json\/wp\/v2\/posts\/4125","targetHints":{"allow":["GET"]}}],"collection":[{"href":"https:\/\/news.save.ch\/de\/wp-json\/wp\/v2\/posts"}],"about":[{"href":"https:\/\/news.save.ch\/de\/wp-json\/wp\/v2\/types\/post"}],"author":[{"embeddable":true,"href":"https:\/\/news.save.ch\/de\/wp-json\/wp\/v2\/users\/1"}],"replies":[{"embeddable":true,"href":"https:\/\/news.save.ch\/de\/wp-json\/wp\/v2\/comments?post=4125"}],"version-history":[{"count":0,"href":"https:\/\/news.save.ch\/de\/wp-json\/wp\/v2\/posts\/4125\/revisions"}],"wp:featuredmedia":[{"embeddable":true,"href":"https:\/\/news.save.ch\/de\/wp-json\/wp\/v2\/media\/4126"}],"wp:attachment":[{"href":"https:\/\/news.save.ch\/de\/wp-json\/wp\/v2\/media?parent=4125"}],"wp:term":[{"taxonomy":"category","embeddable":true,"href":"https:\/\/news.save.ch\/de\/wp-json\/wp\/v2\/categories?post=4125"},{"taxonomy":"post_tag","embeddable":true,"href":"https:\/\/news.save.ch\/de\/wp-json\/wp\/v2\/tags?post=4125"}],"curies":[{"name":"wp","href":"https:\/\/api.w.org\/{rel}","templated":true}]}}