{"id":413,"date":"2015-06-11T11:41:27","date_gmt":"2015-06-11T09:41:27","guid":{"rendered":"http:\/\/dev.safety-plus.ch\/?p=413"},"modified":"2015-06-11T11:41:27","modified_gmt":"2015-06-11T09:41:27","slug":"work-smart-initiative-gestartet","status":null,"type":"post","link":"https:\/\/news.save.ch\/de\/work-smart-initiative-gestartet\/","title":{"rendered":"&#8222;Work Smart&#8220;-Initiative gestartet"},"content":{"rendered":"<figure id=\"attachment_414\" aria-describedby=\"caption-attachment-414\" style=\"width: 680px\" class=\"wp-caption alignnone\"><img loading=\"lazy\" decoding=\"async\" class=\"wp-image-414 size-medium\" src=\"http:\/\/develop.safety-plus.ch\/wp-content\/uploads\/2016\/12\/Work-Smart-Initiative-gestartet_safety-plus.jpeg\" alt=\"Die teilnehmenden Unternehmen wollen flexible Arbeitszeitmodelle in der Schweiz f\u00f6rdern.\" width=\"680\" height=\"274\" \/><figcaption id=\"caption-attachment-414\" class=\"wp-caption-text\">Die teilnehmenden Unternehmen wollen flexible Arbeitszeitmodelle in der Schweiz f\u00f6rdern.<\/figcaption><\/figure>\n<p>Der Trend hin zu flexiblen Arbeitszeitmodellen ist in der Schweiz nach wie vor <a href=\"http:\/\/dev.safety-plus.ch\/immer-mehr-personen-arbeiten-flexibel\/\" target=\"_blank\" data-cke-saved-href=\"http:\/\/safety-plus.hamster.ch\/immer-mehr-personen-arbeiten-flexibel\" rel=\"noopener\">ungebrochen<\/a>\u00a0&#8211; bisher arbeiten aber immer noch die meisten Arbeitnehmer noch nach fixen Modellen.<\/p>\n<p>Die <a href=\"http:\/\/work-smart-initiative.ch\/\" target=\"_blank\" data-cke-saved-href=\"http:\/\/work-smart-initiative.ch\/\" rel=\"noopener\">&#8222;Work Smart&#8220;-Initiative<\/a> will Schweizer Unternehmen helfen, ihre Arbeitszeiten zu flexibilisieren. Die sieben Initianten\u00a0&#8211; darunter Microsoft Schweiz, die Schweizerische Post, die SBB und Swisscom &#8211; wollen die flexible Arbeitsform in ihren Unternehmen weiter f\u00f6rdern und gleichzeitig anderen Unternehmen dabei helfen, diese einzuf\u00fchren.<\/p>\n<p>Dazu haben sie eine Charta unterzeichnet, um sich zu diesen Zielen zu bekennen. Zus\u00e4tzliche findet von 15. bs zum 19. Juni eine <a href=\"http:\/\/work-smart-initiative.ch\/week\" target=\"_blank\" data-cke-saved-href=\"http:\/\/work-smart-initiative.ch\/week\" rel=\"noopener\">Aktionswoche<\/a> zum Thema statt, w\u00e4hrend der sich Entscheidungstr\u00e4ger und Arbeitnehmende in Fachreferaten und Workshops informieren und austauschen k\u00f6nnen.<\/p>\n<p>Unterst\u00fctzt wird die Initiative von der Hochschule f\u00fcr Angewandte Psychologie an der FHNW mit einer Studie, die erstmals untersucht hat, wo Schweizer Unternehmen in Bezug auf flexible Arbeitszeiten stehen und wo die Herausforderungen liegen. Daraus wurde ein Leitfaden f\u00fcr F\u00fchrungskr\u00e4fte entwickelt, der kostenlos zum <a href=\"http:\/\/work-smart-initiative.ch\/media\/36147\/work-smart_leitfaden-fuehrungskraefte_de.pdf\" target=\"_blank\" data-cke-saved-href=\"http:\/\/work-smart-initiative.ch\/media\/36147\/work-smart_leitfaden-fuehrungskraefte_de.pdf\" rel=\"noopener\">Download<\/a> bereit steht.<\/p>\n","protected":false},"excerpt":{"rendered":"<p>Der Trend hin zu flexiblen Arbeitszeitmodellen ist in der Schweiz nach wie vor ungebrochen\u00a0&#8211; bisher arbeiten aber immer noch die meisten Arbeitnehmer noch nach fixen Modellen. Die &#8222;Work Smart&#8220;-Initiative will Schweizer Unternehmen helfen, ihre Arbeitszeiten zu flexibilisieren. Die sieben Initianten\u00a0&#8211; darunter Microsoft Schweiz, die Schweizerische Post, die SBB und Swisscom &#8211; wollen die flexible Arbeitsform [&hellip;]<\/p>\n","protected":false},"author":1,"featured_media":414,"comment_status":"open","ping_status":"open","sticky":false,"template":"","format":"standard","meta":{"_acf_changed":false,"pgc_sgb_lightbox_settings":"","footnotes":""},"categories":[1],"tags":[1678],"class_list":["post-413","post","type-post","status-publish","format-standard","has-post-thumbnail","hentry","category-allgemein","tag-arbeitszeit"],"acf":[],"hkrextid":null,"publication":null,"issue":null,"workflow":null,"startPage":null,"spitzmarke":null,"_posts_by_tag_page_fields":{"widget_title":"","widget_tags":""},"_at_widget":"1","_yoast_wpseo_primary_category":"1","_yoast_wpseo_focuskw_text_input":"\"Work Smart\"-Initiative","_yoast_wpseo_opengraph-image":null,"_yoast_wpseo_opengraph-description":null,"_yoast_wpseo_opengraph-title":null,"enclosure":null,"_yoast_wpseo_twitter-title":null,"_yoast_wpseo_twitter-description":null,"_yoast_wpseo_twitter-image":null,"_wp_old_slug":null,"_yoast_wpseo_title":null,"_yoast_wpseo_canonical":null,"yoast_head":"<!-- This site is optimized with the Yoast SEO plugin v27.5 - https:\/\/yoast.com\/product\/yoast-seo-wordpress\/ -->\n<title>&quot;Work Smart&quot;-Initiative gestartet - Save<\/title>\n<meta name=\"description\" content=\"Flexible Arbeitszeiten f\u00f6rdern will die neue &quot;Work Smart&quot;-Initiative, deren Charta bereits von sieben Schweizer Unternehmen unterzeichnet wurde.\" \/>\n<meta name=\"robots\" content=\"index, follow, max-snippet:-1, max-image-preview:large, max-video-preview:-1\" \/>\n<link rel=\"canonical\" href=\"https:\/\/news.save.ch\/de\/work-smart-initiative-gestartet\/\" \/>\n<meta property=\"og:locale\" content=\"de_DE\" \/>\n<meta property=\"og:type\" content=\"article\" \/>\n<meta property=\"og:title\" content=\"&quot;Work Smart&quot;-Initiative gestartet - Save\" \/>\n<meta property=\"og:description\" content=\"Flexible Arbeitszeiten f\u00f6rdern will die neue &quot;Work Smart&quot;-Initiative, deren Charta bereits von sieben Schweizer Unternehmen unterzeichnet wurde.\" \/>\n<meta property=\"og:url\" content=\"https:\/\/news.save.ch\/de\/work-smart-initiative-gestartet\/\" \/>\n<meta property=\"og:site_name\" content=\"Save\" \/>\n<meta property=\"article:published_time\" content=\"2015-06-11T09:41:27+00:00\" \/>\n<meta property=\"og:image\" content=\"https:\/\/news.save.ch\/wp-content\/uploads\/2016\/12\/Work-Smart-Initiative-gestartet_safety-plus-scaled-1.jpeg\" \/>\n\t<meta property=\"og:image:width\" content=\"1200\" \/>\n\t<meta property=\"og:image:height\" content=\"483\" \/>\n\t<meta property=\"og:image:type\" content=\"image\/jpeg\" \/>\n<meta name=\"author\" content=\"admin\" \/>\n<meta name=\"twitter:card\" content=\"summary_large_image\" \/>\n<meta name=\"twitter:label1\" content=\"Geschrieben von\" \/>\n\t<meta name=\"twitter:data1\" content=\"admin\" \/>\n\t<meta name=\"twitter:label2\" content=\"Gesch\u00e4tzte Lesezeit\" \/>\n\t<meta name=\"twitter:data2\" content=\"1\u00a0Minute\" \/>\n<script type=\"application\/ld+json\" class=\"yoast-schema-graph\">{\"@context\":\"https:\\\/\\\/schema.org\",\"@graph\":[{\"@type\":\"Article\",\"@id\":\"https:\\\/\\\/news.save.ch\\\/work-smart-initiative-gestartet\\\/#article\",\"isPartOf\":{\"@id\":\"https:\\\/\\\/news.save.ch\\\/work-smart-initiative-gestartet\\\/\"},\"author\":{\"name\":\"admin\",\"@id\":\"https:\\\/\\\/news.save.ch\\\/de\\\/#\\\/schema\\\/person\\\/d49e199490bad7c70d64b9ab51142f2b\"},\"headline\":\"&#8222;Work Smart&#8220;-Initiative gestartet\",\"datePublished\":\"2015-06-11T09:41:27+00:00\",\"mainEntityOfPage\":{\"@id\":\"https:\\\/\\\/news.save.ch\\\/work-smart-initiative-gestartet\\\/\"},\"wordCount\":189,\"commentCount\":0,\"publisher\":{\"@id\":\"https:\\\/\\\/news.save.ch\\\/de\\\/#organization\"},\"image\":{\"@id\":\"https:\\\/\\\/news.save.ch\\\/work-smart-initiative-gestartet\\\/#primaryimage\"},\"thumbnailUrl\":\"https:\\\/\\\/news.save.ch\\\/wp-content\\\/uploads\\\/2016\\\/12\\\/Work-Smart-Initiative-gestartet_safety-plus-scaled-1.jpeg\",\"keywords\":[\"Arbeitszeit\"],\"articleSection\":[\"ALLGEMEIN\"],\"inLanguage\":\"de\"},{\"@type\":\"WebPage\",\"@id\":\"https:\\\/\\\/news.save.ch\\\/work-smart-initiative-gestartet\\\/\",\"url\":\"https:\\\/\\\/news.save.ch\\\/work-smart-initiative-gestartet\\\/\",\"name\":\"\\\"Work Smart\\\"-Initiative gestartet - Save\",\"isPartOf\":{\"@id\":\"https:\\\/\\\/news.save.ch\\\/de\\\/#website\"},\"primaryImageOfPage\":{\"@id\":\"https:\\\/\\\/news.save.ch\\\/work-smart-initiative-gestartet\\\/#primaryimage\"},\"image\":{\"@id\":\"https:\\\/\\\/news.save.ch\\\/work-smart-initiative-gestartet\\\/#primaryimage\"},\"thumbnailUrl\":\"https:\\\/\\\/news.save.ch\\\/wp-content\\\/uploads\\\/2016\\\/12\\\/Work-Smart-Initiative-gestartet_safety-plus-scaled-1.jpeg\",\"datePublished\":\"2015-06-11T09:41:27+00:00\",\"description\":\"Flexible Arbeitszeiten f\u00f6rdern will die neue \\\"Work Smart\\\"-Initiative, deren Charta bereits von sieben Schweizer Unternehmen unterzeichnet wurde.\",\"breadcrumb\":{\"@id\":\"https:\\\/\\\/news.save.ch\\\/work-smart-initiative-gestartet\\\/#breadcrumb\"},\"inLanguage\":\"de\",\"potentialAction\":[{\"@type\":\"ReadAction\",\"target\":[\"https:\\\/\\\/news.save.ch\\\/work-smart-initiative-gestartet\\\/\"]}]},{\"@type\":\"ImageObject\",\"inLanguage\":\"de\",\"@id\":\"https:\\\/\\\/news.save.ch\\\/work-smart-initiative-gestartet\\\/#primaryimage\",\"url\":\"https:\\\/\\\/news.save.ch\\\/wp-content\\\/uploads\\\/2016\\\/12\\\/Work-Smart-Initiative-gestartet_safety-plus-scaled-1.jpeg\",\"contentUrl\":\"https:\\\/\\\/news.save.ch\\\/wp-content\\\/uploads\\\/2016\\\/12\\\/Work-Smart-Initiative-gestartet_safety-plus-scaled-1.jpeg\",\"width\":1200,\"height\":483,\"caption\":\"Die teilnehmenden Unternehmen wollen flexible Arbeitszeitmodelle in der Schweiz f\u00f6rdern.\"},{\"@type\":\"BreadcrumbList\",\"@id\":\"https:\\\/\\\/news.save.ch\\\/work-smart-initiative-gestartet\\\/#breadcrumb\",\"itemListElement\":[{\"@type\":\"ListItem\",\"position\":1,\"name\":\"Home\",\"item\":\"https:\\\/\\\/news.save.ch\\\/de\\\/\"},{\"@type\":\"ListItem\",\"position\":2,\"name\":\"&#8222;Work Smart&#8220;-Initiative gestartet\"}]},{\"@type\":\"WebSite\",\"@id\":\"https:\\\/\\\/news.save.ch\\\/de\\\/#website\",\"url\":\"https:\\\/\\\/news.save.ch\\\/de\\\/\",\"name\":\"Save\",\"description\":\"Schweizer Fachzeitschrift f\u00fcr Sicherheit\",\"publisher\":{\"@id\":\"https:\\\/\\\/news.save.ch\\\/de\\\/#organization\"},\"potentialAction\":[{\"@type\":\"SearchAction\",\"target\":{\"@type\":\"EntryPoint\",\"urlTemplate\":\"https:\\\/\\\/news.save.ch\\\/de\\\/?s={search_term_string}\"},\"query-input\":{\"@type\":\"PropertyValueSpecification\",\"valueRequired\":true,\"valueName\":\"search_term_string\"}}],\"inLanguage\":\"de\"},{\"@type\":\"Organization\",\"@id\":\"https:\\\/\\\/news.save.ch\\\/de\\\/#organization\",\"name\":\"Sicherheitsforum\",\"url\":\"https:\\\/\\\/news.save.ch\\\/de\\\/\",\"logo\":{\"@type\":\"ImageObject\",\"inLanguage\":\"de\",\"@id\":\"https:\\\/\\\/news.save.ch\\\/de\\\/#\\\/schema\\\/logo\\\/image\\\/\",\"url\":\"https:\\\/\\\/news.save.ch\\\/wp-content\\\/uploads\\\/2022\\\/06\\\/Logo_SF_2012.png\",\"contentUrl\":\"https:\\\/\\\/news.save.ch\\\/wp-content\\\/uploads\\\/2022\\\/06\\\/Logo_SF_2012.png\",\"width\":1100,\"height\":91,\"caption\":\"Sicherheitsforum\"},\"image\":{\"@id\":\"https:\\\/\\\/news.save.ch\\\/de\\\/#\\\/schema\\\/logo\\\/image\\\/\"}},{\"@type\":\"Person\",\"@id\":\"https:\\\/\\\/news.save.ch\\\/de\\\/#\\\/schema\\\/person\\\/d49e199490bad7c70d64b9ab51142f2b\",\"name\":\"admin\",\"image\":{\"@type\":\"ImageObject\",\"inLanguage\":\"de\",\"@id\":\"https:\\\/\\\/secure.gravatar.com\\\/avatar\\\/ae2f4d718e6c49043e314ce431e7e645d646302a24a5ef5a8bc8e3f5a032e319?s=96&d=mm&r=g\",\"url\":\"https:\\\/\\\/secure.gravatar.com\\\/avatar\\\/ae2f4d718e6c49043e314ce431e7e645d646302a24a5ef5a8bc8e3f5a032e319?s=96&d=mm&r=g\",\"contentUrl\":\"https:\\\/\\\/secure.gravatar.com\\\/avatar\\\/ae2f4d718e6c49043e314ce431e7e645d646302a24a5ef5a8bc8e3f5a032e319?s=96&d=mm&r=g\",\"caption\":\"admin\"},\"sameAs\":[\"https:\\\/\\\/develop.organisator.galledia.ch\"],\"url\":\"https:\\\/\\\/news.save.ch\\\/de\\\/author\\\/admin\\\/\"}]}<\/script>\n<!-- \/ Yoast SEO plugin. -->","yoast_head_json":{"title":"\"Work Smart\"-Initiative gestartet - Save","description":"Flexible Arbeitszeiten f\u00f6rdern will die neue \"Work Smart\"-Initiative, deren Charta bereits von sieben Schweizer Unternehmen unterzeichnet wurde.","robots":{"index":"index","follow":"follow","max-snippet":"max-snippet:-1","max-image-preview":"max-image-preview:large","max-video-preview":"max-video-preview:-1"},"canonical":"https:\/\/news.save.ch\/de\/work-smart-initiative-gestartet\/","og_locale":"de_DE","og_type":"article","og_title":"\"Work Smart\"-Initiative gestartet - Save","og_description":"Flexible Arbeitszeiten f\u00f6rdern will die neue \"Work Smart\"-Initiative, deren Charta bereits von sieben Schweizer Unternehmen unterzeichnet wurde.","og_url":"https:\/\/news.save.ch\/de\/work-smart-initiative-gestartet\/","og_site_name":"Save","article_published_time":"2015-06-11T09:41:27+00:00","og_image":[{"width":1200,"height":483,"url":"https:\/\/news.save.ch\/wp-content\/uploads\/2016\/12\/Work-Smart-Initiative-gestartet_safety-plus-scaled-1.jpeg","type":"image\/jpeg"}],"author":"admin","twitter_card":"summary_large_image","twitter_misc":{"Geschrieben von":"admin","Gesch\u00e4tzte Lesezeit":"1\u00a0Minute"},"schema":{"@context":"https:\/\/schema.org","@graph":[{"@type":"Article","@id":"https:\/\/news.save.ch\/work-smart-initiative-gestartet\/#article","isPartOf":{"@id":"https:\/\/news.save.ch\/work-smart-initiative-gestartet\/"},"author":{"name":"admin","@id":"https:\/\/news.save.ch\/de\/#\/schema\/person\/d49e199490bad7c70d64b9ab51142f2b"},"headline":"&#8222;Work Smart&#8220;-Initiative gestartet","datePublished":"2015-06-11T09:41:27+00:00","mainEntityOfPage":{"@id":"https:\/\/news.save.ch\/work-smart-initiative-gestartet\/"},"wordCount":189,"commentCount":0,"publisher":{"@id":"https:\/\/news.save.ch\/de\/#organization"},"image":{"@id":"https:\/\/news.save.ch\/work-smart-initiative-gestartet\/#primaryimage"},"thumbnailUrl":"https:\/\/news.save.ch\/wp-content\/uploads\/2016\/12\/Work-Smart-Initiative-gestartet_safety-plus-scaled-1.jpeg","keywords":["Arbeitszeit"],"articleSection":["ALLGEMEIN"],"inLanguage":"de"},{"@type":"WebPage","@id":"https:\/\/news.save.ch\/work-smart-initiative-gestartet\/","url":"https:\/\/news.save.ch\/work-smart-initiative-gestartet\/","name":"\"Work Smart\"-Initiative gestartet - Save","isPartOf":{"@id":"https:\/\/news.save.ch\/de\/#website"},"primaryImageOfPage":{"@id":"https:\/\/news.save.ch\/work-smart-initiative-gestartet\/#primaryimage"},"image":{"@id":"https:\/\/news.save.ch\/work-smart-initiative-gestartet\/#primaryimage"},"thumbnailUrl":"https:\/\/news.save.ch\/wp-content\/uploads\/2016\/12\/Work-Smart-Initiative-gestartet_safety-plus-scaled-1.jpeg","datePublished":"2015-06-11T09:41:27+00:00","description":"Flexible Arbeitszeiten f\u00f6rdern will die neue \"Work Smart\"-Initiative, deren Charta bereits von sieben Schweizer Unternehmen unterzeichnet wurde.","breadcrumb":{"@id":"https:\/\/news.save.ch\/work-smart-initiative-gestartet\/#breadcrumb"},"inLanguage":"de","potentialAction":[{"@type":"ReadAction","target":["https:\/\/news.save.ch\/work-smart-initiative-gestartet\/"]}]},{"@type":"ImageObject","inLanguage":"de","@id":"https:\/\/news.save.ch\/work-smart-initiative-gestartet\/#primaryimage","url":"https:\/\/news.save.ch\/wp-content\/uploads\/2016\/12\/Work-Smart-Initiative-gestartet_safety-plus-scaled-1.jpeg","contentUrl":"https:\/\/news.save.ch\/wp-content\/uploads\/2016\/12\/Work-Smart-Initiative-gestartet_safety-plus-scaled-1.jpeg","width":1200,"height":483,"caption":"Die teilnehmenden Unternehmen wollen flexible Arbeitszeitmodelle in der Schweiz f\u00f6rdern."},{"@type":"BreadcrumbList","@id":"https:\/\/news.save.ch\/work-smart-initiative-gestartet\/#breadcrumb","itemListElement":[{"@type":"ListItem","position":1,"name":"Home","item":"https:\/\/news.save.ch\/de\/"},{"@type":"ListItem","position":2,"name":"&#8222;Work Smart&#8220;-Initiative gestartet"}]},{"@type":"WebSite","@id":"https:\/\/news.save.ch\/de\/#website","url":"https:\/\/news.save.ch\/de\/","name":"Save","description":"Schweizer Fachzeitschrift f\u00fcr Sicherheit","publisher":{"@id":"https:\/\/news.save.ch\/de\/#organization"},"potentialAction":[{"@type":"SearchAction","target":{"@type":"EntryPoint","urlTemplate":"https:\/\/news.save.ch\/de\/?s={search_term_string}"},"query-input":{"@type":"PropertyValueSpecification","valueRequired":true,"valueName":"search_term_string"}}],"inLanguage":"de"},{"@type":"Organization","@id":"https:\/\/news.save.ch\/de\/#organization","name":"Sicherheitsforum","url":"https:\/\/news.save.ch\/de\/","logo":{"@type":"ImageObject","inLanguage":"de","@id":"https:\/\/news.save.ch\/de\/#\/schema\/logo\/image\/","url":"https:\/\/news.save.ch\/wp-content\/uploads\/2022\/06\/Logo_SF_2012.png","contentUrl":"https:\/\/news.save.ch\/wp-content\/uploads\/2022\/06\/Logo_SF_2012.png","width":1100,"height":91,"caption":"Sicherheitsforum"},"image":{"@id":"https:\/\/news.save.ch\/de\/#\/schema\/logo\/image\/"}},{"@type":"Person","@id":"https:\/\/news.save.ch\/de\/#\/schema\/person\/d49e199490bad7c70d64b9ab51142f2b","name":"admin","image":{"@type":"ImageObject","inLanguage":"de","@id":"https:\/\/secure.gravatar.com\/avatar\/ae2f4d718e6c49043e314ce431e7e645d646302a24a5ef5a8bc8e3f5a032e319?s=96&d=mm&r=g","url":"https:\/\/secure.gravatar.com\/avatar\/ae2f4d718e6c49043e314ce431e7e645d646302a24a5ef5a8bc8e3f5a032e319?s=96&d=mm&r=g","contentUrl":"https:\/\/secure.gravatar.com\/avatar\/ae2f4d718e6c49043e314ce431e7e645d646302a24a5ef5a8bc8e3f5a032e319?s=96&d=mm&r=g","caption":"admin"},"sameAs":["https:\/\/develop.organisator.galledia.ch"],"url":"https:\/\/news.save.ch\/de\/author\/admin\/"}]}},"_links":{"self":[{"href":"https:\/\/news.save.ch\/de\/wp-json\/wp\/v2\/posts\/413","targetHints":{"allow":["GET"]}}],"collection":[{"href":"https:\/\/news.save.ch\/de\/wp-json\/wp\/v2\/posts"}],"about":[{"href":"https:\/\/news.save.ch\/de\/wp-json\/wp\/v2\/types\/post"}],"author":[{"embeddable":true,"href":"https:\/\/news.save.ch\/de\/wp-json\/wp\/v2\/users\/1"}],"replies":[{"embeddable":true,"href":"https:\/\/news.save.ch\/de\/wp-json\/wp\/v2\/comments?post=413"}],"version-history":[{"count":0,"href":"https:\/\/news.save.ch\/de\/wp-json\/wp\/v2\/posts\/413\/revisions"}],"wp:featuredmedia":[{"embeddable":true,"href":"https:\/\/news.save.ch\/de\/wp-json\/wp\/v2\/media\/414"}],"wp:attachment":[{"href":"https:\/\/news.save.ch\/de\/wp-json\/wp\/v2\/media?parent=413"}],"wp:term":[{"taxonomy":"category","embeddable":true,"href":"https:\/\/news.save.ch\/de\/wp-json\/wp\/v2\/categories?post=413"},{"taxonomy":"post_tag","embeddable":true,"href":"https:\/\/news.save.ch\/de\/wp-json\/wp\/v2\/tags?post=413"}],"curies":[{"name":"wp","href":"https:\/\/api.w.org\/{rel}","templated":true}]}}