{"id":415,"date":"2015-05-27T10:59:36","date_gmt":"2015-05-27T08:59:36","guid":{"rendered":"https:\/\/dev.sicherheitsforum.ch\/?p=415"},"modified":"2023-03-14T08:57:40","modified_gmt":"2023-03-14T07:57:40","slug":"strengere-ausfuhr-fuer-ueberwachungsgueter","status":null,"type":"post","link":"https:\/\/news.save.ch\/de\/strengere-ausfuhr-fuer-ueberwachungsgueter\/","title":{"rendered":"Strengere Ausfuhr f\u00fcr \u00dcberwachungsg\u00fcter"},"content":{"rendered":"<figure id=\"attachment_416\" aria-describedby=\"caption-attachment-416\" style=\"width: 680px\" class=\"wp-caption alignnone\"><img loading=\"lazy\" decoding=\"async\" class=\"size-medium wp-image-416\" src=\"https:\/\/sicherheitsforum.ch\/wp-content\/uploads\/2016\/12\/Strengere-Ausfuhr-f\u00fcr-\u00dcberwachungsg\u00fcter-it-security.jpg\" alt=\"Exportg\u00fcter zur Internet- und Mobilfunk\u00fcberwachung unterliegen strengeren Kriterien.\" width=\"680\" height=\"510\" \/><figcaption id=\"caption-attachment-416\" class=\"wp-caption-text\">Exportg\u00fcter zur Internet- und Mobilfunk\u00fcberwachung unterliegen strengeren Kriterien.<\/figcaption><\/figure>\n<p>G\u00fcter zur Internet- und Mobilfunk\u00fcberwachung sind G\u00fcter mit der M\u00f6glichkeit zur zivilen und milit\u00e4rischen Verwendung (sog. Dual-Use-G\u00fcter). Die Ausfuhr solcher G\u00fcter aus der Schweiz wird auf Grundlage internationaler Vereinbarungen seit 2012 kontrolliert. F\u00fcr die Ausfuhr aus der Schweiz muss gest\u00fctzt auf die G\u00fcterkontrollgesetzgebung vom <a title=\"Link zum Seco\" href=\"https:\/\/www.seco.admin.ch\" target=\"_blank\" data-cke-saved-href=\"https:\/\/www.seco.admin.ch\" rel=\"noopener\">Staatssekretariat f\u00fcr Wirtschaft<\/a> (Seco) eine Bewilligung eingeholt werden.<\/p>\n<p>Die G\u00fcterkontrollgesetzgebung sieht nur beschr\u00e4nkte M\u00f6glichkeiten vor, Gesuche f\u00fcr die Ausfuhr oder die Vermittlung von G\u00fctern zur Internet- und Mobilfunk\u00fcberwachung abzulehnen. Der Bundesrat hat nun mittels einer verfassungsunmittelbaren Verordnung gest\u00fctzt auf Artikel 184 Absatz 3 der Bundesverfassung beschlossen, ein neues Kriterium zur Ablehnung entsprechender Gesuche zu schaffen. Eine Einzelbewilligung f\u00fcr die Ausfuhr von G\u00fctern zur Internet- und Mobilfunk\u00fcberwachung wird k\u00fcnftig verweigert, wenn Grund zur Annahme besteht, dass das auszuf\u00fchrende oder das zu vermittelnde Gut vom Endempf\u00e4nger als Repressionsmittel verwendet wird, wie es in der Seco-Mitteilung heisst. In diesem Zusammenhang wird nun auch die \u00dcbertragung von Immaterialg\u00fctern (inklusive Know-how und Einr\u00e4umung von Rechten), die G\u00fcter zur Internet- und Mobilfunk\u00fcberwachung betrifft, der Bewilligungspflicht unterstellt. Die <a title=\"Link zur Verordnung\" href=\"https:\/\/www.admin.ch\/gov\/de\/start\/bundesrecht\/amtliche-sammlung\/ausserordentliche-veroeffentlichungen\/2015.html\" target=\"_blank\" data-cke-saved-href=\"https:\/\/www.admin.ch\/gov\/de\/start\/bundesrecht\/amtliche-sammlung\/ausserordentliche-veroeffentlichungen\/2015.html\" rel=\"noopener\">verfassungsunmittelbare Verordnung<\/a> ist am 13. Mai 2015 in Kraft getreten. Sie ist auf vier Jahre befristet.<\/p>\n","protected":false},"excerpt":{"rendered":"<p>G\u00fcter zur Internet- und Mobilfunk\u00fcberwachung sind G\u00fcter mit der M\u00f6glichkeit zur zivilen und milit\u00e4rischen Verwendung (sog. Dual-Use-G\u00fcter). Die Ausfuhr solcher G\u00fcter aus der Schweiz wird auf Grundlage internationaler Vereinbarungen seit 2012 kontrolliert. F\u00fcr die Ausfuhr aus der Schweiz muss gest\u00fctzt auf die G\u00fcterkontrollgesetzgebung vom Staatssekretariat f\u00fcr Wirtschaft (Seco) eine Bewilligung eingeholt werden. Die G\u00fcterkontrollgesetzgebung sieht [&hellip;]<\/p>\n","protected":false},"author":1,"featured_media":416,"comment_status":"open","ping_status":"open","sticky":false,"template":"","format":"standard","meta":{"_acf_changed":false,"pgc_sgb_lightbox_settings":"","footnotes":""},"categories":[3313],"tags":[63,145],"class_list":["post-415","post","type-post","status-publish","format-standard","has-post-thumbnail","hentry","category-digitalisierung","tag-it-security","tag-seco"],"acf":[],"hkrextid":null,"publication":null,"issue":null,"workflow":null,"startPage":null,"spitzmarke":null,"_posts_by_tag_page_fields":{"widget_title":"","widget_tags":""},"_at_widget":"1","_yoast_wpseo_primary_category":"2","_yoast_wpseo_focuskw_text_input":"\u00dcberwachungsg\u00fcter","_yoast_wpseo_opengraph-image":"https:\/\/sicherheitsforum.ch\/wp-content\/uploads\/2016\/12\/Strengere-Ausfuhr-f\u00fcr-\u00dcberwachungsg\u00fcter-it-security.jpg","_yoast_wpseo_opengraph-description":"Der Bundesrat hat k\u00fcrzlich ein zus\u00e4tzliches Kriterium f\u00fcr die Beurteilung der Ausfuhr und die Vermittlung von G\u00fctern zur Internet- und Mobilfunk\u00fcberwachung aus der Schweiz beschlossen.","_yoast_wpseo_opengraph-title":"Strengere Ausfuhr f\u00fcr \u00dcberwachungsg\u00fcter","enclosure":null,"_yoast_wpseo_twitter-title":null,"_yoast_wpseo_twitter-description":null,"_yoast_wpseo_twitter-image":null,"_wp_old_slug":null,"_yoast_wpseo_title":null,"_yoast_wpseo_canonical":null,"yoast_head":"<!-- This site is optimized with the Yoast SEO plugin v27.5 - https:\/\/yoast.com\/product\/yoast-seo-wordpress\/ -->\n<title>Strengere Ausfuhr f\u00fcr \u00dcberwachungsg\u00fcter - Save<\/title>\n<meta name=\"description\" content=\"Zus\u00e4tzliches Kriterium f\u00fcr die Beurteilung der Ausfuhr und die Vermittlung von G\u00fctern zur Internet- und Mobilfunk\u00fcberwachung aus der Schweiz.\" \/>\n<meta name=\"robots\" content=\"index, follow, max-snippet:-1, max-image-preview:large, max-video-preview:-1\" \/>\n<link rel=\"canonical\" href=\"https:\/\/news.save.ch\/de\/strengere-ausfuhr-fuer-ueberwachungsgueter\/\" \/>\n<meta property=\"og:locale\" content=\"de_DE\" \/>\n<meta property=\"og:type\" content=\"article\" \/>\n<meta property=\"og:title\" content=\"Strengere Ausfuhr f\u00fcr \u00dcberwachungsg\u00fcter\" \/>\n<meta property=\"og:description\" content=\"Der Bundesrat hat k\u00fcrzlich ein zus\u00e4tzliches Kriterium f\u00fcr die Beurteilung der Ausfuhr und die Vermittlung von G\u00fctern zur Internet- und Mobilfunk\u00fcberwachung aus der Schweiz beschlossen.\" \/>\n<meta property=\"og:url\" content=\"https:\/\/news.save.ch\/de\/strengere-ausfuhr-fuer-ueberwachungsgueter\/\" \/>\n<meta property=\"og:site_name\" content=\"Save\" \/>\n<meta property=\"article:published_time\" content=\"2015-05-27T08:59:36+00:00\" \/>\n<meta property=\"article:modified_time\" content=\"2023-03-14T07:57:40+00:00\" \/>\n<meta property=\"og:image\" content=\"https:\/\/sicherheitsforum.ch\/wp-content\/uploads\/2016\/12\/Strengere-Ausfuhr-f\u00fcr-\u00dcberwachungsg\u00fcter-it-security.jpg\" \/>\n<meta name=\"author\" content=\"admin\" \/>\n<meta name=\"twitter:card\" content=\"summary_large_image\" \/>\n<meta name=\"twitter:label1\" content=\"Geschrieben von\" \/>\n\t<meta name=\"twitter:data1\" content=\"admin\" \/>\n\t<meta name=\"twitter:label2\" content=\"Gesch\u00e4tzte Lesezeit\" \/>\n\t<meta name=\"twitter:data2\" content=\"1\u00a0Minute\" \/>\n<script type=\"application\/ld+json\" class=\"yoast-schema-graph\">{\"@context\":\"https:\\\/\\\/schema.org\",\"@graph\":[{\"@type\":\"Article\",\"@id\":\"https:\\\/\\\/news.save.ch\\\/strengere-ausfuhr-fuer-ueberwachungsgueter\\\/#article\",\"isPartOf\":{\"@id\":\"https:\\\/\\\/news.save.ch\\\/strengere-ausfuhr-fuer-ueberwachungsgueter\\\/\"},\"author\":{\"name\":\"admin\",\"@id\":\"https:\\\/\\\/news.save.ch\\\/de\\\/#\\\/schema\\\/person\\\/d49e199490bad7c70d64b9ab51142f2b\"},\"headline\":\"Strengere Ausfuhr f\u00fcr \u00dcberwachungsg\u00fcter\",\"datePublished\":\"2015-05-27T08:59:36+00:00\",\"dateModified\":\"2023-03-14T07:57:40+00:00\",\"mainEntityOfPage\":{\"@id\":\"https:\\\/\\\/news.save.ch\\\/strengere-ausfuhr-fuer-ueberwachungsgueter\\\/\"},\"wordCount\":227,\"commentCount\":0,\"publisher\":{\"@id\":\"https:\\\/\\\/news.save.ch\\\/de\\\/#organization\"},\"image\":{\"@id\":\"https:\\\/\\\/news.save.ch\\\/strengere-ausfuhr-fuer-ueberwachungsgueter\\\/#primaryimage\"},\"thumbnailUrl\":\"https:\\\/\\\/news.save.ch\\\/wp-content\\\/uploads\\\/2016\\\/12\\\/Strengere-Ausfuhr-fuer-Ueberwachungsgueter-it-security-scaled.jpg\",\"keywords\":[\"IT-SECURITY\",\"Seco\"],\"articleSection\":[\"DIGITALISIERUNG\"],\"inLanguage\":\"de\"},{\"@type\":\"WebPage\",\"@id\":\"https:\\\/\\\/news.save.ch\\\/strengere-ausfuhr-fuer-ueberwachungsgueter\\\/\",\"url\":\"https:\\\/\\\/news.save.ch\\\/strengere-ausfuhr-fuer-ueberwachungsgueter\\\/\",\"name\":\"Strengere Ausfuhr f\u00fcr \u00dcberwachungsg\u00fcter - Save\",\"isPartOf\":{\"@id\":\"https:\\\/\\\/news.save.ch\\\/de\\\/#website\"},\"primaryImageOfPage\":{\"@id\":\"https:\\\/\\\/news.save.ch\\\/strengere-ausfuhr-fuer-ueberwachungsgueter\\\/#primaryimage\"},\"image\":{\"@id\":\"https:\\\/\\\/news.save.ch\\\/strengere-ausfuhr-fuer-ueberwachungsgueter\\\/#primaryimage\"},\"thumbnailUrl\":\"https:\\\/\\\/news.save.ch\\\/wp-content\\\/uploads\\\/2016\\\/12\\\/Strengere-Ausfuhr-fuer-Ueberwachungsgueter-it-security-scaled.jpg\",\"datePublished\":\"2015-05-27T08:59:36+00:00\",\"dateModified\":\"2023-03-14T07:57:40+00:00\",\"description\":\"Zus\u00e4tzliches Kriterium f\u00fcr die Beurteilung der Ausfuhr und die Vermittlung von G\u00fctern zur Internet- und Mobilfunk\u00fcberwachung aus der Schweiz.\",\"breadcrumb\":{\"@id\":\"https:\\\/\\\/news.save.ch\\\/strengere-ausfuhr-fuer-ueberwachungsgueter\\\/#breadcrumb\"},\"inLanguage\":\"de\",\"potentialAction\":[{\"@type\":\"ReadAction\",\"target\":[\"https:\\\/\\\/news.save.ch\\\/strengere-ausfuhr-fuer-ueberwachungsgueter\\\/\"]}]},{\"@type\":\"ImageObject\",\"inLanguage\":\"de\",\"@id\":\"https:\\\/\\\/news.save.ch\\\/strengere-ausfuhr-fuer-ueberwachungsgueter\\\/#primaryimage\",\"url\":\"https:\\\/\\\/news.save.ch\\\/wp-content\\\/uploads\\\/2016\\\/12\\\/Strengere-Ausfuhr-fuer-Ueberwachungsgueter-it-security-scaled.jpg\",\"contentUrl\":\"https:\\\/\\\/news.save.ch\\\/wp-content\\\/uploads\\\/2016\\\/12\\\/Strengere-Ausfuhr-fuer-Ueberwachungsgueter-it-security-scaled.jpg\",\"width\":1400,\"height\":1050,\"caption\":\"Exportg\u00fcter zur Internet- und Mobilfunk\u00fcberwachung unterliegen strengeren Kriterien.\"},{\"@type\":\"BreadcrumbList\",\"@id\":\"https:\\\/\\\/news.save.ch\\\/strengere-ausfuhr-fuer-ueberwachungsgueter\\\/#breadcrumb\",\"itemListElement\":[{\"@type\":\"ListItem\",\"position\":1,\"name\":\"Home\",\"item\":\"https:\\\/\\\/news.save.ch\\\/de\\\/\"},{\"@type\":\"ListItem\",\"position\":2,\"name\":\"Strengere Ausfuhr f\u00fcr \u00dcberwachungsg\u00fcter\"}]},{\"@type\":\"WebSite\",\"@id\":\"https:\\\/\\\/news.save.ch\\\/de\\\/#website\",\"url\":\"https:\\\/\\\/news.save.ch\\\/de\\\/\",\"name\":\"Save\",\"description\":\"Schweizer Fachzeitschrift f\u00fcr Sicherheit\",\"publisher\":{\"@id\":\"https:\\\/\\\/news.save.ch\\\/de\\\/#organization\"},\"potentialAction\":[{\"@type\":\"SearchAction\",\"target\":{\"@type\":\"EntryPoint\",\"urlTemplate\":\"https:\\\/\\\/news.save.ch\\\/de\\\/?s={search_term_string}\"},\"query-input\":{\"@type\":\"PropertyValueSpecification\",\"valueRequired\":true,\"valueName\":\"search_term_string\"}}],\"inLanguage\":\"de\"},{\"@type\":\"Organization\",\"@id\":\"https:\\\/\\\/news.save.ch\\\/de\\\/#organization\",\"name\":\"Sicherheitsforum\",\"url\":\"https:\\\/\\\/news.save.ch\\\/de\\\/\",\"logo\":{\"@type\":\"ImageObject\",\"inLanguage\":\"de\",\"@id\":\"https:\\\/\\\/news.save.ch\\\/de\\\/#\\\/schema\\\/logo\\\/image\\\/\",\"url\":\"https:\\\/\\\/news.save.ch\\\/wp-content\\\/uploads\\\/2022\\\/06\\\/Logo_SF_2012.png\",\"contentUrl\":\"https:\\\/\\\/news.save.ch\\\/wp-content\\\/uploads\\\/2022\\\/06\\\/Logo_SF_2012.png\",\"width\":1100,\"height\":91,\"caption\":\"Sicherheitsforum\"},\"image\":{\"@id\":\"https:\\\/\\\/news.save.ch\\\/de\\\/#\\\/schema\\\/logo\\\/image\\\/\"}},{\"@type\":\"Person\",\"@id\":\"https:\\\/\\\/news.save.ch\\\/de\\\/#\\\/schema\\\/person\\\/d49e199490bad7c70d64b9ab51142f2b\",\"name\":\"admin\",\"image\":{\"@type\":\"ImageObject\",\"inLanguage\":\"de\",\"@id\":\"https:\\\/\\\/secure.gravatar.com\\\/avatar\\\/ae2f4d718e6c49043e314ce431e7e645d646302a24a5ef5a8bc8e3f5a032e319?s=96&d=mm&r=g\",\"url\":\"https:\\\/\\\/secure.gravatar.com\\\/avatar\\\/ae2f4d718e6c49043e314ce431e7e645d646302a24a5ef5a8bc8e3f5a032e319?s=96&d=mm&r=g\",\"contentUrl\":\"https:\\\/\\\/secure.gravatar.com\\\/avatar\\\/ae2f4d718e6c49043e314ce431e7e645d646302a24a5ef5a8bc8e3f5a032e319?s=96&d=mm&r=g\",\"caption\":\"admin\"},\"sameAs\":[\"https:\\\/\\\/develop.organisator.galledia.ch\"],\"url\":\"https:\\\/\\\/news.save.ch\\\/de\\\/author\\\/admin\\\/\"}]}<\/script>\n<!-- \/ Yoast SEO plugin. -->","yoast_head_json":{"title":"Strengere Ausfuhr f\u00fcr \u00dcberwachungsg\u00fcter - Save","description":"Zus\u00e4tzliches Kriterium f\u00fcr die Beurteilung der Ausfuhr und die Vermittlung von G\u00fctern zur Internet- und Mobilfunk\u00fcberwachung aus der Schweiz.","robots":{"index":"index","follow":"follow","max-snippet":"max-snippet:-1","max-image-preview":"max-image-preview:large","max-video-preview":"max-video-preview:-1"},"canonical":"https:\/\/news.save.ch\/de\/strengere-ausfuhr-fuer-ueberwachungsgueter\/","og_locale":"de_DE","og_type":"article","og_title":"Strengere Ausfuhr f\u00fcr \u00dcberwachungsg\u00fcter","og_description":"Der Bundesrat hat k\u00fcrzlich ein zus\u00e4tzliches Kriterium f\u00fcr die Beurteilung der Ausfuhr und die Vermittlung von G\u00fctern zur Internet- und Mobilfunk\u00fcberwachung aus der Schweiz beschlossen.","og_url":"https:\/\/news.save.ch\/de\/strengere-ausfuhr-fuer-ueberwachungsgueter\/","og_site_name":"Save","article_published_time":"2015-05-27T08:59:36+00:00","article_modified_time":"2023-03-14T07:57:40+00:00","og_image":[{"url":"https:\/\/sicherheitsforum.ch\/wp-content\/uploads\/2016\/12\/Strengere-Ausfuhr-f\u00fcr-\u00dcberwachungsg\u00fcter-it-security.jpg","type":"","width":"","height":""}],"author":"admin","twitter_card":"summary_large_image","twitter_misc":{"Geschrieben von":"admin","Gesch\u00e4tzte Lesezeit":"1\u00a0Minute"},"schema":{"@context":"https:\/\/schema.org","@graph":[{"@type":"Article","@id":"https:\/\/news.save.ch\/strengere-ausfuhr-fuer-ueberwachungsgueter\/#article","isPartOf":{"@id":"https:\/\/news.save.ch\/strengere-ausfuhr-fuer-ueberwachungsgueter\/"},"author":{"name":"admin","@id":"https:\/\/news.save.ch\/de\/#\/schema\/person\/d49e199490bad7c70d64b9ab51142f2b"},"headline":"Strengere Ausfuhr f\u00fcr \u00dcberwachungsg\u00fcter","datePublished":"2015-05-27T08:59:36+00:00","dateModified":"2023-03-14T07:57:40+00:00","mainEntityOfPage":{"@id":"https:\/\/news.save.ch\/strengere-ausfuhr-fuer-ueberwachungsgueter\/"},"wordCount":227,"commentCount":0,"publisher":{"@id":"https:\/\/news.save.ch\/de\/#organization"},"image":{"@id":"https:\/\/news.save.ch\/strengere-ausfuhr-fuer-ueberwachungsgueter\/#primaryimage"},"thumbnailUrl":"https:\/\/news.save.ch\/wp-content\/uploads\/2016\/12\/Strengere-Ausfuhr-fuer-Ueberwachungsgueter-it-security-scaled.jpg","keywords":["IT-SECURITY","Seco"],"articleSection":["DIGITALISIERUNG"],"inLanguage":"de"},{"@type":"WebPage","@id":"https:\/\/news.save.ch\/strengere-ausfuhr-fuer-ueberwachungsgueter\/","url":"https:\/\/news.save.ch\/strengere-ausfuhr-fuer-ueberwachungsgueter\/","name":"Strengere Ausfuhr f\u00fcr \u00dcberwachungsg\u00fcter - Save","isPartOf":{"@id":"https:\/\/news.save.ch\/de\/#website"},"primaryImageOfPage":{"@id":"https:\/\/news.save.ch\/strengere-ausfuhr-fuer-ueberwachungsgueter\/#primaryimage"},"image":{"@id":"https:\/\/news.save.ch\/strengere-ausfuhr-fuer-ueberwachungsgueter\/#primaryimage"},"thumbnailUrl":"https:\/\/news.save.ch\/wp-content\/uploads\/2016\/12\/Strengere-Ausfuhr-fuer-Ueberwachungsgueter-it-security-scaled.jpg","datePublished":"2015-05-27T08:59:36+00:00","dateModified":"2023-03-14T07:57:40+00:00","description":"Zus\u00e4tzliches Kriterium f\u00fcr die Beurteilung der Ausfuhr und die Vermittlung von G\u00fctern zur Internet- und Mobilfunk\u00fcberwachung aus der Schweiz.","breadcrumb":{"@id":"https:\/\/news.save.ch\/strengere-ausfuhr-fuer-ueberwachungsgueter\/#breadcrumb"},"inLanguage":"de","potentialAction":[{"@type":"ReadAction","target":["https:\/\/news.save.ch\/strengere-ausfuhr-fuer-ueberwachungsgueter\/"]}]},{"@type":"ImageObject","inLanguage":"de","@id":"https:\/\/news.save.ch\/strengere-ausfuhr-fuer-ueberwachungsgueter\/#primaryimage","url":"https:\/\/news.save.ch\/wp-content\/uploads\/2016\/12\/Strengere-Ausfuhr-fuer-Ueberwachungsgueter-it-security-scaled.jpg","contentUrl":"https:\/\/news.save.ch\/wp-content\/uploads\/2016\/12\/Strengere-Ausfuhr-fuer-Ueberwachungsgueter-it-security-scaled.jpg","width":1400,"height":1050,"caption":"Exportg\u00fcter zur Internet- und Mobilfunk\u00fcberwachung unterliegen strengeren Kriterien."},{"@type":"BreadcrumbList","@id":"https:\/\/news.save.ch\/strengere-ausfuhr-fuer-ueberwachungsgueter\/#breadcrumb","itemListElement":[{"@type":"ListItem","position":1,"name":"Home","item":"https:\/\/news.save.ch\/de\/"},{"@type":"ListItem","position":2,"name":"Strengere Ausfuhr f\u00fcr \u00dcberwachungsg\u00fcter"}]},{"@type":"WebSite","@id":"https:\/\/news.save.ch\/de\/#website","url":"https:\/\/news.save.ch\/de\/","name":"Save","description":"Schweizer Fachzeitschrift f\u00fcr Sicherheit","publisher":{"@id":"https:\/\/news.save.ch\/de\/#organization"},"potentialAction":[{"@type":"SearchAction","target":{"@type":"EntryPoint","urlTemplate":"https:\/\/news.save.ch\/de\/?s={search_term_string}"},"query-input":{"@type":"PropertyValueSpecification","valueRequired":true,"valueName":"search_term_string"}}],"inLanguage":"de"},{"@type":"Organization","@id":"https:\/\/news.save.ch\/de\/#organization","name":"Sicherheitsforum","url":"https:\/\/news.save.ch\/de\/","logo":{"@type":"ImageObject","inLanguage":"de","@id":"https:\/\/news.save.ch\/de\/#\/schema\/logo\/image\/","url":"https:\/\/news.save.ch\/wp-content\/uploads\/2022\/06\/Logo_SF_2012.png","contentUrl":"https:\/\/news.save.ch\/wp-content\/uploads\/2022\/06\/Logo_SF_2012.png","width":1100,"height":91,"caption":"Sicherheitsforum"},"image":{"@id":"https:\/\/news.save.ch\/de\/#\/schema\/logo\/image\/"}},{"@type":"Person","@id":"https:\/\/news.save.ch\/de\/#\/schema\/person\/d49e199490bad7c70d64b9ab51142f2b","name":"admin","image":{"@type":"ImageObject","inLanguage":"de","@id":"https:\/\/secure.gravatar.com\/avatar\/ae2f4d718e6c49043e314ce431e7e645d646302a24a5ef5a8bc8e3f5a032e319?s=96&d=mm&r=g","url":"https:\/\/secure.gravatar.com\/avatar\/ae2f4d718e6c49043e314ce431e7e645d646302a24a5ef5a8bc8e3f5a032e319?s=96&d=mm&r=g","contentUrl":"https:\/\/secure.gravatar.com\/avatar\/ae2f4d718e6c49043e314ce431e7e645d646302a24a5ef5a8bc8e3f5a032e319?s=96&d=mm&r=g","caption":"admin"},"sameAs":["https:\/\/develop.organisator.galledia.ch"],"url":"https:\/\/news.save.ch\/de\/author\/admin\/"}]}},"_links":{"self":[{"href":"https:\/\/news.save.ch\/de\/wp-json\/wp\/v2\/posts\/415","targetHints":{"allow":["GET"]}}],"collection":[{"href":"https:\/\/news.save.ch\/de\/wp-json\/wp\/v2\/posts"}],"about":[{"href":"https:\/\/news.save.ch\/de\/wp-json\/wp\/v2\/types\/post"}],"author":[{"embeddable":true,"href":"https:\/\/news.save.ch\/de\/wp-json\/wp\/v2\/users\/1"}],"replies":[{"embeddable":true,"href":"https:\/\/news.save.ch\/de\/wp-json\/wp\/v2\/comments?post=415"}],"version-history":[{"count":1,"href":"https:\/\/news.save.ch\/de\/wp-json\/wp\/v2\/posts\/415\/revisions"}],"predecessor-version":[{"id":17785,"href":"https:\/\/news.save.ch\/de\/wp-json\/wp\/v2\/posts\/415\/revisions\/17785"}],"wp:featuredmedia":[{"embeddable":true,"href":"https:\/\/news.save.ch\/de\/wp-json\/wp\/v2\/media\/416"}],"wp:attachment":[{"href":"https:\/\/news.save.ch\/de\/wp-json\/wp\/v2\/media?parent=415"}],"wp:term":[{"taxonomy":"category","embeddable":true,"href":"https:\/\/news.save.ch\/de\/wp-json\/wp\/v2\/categories?post=415"},{"taxonomy":"post_tag","embeddable":true,"href":"https:\/\/news.save.ch\/de\/wp-json\/wp\/v2\/tags?post=415"}],"curies":[{"name":"wp","href":"https:\/\/api.w.org\/{rel}","templated":true}]}}