{"id":4194,"date":"2017-02-17T11:24:28","date_gmt":"2017-02-17T10:24:28","guid":{"rendered":"https:\/\/news.save.ch\/?p=4194"},"modified":"2023-03-14T09:00:01","modified_gmt":"2023-03-14T08:00:01","slug":"wenn-der-virtuelle-einbrecher-die-reale-tuer-versperrt","status":null,"type":"post","link":"https:\/\/news.save.ch\/de\/wenn-der-virtuelle-einbrecher-die-reale-tuer-versperrt\/","title":{"rendered":"Wenn der virtuelle Einbrecher die T\u00fcre verriegelt"},"content":{"rendered":"<figure id=\"attachment_4195\" aria-describedby=\"caption-attachment-4195\" style=\"width: 680px\" class=\"wp-caption aligncenter\"><img loading=\"lazy\" decoding=\"async\" class=\"size-medium wp-image-4195\" src=\"https:\/\/news.save.ch\/wp-content\/uploads\/2017\/02\/Depositphotos-tuer-scaled-1.jpg\" alt=\"\" width=\"680\" height=\"461\" \/><figcaption id=\"caption-attachment-4195\" class=\"wp-caption-text\">\u00a9 depositphotos<\/figcaption><\/figure>\n<p>Ende Januar ging die <a href=\"https:\/\/kaernten.orf.at\/news\/stories\/2821290\/\">Geschichte einer Cyberattacke durch die Medien<\/a>, die f\u00fcr besonderes Aufsehen sorgte: Kriminelle hatten ein \u00f6sterreichisches Hotel angegriffen und \u2013 am Er\u00f6ffnungswochenende der Wintersaison \u2013 nicht nur den Reservierungsrechner und das Kassensystem lahmgelegt, sondern auch durch einen Angriff auf das Schl\u00fcsselsystem daf\u00fcr gesorgt, dass G\u00e4ste und Hotelpersonal nicht mehr in die Zimmer kamen. Erst nach Zahlung von 1500 Euro wurden die Systeme wieder freigegeben. Laut den Verantwortlichen war dies der dritte Angriff in k\u00fcrzester Zeit, der vierte folgte nur wenig sp\u00e4ter.<\/p>\n<p><strong>Steigende Kreativit\u00e4t der Kriminellen<\/strong><\/p>\n<p>Oliver Keizers, Regional Director DACH beim Sicherheitsspezialisten Fidelis Cybersecurity, sieht dies als eine Blaupause f\u00fcr die Angriffe, auf die sich grosse und kleine Unternehmen aktuell einstellen m\u00fcssen, warnt aber auch vor voreiliger Panik: \u201eDer Angriff zeigt die steigende Kreativit\u00e4t der Kriminellen, wenn es um ihre Ziele geht. In einer Zeit, in der viele wichtige Computer- und Speichersysteme in der Cloud ausgelagert und durch Backups gesichert sind, zielen sie auf die Bereiche, die zwangsl\u00e4ufig physikalisch vor Ort sind \u2013 in diesem Fall das Schl\u00fcsselsystem. Viele Sicherungsmechanismen werden dadurch ausgehebelt.\u201c<\/p>\n<p>An der Geschichte sind aber noch zwei weitere Sachen bemerkenswert: zum einen, dass es in k\u00fcrzester Zeit vier Angriffe gegeben hat, zum anderen, dass die Kriminellen die Systeme tats\u00e4chlich wieder freigegeben haben. Das l\u00e4sst darauf schliessen, dass sich jemand hier im System eingenistet hat und bisher die T\u00fcr, durch die er immer wieder hineinkommt, noch nicht gefunden wurde. Nat\u00fcrlich wird so jemand nach der L\u00f6segeldzahlung immer sch\u00f6n das System wieder frei geben \u2013 er m\u00f6chte ja in ein paar Wochen wieder zuschlagen. Es w\u00e4re hier also wichtig, das gesamte System nicht nur besser nach aussen hin zu sichern, sondern auch die bereits geschehenen Angriffe zu analysieren, daraus zu lernen und die noch offene T\u00fcr endlich zu schliessen.<\/p>\n<p><strong>Trotzdem kein Zur\u00fcck zu analoger Schl\u00fcsseltechnik<\/strong><\/p>\n<p>Schliesslich ist so ein Vorfall Wasser auf die M\u00fchlen der Kritiker von \u201eSmart Home\u201c- oder IoT-Systemen \u2013 auch hier ist ja die Rede davon, wieder zu analoger Schl\u00fcsseltechnik zur\u00fcckzukehren. Man vergisst dabei aber leicht, dass technologische Schliesssysteme nicht zum Spass eingef\u00fchrt wurden, sondern wegen des h\u00f6heren Sicherheitsstandards. Und wenn, wie hier, wieder analoge Schl\u00fcssel eingesetzt werden, werden sich die Angreifer einfach ein neues Ziel suchen \u2013 den Router des G\u00e4ste-WLANs, die App-gesteuerte Kaffeemaschine oder den intelligenten K\u00fchlschrank. Kaum ein Unternehmer kann es sich leisten, diese moderne Technik links liegen zu lassen, sie wird ja gerade dazu entwickelt, den Alltag leichter zu gestalten. Und nur, weil diese neue Technik angreifbar ist, heisst das nicht, dass man sie nicht nutzen sollte. Die Anwendungen m\u00fcssen nur besser gesch\u00fctzt werden und sowohl die Ger\u00e4te selbst, als auch das Netzwerk in dem sie agieren, st\u00e4ndig und effizient \u00fcberwachen.<\/p>\n<p><em>Text: <a href=\"https:\/\/www.fidelissecurity.com\">Fidelis Cybersecurity <\/a><\/em><\/p>\n<p>&nbsp;<\/p>\n","protected":false},"excerpt":{"rendered":"<p>Ende Januar ging die Geschichte einer Cyberattacke durch die Medien, die f\u00fcr besonderes Aufsehen sorgte: Kriminelle hatten ein \u00f6sterreichisches Hotel angegriffen und \u2013 am Er\u00f6ffnungswochenende der Wintersaison \u2013 nicht nur den Reservierungsrechner und das Kassensystem lahmgelegt, sondern auch durch einen Angriff auf das Schl\u00fcsselsystem daf\u00fcr gesorgt, dass G\u00e4ste und Hotelpersonal nicht mehr in die Zimmer [&hellip;]<\/p>\n","protected":false},"author":8,"featured_media":4195,"comment_status":"open","ping_status":"open","sticky":false,"template":"","format":"standard","meta":{"_acf_changed":false,"pgc_sgb_lightbox_settings":"","footnotes":""},"categories":[1,3312],"tags":[96,158],"class_list":["post-4194","post","type-post","status-publish","format-standard","has-post-thumbnail","hentry","category-allgemein","category-sicherheit","tag-cyber-crime","tag-zutrittskontrolle"],"acf":[],"hkrextid":null,"publication":null,"issue":null,"workflow":null,"startPage":null,"spitzmarke":null,"_posts_by_tag_page_fields":{"widget_title":"","widget_tags":""},"_at_widget":"1","_yoast_wpseo_primary_category":"1","_yoast_wpseo_focuskw_text_input":"Cyberangriff","_yoast_wpseo_opengraph-image":null,"_yoast_wpseo_opengraph-description":null,"_yoast_wpseo_opengraph-title":null,"enclosure":null,"_yoast_wpseo_twitter-title":null,"_yoast_wpseo_twitter-description":null,"_yoast_wpseo_twitter-image":null,"_wp_old_slug":null,"_yoast_wpseo_title":null,"_yoast_wpseo_canonical":null,"yoast_head":"<!-- This site is optimized with the Yoast SEO plugin v27.5 - https:\/\/yoast.com\/product\/yoast-seo-wordpress\/ -->\n<title>Wenn der virtuelle Einbrecher die T\u00fcre verriegelt - Save<\/title>\n<meta name=\"description\" content=\"Ein Cyberangriff kann unangenehme Folgen haben: zum Beispiel, wenn den Hotelg\u00e4sten der Zugang zu ihren Zimmern versperrt wird.\" \/>\n<meta name=\"robots\" content=\"index, follow, max-snippet:-1, max-image-preview:large, max-video-preview:-1\" \/>\n<link rel=\"canonical\" href=\"https:\/\/news.save.ch\/de\/wenn-der-virtuelle-einbrecher-die-reale-tuer-versperrt\/\" \/>\n<meta property=\"og:locale\" content=\"de_DE\" \/>\n<meta property=\"og:type\" content=\"article\" \/>\n<meta property=\"og:title\" content=\"Wenn der virtuelle Einbrecher die T\u00fcre verriegelt - Save\" \/>\n<meta property=\"og:description\" content=\"Ein Cyberangriff kann unangenehme Folgen haben: zum Beispiel, wenn den Hotelg\u00e4sten der Zugang zu ihren Zimmern versperrt wird.\" \/>\n<meta property=\"og:url\" content=\"https:\/\/news.save.ch\/de\/wenn-der-virtuelle-einbrecher-die-reale-tuer-versperrt\/\" \/>\n<meta property=\"og:site_name\" content=\"Save\" \/>\n<meta property=\"article:published_time\" content=\"2017-02-17T10:24:28+00:00\" \/>\n<meta property=\"article:modified_time\" content=\"2023-03-14T08:00:01+00:00\" \/>\n<meta property=\"og:image\" content=\"https:\/\/news.save.ch\/wp-content\/uploads\/2017\/02\/Depositphotos-tuer-scaled-1-scaled.jpg\" \/>\n\t<meta property=\"og:image:width\" content=\"1400\" \/>\n\t<meta property=\"og:image:height\" content=\"949\" \/>\n\t<meta property=\"og:image:type\" content=\"image\/jpeg\" \/>\n<meta name=\"author\" content=\"Roger Str\u00e4ssle\" \/>\n<meta name=\"twitter:card\" content=\"summary_large_image\" \/>\n<meta name=\"twitter:label1\" content=\"Geschrieben von\" \/>\n\t<meta name=\"twitter:data1\" content=\"Roger Str\u00e4ssle\" \/>\n\t<meta name=\"twitter:label2\" content=\"Gesch\u00e4tzte Lesezeit\" \/>\n\t<meta name=\"twitter:data2\" content=\"2\u00a0Minuten\" \/>\n<script type=\"application\/ld+json\" class=\"yoast-schema-graph\">{\"@context\":\"https:\\\/\\\/schema.org\",\"@graph\":[{\"@type\":\"Article\",\"@id\":\"https:\\\/\\\/news.save.ch\\\/wenn-der-virtuelle-einbrecher-die-reale-tuer-versperrt\\\/#article\",\"isPartOf\":{\"@id\":\"https:\\\/\\\/news.save.ch\\\/wenn-der-virtuelle-einbrecher-die-reale-tuer-versperrt\\\/\"},\"author\":{\"name\":\"Roger Str\u00e4ssle\",\"@id\":\"https:\\\/\\\/news.save.ch\\\/de\\\/#\\\/schema\\\/person\\\/d5022db048e0e2b9785c50e5b24da5aa\"},\"headline\":\"Wenn der virtuelle Einbrecher die T\u00fcre verriegelt\",\"datePublished\":\"2017-02-17T10:24:28+00:00\",\"dateModified\":\"2023-03-14T08:00:01+00:00\",\"mainEntityOfPage\":{\"@id\":\"https:\\\/\\\/news.save.ch\\\/wenn-der-virtuelle-einbrecher-die-reale-tuer-versperrt\\\/\"},\"wordCount\":493,\"commentCount\":0,\"publisher\":{\"@id\":\"https:\\\/\\\/news.save.ch\\\/de\\\/#organization\"},\"image\":{\"@id\":\"https:\\\/\\\/news.save.ch\\\/wenn-der-virtuelle-einbrecher-die-reale-tuer-versperrt\\\/#primaryimage\"},\"thumbnailUrl\":\"https:\\\/\\\/news.save.ch\\\/wp-content\\\/uploads\\\/2017\\\/02\\\/Depositphotos-tuer-scaled-1-scaled.jpg\",\"keywords\":[\"Cyber-Crime\",\"Zutrittskontrolle\"],\"articleSection\":[\"ALLGEMEIN\",\"SICHERHEIT\"],\"inLanguage\":\"de\"},{\"@type\":\"WebPage\",\"@id\":\"https:\\\/\\\/news.save.ch\\\/wenn-der-virtuelle-einbrecher-die-reale-tuer-versperrt\\\/\",\"url\":\"https:\\\/\\\/news.save.ch\\\/wenn-der-virtuelle-einbrecher-die-reale-tuer-versperrt\\\/\",\"name\":\"Wenn der virtuelle Einbrecher die T\u00fcre verriegelt - Save\",\"isPartOf\":{\"@id\":\"https:\\\/\\\/news.save.ch\\\/de\\\/#website\"},\"primaryImageOfPage\":{\"@id\":\"https:\\\/\\\/news.save.ch\\\/wenn-der-virtuelle-einbrecher-die-reale-tuer-versperrt\\\/#primaryimage\"},\"image\":{\"@id\":\"https:\\\/\\\/news.save.ch\\\/wenn-der-virtuelle-einbrecher-die-reale-tuer-versperrt\\\/#primaryimage\"},\"thumbnailUrl\":\"https:\\\/\\\/news.save.ch\\\/wp-content\\\/uploads\\\/2017\\\/02\\\/Depositphotos-tuer-scaled-1-scaled.jpg\",\"datePublished\":\"2017-02-17T10:24:28+00:00\",\"dateModified\":\"2023-03-14T08:00:01+00:00\",\"description\":\"Ein Cyberangriff kann unangenehme Folgen haben: zum Beispiel, wenn den Hotelg\u00e4sten der Zugang zu ihren Zimmern versperrt wird.\",\"breadcrumb\":{\"@id\":\"https:\\\/\\\/news.save.ch\\\/wenn-der-virtuelle-einbrecher-die-reale-tuer-versperrt\\\/#breadcrumb\"},\"inLanguage\":\"de\",\"potentialAction\":[{\"@type\":\"ReadAction\",\"target\":[\"https:\\\/\\\/news.save.ch\\\/wenn-der-virtuelle-einbrecher-die-reale-tuer-versperrt\\\/\"]}]},{\"@type\":\"ImageObject\",\"inLanguage\":\"de\",\"@id\":\"https:\\\/\\\/news.save.ch\\\/wenn-der-virtuelle-einbrecher-die-reale-tuer-versperrt\\\/#primaryimage\",\"url\":\"https:\\\/\\\/news.save.ch\\\/wp-content\\\/uploads\\\/2017\\\/02\\\/Depositphotos-tuer-scaled-1-scaled.jpg\",\"contentUrl\":\"https:\\\/\\\/news.save.ch\\\/wp-content\\\/uploads\\\/2017\\\/02\\\/Depositphotos-tuer-scaled-1-scaled.jpg\",\"width\":1400,\"height\":949,\"caption\":\"\u00a9 depositphotos\"},{\"@type\":\"BreadcrumbList\",\"@id\":\"https:\\\/\\\/news.save.ch\\\/wenn-der-virtuelle-einbrecher-die-reale-tuer-versperrt\\\/#breadcrumb\",\"itemListElement\":[{\"@type\":\"ListItem\",\"position\":1,\"name\":\"Home\",\"item\":\"https:\\\/\\\/news.save.ch\\\/de\\\/\"},{\"@type\":\"ListItem\",\"position\":2,\"name\":\"Wenn der virtuelle Einbrecher die T\u00fcre verriegelt\"}]},{\"@type\":\"WebSite\",\"@id\":\"https:\\\/\\\/news.save.ch\\\/de\\\/#website\",\"url\":\"https:\\\/\\\/news.save.ch\\\/de\\\/\",\"name\":\"Save\",\"description\":\"Schweizer Fachzeitschrift f\u00fcr Sicherheit\",\"publisher\":{\"@id\":\"https:\\\/\\\/news.save.ch\\\/de\\\/#organization\"},\"potentialAction\":[{\"@type\":\"SearchAction\",\"target\":{\"@type\":\"EntryPoint\",\"urlTemplate\":\"https:\\\/\\\/news.save.ch\\\/de\\\/?s={search_term_string}\"},\"query-input\":{\"@type\":\"PropertyValueSpecification\",\"valueRequired\":true,\"valueName\":\"search_term_string\"}}],\"inLanguage\":\"de\"},{\"@type\":\"Organization\",\"@id\":\"https:\\\/\\\/news.save.ch\\\/de\\\/#organization\",\"name\":\"Sicherheitsforum\",\"url\":\"https:\\\/\\\/news.save.ch\\\/de\\\/\",\"logo\":{\"@type\":\"ImageObject\",\"inLanguage\":\"de\",\"@id\":\"https:\\\/\\\/news.save.ch\\\/de\\\/#\\\/schema\\\/logo\\\/image\\\/\",\"url\":\"https:\\\/\\\/news.save.ch\\\/wp-content\\\/uploads\\\/2022\\\/06\\\/Logo_SF_2012.png\",\"contentUrl\":\"https:\\\/\\\/news.save.ch\\\/wp-content\\\/uploads\\\/2022\\\/06\\\/Logo_SF_2012.png\",\"width\":1100,\"height\":91,\"caption\":\"Sicherheitsforum\"},\"image\":{\"@id\":\"https:\\\/\\\/news.save.ch\\\/de\\\/#\\\/schema\\\/logo\\\/image\\\/\"}},{\"@type\":\"Person\",\"@id\":\"https:\\\/\\\/news.save.ch\\\/de\\\/#\\\/schema\\\/person\\\/d5022db048e0e2b9785c50e5b24da5aa\",\"name\":\"Roger Str\u00e4ssle\",\"image\":{\"@type\":\"ImageObject\",\"inLanguage\":\"de\",\"@id\":\"https:\\\/\\\/secure.gravatar.com\\\/avatar\\\/862a5569d087de48e5856e32f45d719a03804c891d6deb8d4f71a660e79e4a47?s=96&d=mm&r=g\",\"url\":\"https:\\\/\\\/secure.gravatar.com\\\/avatar\\\/862a5569d087de48e5856e32f45d719a03804c891d6deb8d4f71a660e79e4a47?s=96&d=mm&r=g\",\"contentUrl\":\"https:\\\/\\\/secure.gravatar.com\\\/avatar\\\/862a5569d087de48e5856e32f45d719a03804c891d6deb8d4f71a660e79e4a47?s=96&d=mm&r=g\",\"caption\":\"Roger Str\u00e4ssle\"},\"url\":\"https:\\\/\\\/news.save.ch\\\/de\\\/author\\\/roger-straessle\\\/\"}]}<\/script>\n<!-- \/ Yoast SEO plugin. -->","yoast_head_json":{"title":"Wenn der virtuelle Einbrecher die T\u00fcre verriegelt - Save","description":"Ein Cyberangriff kann unangenehme Folgen haben: zum Beispiel, wenn den Hotelg\u00e4sten der Zugang zu ihren Zimmern versperrt wird.","robots":{"index":"index","follow":"follow","max-snippet":"max-snippet:-1","max-image-preview":"max-image-preview:large","max-video-preview":"max-video-preview:-1"},"canonical":"https:\/\/news.save.ch\/de\/wenn-der-virtuelle-einbrecher-die-reale-tuer-versperrt\/","og_locale":"de_DE","og_type":"article","og_title":"Wenn der virtuelle Einbrecher die T\u00fcre verriegelt - Save","og_description":"Ein Cyberangriff kann unangenehme Folgen haben: zum Beispiel, wenn den Hotelg\u00e4sten der Zugang zu ihren Zimmern versperrt wird.","og_url":"https:\/\/news.save.ch\/de\/wenn-der-virtuelle-einbrecher-die-reale-tuer-versperrt\/","og_site_name":"Save","article_published_time":"2017-02-17T10:24:28+00:00","article_modified_time":"2023-03-14T08:00:01+00:00","og_image":[{"width":1400,"height":949,"url":"https:\/\/news.save.ch\/wp-content\/uploads\/2017\/02\/Depositphotos-tuer-scaled-1-scaled.jpg","type":"image\/jpeg"}],"author":"Roger Str\u00e4ssle","twitter_card":"summary_large_image","twitter_misc":{"Geschrieben von":"Roger Str\u00e4ssle","Gesch\u00e4tzte Lesezeit":"2\u00a0Minuten"},"schema":{"@context":"https:\/\/schema.org","@graph":[{"@type":"Article","@id":"https:\/\/news.save.ch\/wenn-der-virtuelle-einbrecher-die-reale-tuer-versperrt\/#article","isPartOf":{"@id":"https:\/\/news.save.ch\/wenn-der-virtuelle-einbrecher-die-reale-tuer-versperrt\/"},"author":{"name":"Roger Str\u00e4ssle","@id":"https:\/\/news.save.ch\/de\/#\/schema\/person\/d5022db048e0e2b9785c50e5b24da5aa"},"headline":"Wenn der virtuelle Einbrecher die T\u00fcre verriegelt","datePublished":"2017-02-17T10:24:28+00:00","dateModified":"2023-03-14T08:00:01+00:00","mainEntityOfPage":{"@id":"https:\/\/news.save.ch\/wenn-der-virtuelle-einbrecher-die-reale-tuer-versperrt\/"},"wordCount":493,"commentCount":0,"publisher":{"@id":"https:\/\/news.save.ch\/de\/#organization"},"image":{"@id":"https:\/\/news.save.ch\/wenn-der-virtuelle-einbrecher-die-reale-tuer-versperrt\/#primaryimage"},"thumbnailUrl":"https:\/\/news.save.ch\/wp-content\/uploads\/2017\/02\/Depositphotos-tuer-scaled-1-scaled.jpg","keywords":["Cyber-Crime","Zutrittskontrolle"],"articleSection":["ALLGEMEIN","SICHERHEIT"],"inLanguage":"de"},{"@type":"WebPage","@id":"https:\/\/news.save.ch\/wenn-der-virtuelle-einbrecher-die-reale-tuer-versperrt\/","url":"https:\/\/news.save.ch\/wenn-der-virtuelle-einbrecher-die-reale-tuer-versperrt\/","name":"Wenn der virtuelle Einbrecher die T\u00fcre verriegelt - Save","isPartOf":{"@id":"https:\/\/news.save.ch\/de\/#website"},"primaryImageOfPage":{"@id":"https:\/\/news.save.ch\/wenn-der-virtuelle-einbrecher-die-reale-tuer-versperrt\/#primaryimage"},"image":{"@id":"https:\/\/news.save.ch\/wenn-der-virtuelle-einbrecher-die-reale-tuer-versperrt\/#primaryimage"},"thumbnailUrl":"https:\/\/news.save.ch\/wp-content\/uploads\/2017\/02\/Depositphotos-tuer-scaled-1-scaled.jpg","datePublished":"2017-02-17T10:24:28+00:00","dateModified":"2023-03-14T08:00:01+00:00","description":"Ein Cyberangriff kann unangenehme Folgen haben: zum Beispiel, wenn den Hotelg\u00e4sten der Zugang zu ihren Zimmern versperrt wird.","breadcrumb":{"@id":"https:\/\/news.save.ch\/wenn-der-virtuelle-einbrecher-die-reale-tuer-versperrt\/#breadcrumb"},"inLanguage":"de","potentialAction":[{"@type":"ReadAction","target":["https:\/\/news.save.ch\/wenn-der-virtuelle-einbrecher-die-reale-tuer-versperrt\/"]}]},{"@type":"ImageObject","inLanguage":"de","@id":"https:\/\/news.save.ch\/wenn-der-virtuelle-einbrecher-die-reale-tuer-versperrt\/#primaryimage","url":"https:\/\/news.save.ch\/wp-content\/uploads\/2017\/02\/Depositphotos-tuer-scaled-1-scaled.jpg","contentUrl":"https:\/\/news.save.ch\/wp-content\/uploads\/2017\/02\/Depositphotos-tuer-scaled-1-scaled.jpg","width":1400,"height":949,"caption":"\u00a9 depositphotos"},{"@type":"BreadcrumbList","@id":"https:\/\/news.save.ch\/wenn-der-virtuelle-einbrecher-die-reale-tuer-versperrt\/#breadcrumb","itemListElement":[{"@type":"ListItem","position":1,"name":"Home","item":"https:\/\/news.save.ch\/de\/"},{"@type":"ListItem","position":2,"name":"Wenn der virtuelle Einbrecher die T\u00fcre verriegelt"}]},{"@type":"WebSite","@id":"https:\/\/news.save.ch\/de\/#website","url":"https:\/\/news.save.ch\/de\/","name":"Save","description":"Schweizer Fachzeitschrift f\u00fcr Sicherheit","publisher":{"@id":"https:\/\/news.save.ch\/de\/#organization"},"potentialAction":[{"@type":"SearchAction","target":{"@type":"EntryPoint","urlTemplate":"https:\/\/news.save.ch\/de\/?s={search_term_string}"},"query-input":{"@type":"PropertyValueSpecification","valueRequired":true,"valueName":"search_term_string"}}],"inLanguage":"de"},{"@type":"Organization","@id":"https:\/\/news.save.ch\/de\/#organization","name":"Sicherheitsforum","url":"https:\/\/news.save.ch\/de\/","logo":{"@type":"ImageObject","inLanguage":"de","@id":"https:\/\/news.save.ch\/de\/#\/schema\/logo\/image\/","url":"https:\/\/news.save.ch\/wp-content\/uploads\/2022\/06\/Logo_SF_2012.png","contentUrl":"https:\/\/news.save.ch\/wp-content\/uploads\/2022\/06\/Logo_SF_2012.png","width":1100,"height":91,"caption":"Sicherheitsforum"},"image":{"@id":"https:\/\/news.save.ch\/de\/#\/schema\/logo\/image\/"}},{"@type":"Person","@id":"https:\/\/news.save.ch\/de\/#\/schema\/person\/d5022db048e0e2b9785c50e5b24da5aa","name":"Roger Str\u00e4ssle","image":{"@type":"ImageObject","inLanguage":"de","@id":"https:\/\/secure.gravatar.com\/avatar\/862a5569d087de48e5856e32f45d719a03804c891d6deb8d4f71a660e79e4a47?s=96&d=mm&r=g","url":"https:\/\/secure.gravatar.com\/avatar\/862a5569d087de48e5856e32f45d719a03804c891d6deb8d4f71a660e79e4a47?s=96&d=mm&r=g","contentUrl":"https:\/\/secure.gravatar.com\/avatar\/862a5569d087de48e5856e32f45d719a03804c891d6deb8d4f71a660e79e4a47?s=96&d=mm&r=g","caption":"Roger Str\u00e4ssle"},"url":"https:\/\/news.save.ch\/de\/author\/roger-straessle\/"}]}},"_links":{"self":[{"href":"https:\/\/news.save.ch\/de\/wp-json\/wp\/v2\/posts\/4194","targetHints":{"allow":["GET"]}}],"collection":[{"href":"https:\/\/news.save.ch\/de\/wp-json\/wp\/v2\/posts"}],"about":[{"href":"https:\/\/news.save.ch\/de\/wp-json\/wp\/v2\/types\/post"}],"author":[{"embeddable":true,"href":"https:\/\/news.save.ch\/de\/wp-json\/wp\/v2\/users\/8"}],"replies":[{"embeddable":true,"href":"https:\/\/news.save.ch\/de\/wp-json\/wp\/v2\/comments?post=4194"}],"version-history":[{"count":1,"href":"https:\/\/news.save.ch\/de\/wp-json\/wp\/v2\/posts\/4194\/revisions"}],"predecessor-version":[{"id":17994,"href":"https:\/\/news.save.ch\/de\/wp-json\/wp\/v2\/posts\/4194\/revisions\/17994"}],"wp:featuredmedia":[{"embeddable":true,"href":"https:\/\/news.save.ch\/de\/wp-json\/wp\/v2\/media\/4195"}],"wp:attachment":[{"href":"https:\/\/news.save.ch\/de\/wp-json\/wp\/v2\/media?parent=4194"}],"wp:term":[{"taxonomy":"category","embeddable":true,"href":"https:\/\/news.save.ch\/de\/wp-json\/wp\/v2\/categories?post=4194"},{"taxonomy":"post_tag","embeddable":true,"href":"https:\/\/news.save.ch\/de\/wp-json\/wp\/v2\/tags?post=4194"}],"curies":[{"name":"wp","href":"https:\/\/api.w.org\/{rel}","templated":true}]}}