{"id":4295,"date":"2019-07-02T07:30:51","date_gmt":"2019-07-02T05:30:51","guid":{"rendered":"https:\/\/news.save.ch\/?p=4295"},"modified":"2023-03-14T09:05:07","modified_gmt":"2023-03-14T08:05:07","slug":"welcher-arbeitshandschuh-darfs-denn-sein","status":null,"type":"post","link":"https:\/\/news.save.ch\/de\/welcher-arbeitshandschuh-darfs-denn-sein\/","title":{"rendered":"Welcher Arbeitshandschuh darf`s denn sein?"},"content":{"rendered":"<figure id=\"attachment_4299\" aria-describedby=\"caption-attachment-4299\" style=\"width: 680px\" class=\"wp-caption alignnone\"><img loading=\"lazy\" decoding=\"async\" class=\"size-medium wp-image-4299\" src=\"http:\/\/develop.safety-plus.ch\/wp-content\/uploads\/2019\/07\/02b-Poster.jpg\" alt=\"\" width=\"680\" height=\"476\" \/><figcaption id=\"caption-attachment-4299\" class=\"wp-caption-text\">Verletzungen drohen bei vielen beruflichen T\u00e4tigkeiten und der Arbeitgeber hat die Pflicht, seine Mitarbeiter vor entsprechenden Gefahren zu sch\u00fctzen. Im DIN A1 Poster der Markt\u00fcbersicht sehen Sie die wichtigsten Funktionsleistungen und Einsatzm\u00f6glichkeiten von Schutz- und Arbeitshandschuhen. \u00a9 M. Frutig\/SAFETY-PLUS<\/figcaption><\/figure>\n<p>&nbsp;<\/p>\n<p>Mit der Markt\u00fcbersicht im SAFETY-PLUS Nr. 2\/19 geben wir Sicherheitsverantwortlichen und Entscheidern praktische und schnelle Informationen zum Thema Arbeitshandschuh an die Hand. Welche wichtigen Funktionsleistungen und Einsatzm\u00f6glichkeiten es bei Schutz- und Arbeitshandschuhen gibt und wie man am besten vorgeht, die richtigen <a href=\"https:\/\/www.youtube.com\/watch?v=abVivm40lGs\" target=\"_blank\" rel=\"noopener\">Produkte<\/a> gegen mechanische, chemische und thermische Risiken einzugrenzen, dazu befragte die Redaktion Massimo Nicastro, Gesch\u00e4ftsf\u00fchrer Uvex Schweiz.<\/p>\n<p><strong>Herr Nicastro, was sind die meist angefragten Themen und Herausforderungen bei der richtigen Auswahl von Arbeitshandschuhen f\u00fcr Eink\u00e4ufer und SiBes von Unternehmen?<\/strong><\/p>\n<p><strong>Massimo Nicastro: <\/strong>Die Handschuhe sind nach Art der Gefahr (mechanisch, chemisch, <a href=\"https:\/\/www.youtube.com\/watch?v=yac8vxh-Buo\" target=\"_blank\" rel=\"noopener\">thermisch<\/a>), nach Art der T\u00e4tigkeit (Pr\u00e4zision, Allround, Heavy Duty) sowie den Umgebungsbedingungen am Arbeitsplatz (trocken, feucht, nass\/\u00f6lig) auszuw\u00e4hlen.<\/p>\n<p>F\u00fcr die Anwender besteht nun die Herausforderung darin, den geeigneten Handschuh f\u00fcr die <a href=\"https:\/\/www.bghm.de\/arbeitsschuetzer\/fachinformationen\/hautschutz\/schutzhandschuhe\/\" target=\"_blank\" rel=\"noopener\">Anwendung und die Arbeitsumgebung<\/a> auszuw\u00e4hlen. Hier spielen neben der ben\u00f6tigten Schutzfunktion \u2013 und damit entsprechender Zertifizierung \u2013 auch ergonomische Aspekte wie Passform, Feinf\u00fchligkeit und Griffsicherheit eine grosse Rolle. So gibt es beispielsweise verschiedene Arten von Beschichtungen, je nachdem ob der Arbeitsbereich trocken, feucht, nass oder \u00f6lig ist. Nicht zu untersch\u00e4tzen ist auch die Auswahl der richtigen Handschuhgr\u00f6sse. Ein Handschuh, der nicht richtig passt, kann selbst zu einer Gefahrenquelle am Arbeitsplatz werden. All diese Aspekte sind f\u00fcr den Anwender sehr wichtig.<\/p>\n<p><strong>Welche weiteren Aspekte sind dabei zu beachten?<\/strong><\/p>\n<p>Die Kommunikation spielt hierbei eine besondere Rolle. Die Mitarbeitenden m\u00fcssen \u00fcber die einzusetzenden Handschuhe und richtige Anwendung \u2013 inklusive notwendiger Kontrolle auf Besch\u00e4digung vor jedem Tragen \u2013 und die Grenzen des Schutzhandschuhes \u00abvor was sch\u00fctzt er, vor was sch\u00fctzt er nicht?\u00bb informiert werden. Empfehlenswert ist auch ein Handschuhplan f\u00fcr jeden Arbeitsplatz, der am Arbeitsplatz sichtbar aufgeh\u00e4ngt wird so dass die Information, welche Handschuhe zu tragen sind, stets pr\u00e4sent ist. Die richtige <a href=\"https:\/\/www.youtube.com\/watch?v=8YjIlzX58ek\" target=\"_blank\" rel=\"noopener\">Auswahl<\/a> verhindert die falsche Anwendung.<\/p>\n<p><strong>Gem\u00e4ss Suva besteht ja \u201edie Pflicht, PSA einzusetzen, wo diese notwendig ist\u201c.<\/strong> <strong>Wie sieht daher die rechtliche Situation f\u00fcr Arbeitgeber und Arbeitnehmer im Besonderen aus?<\/strong><\/p>\n<p>Der Arbeitgeber ist dazu verpflichtet, die Gefahren im Unternehmen zu ermitteln. Wenn diese Gefahren nicht durch organisatorische oder technische Massnahmen beseitigt werden k\u00f6nnen muss er seinen Mitarbeitenden die daf\u00fcr zum Schutz notwendige pers\u00f6nliche Schutzausr\u00fcstung zur Verf\u00fcgung zu stellen. Die Mitarbeitenden sind dazu verpflichtet, diese Schutzausr\u00fcstung richtig zu verwenden und d\u00fcrfen sie technisch nicht ver\u00e4ndern \u2013 beim Handschuh beispielsweise die Fingerspitzen abzuschneiden um ein besseres Feingef\u00fchl zu erhalten ist klar verboten. Geregelt ist das im Artikel 82, Absatz 1 und 3 des Unfallversicherungsgesetzes.<\/p>\n<p><strong>Lesen Sie <a href=\"https:\/\/www.uvex-safety.ch\/de\/media\/pressemeldungen\/2019\/interview-safety-plus\/\" target=\"_blank\" rel=\"noopener\">hier<\/a> das ganze Interview zum Download.<\/strong><\/p>\n<p>Informativ und \u00fcbersichtlich aufbereitet, sind im speziellen DIN A1 Poster der Markt\u00fcbersicht die wichtigsten Funktionsleistungen und Einsatzm\u00f6glichkeiten von Schutz- und Arbeitshandschuhen dargestellt. Bestellen Sie dazu das DIN A1 Poster mit der Markt\u00fcbersicht zu Arbeits- und Sicherheitshandschuhen f\u00fcr nur 8.90 CHF Schutzgeb\u00fchr inkl. Versand unter:<\/p>\n<p><a href=\"mailto:marktuebersicht.safetyplus@galledia.ch\">marktuebersicht.safetyplus@galledia.ch<\/a><\/p>\n","protected":false},"excerpt":{"rendered":"<p>&nbsp; Mit der Markt\u00fcbersicht im SAFETY-PLUS Nr. 2\/19 geben wir Sicherheitsverantwortlichen und Entscheidern praktische und schnelle Informationen zum Thema Arbeitshandschuh an die Hand. Welche wichtigen Funktionsleistungen und Einsatzm\u00f6glichkeiten es bei Schutz- und Arbeitshandschuhen gibt und wie man am besten vorgeht, die richtigen Produkte gegen mechanische, chemische und thermische Risiken einzugrenzen, dazu befragte die Redaktion Massimo [&hellip;]<\/p>\n","protected":false},"author":1,"featured_media":4300,"comment_status":"open","ping_status":"open","sticky":false,"template":"","format":"standard","meta":{"_acf_changed":false,"pgc_sgb_lightbox_settings":"","footnotes":""},"categories":[1,3314],"tags":[1656,183,172,1845,286,149,2275,2501,2502,2512,175,2669,141,2867,1071,3090,3161],"class_list":["post-4295","post","type-post","status-publish","format-standard","has-post-thumbnail","hentry","category-allgemein","category-health-safety","tag-arbeitshandschuh","tag-arbeitsplatzgestaltung","tag-arbeitssicherheit","tag-chemische-risiken","tag-fachinformationen","tag-gesundheitsschutz","tag-hygiene","tag-marktuebersicht","tag-marktuebersicht-zu-arbeits-und-sicherheitshandschuhen","tag-mechanische-risiken","tag-nichtberufsunfaelle","tag-persoenliche-schutzausruestung-psa","tag-praevention","tag-schutzhandschuh","tag-sibe","tag-thermische-risiken","tag-uvex"],"acf":[],"hkrextid":null,"publication":null,"issue":null,"workflow":null,"startPage":null,"spitzmarke":null,"_posts_by_tag_page_fields":{"widget_title":"","widget_tags":""},"_at_widget":"1","_yoast_wpseo_primary_category":"1","_yoast_wpseo_focuskw_text_input":"Markt\u00fcbersicht","_yoast_wpseo_opengraph-image":null,"_yoast_wpseo_opengraph-description":null,"_yoast_wpseo_opengraph-title":null,"enclosure":null,"_yoast_wpseo_twitter-title":null,"_yoast_wpseo_twitter-description":null,"_yoast_wpseo_twitter-image":null,"_wp_old_slug":null,"_yoast_wpseo_title":null,"_yoast_wpseo_canonical":null,"yoast_head":"<!-- This site is optimized with the Yoast SEO plugin v27.5 - https:\/\/yoast.com\/product\/yoast-seo-wordpress\/ -->\n<title>Welcher Arbeitshandschuh darf`s denn sein? - Save<\/title>\n<meta name=\"description\" content=\"Mit der Markt\u00fcbersicht im SAFETY-PLUS Nr. 2\/19 geben wir SiBes und Entscheidern praktische Informationen zum Thema Arbeitshandschuh an die Hand.\" \/>\n<meta name=\"robots\" content=\"index, follow, max-snippet:-1, max-image-preview:large, max-video-preview:-1\" \/>\n<link rel=\"canonical\" href=\"https:\/\/news.save.ch\/de\/welcher-arbeitshandschuh-darfs-denn-sein\/\" \/>\n<meta property=\"og:locale\" content=\"de_DE\" \/>\n<meta property=\"og:type\" content=\"article\" \/>\n<meta property=\"og:title\" content=\"Welcher Arbeitshandschuh darf`s denn sein? - Save\" \/>\n<meta property=\"og:description\" content=\"Mit der Markt\u00fcbersicht im SAFETY-PLUS Nr. 2\/19 geben wir SiBes und Entscheidern praktische Informationen zum Thema Arbeitshandschuh an die Hand.\" \/>\n<meta property=\"og:url\" content=\"https:\/\/news.save.ch\/de\/welcher-arbeitshandschuh-darfs-denn-sein\/\" \/>\n<meta property=\"og:site_name\" content=\"Save\" \/>\n<meta property=\"article:published_time\" content=\"2019-07-02T05:30:51+00:00\" \/>\n<meta property=\"article:modified_time\" content=\"2023-03-14T08:05:07+00:00\" \/>\n<meta property=\"og:image\" content=\"https:\/\/news.save.ch\/wp-content\/uploads\/2019\/07\/14a_Interview-uvex_B01-scaled-1.jpg\" \/>\n\t<meta property=\"og:image:width\" content=\"1200\" \/>\n\t<meta property=\"og:image:height\" content=\"801\" \/>\n\t<meta property=\"og:image:type\" content=\"image\/jpeg\" \/>\n<meta name=\"author\" content=\"admin\" \/>\n<meta name=\"twitter:card\" content=\"summary_large_image\" \/>\n<meta name=\"twitter:label1\" content=\"Geschrieben von\" \/>\n\t<meta name=\"twitter:data1\" content=\"admin\" \/>\n\t<meta name=\"twitter:label2\" content=\"Gesch\u00e4tzte Lesezeit\" \/>\n\t<meta name=\"twitter:data2\" content=\"3\u00a0Minuten\" \/>\n<script type=\"application\/ld+json\" class=\"yoast-schema-graph\">{\"@context\":\"https:\\\/\\\/schema.org\",\"@graph\":[{\"@type\":\"Article\",\"@id\":\"https:\\\/\\\/news.save.ch\\\/welcher-arbeitshandschuh-darfs-denn-sein\\\/#article\",\"isPartOf\":{\"@id\":\"https:\\\/\\\/news.save.ch\\\/welcher-arbeitshandschuh-darfs-denn-sein\\\/\"},\"author\":{\"name\":\"admin\",\"@id\":\"https:\\\/\\\/news.save.ch\\\/de\\\/#\\\/schema\\\/person\\\/d49e199490bad7c70d64b9ab51142f2b\"},\"headline\":\"Welcher Arbeitshandschuh darf`s denn sein?\",\"datePublished\":\"2019-07-02T05:30:51+00:00\",\"dateModified\":\"2023-03-14T08:05:07+00:00\",\"mainEntityOfPage\":{\"@id\":\"https:\\\/\\\/news.save.ch\\\/welcher-arbeitshandschuh-darfs-denn-sein\\\/\"},\"wordCount\":536,\"commentCount\":0,\"publisher\":{\"@id\":\"https:\\\/\\\/news.save.ch\\\/de\\\/#organization\"},\"image\":{\"@id\":\"https:\\\/\\\/news.save.ch\\\/welcher-arbeitshandschuh-darfs-denn-sein\\\/#primaryimage\"},\"thumbnailUrl\":\"https:\\\/\\\/news.save.ch\\\/wp-content\\\/uploads\\\/2019\\\/07\\\/14a_Interview-uvex_B01-scaled-1.jpg\",\"keywords\":[\"Arbeitshandschuh\",\"Arbeitsplatzgestaltung\",\"Arbeitssicherheit\",\"chemische Risiken\",\"Fachinformationen\",\"Gesundheitsschutz\",\"Hygiene\",\"Markt\u00fcbersicht\",\"Markt\u00fcbersicht zu Arbeits- und Sicherheitshandschuhen\",\"mechanische Risiken\",\"Nichtberufsunf\u00e4lle\",\"Pers\u00f6nliche Schutzausr\u00fcstung (PSA)\",\"Pr\u00e4vention\",\"Schutzhandschuh\",\"SiBe\",\"thermische Risiken\",\"uvex\"],\"articleSection\":[\"ALLGEMEIN\",\"HEALTH &amp; SAFETY\"],\"inLanguage\":\"de\"},{\"@type\":\"WebPage\",\"@id\":\"https:\\\/\\\/news.save.ch\\\/welcher-arbeitshandschuh-darfs-denn-sein\\\/\",\"url\":\"https:\\\/\\\/news.save.ch\\\/welcher-arbeitshandschuh-darfs-denn-sein\\\/\",\"name\":\"Welcher Arbeitshandschuh darf`s denn sein? - Save\",\"isPartOf\":{\"@id\":\"https:\\\/\\\/news.save.ch\\\/de\\\/#website\"},\"primaryImageOfPage\":{\"@id\":\"https:\\\/\\\/news.save.ch\\\/welcher-arbeitshandschuh-darfs-denn-sein\\\/#primaryimage\"},\"image\":{\"@id\":\"https:\\\/\\\/news.save.ch\\\/welcher-arbeitshandschuh-darfs-denn-sein\\\/#primaryimage\"},\"thumbnailUrl\":\"https:\\\/\\\/news.save.ch\\\/wp-content\\\/uploads\\\/2019\\\/07\\\/14a_Interview-uvex_B01-scaled-1.jpg\",\"datePublished\":\"2019-07-02T05:30:51+00:00\",\"dateModified\":\"2023-03-14T08:05:07+00:00\",\"description\":\"Mit der Markt\u00fcbersicht im SAFETY-PLUS Nr. 2\\\/19 geben wir SiBes und Entscheidern praktische Informationen zum Thema Arbeitshandschuh an die Hand.\",\"breadcrumb\":{\"@id\":\"https:\\\/\\\/news.save.ch\\\/welcher-arbeitshandschuh-darfs-denn-sein\\\/#breadcrumb\"},\"inLanguage\":\"de\",\"potentialAction\":[{\"@type\":\"ReadAction\",\"target\":[\"https:\\\/\\\/news.save.ch\\\/welcher-arbeitshandschuh-darfs-denn-sein\\\/\"]}]},{\"@type\":\"ImageObject\",\"inLanguage\":\"de\",\"@id\":\"https:\\\/\\\/news.save.ch\\\/welcher-arbeitshandschuh-darfs-denn-sein\\\/#primaryimage\",\"url\":\"https:\\\/\\\/news.save.ch\\\/wp-content\\\/uploads\\\/2019\\\/07\\\/14a_Interview-uvex_B01-scaled-1.jpg\",\"contentUrl\":\"https:\\\/\\\/news.save.ch\\\/wp-content\\\/uploads\\\/2019\\\/07\\\/14a_Interview-uvex_B01-scaled-1.jpg\",\"width\":1200,\"height\":801},{\"@type\":\"BreadcrumbList\",\"@id\":\"https:\\\/\\\/news.save.ch\\\/welcher-arbeitshandschuh-darfs-denn-sein\\\/#breadcrumb\",\"itemListElement\":[{\"@type\":\"ListItem\",\"position\":1,\"name\":\"Home\",\"item\":\"https:\\\/\\\/news.save.ch\\\/de\\\/\"},{\"@type\":\"ListItem\",\"position\":2,\"name\":\"Welcher Arbeitshandschuh darf`s denn sein?\"}]},{\"@type\":\"WebSite\",\"@id\":\"https:\\\/\\\/news.save.ch\\\/de\\\/#website\",\"url\":\"https:\\\/\\\/news.save.ch\\\/de\\\/\",\"name\":\"Save\",\"description\":\"Schweizer Fachzeitschrift f\u00fcr Sicherheit\",\"publisher\":{\"@id\":\"https:\\\/\\\/news.save.ch\\\/de\\\/#organization\"},\"potentialAction\":[{\"@type\":\"SearchAction\",\"target\":{\"@type\":\"EntryPoint\",\"urlTemplate\":\"https:\\\/\\\/news.save.ch\\\/de\\\/?s={search_term_string}\"},\"query-input\":{\"@type\":\"PropertyValueSpecification\",\"valueRequired\":true,\"valueName\":\"search_term_string\"}}],\"inLanguage\":\"de\"},{\"@type\":\"Organization\",\"@id\":\"https:\\\/\\\/news.save.ch\\\/de\\\/#organization\",\"name\":\"Sicherheitsforum\",\"url\":\"https:\\\/\\\/news.save.ch\\\/de\\\/\",\"logo\":{\"@type\":\"ImageObject\",\"inLanguage\":\"de\",\"@id\":\"https:\\\/\\\/news.save.ch\\\/de\\\/#\\\/schema\\\/logo\\\/image\\\/\",\"url\":\"https:\\\/\\\/news.save.ch\\\/wp-content\\\/uploads\\\/2022\\\/06\\\/Logo_SF_2012.png\",\"contentUrl\":\"https:\\\/\\\/news.save.ch\\\/wp-content\\\/uploads\\\/2022\\\/06\\\/Logo_SF_2012.png\",\"width\":1100,\"height\":91,\"caption\":\"Sicherheitsforum\"},\"image\":{\"@id\":\"https:\\\/\\\/news.save.ch\\\/de\\\/#\\\/schema\\\/logo\\\/image\\\/\"}},{\"@type\":\"Person\",\"@id\":\"https:\\\/\\\/news.save.ch\\\/de\\\/#\\\/schema\\\/person\\\/d49e199490bad7c70d64b9ab51142f2b\",\"name\":\"admin\",\"image\":{\"@type\":\"ImageObject\",\"inLanguage\":\"de\",\"@id\":\"https:\\\/\\\/secure.gravatar.com\\\/avatar\\\/ae2f4d718e6c49043e314ce431e7e645d646302a24a5ef5a8bc8e3f5a032e319?s=96&d=mm&r=g\",\"url\":\"https:\\\/\\\/secure.gravatar.com\\\/avatar\\\/ae2f4d718e6c49043e314ce431e7e645d646302a24a5ef5a8bc8e3f5a032e319?s=96&d=mm&r=g\",\"contentUrl\":\"https:\\\/\\\/secure.gravatar.com\\\/avatar\\\/ae2f4d718e6c49043e314ce431e7e645d646302a24a5ef5a8bc8e3f5a032e319?s=96&d=mm&r=g\",\"caption\":\"admin\"},\"sameAs\":[\"https:\\\/\\\/develop.organisator.galledia.ch\"],\"url\":\"https:\\\/\\\/news.save.ch\\\/de\\\/author\\\/admin\\\/\"}]}<\/script>\n<!-- \/ Yoast SEO plugin. -->","yoast_head_json":{"title":"Welcher Arbeitshandschuh darf`s denn sein? - Save","description":"Mit der Markt\u00fcbersicht im SAFETY-PLUS Nr. 2\/19 geben wir SiBes und Entscheidern praktische Informationen zum Thema Arbeitshandschuh an die Hand.","robots":{"index":"index","follow":"follow","max-snippet":"max-snippet:-1","max-image-preview":"max-image-preview:large","max-video-preview":"max-video-preview:-1"},"canonical":"https:\/\/news.save.ch\/de\/welcher-arbeitshandschuh-darfs-denn-sein\/","og_locale":"de_DE","og_type":"article","og_title":"Welcher Arbeitshandschuh darf`s denn sein? - Save","og_description":"Mit der Markt\u00fcbersicht im SAFETY-PLUS Nr. 2\/19 geben wir SiBes und Entscheidern praktische Informationen zum Thema Arbeitshandschuh an die Hand.","og_url":"https:\/\/news.save.ch\/de\/welcher-arbeitshandschuh-darfs-denn-sein\/","og_site_name":"Save","article_published_time":"2019-07-02T05:30:51+00:00","article_modified_time":"2023-03-14T08:05:07+00:00","og_image":[{"width":1200,"height":801,"url":"https:\/\/news.save.ch\/wp-content\/uploads\/2019\/07\/14a_Interview-uvex_B01-scaled-1.jpg","type":"image\/jpeg"}],"author":"admin","twitter_card":"summary_large_image","twitter_misc":{"Geschrieben von":"admin","Gesch\u00e4tzte Lesezeit":"3\u00a0Minuten"},"schema":{"@context":"https:\/\/schema.org","@graph":[{"@type":"Article","@id":"https:\/\/news.save.ch\/welcher-arbeitshandschuh-darfs-denn-sein\/#article","isPartOf":{"@id":"https:\/\/news.save.ch\/welcher-arbeitshandschuh-darfs-denn-sein\/"},"author":{"name":"admin","@id":"https:\/\/news.save.ch\/de\/#\/schema\/person\/d49e199490bad7c70d64b9ab51142f2b"},"headline":"Welcher Arbeitshandschuh darf`s denn sein?","datePublished":"2019-07-02T05:30:51+00:00","dateModified":"2023-03-14T08:05:07+00:00","mainEntityOfPage":{"@id":"https:\/\/news.save.ch\/welcher-arbeitshandschuh-darfs-denn-sein\/"},"wordCount":536,"commentCount":0,"publisher":{"@id":"https:\/\/news.save.ch\/de\/#organization"},"image":{"@id":"https:\/\/news.save.ch\/welcher-arbeitshandschuh-darfs-denn-sein\/#primaryimage"},"thumbnailUrl":"https:\/\/news.save.ch\/wp-content\/uploads\/2019\/07\/14a_Interview-uvex_B01-scaled-1.jpg","keywords":["Arbeitshandschuh","Arbeitsplatzgestaltung","Arbeitssicherheit","chemische Risiken","Fachinformationen","Gesundheitsschutz","Hygiene","Markt\u00fcbersicht","Markt\u00fcbersicht zu Arbeits- und Sicherheitshandschuhen","mechanische Risiken","Nichtberufsunf\u00e4lle","Pers\u00f6nliche Schutzausr\u00fcstung (PSA)","Pr\u00e4vention","Schutzhandschuh","SiBe","thermische Risiken","uvex"],"articleSection":["ALLGEMEIN","HEALTH &amp; SAFETY"],"inLanguage":"de"},{"@type":"WebPage","@id":"https:\/\/news.save.ch\/welcher-arbeitshandschuh-darfs-denn-sein\/","url":"https:\/\/news.save.ch\/welcher-arbeitshandschuh-darfs-denn-sein\/","name":"Welcher Arbeitshandschuh darf`s denn sein? - Save","isPartOf":{"@id":"https:\/\/news.save.ch\/de\/#website"},"primaryImageOfPage":{"@id":"https:\/\/news.save.ch\/welcher-arbeitshandschuh-darfs-denn-sein\/#primaryimage"},"image":{"@id":"https:\/\/news.save.ch\/welcher-arbeitshandschuh-darfs-denn-sein\/#primaryimage"},"thumbnailUrl":"https:\/\/news.save.ch\/wp-content\/uploads\/2019\/07\/14a_Interview-uvex_B01-scaled-1.jpg","datePublished":"2019-07-02T05:30:51+00:00","dateModified":"2023-03-14T08:05:07+00:00","description":"Mit der Markt\u00fcbersicht im SAFETY-PLUS Nr. 2\/19 geben wir SiBes und Entscheidern praktische Informationen zum Thema Arbeitshandschuh an die Hand.","breadcrumb":{"@id":"https:\/\/news.save.ch\/welcher-arbeitshandschuh-darfs-denn-sein\/#breadcrumb"},"inLanguage":"de","potentialAction":[{"@type":"ReadAction","target":["https:\/\/news.save.ch\/welcher-arbeitshandschuh-darfs-denn-sein\/"]}]},{"@type":"ImageObject","inLanguage":"de","@id":"https:\/\/news.save.ch\/welcher-arbeitshandschuh-darfs-denn-sein\/#primaryimage","url":"https:\/\/news.save.ch\/wp-content\/uploads\/2019\/07\/14a_Interview-uvex_B01-scaled-1.jpg","contentUrl":"https:\/\/news.save.ch\/wp-content\/uploads\/2019\/07\/14a_Interview-uvex_B01-scaled-1.jpg","width":1200,"height":801},{"@type":"BreadcrumbList","@id":"https:\/\/news.save.ch\/welcher-arbeitshandschuh-darfs-denn-sein\/#breadcrumb","itemListElement":[{"@type":"ListItem","position":1,"name":"Home","item":"https:\/\/news.save.ch\/de\/"},{"@type":"ListItem","position":2,"name":"Welcher Arbeitshandschuh darf`s denn sein?"}]},{"@type":"WebSite","@id":"https:\/\/news.save.ch\/de\/#website","url":"https:\/\/news.save.ch\/de\/","name":"Save","description":"Schweizer Fachzeitschrift f\u00fcr Sicherheit","publisher":{"@id":"https:\/\/news.save.ch\/de\/#organization"},"potentialAction":[{"@type":"SearchAction","target":{"@type":"EntryPoint","urlTemplate":"https:\/\/news.save.ch\/de\/?s={search_term_string}"},"query-input":{"@type":"PropertyValueSpecification","valueRequired":true,"valueName":"search_term_string"}}],"inLanguage":"de"},{"@type":"Organization","@id":"https:\/\/news.save.ch\/de\/#organization","name":"Sicherheitsforum","url":"https:\/\/news.save.ch\/de\/","logo":{"@type":"ImageObject","inLanguage":"de","@id":"https:\/\/news.save.ch\/de\/#\/schema\/logo\/image\/","url":"https:\/\/news.save.ch\/wp-content\/uploads\/2022\/06\/Logo_SF_2012.png","contentUrl":"https:\/\/news.save.ch\/wp-content\/uploads\/2022\/06\/Logo_SF_2012.png","width":1100,"height":91,"caption":"Sicherheitsforum"},"image":{"@id":"https:\/\/news.save.ch\/de\/#\/schema\/logo\/image\/"}},{"@type":"Person","@id":"https:\/\/news.save.ch\/de\/#\/schema\/person\/d49e199490bad7c70d64b9ab51142f2b","name":"admin","image":{"@type":"ImageObject","inLanguage":"de","@id":"https:\/\/secure.gravatar.com\/avatar\/ae2f4d718e6c49043e314ce431e7e645d646302a24a5ef5a8bc8e3f5a032e319?s=96&d=mm&r=g","url":"https:\/\/secure.gravatar.com\/avatar\/ae2f4d718e6c49043e314ce431e7e645d646302a24a5ef5a8bc8e3f5a032e319?s=96&d=mm&r=g","contentUrl":"https:\/\/secure.gravatar.com\/avatar\/ae2f4d718e6c49043e314ce431e7e645d646302a24a5ef5a8bc8e3f5a032e319?s=96&d=mm&r=g","caption":"admin"},"sameAs":["https:\/\/develop.organisator.galledia.ch"],"url":"https:\/\/news.save.ch\/de\/author\/admin\/"}]}},"_links":{"self":[{"href":"https:\/\/news.save.ch\/de\/wp-json\/wp\/v2\/posts\/4295","targetHints":{"allow":["GET"]}}],"collection":[{"href":"https:\/\/news.save.ch\/de\/wp-json\/wp\/v2\/posts"}],"about":[{"href":"https:\/\/news.save.ch\/de\/wp-json\/wp\/v2\/types\/post"}],"author":[{"embeddable":true,"href":"https:\/\/news.save.ch\/de\/wp-json\/wp\/v2\/users\/1"}],"replies":[{"embeddable":true,"href":"https:\/\/news.save.ch\/de\/wp-json\/wp\/v2\/comments?post=4295"}],"version-history":[{"count":1,"href":"https:\/\/news.save.ch\/de\/wp-json\/wp\/v2\/posts\/4295\/revisions"}],"predecessor-version":[{"id":18251,"href":"https:\/\/news.save.ch\/de\/wp-json\/wp\/v2\/posts\/4295\/revisions\/18251"}],"wp:featuredmedia":[{"embeddable":true,"href":"https:\/\/news.save.ch\/de\/wp-json\/wp\/v2\/media\/4300"}],"wp:attachment":[{"href":"https:\/\/news.save.ch\/de\/wp-json\/wp\/v2\/media?parent=4295"}],"wp:term":[{"taxonomy":"category","embeddable":true,"href":"https:\/\/news.save.ch\/de\/wp-json\/wp\/v2\/categories?post=4295"},{"taxonomy":"post_tag","embeddable":true,"href":"https:\/\/news.save.ch\/de\/wp-json\/wp\/v2\/tags?post=4295"}],"curies":[{"name":"wp","href":"https:\/\/api.w.org\/{rel}","templated":true}]}}