{"id":4330,"date":"2019-07-13T08:13:30","date_gmt":"2019-07-13T06:13:30","guid":{"rendered":"https:\/\/news.save.ch\/?p=4330"},"modified":"2019-07-13T08:13:30","modified_gmt":"2019-07-13T06:13:30","slug":"nutri-score-coop-und-migros-muessen-nachziehen","status":null,"type":"post","link":"https:\/\/news.save.ch\/de\/nutri-score-coop-und-migros-muessen-nachziehen\/","title":{"rendered":"Nutri-Score: Coop und Migros m\u00fcssen nachziehen"},"content":{"rendered":"<figure id=\"attachment_4333\" aria-describedby=\"caption-attachment-4333\" style=\"width: 680px\" class=\"wp-caption alignnone\"><img loading=\"lazy\" decoding=\"async\" class=\"size-medium wp-image-4333\" src=\"http:\/\/develop.safety-plus.ch\/wp-content\/uploads\/2019\/07\/Depositphotos_bigxteq.jpg\" alt=\"\" width=\"680\" height=\"453\" \/><figcaption id=\"caption-attachment-4333\" class=\"wp-caption-text\">Nach Danone f\u00fchrt auch Nestl\u00e9 den Nutri-Score in der Schweiz ein. \u00a9Depositphotos\/bigxteq<\/figcaption><\/figure>\n<p>Seit Jahren arbeitet der <a href=\"https:\/\/news.save.ch\/gegen-den-zuckerwahn-zuckersteuer-jetzt\/\" target=\"_blank\" rel=\"noopener\">Konsumentenschutz<\/a> und zahlreiche weitere Organisationen daran, dass den Konsumentinnen und Konsumenten eine \u00abAmpelkennzeichnung\u00bb auf der Vorderseite des Produktes anzeigt, wie ausgewogen ein Lebensmittel ist. Dass eine vereinfachte Kennzeichnung kommt, ist inzwischen klar: Europa- und weltweit werden solche Kennzeichnungen eingef\u00fchrt, um den Konsumenten eine rasche Orientierung zu bieten.<\/p>\n<p>Werden jedoch verschiedene Kennzeichnungen eingef\u00fchrt, ist die Gefahr gross, dass sie mehr verwirren statt helfen. Deshalb hat sich auch das Bundesamt f\u00fcr Lebensmittelsicherheit und Veterin\u00e4rwesen BLV seit einigen Monaten bem\u00fcht, den franz\u00f6sischen Nutri-Score den Herstellern und Anbietern schmackhaft zu machen.<\/p>\n<p>Bereits sind Produkte des franz\u00f6sischen Lebensmittelkonzerns <a href=\"https:\/\/news.save.ch\/coca-cola-betreibt-dreiste-verbraucherabzocke\/\" target=\"_blank\" rel=\"noopener\">Danone<\/a> auf dem Markt, dem Ursprungsland des Nutri-Scores. Dass nun Nestl\u00e9 nachzieht und die Kennzeichnung auf einigen M\u00e4rkten, unter anderem auch in der Schweiz, einf\u00fchrt, wird dem Nutri-Score Schub geben. \u00ab<a href=\"https:\/\/news.save.ch\/kakao-aus-illegalem-anbau-in-schweizer-schokolade\/\" target=\"_blank\" rel=\"noopener\">Coop und Migros<\/a> sollen nun auch auf den Nutri-Score setzen\u00bb, fordert Sara Stalder, Gesch\u00e4ftsleiterin des Konsumentenschutzes. Bislang haben sich beide orangen Riesen dagegen gesperrt. Nestl\u00e9 schafft nun Fakten und hoffentlich auch bei den beiden Grossverteilern die Einsicht, dass es besser ist, auf ein einheitliches gutes Kennzeichnungssystem zu setzen statt den Konsumenten eine verwirrende Vielfalt zuzumuten. Denn auch andere Kennzeichen dr\u00e4ngen auf den Markt, zum Teil mit wenig Aussage oder mit verwirrenden Angaben.<\/p>\n<p><strong>Weitere Informationen<\/strong><br \/>\n<a href=\"https:\/\/www.konsumentenschutz.ch\/\" target=\"_blank\" rel=\"noopener\">www.konsumentenschutz.ch<\/a><\/p>\n","protected":false},"excerpt":{"rendered":"<p>Seit Jahren arbeitet der Konsumentenschutz und zahlreiche weitere Organisationen daran, dass den Konsumentinnen und Konsumenten eine \u00abAmpelkennzeichnung\u00bb auf der Vorderseite des Produktes anzeigt, wie ausgewogen ein Lebensmittel ist. Dass eine vereinfachte Kennzeichnung kommt, ist inzwischen klar: Europa- und weltweit werden solche Kennzeichnungen eingef\u00fchrt, um den Konsumenten eine rasche Orientierung zu bieten. Werden jedoch verschiedene Kennzeichnungen [&hellip;]<\/p>\n","protected":false},"author":1,"featured_media":4333,"comment_status":"open","ping_status":"open","sticky":false,"template":"","format":"standard","meta":{"_acf_changed":false,"pgc_sgb_lightbox_settings":"","footnotes":""},"categories":[1],"tags":[1991,2165,149,141],"class_list":["post-4330","post","type-post","status-publish","format-standard","has-post-thumbnail","hentry","category-allgemein","tag-ernaehrung","tag-gesundheitsfoerderung","tag-gesundheitsschutz","tag-praevention"],"acf":[],"hkrextid":null,"publication":null,"issue":null,"workflow":null,"startPage":null,"spitzmarke":null,"_posts_by_tag_page_fields":{"widget_title":"","widget_tags":""},"_at_widget":"1","_yoast_wpseo_primary_category":"","_yoast_wpseo_focuskw_text_input":"Nutri-Score","_yoast_wpseo_opengraph-image":null,"_yoast_wpseo_opengraph-description":null,"_yoast_wpseo_opengraph-title":null,"enclosure":null,"_yoast_wpseo_twitter-title":null,"_yoast_wpseo_twitter-description":null,"_yoast_wpseo_twitter-image":null,"_wp_old_slug":null,"_yoast_wpseo_title":null,"_yoast_wpseo_canonical":null,"yoast_head":"<!-- This site is optimized with the Yoast SEO plugin v27.5 - https:\/\/yoast.com\/product\/yoast-seo-wordpress\/ -->\n<title>Nutri-Score: Coop und Migros m\u00fcssen nachziehen - Save<\/title>\n<meta name=\"description\" content=\"Nun sind es bereits zwei Anbieter, welche auf dem Schweizer Lebensmittelmarkt ihre Produkte mit dem Nutri-Score auszeichnen wollen.\" \/>\n<meta name=\"robots\" content=\"index, follow, max-snippet:-1, max-image-preview:large, max-video-preview:-1\" \/>\n<link rel=\"canonical\" href=\"https:\/\/news.save.ch\/de\/nutri-score-coop-und-migros-muessen-nachziehen\/\" \/>\n<meta property=\"og:locale\" content=\"de_DE\" \/>\n<meta property=\"og:type\" content=\"article\" \/>\n<meta property=\"og:title\" content=\"Nutri-Score: Coop und Migros m\u00fcssen nachziehen - Save\" \/>\n<meta property=\"og:description\" content=\"Nun sind es bereits zwei Anbieter, welche auf dem Schweizer Lebensmittelmarkt ihre Produkte mit dem Nutri-Score auszeichnen wollen.\" \/>\n<meta property=\"og:url\" content=\"https:\/\/news.save.ch\/de\/nutri-score-coop-und-migros-muessen-nachziehen\/\" \/>\n<meta property=\"og:site_name\" content=\"Save\" \/>\n<meta property=\"article:published_time\" content=\"2019-07-13T06:13:30+00:00\" \/>\n<meta property=\"og:image\" content=\"https:\/\/news.save.ch\/wp-content\/uploads\/2019\/07\/Depositphotos_bigxteq-scaled-1.jpg\" \/>\n\t<meta property=\"og:image:width\" content=\"1200\" \/>\n\t<meta property=\"og:image:height\" content=\"799\" \/>\n\t<meta property=\"og:image:type\" content=\"image\/jpeg\" \/>\n<meta name=\"author\" content=\"admin\" \/>\n<meta name=\"twitter:card\" content=\"summary_large_image\" \/>\n<meta name=\"twitter:label1\" content=\"Geschrieben von\" \/>\n\t<meta name=\"twitter:data1\" content=\"admin\" \/>\n\t<meta name=\"twitter:label2\" content=\"Gesch\u00e4tzte Lesezeit\" \/>\n\t<meta name=\"twitter:data2\" content=\"1\u00a0Minute\" \/>\n<script type=\"application\/ld+json\" class=\"yoast-schema-graph\">{\"@context\":\"https:\\\/\\\/schema.org\",\"@graph\":[{\"@type\":\"Article\",\"@id\":\"https:\\\/\\\/news.save.ch\\\/nutri-score-coop-und-migros-muessen-nachziehen\\\/#article\",\"isPartOf\":{\"@id\":\"https:\\\/\\\/news.save.ch\\\/nutri-score-coop-und-migros-muessen-nachziehen\\\/\"},\"author\":{\"name\":\"admin\",\"@id\":\"https:\\\/\\\/news.save.ch\\\/de\\\/#\\\/schema\\\/person\\\/d49e199490bad7c70d64b9ab51142f2b\"},\"headline\":\"Nutri-Score: Coop und Migros m\u00fcssen nachziehen\",\"datePublished\":\"2019-07-13T06:13:30+00:00\",\"mainEntityOfPage\":{\"@id\":\"https:\\\/\\\/news.save.ch\\\/nutri-score-coop-und-migros-muessen-nachziehen\\\/\"},\"wordCount\":243,\"commentCount\":0,\"publisher\":{\"@id\":\"https:\\\/\\\/news.save.ch\\\/de\\\/#organization\"},\"image\":{\"@id\":\"https:\\\/\\\/news.save.ch\\\/nutri-score-coop-und-migros-muessen-nachziehen\\\/#primaryimage\"},\"thumbnailUrl\":\"https:\\\/\\\/news.save.ch\\\/wp-content\\\/uploads\\\/2019\\\/07\\\/Depositphotos_bigxteq-scaled-1.jpg\",\"keywords\":[\"Ern\u00e4hrung\",\"Gesundheitsf\u00f6rderung\",\"Gesundheitsschutz\",\"Pr\u00e4vention\"],\"articleSection\":[\"ALLGEMEIN\"],\"inLanguage\":\"de\"},{\"@type\":\"WebPage\",\"@id\":\"https:\\\/\\\/news.save.ch\\\/nutri-score-coop-und-migros-muessen-nachziehen\\\/\",\"url\":\"https:\\\/\\\/news.save.ch\\\/nutri-score-coop-und-migros-muessen-nachziehen\\\/\",\"name\":\"Nutri-Score: Coop und Migros m\u00fcssen nachziehen - Save\",\"isPartOf\":{\"@id\":\"https:\\\/\\\/news.save.ch\\\/de\\\/#website\"},\"primaryImageOfPage\":{\"@id\":\"https:\\\/\\\/news.save.ch\\\/nutri-score-coop-und-migros-muessen-nachziehen\\\/#primaryimage\"},\"image\":{\"@id\":\"https:\\\/\\\/news.save.ch\\\/nutri-score-coop-und-migros-muessen-nachziehen\\\/#primaryimage\"},\"thumbnailUrl\":\"https:\\\/\\\/news.save.ch\\\/wp-content\\\/uploads\\\/2019\\\/07\\\/Depositphotos_bigxteq-scaled-1.jpg\",\"datePublished\":\"2019-07-13T06:13:30+00:00\",\"description\":\"Nun sind es bereits zwei Anbieter, welche auf dem Schweizer Lebensmittelmarkt ihre Produkte mit dem Nutri-Score auszeichnen wollen.\",\"breadcrumb\":{\"@id\":\"https:\\\/\\\/news.save.ch\\\/nutri-score-coop-und-migros-muessen-nachziehen\\\/#breadcrumb\"},\"inLanguage\":\"de\",\"potentialAction\":[{\"@type\":\"ReadAction\",\"target\":[\"https:\\\/\\\/news.save.ch\\\/nutri-score-coop-und-migros-muessen-nachziehen\\\/\"]}]},{\"@type\":\"ImageObject\",\"inLanguage\":\"de\",\"@id\":\"https:\\\/\\\/news.save.ch\\\/nutri-score-coop-und-migros-muessen-nachziehen\\\/#primaryimage\",\"url\":\"https:\\\/\\\/news.save.ch\\\/wp-content\\\/uploads\\\/2019\\\/07\\\/Depositphotos_bigxteq-scaled-1.jpg\",\"contentUrl\":\"https:\\\/\\\/news.save.ch\\\/wp-content\\\/uploads\\\/2019\\\/07\\\/Depositphotos_bigxteq-scaled-1.jpg\",\"width\":1200,\"height\":799,\"caption\":\"Nach Danone f\u00fchrt auch Nestl\u00e9 den Nutri-Score in der Schweiz ein. \u00a9Depositphotos\\\/bigxteq\"},{\"@type\":\"BreadcrumbList\",\"@id\":\"https:\\\/\\\/news.save.ch\\\/nutri-score-coop-und-migros-muessen-nachziehen\\\/#breadcrumb\",\"itemListElement\":[{\"@type\":\"ListItem\",\"position\":1,\"name\":\"Home\",\"item\":\"https:\\\/\\\/news.save.ch\\\/de\\\/\"},{\"@type\":\"ListItem\",\"position\":2,\"name\":\"Nutri-Score: Coop und Migros m\u00fcssen nachziehen\"}]},{\"@type\":\"WebSite\",\"@id\":\"https:\\\/\\\/news.save.ch\\\/de\\\/#website\",\"url\":\"https:\\\/\\\/news.save.ch\\\/de\\\/\",\"name\":\"Save\",\"description\":\"Schweizer Fachzeitschrift f\u00fcr Sicherheit\",\"publisher\":{\"@id\":\"https:\\\/\\\/news.save.ch\\\/de\\\/#organization\"},\"potentialAction\":[{\"@type\":\"SearchAction\",\"target\":{\"@type\":\"EntryPoint\",\"urlTemplate\":\"https:\\\/\\\/news.save.ch\\\/de\\\/?s={search_term_string}\"},\"query-input\":{\"@type\":\"PropertyValueSpecification\",\"valueRequired\":true,\"valueName\":\"search_term_string\"}}],\"inLanguage\":\"de\"},{\"@type\":\"Organization\",\"@id\":\"https:\\\/\\\/news.save.ch\\\/de\\\/#organization\",\"name\":\"Sicherheitsforum\",\"url\":\"https:\\\/\\\/news.save.ch\\\/de\\\/\",\"logo\":{\"@type\":\"ImageObject\",\"inLanguage\":\"de\",\"@id\":\"https:\\\/\\\/news.save.ch\\\/de\\\/#\\\/schema\\\/logo\\\/image\\\/\",\"url\":\"https:\\\/\\\/news.save.ch\\\/wp-content\\\/uploads\\\/2022\\\/06\\\/Logo_SF_2012.png\",\"contentUrl\":\"https:\\\/\\\/news.save.ch\\\/wp-content\\\/uploads\\\/2022\\\/06\\\/Logo_SF_2012.png\",\"width\":1100,\"height\":91,\"caption\":\"Sicherheitsforum\"},\"image\":{\"@id\":\"https:\\\/\\\/news.save.ch\\\/de\\\/#\\\/schema\\\/logo\\\/image\\\/\"}},{\"@type\":\"Person\",\"@id\":\"https:\\\/\\\/news.save.ch\\\/de\\\/#\\\/schema\\\/person\\\/d49e199490bad7c70d64b9ab51142f2b\",\"name\":\"admin\",\"image\":{\"@type\":\"ImageObject\",\"inLanguage\":\"de\",\"@id\":\"https:\\\/\\\/secure.gravatar.com\\\/avatar\\\/ae2f4d718e6c49043e314ce431e7e645d646302a24a5ef5a8bc8e3f5a032e319?s=96&d=mm&r=g\",\"url\":\"https:\\\/\\\/secure.gravatar.com\\\/avatar\\\/ae2f4d718e6c49043e314ce431e7e645d646302a24a5ef5a8bc8e3f5a032e319?s=96&d=mm&r=g\",\"contentUrl\":\"https:\\\/\\\/secure.gravatar.com\\\/avatar\\\/ae2f4d718e6c49043e314ce431e7e645d646302a24a5ef5a8bc8e3f5a032e319?s=96&d=mm&r=g\",\"caption\":\"admin\"},\"sameAs\":[\"https:\\\/\\\/develop.organisator.galledia.ch\"],\"url\":\"https:\\\/\\\/news.save.ch\\\/de\\\/author\\\/admin\\\/\"}]}<\/script>\n<!-- \/ Yoast SEO plugin. -->","yoast_head_json":{"title":"Nutri-Score: Coop und Migros m\u00fcssen nachziehen - Save","description":"Nun sind es bereits zwei Anbieter, welche auf dem Schweizer Lebensmittelmarkt ihre Produkte mit dem Nutri-Score auszeichnen wollen.","robots":{"index":"index","follow":"follow","max-snippet":"max-snippet:-1","max-image-preview":"max-image-preview:large","max-video-preview":"max-video-preview:-1"},"canonical":"https:\/\/news.save.ch\/de\/nutri-score-coop-und-migros-muessen-nachziehen\/","og_locale":"de_DE","og_type":"article","og_title":"Nutri-Score: Coop und Migros m\u00fcssen nachziehen - Save","og_description":"Nun sind es bereits zwei Anbieter, welche auf dem Schweizer Lebensmittelmarkt ihre Produkte mit dem Nutri-Score auszeichnen wollen.","og_url":"https:\/\/news.save.ch\/de\/nutri-score-coop-und-migros-muessen-nachziehen\/","og_site_name":"Save","article_published_time":"2019-07-13T06:13:30+00:00","og_image":[{"width":1200,"height":799,"url":"https:\/\/news.save.ch\/wp-content\/uploads\/2019\/07\/Depositphotos_bigxteq-scaled-1.jpg","type":"image\/jpeg"}],"author":"admin","twitter_card":"summary_large_image","twitter_misc":{"Geschrieben von":"admin","Gesch\u00e4tzte Lesezeit":"1\u00a0Minute"},"schema":{"@context":"https:\/\/schema.org","@graph":[{"@type":"Article","@id":"https:\/\/news.save.ch\/nutri-score-coop-und-migros-muessen-nachziehen\/#article","isPartOf":{"@id":"https:\/\/news.save.ch\/nutri-score-coop-und-migros-muessen-nachziehen\/"},"author":{"name":"admin","@id":"https:\/\/news.save.ch\/de\/#\/schema\/person\/d49e199490bad7c70d64b9ab51142f2b"},"headline":"Nutri-Score: Coop und Migros m\u00fcssen nachziehen","datePublished":"2019-07-13T06:13:30+00:00","mainEntityOfPage":{"@id":"https:\/\/news.save.ch\/nutri-score-coop-und-migros-muessen-nachziehen\/"},"wordCount":243,"commentCount":0,"publisher":{"@id":"https:\/\/news.save.ch\/de\/#organization"},"image":{"@id":"https:\/\/news.save.ch\/nutri-score-coop-und-migros-muessen-nachziehen\/#primaryimage"},"thumbnailUrl":"https:\/\/news.save.ch\/wp-content\/uploads\/2019\/07\/Depositphotos_bigxteq-scaled-1.jpg","keywords":["Ern\u00e4hrung","Gesundheitsf\u00f6rderung","Gesundheitsschutz","Pr\u00e4vention"],"articleSection":["ALLGEMEIN"],"inLanguage":"de"},{"@type":"WebPage","@id":"https:\/\/news.save.ch\/nutri-score-coop-und-migros-muessen-nachziehen\/","url":"https:\/\/news.save.ch\/nutri-score-coop-und-migros-muessen-nachziehen\/","name":"Nutri-Score: Coop und Migros m\u00fcssen nachziehen - Save","isPartOf":{"@id":"https:\/\/news.save.ch\/de\/#website"},"primaryImageOfPage":{"@id":"https:\/\/news.save.ch\/nutri-score-coop-und-migros-muessen-nachziehen\/#primaryimage"},"image":{"@id":"https:\/\/news.save.ch\/nutri-score-coop-und-migros-muessen-nachziehen\/#primaryimage"},"thumbnailUrl":"https:\/\/news.save.ch\/wp-content\/uploads\/2019\/07\/Depositphotos_bigxteq-scaled-1.jpg","datePublished":"2019-07-13T06:13:30+00:00","description":"Nun sind es bereits zwei Anbieter, welche auf dem Schweizer Lebensmittelmarkt ihre Produkte mit dem Nutri-Score auszeichnen wollen.","breadcrumb":{"@id":"https:\/\/news.save.ch\/nutri-score-coop-und-migros-muessen-nachziehen\/#breadcrumb"},"inLanguage":"de","potentialAction":[{"@type":"ReadAction","target":["https:\/\/news.save.ch\/nutri-score-coop-und-migros-muessen-nachziehen\/"]}]},{"@type":"ImageObject","inLanguage":"de","@id":"https:\/\/news.save.ch\/nutri-score-coop-und-migros-muessen-nachziehen\/#primaryimage","url":"https:\/\/news.save.ch\/wp-content\/uploads\/2019\/07\/Depositphotos_bigxteq-scaled-1.jpg","contentUrl":"https:\/\/news.save.ch\/wp-content\/uploads\/2019\/07\/Depositphotos_bigxteq-scaled-1.jpg","width":1200,"height":799,"caption":"Nach Danone f\u00fchrt auch Nestl\u00e9 den Nutri-Score in der Schweiz ein. \u00a9Depositphotos\/bigxteq"},{"@type":"BreadcrumbList","@id":"https:\/\/news.save.ch\/nutri-score-coop-und-migros-muessen-nachziehen\/#breadcrumb","itemListElement":[{"@type":"ListItem","position":1,"name":"Home","item":"https:\/\/news.save.ch\/de\/"},{"@type":"ListItem","position":2,"name":"Nutri-Score: Coop und Migros m\u00fcssen nachziehen"}]},{"@type":"WebSite","@id":"https:\/\/news.save.ch\/de\/#website","url":"https:\/\/news.save.ch\/de\/","name":"Save","description":"Schweizer Fachzeitschrift f\u00fcr Sicherheit","publisher":{"@id":"https:\/\/news.save.ch\/de\/#organization"},"potentialAction":[{"@type":"SearchAction","target":{"@type":"EntryPoint","urlTemplate":"https:\/\/news.save.ch\/de\/?s={search_term_string}"},"query-input":{"@type":"PropertyValueSpecification","valueRequired":true,"valueName":"search_term_string"}}],"inLanguage":"de"},{"@type":"Organization","@id":"https:\/\/news.save.ch\/de\/#organization","name":"Sicherheitsforum","url":"https:\/\/news.save.ch\/de\/","logo":{"@type":"ImageObject","inLanguage":"de","@id":"https:\/\/news.save.ch\/de\/#\/schema\/logo\/image\/","url":"https:\/\/news.save.ch\/wp-content\/uploads\/2022\/06\/Logo_SF_2012.png","contentUrl":"https:\/\/news.save.ch\/wp-content\/uploads\/2022\/06\/Logo_SF_2012.png","width":1100,"height":91,"caption":"Sicherheitsforum"},"image":{"@id":"https:\/\/news.save.ch\/de\/#\/schema\/logo\/image\/"}},{"@type":"Person","@id":"https:\/\/news.save.ch\/de\/#\/schema\/person\/d49e199490bad7c70d64b9ab51142f2b","name":"admin","image":{"@type":"ImageObject","inLanguage":"de","@id":"https:\/\/secure.gravatar.com\/avatar\/ae2f4d718e6c49043e314ce431e7e645d646302a24a5ef5a8bc8e3f5a032e319?s=96&d=mm&r=g","url":"https:\/\/secure.gravatar.com\/avatar\/ae2f4d718e6c49043e314ce431e7e645d646302a24a5ef5a8bc8e3f5a032e319?s=96&d=mm&r=g","contentUrl":"https:\/\/secure.gravatar.com\/avatar\/ae2f4d718e6c49043e314ce431e7e645d646302a24a5ef5a8bc8e3f5a032e319?s=96&d=mm&r=g","caption":"admin"},"sameAs":["https:\/\/develop.organisator.galledia.ch"],"url":"https:\/\/news.save.ch\/de\/author\/admin\/"}]}},"_links":{"self":[{"href":"https:\/\/news.save.ch\/de\/wp-json\/wp\/v2\/posts\/4330","targetHints":{"allow":["GET"]}}],"collection":[{"href":"https:\/\/news.save.ch\/de\/wp-json\/wp\/v2\/posts"}],"about":[{"href":"https:\/\/news.save.ch\/de\/wp-json\/wp\/v2\/types\/post"}],"author":[{"embeddable":true,"href":"https:\/\/news.save.ch\/de\/wp-json\/wp\/v2\/users\/1"}],"replies":[{"embeddable":true,"href":"https:\/\/news.save.ch\/de\/wp-json\/wp\/v2\/comments?post=4330"}],"version-history":[{"count":0,"href":"https:\/\/news.save.ch\/de\/wp-json\/wp\/v2\/posts\/4330\/revisions"}],"wp:featuredmedia":[{"embeddable":true,"href":"https:\/\/news.save.ch\/de\/wp-json\/wp\/v2\/media\/4333"}],"wp:attachment":[{"href":"https:\/\/news.save.ch\/de\/wp-json\/wp\/v2\/media?parent=4330"}],"wp:term":[{"taxonomy":"category","embeddable":true,"href":"https:\/\/news.save.ch\/de\/wp-json\/wp\/v2\/categories?post=4330"},{"taxonomy":"post_tag","embeddable":true,"href":"https:\/\/news.save.ch\/de\/wp-json\/wp\/v2\/tags?post=4330"}],"curies":[{"name":"wp","href":"https:\/\/api.w.org\/{rel}","templated":true}]}}