{"id":4340,"date":"2019-07-16T08:00:43","date_gmt":"2019-07-16T06:00:43","guid":{"rendered":"https:\/\/news.save.ch\/?p=4340"},"modified":"2023-03-14T09:03:59","modified_gmt":"2023-03-14T08:03:59","slug":"pestizide-foerdern-depressionen-bei-jugendlichen","status":null,"type":"post","link":"https:\/\/news.save.ch\/de\/pestizide-foerdern-depressionen-bei-jugendlichen\/","title":{"rendered":"Pestizide f\u00f6rdern Depressionen bei Jugendlichen"},"content":{"rendered":"<figure id=\"attachment_4342\" aria-describedby=\"caption-attachment-4342\" style=\"width: 680px\" class=\"wp-caption alignnone\"><img loading=\"lazy\" decoding=\"async\" class=\"size-medium wp-image-4342\" src=\"http:\/\/develop.safety-plus.ch\/wp-content\/uploads\/2019\/07\/Depositphotos_bebuntoon.jpg\" alt=\"\" width=\"680\" height=\"454\" \/><figcaption id=\"caption-attachment-4342\" class=\"wp-caption-text\">Bei Jugendlichen war der Zusammenhand zwischen einer geringen AChE-Aktivit\u00e4t und Depressionen besonders stark ausgepr\u00e4gt. \u00a9 Depositphotos\/bebuntoon<\/figcaption><\/figure>\n<p>In der Erhebung wurden insgesamt 529 Jugendliche im Alter zwischen elf und 17 Jahren untersucht. Ecuador ist weltweit der drittgr\u00f6sste Exporteur von Rosen. Wie viele andere landwirtschaftliche Nutzpflanzen werden die Bl\u00fcten routinem\u00e4ssig mit Organophosphaten <a href=\"https:\/\/news.save.ch\/bundesrat-beantragt-ablehnung-der-initiative-fuer-eine-schweiz-ohne-synthetische-pestizide\/\" target=\"_blank\" rel=\"noopener\">bespr\u00fcht<\/a>. Diese beeinflussen das cholinerge System des Menschen, eine Schl\u00fcsselkomponente in der Funktion von Gehirn und Nervensystem.<\/p>\n<p>Die Wissenschaftler haben die Werte des Enzyms Acetylcholinesterase (AChE) im Blut getestet, um die Expositionsst\u00e4rke nachzuweisen. Pestizide, wie Organophosphate und Carbamate, \u00fcben ihre Toxizit\u00e4t aus, indem sie die AChE-Aktivit\u00e4t hemmen. Die Ergebnisse sind eindeutig: Jugendliche, die eine geringere AChE-Aktivit\u00e4t hatten &#8211; was auf eine st\u00e4rkere Exposition gegen\u00fcber Cholinesterase-Inhibitoren hindeutet &#8211; zeigten eher Symptome einer <a href=\"https:\/\/news.save.ch\/depressionen-ursachen-und-hilfen\/\" target=\"_blank\" rel=\"noopener\">Depression<\/a>. Diese wurden mithilfe eines standardisierten Instruments zur Beurteilung von Depressionen gemessen.<\/p>\n<p><strong>M\u00e4dchen besonders betroffen<\/strong><\/p>\n<p>Bei M\u00e4dchen und Jugendlichen unter 14 Jahren war der Zusammenhand zwischen einer geringen AChE-Aktivit\u00e4t und Depressionen besonders stark ausgepr\u00e4gt. &#8222;Landarbeiter und Menschen in diesen Gemeinden haben schon seit langem Berichte \u00fcber einen Anstieg von Depressionen und Selbstmordgedanken bei Jugendlichen ver\u00f6ffentlicht&#8220;, schildert Studienautor Jose R. Suarez-Lopez. Dies sei die erste Studie, die empirische Daten liefert, die hinsichtlich der Exposition den Zusammenhang mit einem biologischen Marker belegen.<\/p>\n<p><strong>Weitere Infos<\/strong><\/p>\n<p><a href=\"https:\/\/www.pressetext.com\/news\/20190709003\" target=\"_blank\" rel=\"noopener\">www.pressetext.com<\/a><\/p>\n<p><a href=\"https:\/\/ucsd.edu\" target=\"_blank\" rel=\"noopener\">www.ucsd.edu<\/a><\/p>\n","protected":false},"excerpt":{"rendered":"<p>In der Erhebung wurden insgesamt 529 Jugendliche im Alter zwischen elf und 17 Jahren untersucht. Ecuador ist weltweit der drittgr\u00f6sste Exporteur von Rosen. Wie viele andere landwirtschaftliche Nutzpflanzen werden die Bl\u00fcten routinem\u00e4ssig mit Organophosphaten bespr\u00fcht. Diese beeinflussen das cholinerge System des Menschen, eine Schl\u00fcsselkomponente in der Funktion von Gehirn und Nervensystem. Die Wissenschaftler haben die [&hellip;]<\/p>\n","protected":false},"author":1,"featured_media":4342,"comment_status":"open","ping_status":"open","sticky":false,"template":"","format":"standard","meta":{"_acf_changed":false,"pgc_sgb_lightbox_settings":"","footnotes":""},"categories":[1,3314],"tags":[1775,120,1893,1991,2671,141,2729,310],"class_list":["post-4340","post","type-post","status-publish","format-standard","has-post-thumbnail","hentry","category-allgemein","category-health-safety","tag-betriebliches-gesundheitsmanagement","tag-bundesamt","tag-depression","tag-ernaehrung","tag-pestizide","tag-praevention","tag-psychische-gesundheit","tag-sicherheit"],"acf":[],"hkrextid":null,"publication":null,"issue":null,"workflow":null,"startPage":null,"spitzmarke":null,"_posts_by_tag_page_fields":{"widget_title":"","widget_tags":""},"_at_widget":"1","_yoast_wpseo_primary_category":"4","_yoast_wpseo_focuskw_text_input":"Pestizide","_yoast_wpseo_opengraph-image":null,"_yoast_wpseo_opengraph-description":null,"_yoast_wpseo_opengraph-title":null,"enclosure":null,"_yoast_wpseo_twitter-title":null,"_yoast_wpseo_twitter-description":null,"_yoast_wpseo_twitter-image":null,"_wp_old_slug":null,"_yoast_wpseo_title":null,"_yoast_wpseo_canonical":null,"yoast_head":"<!-- This site is optimized with the Yoast SEO plugin v27.4 - https:\/\/yoast.com\/product\/yoast-seo-wordpress\/ -->\n<title>Pestizide f\u00f6rdern Depressionen bei Jugendlichen - Save<\/title>\n<meta name=\"description\" content=\"Jugendliche, die Pestiziden ausgesetzt sind, haben ein gr\u00f6sseres Risiko, an Depressionen zu erkranken.\" \/>\n<meta name=\"robots\" content=\"index, follow, max-snippet:-1, max-image-preview:large, max-video-preview:-1\" \/>\n<link rel=\"canonical\" href=\"https:\/\/news.save.ch\/de\/pestizide-foerdern-depressionen-bei-jugendlichen\/\" \/>\n<meta property=\"og:locale\" content=\"de_DE\" \/>\n<meta property=\"og:type\" content=\"article\" \/>\n<meta property=\"og:title\" content=\"Pestizide f\u00f6rdern Depressionen bei Jugendlichen - Save\" \/>\n<meta property=\"og:description\" content=\"Jugendliche, die Pestiziden ausgesetzt sind, haben ein gr\u00f6sseres Risiko, an Depressionen zu erkranken.\" \/>\n<meta property=\"og:url\" content=\"https:\/\/news.save.ch\/de\/pestizide-foerdern-depressionen-bei-jugendlichen\/\" \/>\n<meta property=\"og:site_name\" content=\"Save\" \/>\n<meta property=\"article:published_time\" content=\"2019-07-16T06:00:43+00:00\" \/>\n<meta property=\"article:modified_time\" content=\"2023-03-14T08:03:59+00:00\" \/>\n<meta property=\"og:image\" content=\"https:\/\/news.save.ch\/wp-content\/uploads\/2019\/07\/Depositphotos_bebuntoon-scaled-1.jpg\" \/>\n\t<meta property=\"og:image:width\" content=\"1200\" \/>\n\t<meta property=\"og:image:height\" content=\"801\" \/>\n\t<meta property=\"og:image:type\" content=\"image\/jpeg\" \/>\n<meta name=\"author\" content=\"admin\" \/>\n<meta name=\"twitter:card\" content=\"summary_large_image\" \/>\n<meta name=\"twitter:label1\" content=\"Geschrieben von\" \/>\n\t<meta name=\"twitter:data1\" content=\"admin\" \/>\n\t<meta name=\"twitter:label2\" content=\"Gesch\u00e4tzte Lesezeit\" \/>\n\t<meta name=\"twitter:data2\" content=\"1\u00a0Minute\" \/>\n<script type=\"application\/ld+json\" class=\"yoast-schema-graph\">{\"@context\":\"https:\\\/\\\/schema.org\",\"@graph\":[{\"@type\":\"Article\",\"@id\":\"https:\\\/\\\/news.save.ch\\\/pestizide-foerdern-depressionen-bei-jugendlichen\\\/#article\",\"isPartOf\":{\"@id\":\"https:\\\/\\\/news.save.ch\\\/pestizide-foerdern-depressionen-bei-jugendlichen\\\/\"},\"author\":{\"name\":\"admin\",\"@id\":\"https:\\\/\\\/news.save.ch\\\/de\\\/#\\\/schema\\\/person\\\/d49e199490bad7c70d64b9ab51142f2b\"},\"headline\":\"Pestizide f\u00f6rdern Depressionen bei Jugendlichen\",\"datePublished\":\"2019-07-16T06:00:43+00:00\",\"dateModified\":\"2023-03-14T08:03:59+00:00\",\"mainEntityOfPage\":{\"@id\":\"https:\\\/\\\/news.save.ch\\\/pestizide-foerdern-depressionen-bei-jugendlichen\\\/\"},\"wordCount\":237,\"commentCount\":0,\"publisher\":{\"@id\":\"https:\\\/\\\/news.save.ch\\\/de\\\/#organization\"},\"image\":{\"@id\":\"https:\\\/\\\/news.save.ch\\\/pestizide-foerdern-depressionen-bei-jugendlichen\\\/#primaryimage\"},\"thumbnailUrl\":\"https:\\\/\\\/news.save.ch\\\/wp-content\\\/uploads\\\/2019\\\/07\\\/Depositphotos_bebuntoon-scaled-1.jpg\",\"keywords\":[\"Betriebliches Gesundheitsmanagement\",\"Bundesamt\",\"Depression\",\"Ern\u00e4hrung\",\"Pestizide\",\"Pr\u00e4vention\",\"Psychische Gesundheit\",\"Sicherheit\"],\"articleSection\":[\"ALLGEMEIN\",\"HEALTH &amp; SAFETY\"],\"inLanguage\":\"de\"},{\"@type\":\"WebPage\",\"@id\":\"https:\\\/\\\/news.save.ch\\\/pestizide-foerdern-depressionen-bei-jugendlichen\\\/\",\"url\":\"https:\\\/\\\/news.save.ch\\\/pestizide-foerdern-depressionen-bei-jugendlichen\\\/\",\"name\":\"Pestizide f\u00f6rdern Depressionen bei Jugendlichen - Save\",\"isPartOf\":{\"@id\":\"https:\\\/\\\/news.save.ch\\\/de\\\/#website\"},\"primaryImageOfPage\":{\"@id\":\"https:\\\/\\\/news.save.ch\\\/pestizide-foerdern-depressionen-bei-jugendlichen\\\/#primaryimage\"},\"image\":{\"@id\":\"https:\\\/\\\/news.save.ch\\\/pestizide-foerdern-depressionen-bei-jugendlichen\\\/#primaryimage\"},\"thumbnailUrl\":\"https:\\\/\\\/news.save.ch\\\/wp-content\\\/uploads\\\/2019\\\/07\\\/Depositphotos_bebuntoon-scaled-1.jpg\",\"datePublished\":\"2019-07-16T06:00:43+00:00\",\"dateModified\":\"2023-03-14T08:03:59+00:00\",\"description\":\"Jugendliche, die Pestiziden ausgesetzt sind, haben ein gr\u00f6sseres Risiko, an Depressionen zu erkranken.\",\"breadcrumb\":{\"@id\":\"https:\\\/\\\/news.save.ch\\\/pestizide-foerdern-depressionen-bei-jugendlichen\\\/#breadcrumb\"},\"inLanguage\":\"de\",\"potentialAction\":[{\"@type\":\"ReadAction\",\"target\":[\"https:\\\/\\\/news.save.ch\\\/pestizide-foerdern-depressionen-bei-jugendlichen\\\/\"]}]},{\"@type\":\"ImageObject\",\"inLanguage\":\"de\",\"@id\":\"https:\\\/\\\/news.save.ch\\\/pestizide-foerdern-depressionen-bei-jugendlichen\\\/#primaryimage\",\"url\":\"https:\\\/\\\/news.save.ch\\\/wp-content\\\/uploads\\\/2019\\\/07\\\/Depositphotos_bebuntoon-scaled-1.jpg\",\"contentUrl\":\"https:\\\/\\\/news.save.ch\\\/wp-content\\\/uploads\\\/2019\\\/07\\\/Depositphotos_bebuntoon-scaled-1.jpg\",\"width\":1200,\"height\":801,\"caption\":\"Bei Jugendlichen war der Zusammenhand zwischen einer geringen AChE-Aktivit\u00e4t und Depressionen besonders stark ausgepr\u00e4gt. \u00a9 Depositphotos\\\/bebuntoon\"},{\"@type\":\"BreadcrumbList\",\"@id\":\"https:\\\/\\\/news.save.ch\\\/pestizide-foerdern-depressionen-bei-jugendlichen\\\/#breadcrumb\",\"itemListElement\":[{\"@type\":\"ListItem\",\"position\":1,\"name\":\"Home\",\"item\":\"https:\\\/\\\/news.save.ch\\\/de\\\/\"},{\"@type\":\"ListItem\",\"position\":2,\"name\":\"Pestizide f\u00f6rdern Depressionen bei Jugendlichen\"}]},{\"@type\":\"WebSite\",\"@id\":\"https:\\\/\\\/news.save.ch\\\/de\\\/#website\",\"url\":\"https:\\\/\\\/news.save.ch\\\/de\\\/\",\"name\":\"Save\",\"description\":\"Schweizer Fachzeitschrift f\u00fcr Sicherheit\",\"publisher\":{\"@id\":\"https:\\\/\\\/news.save.ch\\\/de\\\/#organization\"},\"potentialAction\":[{\"@type\":\"SearchAction\",\"target\":{\"@type\":\"EntryPoint\",\"urlTemplate\":\"https:\\\/\\\/news.save.ch\\\/de\\\/?s={search_term_string}\"},\"query-input\":{\"@type\":\"PropertyValueSpecification\",\"valueRequired\":true,\"valueName\":\"search_term_string\"}}],\"inLanguage\":\"de\"},{\"@type\":\"Organization\",\"@id\":\"https:\\\/\\\/news.save.ch\\\/de\\\/#organization\",\"name\":\"Sicherheitsforum\",\"url\":\"https:\\\/\\\/news.save.ch\\\/de\\\/\",\"logo\":{\"@type\":\"ImageObject\",\"inLanguage\":\"de\",\"@id\":\"https:\\\/\\\/news.save.ch\\\/de\\\/#\\\/schema\\\/logo\\\/image\\\/\",\"url\":\"https:\\\/\\\/news.save.ch\\\/wp-content\\\/uploads\\\/2022\\\/06\\\/Logo_SF_2012.png\",\"contentUrl\":\"https:\\\/\\\/news.save.ch\\\/wp-content\\\/uploads\\\/2022\\\/06\\\/Logo_SF_2012.png\",\"width\":1100,\"height\":91,\"caption\":\"Sicherheitsforum\"},\"image\":{\"@id\":\"https:\\\/\\\/news.save.ch\\\/de\\\/#\\\/schema\\\/logo\\\/image\\\/\"}},{\"@type\":\"Person\",\"@id\":\"https:\\\/\\\/news.save.ch\\\/de\\\/#\\\/schema\\\/person\\\/d49e199490bad7c70d64b9ab51142f2b\",\"name\":\"admin\",\"image\":{\"@type\":\"ImageObject\",\"inLanguage\":\"de\",\"@id\":\"https:\\\/\\\/secure.gravatar.com\\\/avatar\\\/ae2f4d718e6c49043e314ce431e7e645d646302a24a5ef5a8bc8e3f5a032e319?s=96&d=mm&r=g\",\"url\":\"https:\\\/\\\/secure.gravatar.com\\\/avatar\\\/ae2f4d718e6c49043e314ce431e7e645d646302a24a5ef5a8bc8e3f5a032e319?s=96&d=mm&r=g\",\"contentUrl\":\"https:\\\/\\\/secure.gravatar.com\\\/avatar\\\/ae2f4d718e6c49043e314ce431e7e645d646302a24a5ef5a8bc8e3f5a032e319?s=96&d=mm&r=g\",\"caption\":\"admin\"},\"sameAs\":[\"https:\\\/\\\/develop.organisator.galledia.ch\"],\"url\":\"https:\\\/\\\/news.save.ch\\\/de\\\/author\\\/admin\\\/\"}]}<\/script>\n<!-- \/ Yoast SEO plugin. -->","yoast_head_json":{"title":"Pestizide f\u00f6rdern Depressionen bei Jugendlichen - Save","description":"Jugendliche, die Pestiziden ausgesetzt sind, haben ein gr\u00f6sseres Risiko, an Depressionen zu erkranken.","robots":{"index":"index","follow":"follow","max-snippet":"max-snippet:-1","max-image-preview":"max-image-preview:large","max-video-preview":"max-video-preview:-1"},"canonical":"https:\/\/news.save.ch\/de\/pestizide-foerdern-depressionen-bei-jugendlichen\/","og_locale":"de_DE","og_type":"article","og_title":"Pestizide f\u00f6rdern Depressionen bei Jugendlichen - Save","og_description":"Jugendliche, die Pestiziden ausgesetzt sind, haben ein gr\u00f6sseres Risiko, an Depressionen zu erkranken.","og_url":"https:\/\/news.save.ch\/de\/pestizide-foerdern-depressionen-bei-jugendlichen\/","og_site_name":"Save","article_published_time":"2019-07-16T06:00:43+00:00","article_modified_time":"2023-03-14T08:03:59+00:00","og_image":[{"width":1200,"height":801,"url":"https:\/\/news.save.ch\/wp-content\/uploads\/2019\/07\/Depositphotos_bebuntoon-scaled-1.jpg","type":"image\/jpeg"}],"author":"admin","twitter_card":"summary_large_image","twitter_misc":{"Geschrieben von":"admin","Gesch\u00e4tzte Lesezeit":"1\u00a0Minute"},"schema":{"@context":"https:\/\/schema.org","@graph":[{"@type":"Article","@id":"https:\/\/news.save.ch\/pestizide-foerdern-depressionen-bei-jugendlichen\/#article","isPartOf":{"@id":"https:\/\/news.save.ch\/pestizide-foerdern-depressionen-bei-jugendlichen\/"},"author":{"name":"admin","@id":"https:\/\/news.save.ch\/de\/#\/schema\/person\/d49e199490bad7c70d64b9ab51142f2b"},"headline":"Pestizide f\u00f6rdern Depressionen bei Jugendlichen","datePublished":"2019-07-16T06:00:43+00:00","dateModified":"2023-03-14T08:03:59+00:00","mainEntityOfPage":{"@id":"https:\/\/news.save.ch\/pestizide-foerdern-depressionen-bei-jugendlichen\/"},"wordCount":237,"commentCount":0,"publisher":{"@id":"https:\/\/news.save.ch\/de\/#organization"},"image":{"@id":"https:\/\/news.save.ch\/pestizide-foerdern-depressionen-bei-jugendlichen\/#primaryimage"},"thumbnailUrl":"https:\/\/news.save.ch\/wp-content\/uploads\/2019\/07\/Depositphotos_bebuntoon-scaled-1.jpg","keywords":["Betriebliches Gesundheitsmanagement","Bundesamt","Depression","Ern\u00e4hrung","Pestizide","Pr\u00e4vention","Psychische Gesundheit","Sicherheit"],"articleSection":["ALLGEMEIN","HEALTH &amp; SAFETY"],"inLanguage":"de"},{"@type":"WebPage","@id":"https:\/\/news.save.ch\/pestizide-foerdern-depressionen-bei-jugendlichen\/","url":"https:\/\/news.save.ch\/pestizide-foerdern-depressionen-bei-jugendlichen\/","name":"Pestizide f\u00f6rdern Depressionen bei Jugendlichen - Save","isPartOf":{"@id":"https:\/\/news.save.ch\/de\/#website"},"primaryImageOfPage":{"@id":"https:\/\/news.save.ch\/pestizide-foerdern-depressionen-bei-jugendlichen\/#primaryimage"},"image":{"@id":"https:\/\/news.save.ch\/pestizide-foerdern-depressionen-bei-jugendlichen\/#primaryimage"},"thumbnailUrl":"https:\/\/news.save.ch\/wp-content\/uploads\/2019\/07\/Depositphotos_bebuntoon-scaled-1.jpg","datePublished":"2019-07-16T06:00:43+00:00","dateModified":"2023-03-14T08:03:59+00:00","description":"Jugendliche, die Pestiziden ausgesetzt sind, haben ein gr\u00f6sseres Risiko, an Depressionen zu erkranken.","breadcrumb":{"@id":"https:\/\/news.save.ch\/pestizide-foerdern-depressionen-bei-jugendlichen\/#breadcrumb"},"inLanguage":"de","potentialAction":[{"@type":"ReadAction","target":["https:\/\/news.save.ch\/pestizide-foerdern-depressionen-bei-jugendlichen\/"]}]},{"@type":"ImageObject","inLanguage":"de","@id":"https:\/\/news.save.ch\/pestizide-foerdern-depressionen-bei-jugendlichen\/#primaryimage","url":"https:\/\/news.save.ch\/wp-content\/uploads\/2019\/07\/Depositphotos_bebuntoon-scaled-1.jpg","contentUrl":"https:\/\/news.save.ch\/wp-content\/uploads\/2019\/07\/Depositphotos_bebuntoon-scaled-1.jpg","width":1200,"height":801,"caption":"Bei Jugendlichen war der Zusammenhand zwischen einer geringen AChE-Aktivit\u00e4t und Depressionen besonders stark ausgepr\u00e4gt. \u00a9 Depositphotos\/bebuntoon"},{"@type":"BreadcrumbList","@id":"https:\/\/news.save.ch\/pestizide-foerdern-depressionen-bei-jugendlichen\/#breadcrumb","itemListElement":[{"@type":"ListItem","position":1,"name":"Home","item":"https:\/\/news.save.ch\/de\/"},{"@type":"ListItem","position":2,"name":"Pestizide f\u00f6rdern Depressionen bei Jugendlichen"}]},{"@type":"WebSite","@id":"https:\/\/news.save.ch\/de\/#website","url":"https:\/\/news.save.ch\/de\/","name":"Save","description":"Schweizer Fachzeitschrift f\u00fcr Sicherheit","publisher":{"@id":"https:\/\/news.save.ch\/de\/#organization"},"potentialAction":[{"@type":"SearchAction","target":{"@type":"EntryPoint","urlTemplate":"https:\/\/news.save.ch\/de\/?s={search_term_string}"},"query-input":{"@type":"PropertyValueSpecification","valueRequired":true,"valueName":"search_term_string"}}],"inLanguage":"de"},{"@type":"Organization","@id":"https:\/\/news.save.ch\/de\/#organization","name":"Sicherheitsforum","url":"https:\/\/news.save.ch\/de\/","logo":{"@type":"ImageObject","inLanguage":"de","@id":"https:\/\/news.save.ch\/de\/#\/schema\/logo\/image\/","url":"https:\/\/news.save.ch\/wp-content\/uploads\/2022\/06\/Logo_SF_2012.png","contentUrl":"https:\/\/news.save.ch\/wp-content\/uploads\/2022\/06\/Logo_SF_2012.png","width":1100,"height":91,"caption":"Sicherheitsforum"},"image":{"@id":"https:\/\/news.save.ch\/de\/#\/schema\/logo\/image\/"}},{"@type":"Person","@id":"https:\/\/news.save.ch\/de\/#\/schema\/person\/d49e199490bad7c70d64b9ab51142f2b","name":"admin","image":{"@type":"ImageObject","inLanguage":"de","@id":"https:\/\/secure.gravatar.com\/avatar\/ae2f4d718e6c49043e314ce431e7e645d646302a24a5ef5a8bc8e3f5a032e319?s=96&d=mm&r=g","url":"https:\/\/secure.gravatar.com\/avatar\/ae2f4d718e6c49043e314ce431e7e645d646302a24a5ef5a8bc8e3f5a032e319?s=96&d=mm&r=g","contentUrl":"https:\/\/secure.gravatar.com\/avatar\/ae2f4d718e6c49043e314ce431e7e645d646302a24a5ef5a8bc8e3f5a032e319?s=96&d=mm&r=g","caption":"admin"},"sameAs":["https:\/\/develop.organisator.galledia.ch"],"url":"https:\/\/news.save.ch\/de\/author\/admin\/"}]}},"_links":{"self":[{"href":"https:\/\/news.save.ch\/de\/wp-json\/wp\/v2\/posts\/4340","targetHints":{"allow":["GET"]}}],"collection":[{"href":"https:\/\/news.save.ch\/de\/wp-json\/wp\/v2\/posts"}],"about":[{"href":"https:\/\/news.save.ch\/de\/wp-json\/wp\/v2\/types\/post"}],"author":[{"embeddable":true,"href":"https:\/\/news.save.ch\/de\/wp-json\/wp\/v2\/users\/1"}],"replies":[{"embeddable":true,"href":"https:\/\/news.save.ch\/de\/wp-json\/wp\/v2\/comments?post=4340"}],"version-history":[{"count":1,"href":"https:\/\/news.save.ch\/de\/wp-json\/wp\/v2\/posts\/4340\/revisions"}],"predecessor-version":[{"id":18651,"href":"https:\/\/news.save.ch\/de\/wp-json\/wp\/v2\/posts\/4340\/revisions\/18651"}],"wp:featuredmedia":[{"embeddable":true,"href":"https:\/\/news.save.ch\/de\/wp-json\/wp\/v2\/media\/4342"}],"wp:attachment":[{"href":"https:\/\/news.save.ch\/de\/wp-json\/wp\/v2\/media?parent=4340"}],"wp:term":[{"taxonomy":"category","embeddable":true,"href":"https:\/\/news.save.ch\/de\/wp-json\/wp\/v2\/categories?post=4340"},{"taxonomy":"post_tag","embeddable":true,"href":"https:\/\/news.save.ch\/de\/wp-json\/wp\/v2\/tags?post=4340"}],"curies":[{"name":"wp","href":"https:\/\/api.w.org\/{rel}","templated":true}]}}