{"id":4420,"date":"2017-03-02T13:27:14","date_gmt":"2017-03-02T12:27:14","guid":{"rendered":"https:\/\/news.save.ch\/?p=4420"},"modified":"2023-03-14T08:59:23","modified_gmt":"2023-03-14T07:59:23","slug":"ueberwachung-im-nahverkehr-das-sind-die-trends-2017","status":null,"type":"post","link":"https:\/\/news.save.ch\/de\/ueberwachung-im-nahverkehr-das-sind-die-trends-2017\/","title":{"rendered":"Video\u00fcberwachung im Nahverkehr: Das sind die Trends 2017"},"content":{"rendered":"<figure id=\"attachment_4421\" aria-describedby=\"caption-attachment-4421\" style=\"width: 680px\" class=\"wp-caption alignnone\"><img loading=\"lazy\" decoding=\"async\" class=\"size-medium wp-image-4421\" src=\"https:\/\/news.save.ch\/wp-content\/uploads\/2017\/03\/Depositphotos_58153389_l-2015.jpg\" alt=\"\" width=\"680\" height=\"454\" \/><figcaption id=\"caption-attachment-4421\" class=\"wp-caption-text\">Neuer Kontrollraum f\u00fcr die U-Bahn in Mailand: Intelligente Kameras dienen auch als Sensoren.<\/figcaption><\/figure>\n<p style=\"margin: 0cm; margin-bottom: .0001pt;\"><span style=\"font-family: 'Arial','sans-serif'; color: black;\">Video\u00fcberwachung ist die am meisten verwendete Technologie im \u00f6ffentlichen Nahverkehr, um Sicherheit und Schutz zu gew\u00e4hren. Sie kommt vor allem in Z\u00fcgen, auf Bahnh\u00f6fen, in Depots und Betriebsh\u00f6fen sowie auf Bahnsteigen zum Einsatz. Dabei sind die Kameras meist auf bestimmte Bereiche ausgerichtet, wie auf Notruf- und Infos\u00e4ulen, Rolltreppen und Aufz\u00fcge. Die st\u00e4rkste Video\u00fcberwachungs-Abdeckung findet sich an Orten, wo sich Passagiere aufhalten. Zudem sorgen Kameras auch in nicht-\u00f6ffentlichen Bereichen f\u00fcr Sicherheit und einen reibungslosen Ablauf der Prozesse. Beispiele daf\u00fcr sind Personaleing\u00e4ngen, Gleiskreuzungen, Tunneleing\u00e4ngen, entlang der Gleise, im Tunnelinneren oder an Br\u00fccken. <\/span><\/p>\n<p style=\"text-align: justify;\"><b><span style=\"font-family: 'Arial','sans-serif'; color: black;\">Status Quo \u2013 von analog zu IP<\/span><\/b><\/p>\n<p style=\"margin: 0cm; margin-bottom: .0001pt;\"><span style=\"font-family: 'Arial','sans-serif'; color: black;\">Auch wenn der Wandel in der Sicherheitsbranche unaufhaltsam in Richtung digitaler Technologie geht, finden sich im \u00d6PNV historisch bedingt nach wie vor analoge Kameras. Das f\u00fchrt zu sogenannten hybriden Systemen, die aus analogen wie auch IP-Kameras bestehen. Doch wie bereits in den Jahren zuvor werden auch 2017 weiterhin viele der Unternehmen \u00e4ltere, analoge Modelle durch Netzwerk-Kameras ersetzen und so ihr System intelligenten Funktionen \u00f6ffnen. Vernetzte Systeme steigen auch im Personen-Nahverkehr in ihrer Bedeutung. \u00a0<\/span><\/p>\n<p style=\"margin: 0cm; margin-bottom: .0001pt;\"><span style=\"font-family: 'Arial','sans-serif'; color: black;\">\u00a0<\/span><\/p>\n<p style=\"margin: 0cm; margin-bottom: .0001pt;\"><span style=\"font-family: 'Arial','sans-serif'; color: black;\">H\u00fcrden bei der Investition in neue Technologien gibt es einige: Video\u00fcberwachungssysteme stellen nicht immer die oberste Priorit\u00e4t dar und die Anschaffung gilt als kostenintensiv. Ein professionelles digitales Sicherheitssystem hingegen schafft Synergien mit anderen Bereichen und hilft langfristig gesehen, den Service und die Sicherheit im \u00d6PNV zu optimieren. Dies wirkt sich auch auf Investitionen und Kosten aus. <\/span><\/p>\n<p style=\"margin: 0cm; margin-bottom: .0001pt;\"><span style=\"font-family: 'Arial','sans-serif'; color: black;\">\u00a0<\/span><\/p>\n<p style=\"margin: 0cm; margin-bottom: .0001pt;\"><b><span style=\"font-family: 'Arial','sans-serif'; color: black;\">Intelligente Video\u00fcberwachung im internationalen \u00d6PNV <\/span><\/b><\/p>\n<p style=\"margin: 0cm; margin-bottom: .0001pt;\"><b><span style=\"font-family: 'Arial','sans-serif'; color: black;\">\u00a0<\/span><\/b><\/p>\n<p style=\"margin: 0cm; margin-bottom: .0001pt;\"><span style=\"font-family: 'Arial','sans-serif'; color: black;\">Digitale Video\u00fcberwachung ist inzwischen sehr gepr\u00e4gt von intelligenten Funktionen, die eine Analyse der Bilddaten in der Kamera erm\u00f6glichen. Dies erleichtert den Einsatz der Kameras nicht nur f\u00fcr Sicherheitszwecke, sondern auch, um wichtige Daten f\u00fcr den operationellen Betrieb zu liefern. Daf\u00fcr fungieren die Kameras als Sensoren. Das k\u00f6nnen zum Beispiel \u00a0Rauch- und Feuermelder sein oder eine \u00dcberwachung der Kapazit\u00e4tsauslastung. Hier wird ein Prozentsatz angeben, wie viele Leute sich zum Beispiel auf einem Bahnsteig befinden. \u00dcbersteigt der Wert eine gewisse Grenze werden die Mitarbeiter alarmiert. Sie k\u00f6nnen dann geeignete Massnahmen ergreifen, wie Notausg\u00e4nge \u00f6ffnen oder helfen Panik und Unf\u00e4lle zu vermeiden. <\/span><\/p>\n<p style=\"margin: 0cm; margin-bottom: .0001pt;\"><span style=\"font-family: 'Arial','sans-serif'; color: black;\">\u00a0<\/span><\/p>\n<p style=\"margin: 0cm; margin-bottom: .0001pt;\"><span style=\"font-family: 'Arial','sans-serif'; color: black;\">Die Kameras k\u00f6nnen auch als Fr\u00fchwarn-Rauchmelder in Tunnel fungieren. Herk\u00f6mmliche Rauchmelder sind normalerweise an der Decke befestigt und ben\u00f6tigen viel Zeit bis sie Alarm geben, da der Rauch erst bis zur Decke aufsteigen muss. Kameras k\u00f6nnen Rauch viel fr\u00fcher identifizieren. Je schneller er entdeckt wird, desto weniger Schaden kann entstehen.<\/span><\/p>\n<p style=\"margin: 0cm; margin-bottom: .0001pt;\"><span style=\"font-family: 'Arial','sans-serif'; color: black;\">\u00a0<\/span><\/p>\n<p style=\"margin: 0cm; margin-bottom: .0001pt;\"><span style=\"font-family: 'Arial','sans-serif'; color: black;\">Analysetools helfen Schaden und Ausfallzeiten der Z\u00fcge abzuwenden, was Zeit und Geld spart. Sie tragen zur Steigerung des Umsatzes bei, indem sie beispielsweise erkennen k\u00f6nnen, wenn Personen Ticketschranken \u00fcberspringen. In den Niederlanden werden die T\u00fcren von Tramwaggons \u00fcberwacht und Gesichtscharakteristiken mit einer Datenbank bekannter Schwarzfahrer abgeglichen. Bei einer \u00dcbereinstimmung wird der Fahrer benachrichtigt. Auch die Aufdeckung von Graffiti-Sprayern ist ein wichtiges Anwendungsgebiet.<\/span><\/p>\n<p style=\"margin: 0cm; margin-bottom: .0001pt;\"><span style=\"font-family: 'Arial','sans-serif'; color: black;\">\u00a0<\/span><\/p>\n<p style=\"margin: 0cm; margin-bottom: .0001pt;\"><b><span style=\"font-family: 'Arial','sans-serif'; color: black;\">Wie Video\u00fcberwachung helfen kann: Echtzeit-\u00dcbertragung aus Z\u00fcgen im Kommen<\/span><\/b><\/p>\n<p style=\"margin: 0cm; margin-bottom: .0001pt;\"><span style=\"font-family: 'Arial','sans-serif'; color: black;\">\u00a0<\/span><\/p>\n<p style=\"margin: 0cm; margin-bottom: .0001pt;\"><span style=\"font-family: 'Arial','sans-serif'; color: black;\">Sicherheitsrelevante Vorf\u00e4lle ereignen sich meist nicht nur an einem Ort, sondern an mehreren, zum Beispiel wenn ein T\u00e4ter aus einem Laden \u00fcber die Fu\u00dfg\u00e4ngerzone in die U-Bahn fl\u00fcchtet. Immer \u00f6fter haben daher verschiedene Einsatzkr\u00e4fte wie Polizei, Feuerwehr und \u00f6rtliche Beh\u00f6rden in Echtzeit Zugriff auf alle Videobilder und k\u00f6nnen sich auf diese Weise sofort einen \u00dcberblick der Situation verschaffen. Die einzelnen Kameras liefern Bilder der verschiedenen Orte des Geschehens und unterschiedliche Blickwinkel, die Vernetzung der Kameras bietet wiederum ein Gesamtbild. Auf dieser Basis k\u00f6nnen autorisierte Sicherheitsdienste und Beh\u00f6rden schnell die Situation umfassend bewerten. Strategisch kritische Entscheidungen \u00fcber das weitere Vorgehen k\u00f6nnen nur anhand einer Gesamt\u00fcbersicht der aktuellen Lage gef\u00e4llt werden.<\/span><\/p>\n<p style=\"margin: 0cm; margin-bottom: .0001pt;\"><span style=\"font-family: 'Arial','sans-serif'; color: black;\">\u00a0<\/span><\/p>\n<p style=\"margin: 0cm; margin-bottom: .0001pt;\"><span style=\"font-family: 'Arial','sans-serif'; color: black;\">Die Echtzeit-Nutzung findet dabei haupts\u00e4chlich an statischen Orten, wie Bahnh\u00f6fen oder Depots, statt. Eine Echtzeit-\u00dcbertragung aus den Z\u00fcgen ist hingegen noch eher un\u00fcblich, doch nimmt stetig zu. <\/span><\/p>\n<p style=\"margin: 0cm; margin-bottom: .0001pt;\"><span style=\"font-family: 'Arial','sans-serif'; color: black;\">\u00a0<\/span><\/p>\n<p style=\"margin: 0cm; margin-bottom: .0001pt;\"><span style=\"font-family: 'Arial','sans-serif'; color: black;\">\u201eDer \u00f6ffentliche Personennahverkehr ist ein Bereich, in dem ein st\u00e4ndiges Kommen und Gehen herrscht. Eine Gro\u00dfzahl der in einer Stadt wohnenden oder arbeitenden Menschen greifen regelm\u00e4ssig auf den \u00d6PNV zur\u00fcck \u2013 und deshalb ist es essentiell, f\u00fcr Sicherheit und Schutz zu sorgen. Zudem d\u00fcrfen wir nicht vergessen, dass viele Verkehrsbetreiber auch als Unternehmen auf einem immer h\u00e4rter werdenden Markt agieren m\u00fcssen. Deshalb ist auch die Optimierung von Prozessen oder des Services wichtig. Netzwerk-Kameras liefern hier viele Antworten auf Fragen. Schon 2016 zeigte sich, dass die Verkehrsbetriebe die technischen M\u00f6glichkeiten vermehrt \u00a0nutzen und auch 2017 wird dieser Trend anhalten\u201c, so Edwin Beerentemfel, Manager Business Development, Middle Europe bei <a href=\"https:\/\/www.axis.com\/ch\/de\/\">Axis Communications<\/a>.<\/span><\/p>\n<p style=\"margin: 0cm; margin-bottom: .0001pt;\">Text: Axis Communications<\/p>\n","protected":false},"excerpt":{"rendered":"<p>Video\u00fcberwachung ist die am meisten verwendete Technologie im \u00f6ffentlichen Nahverkehr, um Sicherheit und Schutz zu gew\u00e4hren. Sie kommt vor allem in Z\u00fcgen, auf Bahnh\u00f6fen, in Depots und Betriebsh\u00f6fen sowie auf Bahnsteigen zum Einsatz. Dabei sind die Kameras meist auf bestimmte Bereiche ausgerichtet, wie auf Notruf- und Infos\u00e4ulen, Rolltreppen und Aufz\u00fcge. Die st\u00e4rkste Video\u00fcberwachungs-Abdeckung findet sich [&hellip;]<\/p>\n","protected":false},"author":9,"featured_media":4421,"comment_status":"open","ping_status":"open","sticky":false,"template":"","format":"standard","meta":{"_acf_changed":false,"pgc_sgb_lightbox_settings":"","footnotes":""},"categories":[3312],"tags":[343,344,310,78],"class_list":["post-4420","post","type-post","status-publish","format-standard","has-post-thumbnail","hentry","category-sicherheit","tag-axis","tag-oeffentlicher-verkehr","tag-sicherheit","tag-videoueberwachung"],"acf":[],"hkrextid":null,"publication":null,"issue":null,"workflow":null,"startPage":null,"spitzmarke":null,"_posts_by_tag_page_fields":{"widget_title":"","widget_tags":""},"_at_widget":"1","_yoast_wpseo_primary_category":"529","_yoast_wpseo_focuskw_text_input":"Nahverkehr","_yoast_wpseo_opengraph-image":null,"_yoast_wpseo_opengraph-description":null,"_yoast_wpseo_opengraph-title":null,"enclosure":null,"_yoast_wpseo_twitter-title":null,"_yoast_wpseo_twitter-description":null,"_yoast_wpseo_twitter-image":null,"_wp_old_slug":null,"_yoast_wpseo_title":null,"_yoast_wpseo_canonical":null,"yoast_head":"<!-- This site is optimized with the Yoast SEO plugin v27.4 - https:\/\/yoast.com\/product\/yoast-seo-wordpress\/ -->\n<title>Video\u00fcberwachung im Nahverkehr: Das sind die Trends 2017 - Save<\/title>\n<meta name=\"description\" content=\"Sicherheitskameras sind aus dem \u00f6ffentlichen Personen-Nahverkehr (\u00d6PNV) nicht mehr wegzudenken. Das sind die aktuellsten Trends.\" \/>\n<meta name=\"robots\" content=\"index, follow, max-snippet:-1, max-image-preview:large, max-video-preview:-1\" \/>\n<link rel=\"canonical\" href=\"https:\/\/news.save.ch\/de\/ueberwachung-im-nahverkehr-das-sind-die-trends-2017\/\" \/>\n<meta property=\"og:locale\" content=\"de_DE\" \/>\n<meta property=\"og:type\" content=\"article\" \/>\n<meta property=\"og:title\" content=\"Video\u00fcberwachung im Nahverkehr: Das sind die Trends 2017 - Save\" \/>\n<meta property=\"og:description\" content=\"Sicherheitskameras sind aus dem \u00f6ffentlichen Personen-Nahverkehr (\u00d6PNV) nicht mehr wegzudenken. Das sind die aktuellsten Trends.\" \/>\n<meta property=\"og:url\" content=\"https:\/\/news.save.ch\/de\/ueberwachung-im-nahverkehr-das-sind-die-trends-2017\/\" \/>\n<meta property=\"og:site_name\" content=\"Save\" \/>\n<meta property=\"article:published_time\" content=\"2017-03-02T12:27:14+00:00\" \/>\n<meta property=\"article:modified_time\" content=\"2023-03-14T07:59:23+00:00\" \/>\n<meta property=\"og:image\" content=\"https:\/\/news.save.ch\/wp-content\/uploads\/2017\/03\/Depositphotos_58153389_l-2015-scaled.jpg\" \/>\n\t<meta property=\"og:image:width\" content=\"1400\" \/>\n\t<meta property=\"og:image:height\" content=\"935\" \/>\n\t<meta property=\"og:image:type\" content=\"image\/jpeg\" \/>\n<meta name=\"author\" content=\"Simon Gr\u00f6flin\" \/>\n<meta name=\"twitter:card\" content=\"summary_large_image\" \/>\n<meta name=\"twitter:label1\" content=\"Geschrieben von\" \/>\n\t<meta name=\"twitter:data1\" content=\"Simon Gr\u00f6flin\" \/>\n\t<meta name=\"twitter:label2\" content=\"Gesch\u00e4tzte Lesezeit\" \/>\n\t<meta name=\"twitter:data2\" content=\"4\u00a0Minuten\" \/>\n<script type=\"application\/ld+json\" class=\"yoast-schema-graph\">{\"@context\":\"https:\\\/\\\/schema.org\",\"@graph\":[{\"@type\":\"Article\",\"@id\":\"https:\\\/\\\/news.save.ch\\\/ueberwachung-im-nahverkehr-das-sind-die-trends-2017\\\/#article\",\"isPartOf\":{\"@id\":\"https:\\\/\\\/news.save.ch\\\/ueberwachung-im-nahverkehr-das-sind-die-trends-2017\\\/\"},\"author\":{\"name\":\"Simon Gr\u00f6flin\",\"@id\":\"https:\\\/\\\/news.save.ch\\\/de\\\/#\\\/schema\\\/person\\\/ad4ef21102fd6125312409ac57d5296d\"},\"headline\":\"Video\u00fcberwachung im Nahverkehr: Das sind die Trends 2017\",\"datePublished\":\"2017-03-02T12:27:14+00:00\",\"dateModified\":\"2023-03-14T07:59:23+00:00\",\"mainEntityOfPage\":{\"@id\":\"https:\\\/\\\/news.save.ch\\\/ueberwachung-im-nahverkehr-das-sind-die-trends-2017\\\/\"},\"wordCount\":793,\"commentCount\":0,\"publisher\":{\"@id\":\"https:\\\/\\\/news.save.ch\\\/de\\\/#organization\"},\"image\":{\"@id\":\"https:\\\/\\\/news.save.ch\\\/ueberwachung-im-nahverkehr-das-sind-die-trends-2017\\\/#primaryimage\"},\"thumbnailUrl\":\"https:\\\/\\\/news.save.ch\\\/wp-content\\\/uploads\\\/2017\\\/03\\\/Depositphotos_58153389_l-2015-scaled.jpg\",\"keywords\":[\"Axis\",\"\u00f6ffentlicher Verkehr\",\"Sicherheit\",\"Video\u00fcberwachung\"],\"articleSection\":[\"SICHERHEIT\"],\"inLanguage\":\"de\"},{\"@type\":\"WebPage\",\"@id\":\"https:\\\/\\\/news.save.ch\\\/ueberwachung-im-nahverkehr-das-sind-die-trends-2017\\\/\",\"url\":\"https:\\\/\\\/news.save.ch\\\/ueberwachung-im-nahverkehr-das-sind-die-trends-2017\\\/\",\"name\":\"Video\u00fcberwachung im Nahverkehr: Das sind die Trends 2017 - Save\",\"isPartOf\":{\"@id\":\"https:\\\/\\\/news.save.ch\\\/de\\\/#website\"},\"primaryImageOfPage\":{\"@id\":\"https:\\\/\\\/news.save.ch\\\/ueberwachung-im-nahverkehr-das-sind-die-trends-2017\\\/#primaryimage\"},\"image\":{\"@id\":\"https:\\\/\\\/news.save.ch\\\/ueberwachung-im-nahverkehr-das-sind-die-trends-2017\\\/#primaryimage\"},\"thumbnailUrl\":\"https:\\\/\\\/news.save.ch\\\/wp-content\\\/uploads\\\/2017\\\/03\\\/Depositphotos_58153389_l-2015-scaled.jpg\",\"datePublished\":\"2017-03-02T12:27:14+00:00\",\"dateModified\":\"2023-03-14T07:59:23+00:00\",\"description\":\"Sicherheitskameras sind aus dem \u00f6ffentlichen Personen-Nahverkehr (\u00d6PNV) nicht mehr wegzudenken. Das sind die aktuellsten Trends.\",\"breadcrumb\":{\"@id\":\"https:\\\/\\\/news.save.ch\\\/ueberwachung-im-nahverkehr-das-sind-die-trends-2017\\\/#breadcrumb\"},\"inLanguage\":\"de\",\"potentialAction\":[{\"@type\":\"ReadAction\",\"target\":[\"https:\\\/\\\/news.save.ch\\\/ueberwachung-im-nahverkehr-das-sind-die-trends-2017\\\/\"]}]},{\"@type\":\"ImageObject\",\"inLanguage\":\"de\",\"@id\":\"https:\\\/\\\/news.save.ch\\\/ueberwachung-im-nahverkehr-das-sind-die-trends-2017\\\/#primaryimage\",\"url\":\"https:\\\/\\\/news.save.ch\\\/wp-content\\\/uploads\\\/2017\\\/03\\\/Depositphotos_58153389_l-2015-scaled.jpg\",\"contentUrl\":\"https:\\\/\\\/news.save.ch\\\/wp-content\\\/uploads\\\/2017\\\/03\\\/Depositphotos_58153389_l-2015-scaled.jpg\",\"width\":1400,\"height\":935,\"caption\":\"Neuer Kontrollraum f\u00fcr die U-Bahn in Mailand: Intelligente Kameras dienen auch als Sensoren.\"},{\"@type\":\"BreadcrumbList\",\"@id\":\"https:\\\/\\\/news.save.ch\\\/ueberwachung-im-nahverkehr-das-sind-die-trends-2017\\\/#breadcrumb\",\"itemListElement\":[{\"@type\":\"ListItem\",\"position\":1,\"name\":\"Home\",\"item\":\"https:\\\/\\\/news.save.ch\\\/de\\\/\"},{\"@type\":\"ListItem\",\"position\":2,\"name\":\"Video\u00fcberwachung im Nahverkehr: Das sind die Trends 2017\"}]},{\"@type\":\"WebSite\",\"@id\":\"https:\\\/\\\/news.save.ch\\\/de\\\/#website\",\"url\":\"https:\\\/\\\/news.save.ch\\\/de\\\/\",\"name\":\"Save\",\"description\":\"Schweizer Fachzeitschrift f\u00fcr Sicherheit\",\"publisher\":{\"@id\":\"https:\\\/\\\/news.save.ch\\\/de\\\/#organization\"},\"potentialAction\":[{\"@type\":\"SearchAction\",\"target\":{\"@type\":\"EntryPoint\",\"urlTemplate\":\"https:\\\/\\\/news.save.ch\\\/de\\\/?s={search_term_string}\"},\"query-input\":{\"@type\":\"PropertyValueSpecification\",\"valueRequired\":true,\"valueName\":\"search_term_string\"}}],\"inLanguage\":\"de\"},{\"@type\":\"Organization\",\"@id\":\"https:\\\/\\\/news.save.ch\\\/de\\\/#organization\",\"name\":\"Sicherheitsforum\",\"url\":\"https:\\\/\\\/news.save.ch\\\/de\\\/\",\"logo\":{\"@type\":\"ImageObject\",\"inLanguage\":\"de\",\"@id\":\"https:\\\/\\\/news.save.ch\\\/de\\\/#\\\/schema\\\/logo\\\/image\\\/\",\"url\":\"https:\\\/\\\/news.save.ch\\\/wp-content\\\/uploads\\\/2022\\\/06\\\/Logo_SF_2012.png\",\"contentUrl\":\"https:\\\/\\\/news.save.ch\\\/wp-content\\\/uploads\\\/2022\\\/06\\\/Logo_SF_2012.png\",\"width\":1100,\"height\":91,\"caption\":\"Sicherheitsforum\"},\"image\":{\"@id\":\"https:\\\/\\\/news.save.ch\\\/de\\\/#\\\/schema\\\/logo\\\/image\\\/\"}},{\"@type\":\"Person\",\"@id\":\"https:\\\/\\\/news.save.ch\\\/de\\\/#\\\/schema\\\/person\\\/ad4ef21102fd6125312409ac57d5296d\",\"name\":\"Simon Gr\u00f6flin\",\"image\":{\"@type\":\"ImageObject\",\"inLanguage\":\"de\",\"@id\":\"https:\\\/\\\/secure.gravatar.com\\\/avatar\\\/6ddceb80eb734354635539e0ea5140bb7c41e42de7c45c9a2ab9921b5d5c9a83?s=96&d=mm&r=g\",\"url\":\"https:\\\/\\\/secure.gravatar.com\\\/avatar\\\/6ddceb80eb734354635539e0ea5140bb7c41e42de7c45c9a2ab9921b5d5c9a83?s=96&d=mm&r=g\",\"contentUrl\":\"https:\\\/\\\/secure.gravatar.com\\\/avatar\\\/6ddceb80eb734354635539e0ea5140bb7c41e42de7c45c9a2ab9921b5d5c9a83?s=96&d=mm&r=g\",\"caption\":\"Simon Gr\u00f6flin\"},\"url\":\"https:\\\/\\\/news.save.ch\\\/de\\\/author\\\/simon-groeflin\\\/\"}]}<\/script>\n<!-- \/ Yoast SEO plugin. -->","yoast_head_json":{"title":"Video\u00fcberwachung im Nahverkehr: Das sind die Trends 2017 - Save","description":"Sicherheitskameras sind aus dem \u00f6ffentlichen Personen-Nahverkehr (\u00d6PNV) nicht mehr wegzudenken. Das sind die aktuellsten Trends.","robots":{"index":"index","follow":"follow","max-snippet":"max-snippet:-1","max-image-preview":"max-image-preview:large","max-video-preview":"max-video-preview:-1"},"canonical":"https:\/\/news.save.ch\/de\/ueberwachung-im-nahverkehr-das-sind-die-trends-2017\/","og_locale":"de_DE","og_type":"article","og_title":"Video\u00fcberwachung im Nahverkehr: Das sind die Trends 2017 - Save","og_description":"Sicherheitskameras sind aus dem \u00f6ffentlichen Personen-Nahverkehr (\u00d6PNV) nicht mehr wegzudenken. Das sind die aktuellsten Trends.","og_url":"https:\/\/news.save.ch\/de\/ueberwachung-im-nahverkehr-das-sind-die-trends-2017\/","og_site_name":"Save","article_published_time":"2017-03-02T12:27:14+00:00","article_modified_time":"2023-03-14T07:59:23+00:00","og_image":[{"width":1400,"height":935,"url":"https:\/\/news.save.ch\/wp-content\/uploads\/2017\/03\/Depositphotos_58153389_l-2015-scaled.jpg","type":"image\/jpeg"}],"author":"Simon Gr\u00f6flin","twitter_card":"summary_large_image","twitter_misc":{"Geschrieben von":"Simon Gr\u00f6flin","Gesch\u00e4tzte Lesezeit":"4\u00a0Minuten"},"schema":{"@context":"https:\/\/schema.org","@graph":[{"@type":"Article","@id":"https:\/\/news.save.ch\/ueberwachung-im-nahverkehr-das-sind-die-trends-2017\/#article","isPartOf":{"@id":"https:\/\/news.save.ch\/ueberwachung-im-nahverkehr-das-sind-die-trends-2017\/"},"author":{"name":"Simon Gr\u00f6flin","@id":"https:\/\/news.save.ch\/de\/#\/schema\/person\/ad4ef21102fd6125312409ac57d5296d"},"headline":"Video\u00fcberwachung im Nahverkehr: Das sind die Trends 2017","datePublished":"2017-03-02T12:27:14+00:00","dateModified":"2023-03-14T07:59:23+00:00","mainEntityOfPage":{"@id":"https:\/\/news.save.ch\/ueberwachung-im-nahverkehr-das-sind-die-trends-2017\/"},"wordCount":793,"commentCount":0,"publisher":{"@id":"https:\/\/news.save.ch\/de\/#organization"},"image":{"@id":"https:\/\/news.save.ch\/ueberwachung-im-nahverkehr-das-sind-die-trends-2017\/#primaryimage"},"thumbnailUrl":"https:\/\/news.save.ch\/wp-content\/uploads\/2017\/03\/Depositphotos_58153389_l-2015-scaled.jpg","keywords":["Axis","\u00f6ffentlicher Verkehr","Sicherheit","Video\u00fcberwachung"],"articleSection":["SICHERHEIT"],"inLanguage":"de"},{"@type":"WebPage","@id":"https:\/\/news.save.ch\/ueberwachung-im-nahverkehr-das-sind-die-trends-2017\/","url":"https:\/\/news.save.ch\/ueberwachung-im-nahverkehr-das-sind-die-trends-2017\/","name":"Video\u00fcberwachung im Nahverkehr: Das sind die Trends 2017 - Save","isPartOf":{"@id":"https:\/\/news.save.ch\/de\/#website"},"primaryImageOfPage":{"@id":"https:\/\/news.save.ch\/ueberwachung-im-nahverkehr-das-sind-die-trends-2017\/#primaryimage"},"image":{"@id":"https:\/\/news.save.ch\/ueberwachung-im-nahverkehr-das-sind-die-trends-2017\/#primaryimage"},"thumbnailUrl":"https:\/\/news.save.ch\/wp-content\/uploads\/2017\/03\/Depositphotos_58153389_l-2015-scaled.jpg","datePublished":"2017-03-02T12:27:14+00:00","dateModified":"2023-03-14T07:59:23+00:00","description":"Sicherheitskameras sind aus dem \u00f6ffentlichen Personen-Nahverkehr (\u00d6PNV) nicht mehr wegzudenken. Das sind die aktuellsten Trends.","breadcrumb":{"@id":"https:\/\/news.save.ch\/ueberwachung-im-nahverkehr-das-sind-die-trends-2017\/#breadcrumb"},"inLanguage":"de","potentialAction":[{"@type":"ReadAction","target":["https:\/\/news.save.ch\/ueberwachung-im-nahverkehr-das-sind-die-trends-2017\/"]}]},{"@type":"ImageObject","inLanguage":"de","@id":"https:\/\/news.save.ch\/ueberwachung-im-nahverkehr-das-sind-die-trends-2017\/#primaryimage","url":"https:\/\/news.save.ch\/wp-content\/uploads\/2017\/03\/Depositphotos_58153389_l-2015-scaled.jpg","contentUrl":"https:\/\/news.save.ch\/wp-content\/uploads\/2017\/03\/Depositphotos_58153389_l-2015-scaled.jpg","width":1400,"height":935,"caption":"Neuer Kontrollraum f\u00fcr die U-Bahn in Mailand: Intelligente Kameras dienen auch als Sensoren."},{"@type":"BreadcrumbList","@id":"https:\/\/news.save.ch\/ueberwachung-im-nahverkehr-das-sind-die-trends-2017\/#breadcrumb","itemListElement":[{"@type":"ListItem","position":1,"name":"Home","item":"https:\/\/news.save.ch\/de\/"},{"@type":"ListItem","position":2,"name":"Video\u00fcberwachung im Nahverkehr: Das sind die Trends 2017"}]},{"@type":"WebSite","@id":"https:\/\/news.save.ch\/de\/#website","url":"https:\/\/news.save.ch\/de\/","name":"Save","description":"Schweizer Fachzeitschrift f\u00fcr Sicherheit","publisher":{"@id":"https:\/\/news.save.ch\/de\/#organization"},"potentialAction":[{"@type":"SearchAction","target":{"@type":"EntryPoint","urlTemplate":"https:\/\/news.save.ch\/de\/?s={search_term_string}"},"query-input":{"@type":"PropertyValueSpecification","valueRequired":true,"valueName":"search_term_string"}}],"inLanguage":"de"},{"@type":"Organization","@id":"https:\/\/news.save.ch\/de\/#organization","name":"Sicherheitsforum","url":"https:\/\/news.save.ch\/de\/","logo":{"@type":"ImageObject","inLanguage":"de","@id":"https:\/\/news.save.ch\/de\/#\/schema\/logo\/image\/","url":"https:\/\/news.save.ch\/wp-content\/uploads\/2022\/06\/Logo_SF_2012.png","contentUrl":"https:\/\/news.save.ch\/wp-content\/uploads\/2022\/06\/Logo_SF_2012.png","width":1100,"height":91,"caption":"Sicherheitsforum"},"image":{"@id":"https:\/\/news.save.ch\/de\/#\/schema\/logo\/image\/"}},{"@type":"Person","@id":"https:\/\/news.save.ch\/de\/#\/schema\/person\/ad4ef21102fd6125312409ac57d5296d","name":"Simon Gr\u00f6flin","image":{"@type":"ImageObject","inLanguage":"de","@id":"https:\/\/secure.gravatar.com\/avatar\/6ddceb80eb734354635539e0ea5140bb7c41e42de7c45c9a2ab9921b5d5c9a83?s=96&d=mm&r=g","url":"https:\/\/secure.gravatar.com\/avatar\/6ddceb80eb734354635539e0ea5140bb7c41e42de7c45c9a2ab9921b5d5c9a83?s=96&d=mm&r=g","contentUrl":"https:\/\/secure.gravatar.com\/avatar\/6ddceb80eb734354635539e0ea5140bb7c41e42de7c45c9a2ab9921b5d5c9a83?s=96&d=mm&r=g","caption":"Simon Gr\u00f6flin"},"url":"https:\/\/news.save.ch\/de\/author\/simon-groeflin\/"}]}},"_links":{"self":[{"href":"https:\/\/news.save.ch\/de\/wp-json\/wp\/v2\/posts\/4420","targetHints":{"allow":["GET"]}}],"collection":[{"href":"https:\/\/news.save.ch\/de\/wp-json\/wp\/v2\/posts"}],"about":[{"href":"https:\/\/news.save.ch\/de\/wp-json\/wp\/v2\/types\/post"}],"author":[{"embeddable":true,"href":"https:\/\/news.save.ch\/de\/wp-json\/wp\/v2\/users\/9"}],"replies":[{"embeddable":true,"href":"https:\/\/news.save.ch\/de\/wp-json\/wp\/v2\/comments?post=4420"}],"version-history":[{"count":1,"href":"https:\/\/news.save.ch\/de\/wp-json\/wp\/v2\/posts\/4420\/revisions"}],"predecessor-version":[{"id":17941,"href":"https:\/\/news.save.ch\/de\/wp-json\/wp\/v2\/posts\/4420\/revisions\/17941"}],"wp:featuredmedia":[{"embeddable":true,"href":"https:\/\/news.save.ch\/de\/wp-json\/wp\/v2\/media\/4421"}],"wp:attachment":[{"href":"https:\/\/news.save.ch\/de\/wp-json\/wp\/v2\/media?parent=4420"}],"wp:term":[{"taxonomy":"category","embeddable":true,"href":"https:\/\/news.save.ch\/de\/wp-json\/wp\/v2\/categories?post=4420"},{"taxonomy":"post_tag","embeddable":true,"href":"https:\/\/news.save.ch\/de\/wp-json\/wp\/v2\/tags?post=4420"}],"curies":[{"name":"wp","href":"https:\/\/api.w.org\/{rel}","templated":true}]}}