{"id":443,"date":"2015-06-18T12:56:22","date_gmt":"2015-06-18T10:56:22","guid":{"rendered":"http:\/\/dev.safety-plus.ch\/?p=443"},"modified":"2023-03-14T09:03:06","modified_gmt":"2023-03-14T08:03:06","slug":"salzkonsum-in-der-schweiz-ist-zu-hoch","status":null,"type":"post","link":"https:\/\/news.save.ch\/de\/salzkonsum-in-der-schweiz-ist-zu-hoch\/","title":{"rendered":"Salzkonsum in der Schweiz ist zu hoch"},"content":{"rendered":"<figure id=\"attachment_445\" aria-describedby=\"caption-attachment-445\" style=\"width: 680px\" class=\"wp-caption alignnone\"><img loading=\"lazy\" decoding=\"async\" class=\"wp-image-445 size-medium\" src=\"http:\/\/develop.safety-plus.ch\/wp-content\/uploads\/2016\/12\/Salzkonsum-in-der-Schweiz-ist-zu-hoch_safety-plus.jpeg\" alt=\"Wir essen fast doppelt so viel Salz wie von der WHO empfohlen.\" width=\"680\" height=\"469\" \/><figcaption id=\"caption-attachment-445\" class=\"wp-caption-text\">Wir essen fast doppelt so viel Salz wie von der WHO empfohlen.<\/figcaption><\/figure>\n<p>Darin sind sich die Fachleute einig: Der Salzkonsum in der Schweiz ist zu hoch und schadet der Gesundheit. \u00c4rztefachgesellschaften und Gesundheitsorganisationen haben sich als breite Allianz in der Fachgruppe \u00abSalz und Gesundheit\u00bb zusammengeschlossen und ein <a href=\"http:\/\/www.blv.admin.ch\/themen\/04679\/05055\/05060\/05113\/index.html?lang=de&amp;download=NHzLpZeg7t,lnp6I0NTU042l2Z6ln1acy4Zn4Z2qZpnO2Yuq2Z6gpJCGeHt,fWym162epYbg2c_JjKbNoKSn6A--\" target=\"_blank\" data-cke-saved-href=\"http:\/\/www.blv.admin.ch\/themen\/04679\/05055\/05060\/05113\/index.html?lang=de&amp;download=NHzLpZeg7t,lnp6I0NTU042l2Z6ln1acy4Zn4Z2qZpnO2Yuq2Z6gpJCGeHt,fWym162epYbg2c_JjKbNoKSn6A--\" rel=\"noopener\">Positionspapier <\/a>erarbeitet. Sie fordern Massnahmen, um den Salzgehalt in der Ern\u00e4hrung auf ein sinnvolles Mass zu reduzieren.<\/p>\n<p>Der Salzkonsum in der Schweizer Bev\u00f6lkerung liegt <a href=\"http:\/\/www.blv.admin.ch\/themen\/04679\/05055\/05060\/05113\/index.html?lang=de\" target=\"_blank\" data-cke-saved-href=\"http:\/\/www.blv.admin.ch\/themen\/04679\/05055\/05060\/05113\/index.html?lang=de\" rel=\"noopener\">laut einer Studie<\/a> bei durchschnittlich 9,1 Gramm pro Tag und Person (1) und damit deutlich \u00fcber der Empfehlung der Weltgesundheitsorganisation WHO von maximal 5 Gramm pro Tag. Das Bundesamt f\u00fcr Lebensmittelsicherheit und Veterin\u00e4rwesen (BLV) strebt deshalb kurzfristig eine moderate Reduktion auf weniger als 8 Gramm pro Tag an, eine Strategie die nun auch von medizinischen Fachleuten unterst\u00fctzt wird.<\/p>\n<p>Ein \u00dcbermass an Salz schadet der Gesundheit.\u00a0\u00abMit der Salzkonzentration im Blut steigt auch die Fl\u00fcssigkeitsmenge im Kreislauf. Das erh\u00f6ht den Blutdruck, dieser wiederum f\u00f6rdert die Arteriosklerose in den Blutgef\u00e4ssen, welche f\u00fcr viele Hirnschl\u00e4ge und Herzinfarkte verantwortlich ist\u00bb, gibt Prof. Michel Burnier, Leiter der Fachgruppe \u00abSalz und Gesundheit\u00bb und der Abteilung f\u00fcr Nephrologie des Universit\u00e4tsspitals Lausanne, zu bedenken. Die hohe Salzzufuhr beeintr\u00e4chtigt ausserdem die Wirksamkeit der blutdrucksenkenden Medikamente bei Patienten mit Bluthochdruck. Zusammenh\u00e4nge fanden sich schliesslich zwischen Salzkonsum und dem metabolischen Syndrom (einer gef\u00e4hrlichen Kombination von Risikofaktoren und einer Vorstufe von Diabetes), dem Grad von \u00dcbergewicht und dem Auftreten von Magenkrebs. Studien haben ergeben, dass salzreich ern\u00e4hrte gr\u00f6ssere Kinder und Jugendliche mehr S\u00fcssgetr\u00e4nke konsumieren und zu \u00dcbergewicht neigen. Zudem k\u00f6nnen sie wie Erwachsene von Bluthochdruck betroffen sein und einmal entwickelte erh\u00f6hte Werte auch im Erwachsenenalter beibehalten.\u00a0Ein verminderter Salzkonsum w\u00fcrde somit zur Vorbeugung von Herz-Kreislauf- und Nieren-Krankheiten sowie weiteren Gesundheitsproblemen beitragen.<\/p>\n<p>Fertigprodukte tragen am st\u00e4rksten zu unserem Salzkonsum bei. Die Fachgruppe &#8222;Salz und Gesundheit&#8220; r\u00e4t daher, diese zu vermeiden, st\u00e4rker mit Gew\u00fcrzen und Kr\u00e4utern zu w\u00fcrzen und die Salzbeigabe ins Essen langsam zu reduzieren.<\/p>\n<p>Aber auch die Industrie ist gefragt: Diese soll schrittweise den Salzgehalt in ihren Produktrezepturen reduzieren und die Kennzeichnung des Salzgehalts verbessern.<\/p>\n","protected":false},"excerpt":{"rendered":"<p>Darin sind sich die Fachleute einig: Der Salzkonsum in der Schweiz ist zu hoch und schadet der Gesundheit. \u00c4rztefachgesellschaften und Gesundheitsorganisationen haben sich als breite Allianz in der Fachgruppe \u00abSalz und Gesundheit\u00bb zusammengeschlossen und ein Positionspapier erarbeitet. Sie fordern Massnahmen, um den Salzgehalt in der Ern\u00e4hrung auf ein sinnvolles Mass zu reduzieren. Der Salzkonsum in [&hellip;]<\/p>\n","protected":false},"author":1,"featured_media":16010,"comment_status":"open","ping_status":"open","sticky":false,"template":"","format":"standard","meta":{"_acf_changed":false,"pgc_sgb_lightbox_settings":"","footnotes":""},"categories":[3314],"tags":[1991,149],"class_list":["post-443","post","type-post","status-publish","format-standard","has-post-thumbnail","hentry","category-health-safety","tag-ernaehrung","tag-gesundheitsschutz"],"acf":[],"hkrextid":null,"publication":null,"issue":null,"workflow":null,"startPage":null,"spitzmarke":null,"_posts_by_tag_page_fields":{"widget_title":"","widget_tags":""},"_at_widget":"1","_yoast_wpseo_primary_category":"4","_yoast_wpseo_focuskw_text_input":"Salzkonsum","_yoast_wpseo_opengraph-image":null,"_yoast_wpseo_opengraph-description":null,"_yoast_wpseo_opengraph-title":null,"enclosure":null,"_yoast_wpseo_twitter-title":null,"_yoast_wpseo_twitter-description":null,"_yoast_wpseo_twitter-image":null,"_wp_old_slug":null,"_yoast_wpseo_title":null,"_yoast_wpseo_canonical":null,"yoast_head":"<!-- This site is optimized with the Yoast SEO plugin v27.4 - https:\/\/yoast.com\/product\/yoast-seo-wordpress\/ -->\n<title>Salzkonsum in der Schweiz ist zu hoch - Save<\/title>\n<meta name=\"description\" content=\"Der Salzkonsum der Schweizer ist laut Gesundheitsorganisationen viel zu hoch. Dies hat Auswirkungen auf die Gesundheit.\" \/>\n<meta name=\"robots\" content=\"index, follow, max-snippet:-1, max-image-preview:large, max-video-preview:-1\" \/>\n<link rel=\"canonical\" href=\"https:\/\/news.save.ch\/de\/salzkonsum-in-der-schweiz-ist-zu-hoch\/\" \/>\n<meta property=\"og:locale\" content=\"de_DE\" \/>\n<meta property=\"og:type\" content=\"article\" \/>\n<meta property=\"og:title\" content=\"Salzkonsum in der Schweiz ist zu hoch - Save\" \/>\n<meta property=\"og:description\" content=\"Der Salzkonsum der Schweizer ist laut Gesundheitsorganisationen viel zu hoch. Dies hat Auswirkungen auf die Gesundheit.\" \/>\n<meta property=\"og:url\" content=\"https:\/\/news.save.ch\/de\/salzkonsum-in-der-schweiz-ist-zu-hoch\/\" \/>\n<meta property=\"og:site_name\" content=\"Save\" \/>\n<meta property=\"article:published_time\" content=\"2015-06-18T10:56:22+00:00\" \/>\n<meta property=\"article:modified_time\" content=\"2023-03-14T08:03:06+00:00\" \/>\n<meta property=\"og:image\" content=\"https:\/\/news.save.ch\/wp-content\/uploads\/2016\/12\/Salzkonsum-in-der-Schweiz-ist-zu-hoch_safety-plus-scaled-1.jpeg\" \/>\n\t<meta property=\"og:image:width\" content=\"1200\" \/>\n\t<meta property=\"og:image:height\" content=\"828\" \/>\n\t<meta property=\"og:image:type\" content=\"image\/jpeg\" \/>\n<meta name=\"author\" content=\"admin\" \/>\n<meta name=\"twitter:card\" content=\"summary_large_image\" \/>\n<meta name=\"twitter:label1\" content=\"Geschrieben von\" \/>\n\t<meta name=\"twitter:data1\" content=\"admin\" \/>\n\t<meta name=\"twitter:label2\" content=\"Gesch\u00e4tzte Lesezeit\" \/>\n\t<meta name=\"twitter:data2\" content=\"2\u00a0Minuten\" \/>\n<script type=\"application\/ld+json\" class=\"yoast-schema-graph\">{\"@context\":\"https:\\\/\\\/schema.org\",\"@graph\":[{\"@type\":\"Article\",\"@id\":\"https:\\\/\\\/news.save.ch\\\/salzkonsum-in-der-schweiz-ist-zu-hoch\\\/#article\",\"isPartOf\":{\"@id\":\"https:\\\/\\\/news.save.ch\\\/salzkonsum-in-der-schweiz-ist-zu-hoch\\\/\"},\"author\":{\"name\":\"admin\",\"@id\":\"https:\\\/\\\/news.save.ch\\\/de\\\/#\\\/schema\\\/person\\\/d49e199490bad7c70d64b9ab51142f2b\"},\"headline\":\"Salzkonsum in der Schweiz ist zu hoch\",\"datePublished\":\"2015-06-18T10:56:22+00:00\",\"dateModified\":\"2023-03-14T08:03:06+00:00\",\"mainEntityOfPage\":{\"@id\":\"https:\\\/\\\/news.save.ch\\\/salzkonsum-in-der-schweiz-ist-zu-hoch\\\/\"},\"wordCount\":373,\"commentCount\":0,\"publisher\":{\"@id\":\"https:\\\/\\\/news.save.ch\\\/de\\\/#organization\"},\"image\":{\"@id\":\"https:\\\/\\\/news.save.ch\\\/salzkonsum-in-der-schweiz-ist-zu-hoch\\\/#primaryimage\"},\"thumbnailUrl\":\"https:\\\/\\\/news.save.ch\\\/wp-content\\\/uploads\\\/2016\\\/12\\\/Salzkonsum-in-der-Schweiz-ist-zu-hoch_safety-plus-scaled-1.jpeg\",\"keywords\":[\"Ern\u00e4hrung\",\"Gesundheitsschutz\"],\"articleSection\":[\"HEALTH &amp; SAFETY\"],\"inLanguage\":\"de\"},{\"@type\":\"WebPage\",\"@id\":\"https:\\\/\\\/news.save.ch\\\/salzkonsum-in-der-schweiz-ist-zu-hoch\\\/\",\"url\":\"https:\\\/\\\/news.save.ch\\\/salzkonsum-in-der-schweiz-ist-zu-hoch\\\/\",\"name\":\"Salzkonsum in der Schweiz ist zu hoch - Save\",\"isPartOf\":{\"@id\":\"https:\\\/\\\/news.save.ch\\\/de\\\/#website\"},\"primaryImageOfPage\":{\"@id\":\"https:\\\/\\\/news.save.ch\\\/salzkonsum-in-der-schweiz-ist-zu-hoch\\\/#primaryimage\"},\"image\":{\"@id\":\"https:\\\/\\\/news.save.ch\\\/salzkonsum-in-der-schweiz-ist-zu-hoch\\\/#primaryimage\"},\"thumbnailUrl\":\"https:\\\/\\\/news.save.ch\\\/wp-content\\\/uploads\\\/2016\\\/12\\\/Salzkonsum-in-der-Schweiz-ist-zu-hoch_safety-plus-scaled-1.jpeg\",\"datePublished\":\"2015-06-18T10:56:22+00:00\",\"dateModified\":\"2023-03-14T08:03:06+00:00\",\"description\":\"Der Salzkonsum der Schweizer ist laut Gesundheitsorganisationen viel zu hoch. Dies hat Auswirkungen auf die Gesundheit.\",\"breadcrumb\":{\"@id\":\"https:\\\/\\\/news.save.ch\\\/salzkonsum-in-der-schweiz-ist-zu-hoch\\\/#breadcrumb\"},\"inLanguage\":\"de\",\"potentialAction\":[{\"@type\":\"ReadAction\",\"target\":[\"https:\\\/\\\/news.save.ch\\\/salzkonsum-in-der-schweiz-ist-zu-hoch\\\/\"]}]},{\"@type\":\"ImageObject\",\"inLanguage\":\"de\",\"@id\":\"https:\\\/\\\/news.save.ch\\\/salzkonsum-in-der-schweiz-ist-zu-hoch\\\/#primaryimage\",\"url\":\"https:\\\/\\\/news.save.ch\\\/wp-content\\\/uploads\\\/2016\\\/12\\\/Salzkonsum-in-der-Schweiz-ist-zu-hoch_safety-plus-scaled-1.jpeg\",\"contentUrl\":\"https:\\\/\\\/news.save.ch\\\/wp-content\\\/uploads\\\/2016\\\/12\\\/Salzkonsum-in-der-Schweiz-ist-zu-hoch_safety-plus-scaled-1.jpeg\",\"width\":1200,\"height\":828,\"caption\":\"Wir essen fast doppelt so viel Salz wie von der WHO empfohlen.\"},{\"@type\":\"BreadcrumbList\",\"@id\":\"https:\\\/\\\/news.save.ch\\\/salzkonsum-in-der-schweiz-ist-zu-hoch\\\/#breadcrumb\",\"itemListElement\":[{\"@type\":\"ListItem\",\"position\":1,\"name\":\"Home\",\"item\":\"https:\\\/\\\/news.save.ch\\\/de\\\/\"},{\"@type\":\"ListItem\",\"position\":2,\"name\":\"Salzkonsum in der Schweiz ist zu hoch\"}]},{\"@type\":\"WebSite\",\"@id\":\"https:\\\/\\\/news.save.ch\\\/de\\\/#website\",\"url\":\"https:\\\/\\\/news.save.ch\\\/de\\\/\",\"name\":\"Save\",\"description\":\"Schweizer Fachzeitschrift f\u00fcr Sicherheit\",\"publisher\":{\"@id\":\"https:\\\/\\\/news.save.ch\\\/de\\\/#organization\"},\"potentialAction\":[{\"@type\":\"SearchAction\",\"target\":{\"@type\":\"EntryPoint\",\"urlTemplate\":\"https:\\\/\\\/news.save.ch\\\/de\\\/?s={search_term_string}\"},\"query-input\":{\"@type\":\"PropertyValueSpecification\",\"valueRequired\":true,\"valueName\":\"search_term_string\"}}],\"inLanguage\":\"de\"},{\"@type\":\"Organization\",\"@id\":\"https:\\\/\\\/news.save.ch\\\/de\\\/#organization\",\"name\":\"Sicherheitsforum\",\"url\":\"https:\\\/\\\/news.save.ch\\\/de\\\/\",\"logo\":{\"@type\":\"ImageObject\",\"inLanguage\":\"de\",\"@id\":\"https:\\\/\\\/news.save.ch\\\/de\\\/#\\\/schema\\\/logo\\\/image\\\/\",\"url\":\"https:\\\/\\\/news.save.ch\\\/wp-content\\\/uploads\\\/2022\\\/06\\\/Logo_SF_2012.png\",\"contentUrl\":\"https:\\\/\\\/news.save.ch\\\/wp-content\\\/uploads\\\/2022\\\/06\\\/Logo_SF_2012.png\",\"width\":1100,\"height\":91,\"caption\":\"Sicherheitsforum\"},\"image\":{\"@id\":\"https:\\\/\\\/news.save.ch\\\/de\\\/#\\\/schema\\\/logo\\\/image\\\/\"}},{\"@type\":\"Person\",\"@id\":\"https:\\\/\\\/news.save.ch\\\/de\\\/#\\\/schema\\\/person\\\/d49e199490bad7c70d64b9ab51142f2b\",\"name\":\"admin\",\"image\":{\"@type\":\"ImageObject\",\"inLanguage\":\"de\",\"@id\":\"https:\\\/\\\/secure.gravatar.com\\\/avatar\\\/ae2f4d718e6c49043e314ce431e7e645d646302a24a5ef5a8bc8e3f5a032e319?s=96&d=mm&r=g\",\"url\":\"https:\\\/\\\/secure.gravatar.com\\\/avatar\\\/ae2f4d718e6c49043e314ce431e7e645d646302a24a5ef5a8bc8e3f5a032e319?s=96&d=mm&r=g\",\"contentUrl\":\"https:\\\/\\\/secure.gravatar.com\\\/avatar\\\/ae2f4d718e6c49043e314ce431e7e645d646302a24a5ef5a8bc8e3f5a032e319?s=96&d=mm&r=g\",\"caption\":\"admin\"},\"sameAs\":[\"https:\\\/\\\/develop.organisator.galledia.ch\"],\"url\":\"https:\\\/\\\/news.save.ch\\\/de\\\/author\\\/admin\\\/\"}]}<\/script>\n<!-- \/ Yoast SEO plugin. -->","yoast_head_json":{"title":"Salzkonsum in der Schweiz ist zu hoch - Save","description":"Der Salzkonsum der Schweizer ist laut Gesundheitsorganisationen viel zu hoch. Dies hat Auswirkungen auf die Gesundheit.","robots":{"index":"index","follow":"follow","max-snippet":"max-snippet:-1","max-image-preview":"max-image-preview:large","max-video-preview":"max-video-preview:-1"},"canonical":"https:\/\/news.save.ch\/de\/salzkonsum-in-der-schweiz-ist-zu-hoch\/","og_locale":"de_DE","og_type":"article","og_title":"Salzkonsum in der Schweiz ist zu hoch - Save","og_description":"Der Salzkonsum der Schweizer ist laut Gesundheitsorganisationen viel zu hoch. Dies hat Auswirkungen auf die Gesundheit.","og_url":"https:\/\/news.save.ch\/de\/salzkonsum-in-der-schweiz-ist-zu-hoch\/","og_site_name":"Save","article_published_time":"2015-06-18T10:56:22+00:00","article_modified_time":"2023-03-14T08:03:06+00:00","og_image":[{"width":1200,"height":828,"url":"https:\/\/news.save.ch\/wp-content\/uploads\/2016\/12\/Salzkonsum-in-der-Schweiz-ist-zu-hoch_safety-plus-scaled-1.jpeg","type":"image\/jpeg"}],"author":"admin","twitter_card":"summary_large_image","twitter_misc":{"Geschrieben von":"admin","Gesch\u00e4tzte Lesezeit":"2\u00a0Minuten"},"schema":{"@context":"https:\/\/schema.org","@graph":[{"@type":"Article","@id":"https:\/\/news.save.ch\/salzkonsum-in-der-schweiz-ist-zu-hoch\/#article","isPartOf":{"@id":"https:\/\/news.save.ch\/salzkonsum-in-der-schweiz-ist-zu-hoch\/"},"author":{"name":"admin","@id":"https:\/\/news.save.ch\/de\/#\/schema\/person\/d49e199490bad7c70d64b9ab51142f2b"},"headline":"Salzkonsum in der Schweiz ist zu hoch","datePublished":"2015-06-18T10:56:22+00:00","dateModified":"2023-03-14T08:03:06+00:00","mainEntityOfPage":{"@id":"https:\/\/news.save.ch\/salzkonsum-in-der-schweiz-ist-zu-hoch\/"},"wordCount":373,"commentCount":0,"publisher":{"@id":"https:\/\/news.save.ch\/de\/#organization"},"image":{"@id":"https:\/\/news.save.ch\/salzkonsum-in-der-schweiz-ist-zu-hoch\/#primaryimage"},"thumbnailUrl":"https:\/\/news.save.ch\/wp-content\/uploads\/2016\/12\/Salzkonsum-in-der-Schweiz-ist-zu-hoch_safety-plus-scaled-1.jpeg","keywords":["Ern\u00e4hrung","Gesundheitsschutz"],"articleSection":["HEALTH &amp; SAFETY"],"inLanguage":"de"},{"@type":"WebPage","@id":"https:\/\/news.save.ch\/salzkonsum-in-der-schweiz-ist-zu-hoch\/","url":"https:\/\/news.save.ch\/salzkonsum-in-der-schweiz-ist-zu-hoch\/","name":"Salzkonsum in der Schweiz ist zu hoch - Save","isPartOf":{"@id":"https:\/\/news.save.ch\/de\/#website"},"primaryImageOfPage":{"@id":"https:\/\/news.save.ch\/salzkonsum-in-der-schweiz-ist-zu-hoch\/#primaryimage"},"image":{"@id":"https:\/\/news.save.ch\/salzkonsum-in-der-schweiz-ist-zu-hoch\/#primaryimage"},"thumbnailUrl":"https:\/\/news.save.ch\/wp-content\/uploads\/2016\/12\/Salzkonsum-in-der-Schweiz-ist-zu-hoch_safety-plus-scaled-1.jpeg","datePublished":"2015-06-18T10:56:22+00:00","dateModified":"2023-03-14T08:03:06+00:00","description":"Der Salzkonsum der Schweizer ist laut Gesundheitsorganisationen viel zu hoch. Dies hat Auswirkungen auf die Gesundheit.","breadcrumb":{"@id":"https:\/\/news.save.ch\/salzkonsum-in-der-schweiz-ist-zu-hoch\/#breadcrumb"},"inLanguage":"de","potentialAction":[{"@type":"ReadAction","target":["https:\/\/news.save.ch\/salzkonsum-in-der-schweiz-ist-zu-hoch\/"]}]},{"@type":"ImageObject","inLanguage":"de","@id":"https:\/\/news.save.ch\/salzkonsum-in-der-schweiz-ist-zu-hoch\/#primaryimage","url":"https:\/\/news.save.ch\/wp-content\/uploads\/2016\/12\/Salzkonsum-in-der-Schweiz-ist-zu-hoch_safety-plus-scaled-1.jpeg","contentUrl":"https:\/\/news.save.ch\/wp-content\/uploads\/2016\/12\/Salzkonsum-in-der-Schweiz-ist-zu-hoch_safety-plus-scaled-1.jpeg","width":1200,"height":828,"caption":"Wir essen fast doppelt so viel Salz wie von der WHO empfohlen."},{"@type":"BreadcrumbList","@id":"https:\/\/news.save.ch\/salzkonsum-in-der-schweiz-ist-zu-hoch\/#breadcrumb","itemListElement":[{"@type":"ListItem","position":1,"name":"Home","item":"https:\/\/news.save.ch\/de\/"},{"@type":"ListItem","position":2,"name":"Salzkonsum in der Schweiz ist zu hoch"}]},{"@type":"WebSite","@id":"https:\/\/news.save.ch\/de\/#website","url":"https:\/\/news.save.ch\/de\/","name":"Save","description":"Schweizer Fachzeitschrift f\u00fcr Sicherheit","publisher":{"@id":"https:\/\/news.save.ch\/de\/#organization"},"potentialAction":[{"@type":"SearchAction","target":{"@type":"EntryPoint","urlTemplate":"https:\/\/news.save.ch\/de\/?s={search_term_string}"},"query-input":{"@type":"PropertyValueSpecification","valueRequired":true,"valueName":"search_term_string"}}],"inLanguage":"de"},{"@type":"Organization","@id":"https:\/\/news.save.ch\/de\/#organization","name":"Sicherheitsforum","url":"https:\/\/news.save.ch\/de\/","logo":{"@type":"ImageObject","inLanguage":"de","@id":"https:\/\/news.save.ch\/de\/#\/schema\/logo\/image\/","url":"https:\/\/news.save.ch\/wp-content\/uploads\/2022\/06\/Logo_SF_2012.png","contentUrl":"https:\/\/news.save.ch\/wp-content\/uploads\/2022\/06\/Logo_SF_2012.png","width":1100,"height":91,"caption":"Sicherheitsforum"},"image":{"@id":"https:\/\/news.save.ch\/de\/#\/schema\/logo\/image\/"}},{"@type":"Person","@id":"https:\/\/news.save.ch\/de\/#\/schema\/person\/d49e199490bad7c70d64b9ab51142f2b","name":"admin","image":{"@type":"ImageObject","inLanguage":"de","@id":"https:\/\/secure.gravatar.com\/avatar\/ae2f4d718e6c49043e314ce431e7e645d646302a24a5ef5a8bc8e3f5a032e319?s=96&d=mm&r=g","url":"https:\/\/secure.gravatar.com\/avatar\/ae2f4d718e6c49043e314ce431e7e645d646302a24a5ef5a8bc8e3f5a032e319?s=96&d=mm&r=g","contentUrl":"https:\/\/secure.gravatar.com\/avatar\/ae2f4d718e6c49043e314ce431e7e645d646302a24a5ef5a8bc8e3f5a032e319?s=96&d=mm&r=g","caption":"admin"},"sameAs":["https:\/\/develop.organisator.galledia.ch"],"url":"https:\/\/news.save.ch\/de\/author\/admin\/"}]}},"_links":{"self":[{"href":"https:\/\/news.save.ch\/de\/wp-json\/wp\/v2\/posts\/443","targetHints":{"allow":["GET"]}}],"collection":[{"href":"https:\/\/news.save.ch\/de\/wp-json\/wp\/v2\/posts"}],"about":[{"href":"https:\/\/news.save.ch\/de\/wp-json\/wp\/v2\/types\/post"}],"author":[{"embeddable":true,"href":"https:\/\/news.save.ch\/de\/wp-json\/wp\/v2\/users\/1"}],"replies":[{"embeddable":true,"href":"https:\/\/news.save.ch\/de\/wp-json\/wp\/v2\/comments?post=443"}],"version-history":[{"count":1,"href":"https:\/\/news.save.ch\/de\/wp-json\/wp\/v2\/posts\/443\/revisions"}],"predecessor-version":[{"id":18860,"href":"https:\/\/news.save.ch\/de\/wp-json\/wp\/v2\/posts\/443\/revisions\/18860"}],"wp:featuredmedia":[{"embeddable":true,"href":"https:\/\/news.save.ch\/de\/wp-json\/wp\/v2\/media\/16010"}],"wp:attachment":[{"href":"https:\/\/news.save.ch\/de\/wp-json\/wp\/v2\/media?parent=443"}],"wp:term":[{"taxonomy":"category","embeddable":true,"href":"https:\/\/news.save.ch\/de\/wp-json\/wp\/v2\/categories?post=443"},{"taxonomy":"post_tag","embeddable":true,"href":"https:\/\/news.save.ch\/de\/wp-json\/wp\/v2\/tags?post=443"}],"curies":[{"name":"wp","href":"https:\/\/api.w.org\/{rel}","templated":true}]}}