{"id":4472,"date":"2019-08-13T17:34:06","date_gmt":"2019-08-13T15:34:06","guid":{"rendered":"https:\/\/news.save.ch\/?p=4472"},"modified":"2023-03-14T09:03:58","modified_gmt":"2023-03-14T08:03:58","slug":"achtung-kinder-ueberraschen-auf-der-strasse","status":null,"type":"post","link":"https:\/\/news.save.ch\/de\/achtung-kinder-ueberraschen-auf-der-strasse\/","title":{"rendered":"Achtung, Kinder \u00fcberraschen auf der Strasse"},"content":{"rendered":"<figure id=\"attachment_4473\" aria-describedby=\"caption-attachment-4473\" style=\"width: 680px\" class=\"wp-caption alignnone\"><img loading=\"lazy\" decoding=\"async\" class=\"size-medium wp-image-4473\" src=\"http:\/\/develop.safety-plus.ch\/wp-content\/uploads\/2019\/08\/Depositphotos_ajafoto.jpg\" alt=\"\" width=\"680\" height=\"510\" \/><figcaption id=\"caption-attachment-4473\" class=\"wp-caption-text\">Pro Jahr gibt es im Schweizer Strassenverkehr total 950 Unf\u00e4lle. \u00a9Depositphotos\/ajafoto<\/figcaption><\/figure>\n<p>F\u00fcr Kinder ist der <a href=\"https:\/\/news.save.ch\/kampagne-fuer-sicheren-schulweg-wird-weitergefuehrt\/\" target=\"_blank\" rel=\"noopener\">Schulweg<\/a> ein ganz besonderes Erlebnis. Sie spielen, toben herum und erz\u00e4hlen sich die neuesten Geschichten. Dass dabei entlang der Strasse Gefahren lauern, geht dabei schnell vergessen. Pro Jahr gibt es im Schweizer <a href=\"https:\/\/news.save.ch\/zum-schutz-der-kinder-immer-ganz-anhalten\/\" target=\"_blank\" rel=\"noopener\">Strassenverkehr<\/a> total 950 Unf\u00e4lle mit Kindern \u2013 zu Fuss, mit dem Velo oder dem Trottinett. Dabei werden 180 Kinder schwer verletzt; durchschnittlich 7 Kinder verlieren ihr Leben. 40 % dieser <a href=\"https:\/\/news.save.ch\/unfaelle-im-strassenverkehr-junge-erwachsene-besonders-gefaehrdet\/\" target=\"_blank\" rel=\"noopener\">Unf\u00e4lle<\/a> passieren auf dem Schulweg.<\/p>\n<p>Im Alter zwischen 4 und 9 Jahren verunfallen Kinder vor allem beim Queren der Strasse \u2013 auf dem Fussg\u00e4ngerstreifen oder daneben. In drei Vierteln der F\u00e4lle wird das Kind von einem Auto erfasst.<\/p>\n<p><strong>Fahrzeuglenkende m\u00fcssen doppelt aufpassen<\/strong><\/p>\n<p>Zum Schulstart lanciert die BFU eine neue, auf drei Jahre ausgelegte Sicherheitskampagne, welche die Gefahren im Strassenverkehr auf und neben dem Schulweg thematisiert: Fahrzeuglenkende werden darauf aufmerksam gemacht, dass sich Kinder auf dem Trottoir oder auf der Strasse oft \u00fcberraschend verhalten und sich so in Gefahr bringen. Sie tun dies nicht aus Absicht oder wegen schlechter Erziehung \u2013 sondern weil sie eben Kinder sind. So haben sie zum Beispiel aufgrund ihrer K\u00f6rpergr\u00f6sse ein eingeschr\u00e4nktes Blickfeld und k\u00f6nnen \u00fcber Hindernisse nicht hinwegblicken. Je nach Alter ist ihr Gefahrenbewusstsein noch wenig entwickelt. F\u00fcr Kinder unter 10 Jahren ist es auch eine grosse Herausforderung, zu beurteilen, wie schnell ein Auto auf der Strasse unterwegs ist. Fahrzeuglenkende m\u00fcssen daher doppelt aufpassen: f\u00fcr sich selbst und f\u00fcr das Kind.<\/p>\n<p><strong>Weitere Infos<\/strong><\/p>\n<p><a href=\"https:\/\/www.bfu.ch\/de\" target=\"_blank\" rel=\"noopener\">www.bfu.ch<\/a><\/p>\n<p><a href=\"https:\/\/www.doppelt-aufpassen.ch\/\" target=\"_blank\" rel=\"noopener\">www.doppelt-aufpassen.ch<\/a><\/p>\n<p>&nbsp;<\/p>\n","protected":false},"excerpt":{"rendered":"<p>F\u00fcr Kinder ist der Schulweg ein ganz besonderes Erlebnis. Sie spielen, toben herum und erz\u00e4hlen sich die neuesten Geschichten. Dass dabei entlang der Strasse Gefahren lauern, geht dabei schnell vergessen. Pro Jahr gibt es im Schweizer Strassenverkehr total 950 Unf\u00e4lle mit Kindern \u2013 zu Fuss, mit dem Velo oder dem Trottinett. Dabei werden 180 Kinder [&hellip;]<\/p>\n","protected":false},"author":1,"featured_media":4473,"comment_status":"open","ping_status":"open","sticky":false,"template":"","format":"standard","meta":{"_acf_changed":false,"pgc_sgb_lightbox_settings":"","footnotes":""},"categories":[1,3314],"tags":[120,2349,2362,141,2862,310,3135,352,3186],"class_list":["post-4472","post","type-post","status-publish","format-standard","has-post-thumbnail","hentry","category-allgemein","category-health-safety","tag-bundesamt","tag-kampagnen","tag-kinder","tag-praevention","tag-schulweg","tag-sicherheit","tag-unfaelle","tag-verkehrssicherheit","tag-verkehrsunfall"],"acf":[],"hkrextid":null,"publication":null,"issue":null,"workflow":null,"startPage":null,"spitzmarke":null,"_posts_by_tag_page_fields":{"widget_title":"","widget_tags":""},"_at_widget":"1","_yoast_wpseo_primary_category":"2","_yoast_wpseo_focuskw_text_input":"Schulanfang","_yoast_wpseo_opengraph-image":null,"_yoast_wpseo_opengraph-description":null,"_yoast_wpseo_opengraph-title":null,"enclosure":null,"_yoast_wpseo_twitter-title":null,"_yoast_wpseo_twitter-description":null,"_yoast_wpseo_twitter-image":null,"_wp_old_slug":null,"_yoast_wpseo_title":null,"_yoast_wpseo_canonical":null,"yoast_head":"<!-- This site is optimized with the Yoast SEO plugin v27.4 - https:\/\/yoast.com\/product\/yoast-seo-wordpress\/ -->\n<title>Achtung, Kinder \u00fcberraschen auf der Strasse - Save<\/title>\n<meta name=\"description\" content=\"Jedes Jahr verunfallen in der Schweiz im Strassenverkehr 950 Kinder im Alter bis 14 Jahre \u2013 zu Fuss, mit dem Trottinett oder auf dem Velo.\" \/>\n<meta name=\"robots\" content=\"index, follow, max-snippet:-1, max-image-preview:large, max-video-preview:-1\" \/>\n<link rel=\"canonical\" href=\"https:\/\/news.save.ch\/de\/achtung-kinder-ueberraschen-auf-der-strasse\/\" \/>\n<meta property=\"og:locale\" content=\"de_DE\" \/>\n<meta property=\"og:type\" content=\"article\" \/>\n<meta property=\"og:title\" content=\"Achtung, Kinder \u00fcberraschen auf der Strasse - Save\" \/>\n<meta property=\"og:description\" content=\"Jedes Jahr verunfallen in der Schweiz im Strassenverkehr 950 Kinder im Alter bis 14 Jahre \u2013 zu Fuss, mit dem Trottinett oder auf dem Velo.\" \/>\n<meta property=\"og:url\" content=\"https:\/\/news.save.ch\/de\/achtung-kinder-ueberraschen-auf-der-strasse\/\" \/>\n<meta property=\"og:site_name\" content=\"Save\" \/>\n<meta property=\"article:published_time\" content=\"2019-08-13T15:34:06+00:00\" \/>\n<meta property=\"article:modified_time\" content=\"2023-03-14T08:03:58+00:00\" \/>\n<meta property=\"og:image\" content=\"https:\/\/news.save.ch\/wp-content\/uploads\/2019\/08\/Depositphotos_ajafoto-scaled-1.jpg\" \/>\n\t<meta property=\"og:image:width\" content=\"1200\" \/>\n\t<meta property=\"og:image:height\" content=\"900\" \/>\n\t<meta property=\"og:image:type\" content=\"image\/jpeg\" \/>\n<meta name=\"author\" content=\"admin\" \/>\n<meta name=\"twitter:card\" content=\"summary_large_image\" \/>\n<meta name=\"twitter:label1\" content=\"Geschrieben von\" \/>\n\t<meta name=\"twitter:data1\" content=\"admin\" \/>\n\t<meta name=\"twitter:label2\" content=\"Gesch\u00e4tzte Lesezeit\" \/>\n\t<meta name=\"twitter:data2\" content=\"1\u00a0Minute\" \/>\n<script type=\"application\/ld+json\" class=\"yoast-schema-graph\">{\"@context\":\"https:\\\/\\\/schema.org\",\"@graph\":[{\"@type\":\"Article\",\"@id\":\"https:\\\/\\\/news.save.ch\\\/achtung-kinder-ueberraschen-auf-der-strasse\\\/#article\",\"isPartOf\":{\"@id\":\"https:\\\/\\\/news.save.ch\\\/achtung-kinder-ueberraschen-auf-der-strasse\\\/\"},\"author\":{\"name\":\"admin\",\"@id\":\"https:\\\/\\\/news.save.ch\\\/de\\\/#\\\/schema\\\/person\\\/d49e199490bad7c70d64b9ab51142f2b\"},\"headline\":\"Achtung, Kinder \u00fcberraschen auf der Strasse\",\"datePublished\":\"2019-08-13T15:34:06+00:00\",\"dateModified\":\"2023-03-14T08:03:58+00:00\",\"mainEntityOfPage\":{\"@id\":\"https:\\\/\\\/news.save.ch\\\/achtung-kinder-ueberraschen-auf-der-strasse\\\/\"},\"wordCount\":270,\"commentCount\":0,\"publisher\":{\"@id\":\"https:\\\/\\\/news.save.ch\\\/de\\\/#organization\"},\"image\":{\"@id\":\"https:\\\/\\\/news.save.ch\\\/achtung-kinder-ueberraschen-auf-der-strasse\\\/#primaryimage\"},\"thumbnailUrl\":\"https:\\\/\\\/news.save.ch\\\/wp-content\\\/uploads\\\/2019\\\/08\\\/Depositphotos_ajafoto-scaled-1.jpg\",\"keywords\":[\"Bundesamt\",\"Kampagnen\",\"Kinder\",\"Pr\u00e4vention\",\"Schulweg\",\"Sicherheit\",\"Unf\u00e4lle\",\"Verkehrssicherheit\",\"Verkehrsunfall\"],\"articleSection\":[\"ALLGEMEIN\",\"HEALTH &amp; SAFETY\"],\"inLanguage\":\"de\"},{\"@type\":\"WebPage\",\"@id\":\"https:\\\/\\\/news.save.ch\\\/achtung-kinder-ueberraschen-auf-der-strasse\\\/\",\"url\":\"https:\\\/\\\/news.save.ch\\\/achtung-kinder-ueberraschen-auf-der-strasse\\\/\",\"name\":\"Achtung, Kinder \u00fcberraschen auf der Strasse - Save\",\"isPartOf\":{\"@id\":\"https:\\\/\\\/news.save.ch\\\/de\\\/#website\"},\"primaryImageOfPage\":{\"@id\":\"https:\\\/\\\/news.save.ch\\\/achtung-kinder-ueberraschen-auf-der-strasse\\\/#primaryimage\"},\"image\":{\"@id\":\"https:\\\/\\\/news.save.ch\\\/achtung-kinder-ueberraschen-auf-der-strasse\\\/#primaryimage\"},\"thumbnailUrl\":\"https:\\\/\\\/news.save.ch\\\/wp-content\\\/uploads\\\/2019\\\/08\\\/Depositphotos_ajafoto-scaled-1.jpg\",\"datePublished\":\"2019-08-13T15:34:06+00:00\",\"dateModified\":\"2023-03-14T08:03:58+00:00\",\"description\":\"Jedes Jahr verunfallen in der Schweiz im Strassenverkehr 950 Kinder im Alter bis 14 Jahre \u2013 zu Fuss, mit dem Trottinett oder auf dem Velo.\",\"breadcrumb\":{\"@id\":\"https:\\\/\\\/news.save.ch\\\/achtung-kinder-ueberraschen-auf-der-strasse\\\/#breadcrumb\"},\"inLanguage\":\"de\",\"potentialAction\":[{\"@type\":\"ReadAction\",\"target\":[\"https:\\\/\\\/news.save.ch\\\/achtung-kinder-ueberraschen-auf-der-strasse\\\/\"]}]},{\"@type\":\"ImageObject\",\"inLanguage\":\"de\",\"@id\":\"https:\\\/\\\/news.save.ch\\\/achtung-kinder-ueberraschen-auf-der-strasse\\\/#primaryimage\",\"url\":\"https:\\\/\\\/news.save.ch\\\/wp-content\\\/uploads\\\/2019\\\/08\\\/Depositphotos_ajafoto-scaled-1.jpg\",\"contentUrl\":\"https:\\\/\\\/news.save.ch\\\/wp-content\\\/uploads\\\/2019\\\/08\\\/Depositphotos_ajafoto-scaled-1.jpg\",\"width\":1200,\"height\":900,\"caption\":\"Pro Jahr gibt es im Schweizer Strassenverkehr total 950 Unf\u00e4lle. \u00a9Depositphotos\\\/ajafoto\"},{\"@type\":\"BreadcrumbList\",\"@id\":\"https:\\\/\\\/news.save.ch\\\/achtung-kinder-ueberraschen-auf-der-strasse\\\/#breadcrumb\",\"itemListElement\":[{\"@type\":\"ListItem\",\"position\":1,\"name\":\"Home\",\"item\":\"https:\\\/\\\/news.save.ch\\\/de\\\/\"},{\"@type\":\"ListItem\",\"position\":2,\"name\":\"Achtung, Kinder \u00fcberraschen auf der Strasse\"}]},{\"@type\":\"WebSite\",\"@id\":\"https:\\\/\\\/news.save.ch\\\/de\\\/#website\",\"url\":\"https:\\\/\\\/news.save.ch\\\/de\\\/\",\"name\":\"Save\",\"description\":\"Schweizer Fachzeitschrift f\u00fcr Sicherheit\",\"publisher\":{\"@id\":\"https:\\\/\\\/news.save.ch\\\/de\\\/#organization\"},\"potentialAction\":[{\"@type\":\"SearchAction\",\"target\":{\"@type\":\"EntryPoint\",\"urlTemplate\":\"https:\\\/\\\/news.save.ch\\\/de\\\/?s={search_term_string}\"},\"query-input\":{\"@type\":\"PropertyValueSpecification\",\"valueRequired\":true,\"valueName\":\"search_term_string\"}}],\"inLanguage\":\"de\"},{\"@type\":\"Organization\",\"@id\":\"https:\\\/\\\/news.save.ch\\\/de\\\/#organization\",\"name\":\"Sicherheitsforum\",\"url\":\"https:\\\/\\\/news.save.ch\\\/de\\\/\",\"logo\":{\"@type\":\"ImageObject\",\"inLanguage\":\"de\",\"@id\":\"https:\\\/\\\/news.save.ch\\\/de\\\/#\\\/schema\\\/logo\\\/image\\\/\",\"url\":\"https:\\\/\\\/news.save.ch\\\/wp-content\\\/uploads\\\/2022\\\/06\\\/Logo_SF_2012.png\",\"contentUrl\":\"https:\\\/\\\/news.save.ch\\\/wp-content\\\/uploads\\\/2022\\\/06\\\/Logo_SF_2012.png\",\"width\":1100,\"height\":91,\"caption\":\"Sicherheitsforum\"},\"image\":{\"@id\":\"https:\\\/\\\/news.save.ch\\\/de\\\/#\\\/schema\\\/logo\\\/image\\\/\"}},{\"@type\":\"Person\",\"@id\":\"https:\\\/\\\/news.save.ch\\\/de\\\/#\\\/schema\\\/person\\\/d49e199490bad7c70d64b9ab51142f2b\",\"name\":\"admin\",\"image\":{\"@type\":\"ImageObject\",\"inLanguage\":\"de\",\"@id\":\"https:\\\/\\\/secure.gravatar.com\\\/avatar\\\/ae2f4d718e6c49043e314ce431e7e645d646302a24a5ef5a8bc8e3f5a032e319?s=96&d=mm&r=g\",\"url\":\"https:\\\/\\\/secure.gravatar.com\\\/avatar\\\/ae2f4d718e6c49043e314ce431e7e645d646302a24a5ef5a8bc8e3f5a032e319?s=96&d=mm&r=g\",\"contentUrl\":\"https:\\\/\\\/secure.gravatar.com\\\/avatar\\\/ae2f4d718e6c49043e314ce431e7e645d646302a24a5ef5a8bc8e3f5a032e319?s=96&d=mm&r=g\",\"caption\":\"admin\"},\"sameAs\":[\"https:\\\/\\\/develop.organisator.galledia.ch\"],\"url\":\"https:\\\/\\\/news.save.ch\\\/de\\\/author\\\/admin\\\/\"}]}<\/script>\n<!-- \/ Yoast SEO plugin. -->","yoast_head_json":{"title":"Achtung, Kinder \u00fcberraschen auf der Strasse - Save","description":"Jedes Jahr verunfallen in der Schweiz im Strassenverkehr 950 Kinder im Alter bis 14 Jahre \u2013 zu Fuss, mit dem Trottinett oder auf dem Velo.","robots":{"index":"index","follow":"follow","max-snippet":"max-snippet:-1","max-image-preview":"max-image-preview:large","max-video-preview":"max-video-preview:-1"},"canonical":"https:\/\/news.save.ch\/de\/achtung-kinder-ueberraschen-auf-der-strasse\/","og_locale":"de_DE","og_type":"article","og_title":"Achtung, Kinder \u00fcberraschen auf der Strasse - Save","og_description":"Jedes Jahr verunfallen in der Schweiz im Strassenverkehr 950 Kinder im Alter bis 14 Jahre \u2013 zu Fuss, mit dem Trottinett oder auf dem Velo.","og_url":"https:\/\/news.save.ch\/de\/achtung-kinder-ueberraschen-auf-der-strasse\/","og_site_name":"Save","article_published_time":"2019-08-13T15:34:06+00:00","article_modified_time":"2023-03-14T08:03:58+00:00","og_image":[{"width":1200,"height":900,"url":"https:\/\/news.save.ch\/wp-content\/uploads\/2019\/08\/Depositphotos_ajafoto-scaled-1.jpg","type":"image\/jpeg"}],"author":"admin","twitter_card":"summary_large_image","twitter_misc":{"Geschrieben von":"admin","Gesch\u00e4tzte Lesezeit":"1\u00a0Minute"},"schema":{"@context":"https:\/\/schema.org","@graph":[{"@type":"Article","@id":"https:\/\/news.save.ch\/achtung-kinder-ueberraschen-auf-der-strasse\/#article","isPartOf":{"@id":"https:\/\/news.save.ch\/achtung-kinder-ueberraschen-auf-der-strasse\/"},"author":{"name":"admin","@id":"https:\/\/news.save.ch\/de\/#\/schema\/person\/d49e199490bad7c70d64b9ab51142f2b"},"headline":"Achtung, Kinder \u00fcberraschen auf der Strasse","datePublished":"2019-08-13T15:34:06+00:00","dateModified":"2023-03-14T08:03:58+00:00","mainEntityOfPage":{"@id":"https:\/\/news.save.ch\/achtung-kinder-ueberraschen-auf-der-strasse\/"},"wordCount":270,"commentCount":0,"publisher":{"@id":"https:\/\/news.save.ch\/de\/#organization"},"image":{"@id":"https:\/\/news.save.ch\/achtung-kinder-ueberraschen-auf-der-strasse\/#primaryimage"},"thumbnailUrl":"https:\/\/news.save.ch\/wp-content\/uploads\/2019\/08\/Depositphotos_ajafoto-scaled-1.jpg","keywords":["Bundesamt","Kampagnen","Kinder","Pr\u00e4vention","Schulweg","Sicherheit","Unf\u00e4lle","Verkehrssicherheit","Verkehrsunfall"],"articleSection":["ALLGEMEIN","HEALTH &amp; SAFETY"],"inLanguage":"de"},{"@type":"WebPage","@id":"https:\/\/news.save.ch\/achtung-kinder-ueberraschen-auf-der-strasse\/","url":"https:\/\/news.save.ch\/achtung-kinder-ueberraschen-auf-der-strasse\/","name":"Achtung, Kinder \u00fcberraschen auf der Strasse - Save","isPartOf":{"@id":"https:\/\/news.save.ch\/de\/#website"},"primaryImageOfPage":{"@id":"https:\/\/news.save.ch\/achtung-kinder-ueberraschen-auf-der-strasse\/#primaryimage"},"image":{"@id":"https:\/\/news.save.ch\/achtung-kinder-ueberraschen-auf-der-strasse\/#primaryimage"},"thumbnailUrl":"https:\/\/news.save.ch\/wp-content\/uploads\/2019\/08\/Depositphotos_ajafoto-scaled-1.jpg","datePublished":"2019-08-13T15:34:06+00:00","dateModified":"2023-03-14T08:03:58+00:00","description":"Jedes Jahr verunfallen in der Schweiz im Strassenverkehr 950 Kinder im Alter bis 14 Jahre \u2013 zu Fuss, mit dem Trottinett oder auf dem Velo.","breadcrumb":{"@id":"https:\/\/news.save.ch\/achtung-kinder-ueberraschen-auf-der-strasse\/#breadcrumb"},"inLanguage":"de","potentialAction":[{"@type":"ReadAction","target":["https:\/\/news.save.ch\/achtung-kinder-ueberraschen-auf-der-strasse\/"]}]},{"@type":"ImageObject","inLanguage":"de","@id":"https:\/\/news.save.ch\/achtung-kinder-ueberraschen-auf-der-strasse\/#primaryimage","url":"https:\/\/news.save.ch\/wp-content\/uploads\/2019\/08\/Depositphotos_ajafoto-scaled-1.jpg","contentUrl":"https:\/\/news.save.ch\/wp-content\/uploads\/2019\/08\/Depositphotos_ajafoto-scaled-1.jpg","width":1200,"height":900,"caption":"Pro Jahr gibt es im Schweizer Strassenverkehr total 950 Unf\u00e4lle. \u00a9Depositphotos\/ajafoto"},{"@type":"BreadcrumbList","@id":"https:\/\/news.save.ch\/achtung-kinder-ueberraschen-auf-der-strasse\/#breadcrumb","itemListElement":[{"@type":"ListItem","position":1,"name":"Home","item":"https:\/\/news.save.ch\/de\/"},{"@type":"ListItem","position":2,"name":"Achtung, Kinder \u00fcberraschen auf der Strasse"}]},{"@type":"WebSite","@id":"https:\/\/news.save.ch\/de\/#website","url":"https:\/\/news.save.ch\/de\/","name":"Save","description":"Schweizer Fachzeitschrift f\u00fcr Sicherheit","publisher":{"@id":"https:\/\/news.save.ch\/de\/#organization"},"potentialAction":[{"@type":"SearchAction","target":{"@type":"EntryPoint","urlTemplate":"https:\/\/news.save.ch\/de\/?s={search_term_string}"},"query-input":{"@type":"PropertyValueSpecification","valueRequired":true,"valueName":"search_term_string"}}],"inLanguage":"de"},{"@type":"Organization","@id":"https:\/\/news.save.ch\/de\/#organization","name":"Sicherheitsforum","url":"https:\/\/news.save.ch\/de\/","logo":{"@type":"ImageObject","inLanguage":"de","@id":"https:\/\/news.save.ch\/de\/#\/schema\/logo\/image\/","url":"https:\/\/news.save.ch\/wp-content\/uploads\/2022\/06\/Logo_SF_2012.png","contentUrl":"https:\/\/news.save.ch\/wp-content\/uploads\/2022\/06\/Logo_SF_2012.png","width":1100,"height":91,"caption":"Sicherheitsforum"},"image":{"@id":"https:\/\/news.save.ch\/de\/#\/schema\/logo\/image\/"}},{"@type":"Person","@id":"https:\/\/news.save.ch\/de\/#\/schema\/person\/d49e199490bad7c70d64b9ab51142f2b","name":"admin","image":{"@type":"ImageObject","inLanguage":"de","@id":"https:\/\/secure.gravatar.com\/avatar\/ae2f4d718e6c49043e314ce431e7e645d646302a24a5ef5a8bc8e3f5a032e319?s=96&d=mm&r=g","url":"https:\/\/secure.gravatar.com\/avatar\/ae2f4d718e6c49043e314ce431e7e645d646302a24a5ef5a8bc8e3f5a032e319?s=96&d=mm&r=g","contentUrl":"https:\/\/secure.gravatar.com\/avatar\/ae2f4d718e6c49043e314ce431e7e645d646302a24a5ef5a8bc8e3f5a032e319?s=96&d=mm&r=g","caption":"admin"},"sameAs":["https:\/\/develop.organisator.galledia.ch"],"url":"https:\/\/news.save.ch\/de\/author\/admin\/"}]}},"_links":{"self":[{"href":"https:\/\/news.save.ch\/de\/wp-json\/wp\/v2\/posts\/4472","targetHints":{"allow":["GET"]}}],"collection":[{"href":"https:\/\/news.save.ch\/de\/wp-json\/wp\/v2\/posts"}],"about":[{"href":"https:\/\/news.save.ch\/de\/wp-json\/wp\/v2\/types\/post"}],"author":[{"embeddable":true,"href":"https:\/\/news.save.ch\/de\/wp-json\/wp\/v2\/users\/1"}],"replies":[{"embeddable":true,"href":"https:\/\/news.save.ch\/de\/wp-json\/wp\/v2\/comments?post=4472"}],"version-history":[{"count":1,"href":"https:\/\/news.save.ch\/de\/wp-json\/wp\/v2\/posts\/4472\/revisions"}],"predecessor-version":[{"id":18922,"href":"https:\/\/news.save.ch\/de\/wp-json\/wp\/v2\/posts\/4472\/revisions\/18922"}],"wp:featuredmedia":[{"embeddable":true,"href":"https:\/\/news.save.ch\/de\/wp-json\/wp\/v2\/media\/4473"}],"wp:attachment":[{"href":"https:\/\/news.save.ch\/de\/wp-json\/wp\/v2\/media?parent=4472"}],"wp:term":[{"taxonomy":"category","embeddable":true,"href":"https:\/\/news.save.ch\/de\/wp-json\/wp\/v2\/categories?post=4472"},{"taxonomy":"post_tag","embeddable":true,"href":"https:\/\/news.save.ch\/de\/wp-json\/wp\/v2\/tags?post=4472"}],"curies":[{"name":"wp","href":"https:\/\/api.w.org\/{rel}","templated":true}]}}