{"id":4485,"date":"2019-08-16T08:00:25","date_gmt":"2019-08-16T06:00:25","guid":{"rendered":"https:\/\/news.save.ch\/?p=4485"},"modified":"2023-03-14T09:03:58","modified_gmt":"2023-03-14T08:03:58","slug":"erhoehtes-unfallrisiko-infolge-trockenem-holz","status":null,"type":"post","link":"https:\/\/news.save.ch\/de\/erhoehtes-unfallrisiko-infolge-trockenem-holz\/","title":{"rendered":"Erh\u00f6htes Unfallrisiko infolge trockenem Holz"},"content":{"rendered":"<figure id=\"attachment_4486\" aria-describedby=\"caption-attachment-4486\" style=\"width: 667px\" class=\"wp-caption alignnone\"><img loading=\"lazy\" decoding=\"async\" class=\"size-medium wp-image-4486\" src=\"http:\/\/develop.safety-plus.ch\/wp-content\/uploads\/2019\/08\/Wald-e1565857903406.jpg\" alt=\"\" width=\"667\" height=\"1000\" \/><figcaption id=\"caption-attachment-4486\" class=\"wp-caption-text\">Vor Beginn der Arbeiten im Wald ist es unerl\u00e4sslich, die Situation und insbesondere den Zustand der stehenden B\u00e4ume zu beurteilen. \u00a9 BUL<\/figcaption><\/figure>\n<p>Einige Gemeinden untersagen mittlerweile aufgrund der Werkeigent\u00fcmerhaftung gem\u00e4ss Art.58 OR den Zugang zu ihren <a href=\"https:\/\/news.save.ch\/hochgiftige-insektizide-im-schweizer-wald\/\" target=\"_blank\" rel=\"noopener\">W\u00e4ldern<\/a> komplett, um das Risiko von Unf\u00e4llen infolge fallender \u00c4ste oder Baumteilen einzud\u00e4mmen. Totholz kann im Bereich \u00f6ffentlicher Anlagen wie Waldspielpl\u00e4tzen, Strassen, Lehrpfaden, usw. in der Tat zu einer Gefahr werden. F\u00fcr die Landwirtschaft und die bevorstehende Holzschlagsaison bedeutet dieser Zustand ein erh\u00f6htes Unfallrisiko! W\u00e4hrend das F\u00e4llen von B\u00e4umen an sich ist bereits eine gef\u00e4hrliche T\u00e4tigkeit darstellt, ist das F\u00e4llen von trockenen B\u00e4umen oder in unmittelbarer Umgebung von stehendem, trockenem Holz mit einem noch sehr viel h\u00f6heren Unfallrisiko behaftet.<\/p>\n<p><strong>Situationen richtig einsch\u00e4tzen<\/strong><\/p>\n<p>Vor Beginn der Arbeiten im Wald ist es unerl\u00e4sslich, die Situation und insbesondere den Zustand der stehenden <a href=\"https:\/\/news.save.ch\/forstmesse-luzern-2019-mensch-und-maschine\/\" target=\"_blank\" rel=\"noopener\">B\u00e4ume<\/a> zu beurteilen. Diese Einsch\u00e4tzung erfordert viel Erfahrung, da viele Risikozust\u00e4nde nur schwer zu sehen und zu beurteilen sind. Das Vorhandensein von trockenen \u00c4sten, Kronenteilen und die gesamte Baumstabilit\u00e4t muss bei der Risikobewertung ber\u00fccksichtigt werden. Ein kleiner Schlag auf einen trockenen Stamm kann dazu f\u00fchren, dass der Baum ganz oder teilweise bricht.<\/p>\n<p><strong>F\u00fcr die Beurteilung Ihres Bestandes vor der Waldarbeit steht Ihnen der Forstdienst Ihrer Gemeinde zur Verf\u00fcgung. <\/strong><\/p>\n<p><strong>Weitere Infos<\/strong><\/p>\n<p><a href=\"https:\/\/www.bul.ch\/de\/fachthemen\/holzernte-und-brennholzverarbeitung.html\" target=\"_blank\" rel=\"noopener\">www.bul.ch<\/a><\/p>\n","protected":false},"excerpt":{"rendered":"<p>Einige Gemeinden untersagen mittlerweile aufgrund der Werkeigent\u00fcmerhaftung gem\u00e4ss Art.58 OR den Zugang zu ihren W\u00e4ldern komplett, um das Risiko von Unf\u00e4llen infolge fallender \u00c4ste oder Baumteilen einzud\u00e4mmen. Totholz kann im Bereich \u00f6ffentlicher Anlagen wie Waldspielpl\u00e4tzen, Strassen, Lehrpfaden, usw. in der Tat zu einer Gefahr werden. F\u00fcr die Landwirtschaft und die bevorstehende Holzschlagsaison bedeutet dieser Zustand [&hellip;]<\/p>\n","protected":false},"author":1,"featured_media":4486,"comment_status":"open","ping_status":"open","sticky":false,"template":"","format":"standard","meta":{"_acf_changed":false,"pgc_sgb_lightbox_settings":"","footnotes":""},"categories":[1,3314],"tags":[172,156,120,141,310,3141,596,3220],"class_list":["post-4485","post","type-post","status-publish","format-standard","has-post-thumbnail","hentry","category-allgemein","category-health-safety","tag-arbeitssicherheit","tag-brandschutz","tag-bundesamt","tag-praevention","tag-sicherheit","tag-unfallrisiko","tag-veranstaltung","tag-wald"],"acf":[],"hkrextid":null,"publication":null,"issue":null,"workflow":null,"startPage":null,"spitzmarke":null,"_posts_by_tag_page_fields":{"widget_title":"","widget_tags":""},"_at_widget":"1","_yoast_wpseo_primary_category":"1","_yoast_wpseo_focuskw_text_input":"Holz","_yoast_wpseo_opengraph-image":null,"_yoast_wpseo_opengraph-description":null,"_yoast_wpseo_opengraph-title":null,"enclosure":null,"_yoast_wpseo_twitter-title":null,"_yoast_wpseo_twitter-description":null,"_yoast_wpseo_twitter-image":null,"_wp_old_slug":null,"_yoast_wpseo_title":null,"_yoast_wpseo_canonical":null,"yoast_head":"<!-- This site is optimized with the Yoast SEO plugin v27.4 - https:\/\/yoast.com\/product\/yoast-seo-wordpress\/ -->\n<title>Erh\u00f6htes Unfallrisiko infolge trockenem Holz - Save<\/title>\n<meta name=\"description\" content=\"Aktuell wird in den W\u00e4ldern der Schweiz und Europas die grosse D\u00fcrre des vergangenen Jahres immer sp\u00fcrbarer.\" \/>\n<meta name=\"robots\" content=\"index, follow, max-snippet:-1, max-image-preview:large, max-video-preview:-1\" \/>\n<link rel=\"canonical\" href=\"https:\/\/news.save.ch\/de\/erhoehtes-unfallrisiko-infolge-trockenem-holz\/\" \/>\n<meta property=\"og:locale\" content=\"de_DE\" \/>\n<meta property=\"og:type\" content=\"article\" \/>\n<meta property=\"og:title\" content=\"Erh\u00f6htes Unfallrisiko infolge trockenem Holz - Save\" \/>\n<meta property=\"og:description\" content=\"Aktuell wird in den W\u00e4ldern der Schweiz und Europas die grosse D\u00fcrre des vergangenen Jahres immer sp\u00fcrbarer.\" \/>\n<meta property=\"og:url\" content=\"https:\/\/news.save.ch\/de\/erhoehtes-unfallrisiko-infolge-trockenem-holz\/\" \/>\n<meta property=\"og:site_name\" content=\"Save\" \/>\n<meta property=\"article:published_time\" content=\"2019-08-16T06:00:25+00:00\" \/>\n<meta property=\"article:modified_time\" content=\"2023-03-14T08:03:58+00:00\" \/>\n<meta property=\"og:image\" content=\"https:\/\/news.save.ch\/wp-content\/uploads\/2019\/08\/Wald-e1565857903406-scaled-1.jpg\" \/>\n\t<meta property=\"og:image:width\" content=\"800\" \/>\n\t<meta property=\"og:image:height\" content=\"1200\" \/>\n\t<meta property=\"og:image:type\" content=\"image\/jpeg\" \/>\n<meta name=\"author\" content=\"admin\" \/>\n<meta name=\"twitter:card\" content=\"summary_large_image\" \/>\n<meta name=\"twitter:label1\" content=\"Geschrieben von\" \/>\n\t<meta name=\"twitter:data1\" content=\"admin\" \/>\n\t<meta name=\"twitter:label2\" content=\"Gesch\u00e4tzte Lesezeit\" \/>\n\t<meta name=\"twitter:data2\" content=\"1\u00a0Minute\" \/>\n<script type=\"application\/ld+json\" class=\"yoast-schema-graph\">{\"@context\":\"https:\\\/\\\/schema.org\",\"@graph\":[{\"@type\":\"Article\",\"@id\":\"https:\\\/\\\/news.save.ch\\\/erhoehtes-unfallrisiko-infolge-trockenem-holz\\\/#article\",\"isPartOf\":{\"@id\":\"https:\\\/\\\/news.save.ch\\\/erhoehtes-unfallrisiko-infolge-trockenem-holz\\\/\"},\"author\":{\"name\":\"admin\",\"@id\":\"https:\\\/\\\/news.save.ch\\\/de\\\/#\\\/schema\\\/person\\\/d49e199490bad7c70d64b9ab51142f2b\"},\"headline\":\"Erh\u00f6htes Unfallrisiko infolge trockenem Holz\",\"datePublished\":\"2019-08-16T06:00:25+00:00\",\"dateModified\":\"2023-03-14T08:03:58+00:00\",\"mainEntityOfPage\":{\"@id\":\"https:\\\/\\\/news.save.ch\\\/erhoehtes-unfallrisiko-infolge-trockenem-holz\\\/\"},\"wordCount\":248,\"commentCount\":0,\"publisher\":{\"@id\":\"https:\\\/\\\/news.save.ch\\\/de\\\/#organization\"},\"image\":{\"@id\":\"https:\\\/\\\/news.save.ch\\\/erhoehtes-unfallrisiko-infolge-trockenem-holz\\\/#primaryimage\"},\"thumbnailUrl\":\"https:\\\/\\\/news.save.ch\\\/wp-content\\\/uploads\\\/2019\\\/08\\\/Wald-e1565857903406-scaled-1.jpg\",\"keywords\":[\"Arbeitssicherheit\",\"Brandschutz\",\"Bundesamt\",\"Pr\u00e4vention\",\"Sicherheit\",\"Unfallrisiko\",\"Veranstaltung\",\"Wald\"],\"articleSection\":[\"ALLGEMEIN\",\"HEALTH &amp; SAFETY\"],\"inLanguage\":\"de\"},{\"@type\":\"WebPage\",\"@id\":\"https:\\\/\\\/news.save.ch\\\/erhoehtes-unfallrisiko-infolge-trockenem-holz\\\/\",\"url\":\"https:\\\/\\\/news.save.ch\\\/erhoehtes-unfallrisiko-infolge-trockenem-holz\\\/\",\"name\":\"Erh\u00f6htes Unfallrisiko infolge trockenem Holz - Save\",\"isPartOf\":{\"@id\":\"https:\\\/\\\/news.save.ch\\\/de\\\/#website\"},\"primaryImageOfPage\":{\"@id\":\"https:\\\/\\\/news.save.ch\\\/erhoehtes-unfallrisiko-infolge-trockenem-holz\\\/#primaryimage\"},\"image\":{\"@id\":\"https:\\\/\\\/news.save.ch\\\/erhoehtes-unfallrisiko-infolge-trockenem-holz\\\/#primaryimage\"},\"thumbnailUrl\":\"https:\\\/\\\/news.save.ch\\\/wp-content\\\/uploads\\\/2019\\\/08\\\/Wald-e1565857903406-scaled-1.jpg\",\"datePublished\":\"2019-08-16T06:00:25+00:00\",\"dateModified\":\"2023-03-14T08:03:58+00:00\",\"description\":\"Aktuell wird in den W\u00e4ldern der Schweiz und Europas die grosse D\u00fcrre des vergangenen Jahres immer sp\u00fcrbarer.\",\"breadcrumb\":{\"@id\":\"https:\\\/\\\/news.save.ch\\\/erhoehtes-unfallrisiko-infolge-trockenem-holz\\\/#breadcrumb\"},\"inLanguage\":\"de\",\"potentialAction\":[{\"@type\":\"ReadAction\",\"target\":[\"https:\\\/\\\/news.save.ch\\\/erhoehtes-unfallrisiko-infolge-trockenem-holz\\\/\"]}]},{\"@type\":\"ImageObject\",\"inLanguage\":\"de\",\"@id\":\"https:\\\/\\\/news.save.ch\\\/erhoehtes-unfallrisiko-infolge-trockenem-holz\\\/#primaryimage\",\"url\":\"https:\\\/\\\/news.save.ch\\\/wp-content\\\/uploads\\\/2019\\\/08\\\/Wald-e1565857903406-scaled-1.jpg\",\"contentUrl\":\"https:\\\/\\\/news.save.ch\\\/wp-content\\\/uploads\\\/2019\\\/08\\\/Wald-e1565857903406-scaled-1.jpg\",\"width\":800,\"height\":1200,\"caption\":\"Vor Beginn der Arbeiten im Wald ist es unerl\u00e4sslich, die Situation und insbesondere den Zustand der stehenden B\u00e4ume zu beurteilen. \u00a9 BUL\"},{\"@type\":\"BreadcrumbList\",\"@id\":\"https:\\\/\\\/news.save.ch\\\/erhoehtes-unfallrisiko-infolge-trockenem-holz\\\/#breadcrumb\",\"itemListElement\":[{\"@type\":\"ListItem\",\"position\":1,\"name\":\"Home\",\"item\":\"https:\\\/\\\/news.save.ch\\\/de\\\/\"},{\"@type\":\"ListItem\",\"position\":2,\"name\":\"Erh\u00f6htes Unfallrisiko infolge trockenem Holz\"}]},{\"@type\":\"WebSite\",\"@id\":\"https:\\\/\\\/news.save.ch\\\/de\\\/#website\",\"url\":\"https:\\\/\\\/news.save.ch\\\/de\\\/\",\"name\":\"Save\",\"description\":\"Schweizer Fachzeitschrift f\u00fcr Sicherheit\",\"publisher\":{\"@id\":\"https:\\\/\\\/news.save.ch\\\/de\\\/#organization\"},\"potentialAction\":[{\"@type\":\"SearchAction\",\"target\":{\"@type\":\"EntryPoint\",\"urlTemplate\":\"https:\\\/\\\/news.save.ch\\\/de\\\/?s={search_term_string}\"},\"query-input\":{\"@type\":\"PropertyValueSpecification\",\"valueRequired\":true,\"valueName\":\"search_term_string\"}}],\"inLanguage\":\"de\"},{\"@type\":\"Organization\",\"@id\":\"https:\\\/\\\/news.save.ch\\\/de\\\/#organization\",\"name\":\"Sicherheitsforum\",\"url\":\"https:\\\/\\\/news.save.ch\\\/de\\\/\",\"logo\":{\"@type\":\"ImageObject\",\"inLanguage\":\"de\",\"@id\":\"https:\\\/\\\/news.save.ch\\\/de\\\/#\\\/schema\\\/logo\\\/image\\\/\",\"url\":\"https:\\\/\\\/news.save.ch\\\/wp-content\\\/uploads\\\/2022\\\/06\\\/Logo_SF_2012.png\",\"contentUrl\":\"https:\\\/\\\/news.save.ch\\\/wp-content\\\/uploads\\\/2022\\\/06\\\/Logo_SF_2012.png\",\"width\":1100,\"height\":91,\"caption\":\"Sicherheitsforum\"},\"image\":{\"@id\":\"https:\\\/\\\/news.save.ch\\\/de\\\/#\\\/schema\\\/logo\\\/image\\\/\"}},{\"@type\":\"Person\",\"@id\":\"https:\\\/\\\/news.save.ch\\\/de\\\/#\\\/schema\\\/person\\\/d49e199490bad7c70d64b9ab51142f2b\",\"name\":\"admin\",\"image\":{\"@type\":\"ImageObject\",\"inLanguage\":\"de\",\"@id\":\"https:\\\/\\\/secure.gravatar.com\\\/avatar\\\/ae2f4d718e6c49043e314ce431e7e645d646302a24a5ef5a8bc8e3f5a032e319?s=96&d=mm&r=g\",\"url\":\"https:\\\/\\\/secure.gravatar.com\\\/avatar\\\/ae2f4d718e6c49043e314ce431e7e645d646302a24a5ef5a8bc8e3f5a032e319?s=96&d=mm&r=g\",\"contentUrl\":\"https:\\\/\\\/secure.gravatar.com\\\/avatar\\\/ae2f4d718e6c49043e314ce431e7e645d646302a24a5ef5a8bc8e3f5a032e319?s=96&d=mm&r=g\",\"caption\":\"admin\"},\"sameAs\":[\"https:\\\/\\\/develop.organisator.galledia.ch\"],\"url\":\"https:\\\/\\\/news.save.ch\\\/de\\\/author\\\/admin\\\/\"}]}<\/script>\n<!-- \/ Yoast SEO plugin. -->","yoast_head_json":{"title":"Erh\u00f6htes Unfallrisiko infolge trockenem Holz - Save","description":"Aktuell wird in den W\u00e4ldern der Schweiz und Europas die grosse D\u00fcrre des vergangenen Jahres immer sp\u00fcrbarer.","robots":{"index":"index","follow":"follow","max-snippet":"max-snippet:-1","max-image-preview":"max-image-preview:large","max-video-preview":"max-video-preview:-1"},"canonical":"https:\/\/news.save.ch\/de\/erhoehtes-unfallrisiko-infolge-trockenem-holz\/","og_locale":"de_DE","og_type":"article","og_title":"Erh\u00f6htes Unfallrisiko infolge trockenem Holz - Save","og_description":"Aktuell wird in den W\u00e4ldern der Schweiz und Europas die grosse D\u00fcrre des vergangenen Jahres immer sp\u00fcrbarer.","og_url":"https:\/\/news.save.ch\/de\/erhoehtes-unfallrisiko-infolge-trockenem-holz\/","og_site_name":"Save","article_published_time":"2019-08-16T06:00:25+00:00","article_modified_time":"2023-03-14T08:03:58+00:00","og_image":[{"width":800,"height":1200,"url":"https:\/\/news.save.ch\/wp-content\/uploads\/2019\/08\/Wald-e1565857903406-scaled-1.jpg","type":"image\/jpeg"}],"author":"admin","twitter_card":"summary_large_image","twitter_misc":{"Geschrieben von":"admin","Gesch\u00e4tzte Lesezeit":"1\u00a0Minute"},"schema":{"@context":"https:\/\/schema.org","@graph":[{"@type":"Article","@id":"https:\/\/news.save.ch\/erhoehtes-unfallrisiko-infolge-trockenem-holz\/#article","isPartOf":{"@id":"https:\/\/news.save.ch\/erhoehtes-unfallrisiko-infolge-trockenem-holz\/"},"author":{"name":"admin","@id":"https:\/\/news.save.ch\/de\/#\/schema\/person\/d49e199490bad7c70d64b9ab51142f2b"},"headline":"Erh\u00f6htes Unfallrisiko infolge trockenem Holz","datePublished":"2019-08-16T06:00:25+00:00","dateModified":"2023-03-14T08:03:58+00:00","mainEntityOfPage":{"@id":"https:\/\/news.save.ch\/erhoehtes-unfallrisiko-infolge-trockenem-holz\/"},"wordCount":248,"commentCount":0,"publisher":{"@id":"https:\/\/news.save.ch\/de\/#organization"},"image":{"@id":"https:\/\/news.save.ch\/erhoehtes-unfallrisiko-infolge-trockenem-holz\/#primaryimage"},"thumbnailUrl":"https:\/\/news.save.ch\/wp-content\/uploads\/2019\/08\/Wald-e1565857903406-scaled-1.jpg","keywords":["Arbeitssicherheit","Brandschutz","Bundesamt","Pr\u00e4vention","Sicherheit","Unfallrisiko","Veranstaltung","Wald"],"articleSection":["ALLGEMEIN","HEALTH &amp; SAFETY"],"inLanguage":"de"},{"@type":"WebPage","@id":"https:\/\/news.save.ch\/erhoehtes-unfallrisiko-infolge-trockenem-holz\/","url":"https:\/\/news.save.ch\/erhoehtes-unfallrisiko-infolge-trockenem-holz\/","name":"Erh\u00f6htes Unfallrisiko infolge trockenem Holz - Save","isPartOf":{"@id":"https:\/\/news.save.ch\/de\/#website"},"primaryImageOfPage":{"@id":"https:\/\/news.save.ch\/erhoehtes-unfallrisiko-infolge-trockenem-holz\/#primaryimage"},"image":{"@id":"https:\/\/news.save.ch\/erhoehtes-unfallrisiko-infolge-trockenem-holz\/#primaryimage"},"thumbnailUrl":"https:\/\/news.save.ch\/wp-content\/uploads\/2019\/08\/Wald-e1565857903406-scaled-1.jpg","datePublished":"2019-08-16T06:00:25+00:00","dateModified":"2023-03-14T08:03:58+00:00","description":"Aktuell wird in den W\u00e4ldern der Schweiz und Europas die grosse D\u00fcrre des vergangenen Jahres immer sp\u00fcrbarer.","breadcrumb":{"@id":"https:\/\/news.save.ch\/erhoehtes-unfallrisiko-infolge-trockenem-holz\/#breadcrumb"},"inLanguage":"de","potentialAction":[{"@type":"ReadAction","target":["https:\/\/news.save.ch\/erhoehtes-unfallrisiko-infolge-trockenem-holz\/"]}]},{"@type":"ImageObject","inLanguage":"de","@id":"https:\/\/news.save.ch\/erhoehtes-unfallrisiko-infolge-trockenem-holz\/#primaryimage","url":"https:\/\/news.save.ch\/wp-content\/uploads\/2019\/08\/Wald-e1565857903406-scaled-1.jpg","contentUrl":"https:\/\/news.save.ch\/wp-content\/uploads\/2019\/08\/Wald-e1565857903406-scaled-1.jpg","width":800,"height":1200,"caption":"Vor Beginn der Arbeiten im Wald ist es unerl\u00e4sslich, die Situation und insbesondere den Zustand der stehenden B\u00e4ume zu beurteilen. \u00a9 BUL"},{"@type":"BreadcrumbList","@id":"https:\/\/news.save.ch\/erhoehtes-unfallrisiko-infolge-trockenem-holz\/#breadcrumb","itemListElement":[{"@type":"ListItem","position":1,"name":"Home","item":"https:\/\/news.save.ch\/de\/"},{"@type":"ListItem","position":2,"name":"Erh\u00f6htes Unfallrisiko infolge trockenem Holz"}]},{"@type":"WebSite","@id":"https:\/\/news.save.ch\/de\/#website","url":"https:\/\/news.save.ch\/de\/","name":"Save","description":"Schweizer Fachzeitschrift f\u00fcr Sicherheit","publisher":{"@id":"https:\/\/news.save.ch\/de\/#organization"},"potentialAction":[{"@type":"SearchAction","target":{"@type":"EntryPoint","urlTemplate":"https:\/\/news.save.ch\/de\/?s={search_term_string}"},"query-input":{"@type":"PropertyValueSpecification","valueRequired":true,"valueName":"search_term_string"}}],"inLanguage":"de"},{"@type":"Organization","@id":"https:\/\/news.save.ch\/de\/#organization","name":"Sicherheitsforum","url":"https:\/\/news.save.ch\/de\/","logo":{"@type":"ImageObject","inLanguage":"de","@id":"https:\/\/news.save.ch\/de\/#\/schema\/logo\/image\/","url":"https:\/\/news.save.ch\/wp-content\/uploads\/2022\/06\/Logo_SF_2012.png","contentUrl":"https:\/\/news.save.ch\/wp-content\/uploads\/2022\/06\/Logo_SF_2012.png","width":1100,"height":91,"caption":"Sicherheitsforum"},"image":{"@id":"https:\/\/news.save.ch\/de\/#\/schema\/logo\/image\/"}},{"@type":"Person","@id":"https:\/\/news.save.ch\/de\/#\/schema\/person\/d49e199490bad7c70d64b9ab51142f2b","name":"admin","image":{"@type":"ImageObject","inLanguage":"de","@id":"https:\/\/secure.gravatar.com\/avatar\/ae2f4d718e6c49043e314ce431e7e645d646302a24a5ef5a8bc8e3f5a032e319?s=96&d=mm&r=g","url":"https:\/\/secure.gravatar.com\/avatar\/ae2f4d718e6c49043e314ce431e7e645d646302a24a5ef5a8bc8e3f5a032e319?s=96&d=mm&r=g","contentUrl":"https:\/\/secure.gravatar.com\/avatar\/ae2f4d718e6c49043e314ce431e7e645d646302a24a5ef5a8bc8e3f5a032e319?s=96&d=mm&r=g","caption":"admin"},"sameAs":["https:\/\/develop.organisator.galledia.ch"],"url":"https:\/\/news.save.ch\/de\/author\/admin\/"}]}},"_links":{"self":[{"href":"https:\/\/news.save.ch\/de\/wp-json\/wp\/v2\/posts\/4485","targetHints":{"allow":["GET"]}}],"collection":[{"href":"https:\/\/news.save.ch\/de\/wp-json\/wp\/v2\/posts"}],"about":[{"href":"https:\/\/news.save.ch\/de\/wp-json\/wp\/v2\/types\/post"}],"author":[{"embeddable":true,"href":"https:\/\/news.save.ch\/de\/wp-json\/wp\/v2\/users\/1"}],"replies":[{"embeddable":true,"href":"https:\/\/news.save.ch\/de\/wp-json\/wp\/v2\/comments?post=4485"}],"version-history":[{"count":1,"href":"https:\/\/news.save.ch\/de\/wp-json\/wp\/v2\/posts\/4485\/revisions"}],"predecessor-version":[{"id":18245,"href":"https:\/\/news.save.ch\/de\/wp-json\/wp\/v2\/posts\/4485\/revisions\/18245"}],"wp:featuredmedia":[{"embeddable":true,"href":"https:\/\/news.save.ch\/de\/wp-json\/wp\/v2\/media\/4486"}],"wp:attachment":[{"href":"https:\/\/news.save.ch\/de\/wp-json\/wp\/v2\/media?parent=4485"}],"wp:term":[{"taxonomy":"category","embeddable":true,"href":"https:\/\/news.save.ch\/de\/wp-json\/wp\/v2\/categories?post=4485"},{"taxonomy":"post_tag","embeddable":true,"href":"https:\/\/news.save.ch\/de\/wp-json\/wp\/v2\/tags?post=4485"}],"curies":[{"name":"wp","href":"https:\/\/api.w.org\/{rel}","templated":true}]}}