{"id":4510,"date":"2017-03-20T16:33:10","date_gmt":"2017-03-20T15:33:10","guid":{"rendered":"https:\/\/news.save.ch\/?p=4510"},"modified":"2023-03-14T08:59:22","modified_gmt":"2023-03-14T07:59:22","slug":"sbb-transportpolizei-testet-bodycams","status":null,"type":"post","link":"https:\/\/news.save.ch\/de\/sbb-transportpolizei-testet-bodycams\/","title":{"rendered":"SBB-Transportpolizei testet Bodycams"},"content":{"rendered":"<figure id=\"attachment_4511\" aria-describedby=\"caption-attachment-4511\" style=\"width: 680px\" class=\"wp-caption aligncenter\"><img loading=\"lazy\" decoding=\"async\" class=\"size-medium wp-image-4511\" src=\"https:\/\/news.save.ch\/wp-content\/uploads\/2017\/03\/Bild-SBB-Bodycam-scaled-1.jpg\" alt=\"\" width=\"680\" height=\"454\" \/><figcaption id=\"caption-attachment-4511\" class=\"wp-caption-text\">Eine Transportpolizistin, ausger\u00fcstet mit einer Bodycam. Foto: SBB, Christian Beutler<\/figcaption><\/figure>\n<p>Die Transportpolizei der SBB (TPO) sorgt in Schweizer Bahnh\u00f6fen und \u00f6ffentlichen Verkehrsmitteln verschiedener Schweizer Transportunternehmungen f\u00fcr Sicherheit und Ordnung. Dabei arbeitet sie eng mit den Polizeikorps und den zust\u00e4ndigen Beh\u00f6rden der Kantone und St\u00e4dte zusammen. In diesem Zusammenhang f\u00fchrt sie parallel zur Stadtpolizei Z\u00fcrich einen Pilot mit Bodycams durch, wie die SBB heute mitgeteilt haben. Zur Sicherstellung einer nationalen Abdeckung werde man ab dem 20. M\u00e4rz 2017 an den St\u00fctzpunkten Z\u00fcrich und Lausanne zwei Kameras je Standort testen.<\/p>\n<p><strong>TPO ist gekennzeichnet<\/strong><br \/>\nTransportpolizisten, welche mit einer Bodycam ausger\u00fcstet seien, m\u00fcssten entsprechend gekennzeichnet und erkennbar sein. Zudem m\u00fcssten Betroffene eine laufende Aufzeichnung erkennen k\u00f6nnen. Die Transportpolizisten setzen die Bodycam nach eigenem Ermessen und priorit\u00e4r zum Eigenschutz und wenn n\u00f6tig zur Beweissicherung ein, wie es ferner heisst.<br \/>\nDer 30 Wochen dauernde Pilotversuch mit handels\u00fcblichen Kameras werde, gleich wie bei der Stadtpolizei Z\u00fcrich, wissenschaftlich begleitet. Die TPO lege dem Eidgen\u00f6ssische Datenschutz- und \u00d6ffentlichkeitsbeauftragte nach der Pilotphase einen Evaluationsbericht vor.<br \/>\nDie Sicherheitslage rund um den Bahnhof habe sich in den letzten Jahren nicht grunds\u00e4tzlich ver\u00e4ndert, so die SBB. Die Passagiere f\u00fchlten sich nach wie vor sicher. Es sei jedoch in den vergangenen Jahren immer wieder zu \u00dcbergriffen oder ungerechtfertigten Anschuldigungen gegen\u00fcber Transportpolizisten, dem Zugpersonal, SBB-Mitarbeitenden und weiteren Sicherheitsorganen im \u00f6ffentlichen Verkehr gekommen. Laut Bahnunternehmen will man mit dem Versuch unter anderem aufzeigen, ob mit dem Einsatz von Bodycams die \u00dcbergriffe verringert werden k\u00f6nnen.<\/p>\n<p><strong>SBB-Sicherheitsstrategie: Auch Video\u00fcberwachung geh\u00f6rt dazu<\/strong><\/p>\n<p>Die SBB setze seit Jahren auf die Strategie \u00abPr\u00e4vention-Dissuasion-Repression\u00bb. In der Pr\u00e4vention setze man mit dem Programm \u00ab<a href=\"https:\/\/www.sbb.ch\/sbb-konzern\/ueber-die-sbb\/die-sbb-bewegt-die-schweiz\/die-sbb-und-ihre-kunden\/die-sbb-und-die-sicherheit\/railfair.html\">RailFair<\/a>\u00bb auf \u00abVorbeugen durch Mediation Konfliktvermittlung\u00bb. Die Dissuasion besteht aus uniformierter Pr\u00e4senz, dazu kommt als technisches Hilfsmittel die Video\u00fcberwachung, betont das Bahnunternehmen. Die Transportpolizei bilde die Repression. Die professionellen Kr\u00e4fte intervenieren bei Straftaten und sorgen f\u00fcr die Einleitung der n\u00f6tigen rechtlichen Schritte, wie es abschliessend heisst.<\/p>\n","protected":false},"excerpt":{"rendered":"<p>Die Transportpolizei der SBB (TPO) sorgt in Schweizer Bahnh\u00f6fen und \u00f6ffentlichen Verkehrsmitteln verschiedener Schweizer Transportunternehmungen f\u00fcr Sicherheit und Ordnung. Dabei arbeitet sie eng mit den Polizeikorps und den zust\u00e4ndigen Beh\u00f6rden der Kantone und St\u00e4dte zusammen. In diesem Zusammenhang f\u00fchrt sie parallel zur Stadtpolizei Z\u00fcrich einen Pilot mit Bodycams durch, wie die SBB heute mitgeteilt haben. [&hellip;]<\/p>\n","protected":false},"author":8,"featured_media":4512,"comment_status":"open","ping_status":"open","sticky":false,"template":"","format":"standard","meta":{"_acf_changed":false,"pgc_sgb_lightbox_settings":"","footnotes":""},"categories":[3312],"tags":[69,78],"class_list":["post-4510","post","type-post","status-publish","format-standard","has-post-thumbnail","hentry","category-sicherheit","tag-justiz-polizei","tag-videoueberwachung"],"acf":[],"hkrextid":null,"publication":null,"issue":null,"workflow":null,"startPage":null,"spitzmarke":null,"_posts_by_tag_page_fields":{"widget_title":"","widget_tags":""},"_at_widget":"1","_yoast_wpseo_primary_category":"529","_yoast_wpseo_focuskw_text_input":"Bodycams","_yoast_wpseo_opengraph-image":null,"_yoast_wpseo_opengraph-description":null,"_yoast_wpseo_opengraph-title":null,"enclosure":null,"_yoast_wpseo_twitter-title":null,"_yoast_wpseo_twitter-description":null,"_yoast_wpseo_twitter-image":null,"_wp_old_slug":null,"_yoast_wpseo_title":null,"_yoast_wpseo_canonical":null,"yoast_head":"<!-- This site is optimized with the Yoast SEO plugin v27.5 - https:\/\/yoast.com\/product\/yoast-seo-wordpress\/ -->\n<title>SBB-Transportpolizei testet Bodycams - Save<\/title>\n<meta name=\"description\" content=\"Auch die Transportpolizei SBB testet in den n\u00e4chsten Monaten in Z\u00fcrich und Lausanne den Einsatz von Bodycams. Es handelt sich um einen Pilotversuch.\" \/>\n<meta name=\"robots\" content=\"index, follow, max-snippet:-1, max-image-preview:large, max-video-preview:-1\" \/>\n<link rel=\"canonical\" href=\"https:\/\/news.save.ch\/de\/sbb-transportpolizei-testet-bodycams\/\" \/>\n<meta property=\"og:locale\" content=\"de_DE\" \/>\n<meta property=\"og:type\" content=\"article\" \/>\n<meta property=\"og:title\" content=\"SBB-Transportpolizei testet Bodycams - Save\" \/>\n<meta property=\"og:description\" content=\"Auch die Transportpolizei SBB testet in den n\u00e4chsten Monaten in Z\u00fcrich und Lausanne den Einsatz von Bodycams. Es handelt sich um einen Pilotversuch.\" \/>\n<meta property=\"og:url\" content=\"https:\/\/news.save.ch\/de\/sbb-transportpolizei-testet-bodycams\/\" \/>\n<meta property=\"og:site_name\" content=\"Save\" \/>\n<meta property=\"article:published_time\" content=\"2017-03-20T15:33:10+00:00\" \/>\n<meta property=\"article:modified_time\" content=\"2023-03-14T07:59:22+00:00\" \/>\n<meta property=\"og:image\" content=\"https:\/\/news.save.ch\/wp-content\/uploads\/2017\/03\/sbb-video-scaled-1-scaled.jpg\" \/>\n\t<meta property=\"og:image:width\" content=\"1400\" \/>\n\t<meta property=\"og:image:height\" content=\"935\" \/>\n\t<meta property=\"og:image:type\" content=\"image\/jpeg\" \/>\n<meta name=\"author\" content=\"Roger Str\u00e4ssle\" \/>\n<meta name=\"twitter:card\" content=\"summary_large_image\" \/>\n<meta name=\"twitter:label1\" content=\"Geschrieben von\" \/>\n\t<meta name=\"twitter:data1\" content=\"Roger Str\u00e4ssle\" \/>\n\t<meta name=\"twitter:label2\" content=\"Gesch\u00e4tzte Lesezeit\" \/>\n\t<meta name=\"twitter:data2\" content=\"2\u00a0Minuten\" \/>\n<script type=\"application\/ld+json\" class=\"yoast-schema-graph\">{\"@context\":\"https:\\\/\\\/schema.org\",\"@graph\":[{\"@type\":\"Article\",\"@id\":\"https:\\\/\\\/news.save.ch\\\/sbb-transportpolizei-testet-bodycams\\\/#article\",\"isPartOf\":{\"@id\":\"https:\\\/\\\/news.save.ch\\\/sbb-transportpolizei-testet-bodycams\\\/\"},\"author\":{\"name\":\"Roger Str\u00e4ssle\",\"@id\":\"https:\\\/\\\/news.save.ch\\\/de\\\/#\\\/schema\\\/person\\\/d5022db048e0e2b9785c50e5b24da5aa\"},\"headline\":\"SBB-Transportpolizei testet Bodycams\",\"datePublished\":\"2017-03-20T15:33:10+00:00\",\"dateModified\":\"2023-03-14T07:59:22+00:00\",\"mainEntityOfPage\":{\"@id\":\"https:\\\/\\\/news.save.ch\\\/sbb-transportpolizei-testet-bodycams\\\/\"},\"wordCount\":347,\"commentCount\":0,\"publisher\":{\"@id\":\"https:\\\/\\\/news.save.ch\\\/de\\\/#organization\"},\"image\":{\"@id\":\"https:\\\/\\\/news.save.ch\\\/sbb-transportpolizei-testet-bodycams\\\/#primaryimage\"},\"thumbnailUrl\":\"https:\\\/\\\/news.save.ch\\\/wp-content\\\/uploads\\\/2017\\\/03\\\/sbb-video-scaled-1-scaled.jpg\",\"keywords\":[\"Justiz &amp; Polizei\",\"Video\u00fcberwachung\"],\"articleSection\":[\"SICHERHEIT\"],\"inLanguage\":\"de\"},{\"@type\":\"WebPage\",\"@id\":\"https:\\\/\\\/news.save.ch\\\/sbb-transportpolizei-testet-bodycams\\\/\",\"url\":\"https:\\\/\\\/news.save.ch\\\/sbb-transportpolizei-testet-bodycams\\\/\",\"name\":\"SBB-Transportpolizei testet Bodycams - Save\",\"isPartOf\":{\"@id\":\"https:\\\/\\\/news.save.ch\\\/de\\\/#website\"},\"primaryImageOfPage\":{\"@id\":\"https:\\\/\\\/news.save.ch\\\/sbb-transportpolizei-testet-bodycams\\\/#primaryimage\"},\"image\":{\"@id\":\"https:\\\/\\\/news.save.ch\\\/sbb-transportpolizei-testet-bodycams\\\/#primaryimage\"},\"thumbnailUrl\":\"https:\\\/\\\/news.save.ch\\\/wp-content\\\/uploads\\\/2017\\\/03\\\/sbb-video-scaled-1-scaled.jpg\",\"datePublished\":\"2017-03-20T15:33:10+00:00\",\"dateModified\":\"2023-03-14T07:59:22+00:00\",\"description\":\"Auch die Transportpolizei SBB testet in den n\u00e4chsten Monaten in Z\u00fcrich und Lausanne den Einsatz von Bodycams. Es handelt sich um einen Pilotversuch.\",\"breadcrumb\":{\"@id\":\"https:\\\/\\\/news.save.ch\\\/sbb-transportpolizei-testet-bodycams\\\/#breadcrumb\"},\"inLanguage\":\"de\",\"potentialAction\":[{\"@type\":\"ReadAction\",\"target\":[\"https:\\\/\\\/news.save.ch\\\/sbb-transportpolizei-testet-bodycams\\\/\"]}]},{\"@type\":\"ImageObject\",\"inLanguage\":\"de\",\"@id\":\"https:\\\/\\\/news.save.ch\\\/sbb-transportpolizei-testet-bodycams\\\/#primaryimage\",\"url\":\"https:\\\/\\\/news.save.ch\\\/wp-content\\\/uploads\\\/2017\\\/03\\\/sbb-video-scaled-1-scaled.jpg\",\"contentUrl\":\"https:\\\/\\\/news.save.ch\\\/wp-content\\\/uploads\\\/2017\\\/03\\\/sbb-video-scaled-1-scaled.jpg\",\"width\":1400,\"height\":935,\"caption\":\"Foto: SBB, Christian Beutler)\"},{\"@type\":\"BreadcrumbList\",\"@id\":\"https:\\\/\\\/news.save.ch\\\/sbb-transportpolizei-testet-bodycams\\\/#breadcrumb\",\"itemListElement\":[{\"@type\":\"ListItem\",\"position\":1,\"name\":\"Home\",\"item\":\"https:\\\/\\\/news.save.ch\\\/de\\\/\"},{\"@type\":\"ListItem\",\"position\":2,\"name\":\"SBB-Transportpolizei testet Bodycams\"}]},{\"@type\":\"WebSite\",\"@id\":\"https:\\\/\\\/news.save.ch\\\/de\\\/#website\",\"url\":\"https:\\\/\\\/news.save.ch\\\/de\\\/\",\"name\":\"Save\",\"description\":\"Schweizer Fachzeitschrift f\u00fcr Sicherheit\",\"publisher\":{\"@id\":\"https:\\\/\\\/news.save.ch\\\/de\\\/#organization\"},\"potentialAction\":[{\"@type\":\"SearchAction\",\"target\":{\"@type\":\"EntryPoint\",\"urlTemplate\":\"https:\\\/\\\/news.save.ch\\\/de\\\/?s={search_term_string}\"},\"query-input\":{\"@type\":\"PropertyValueSpecification\",\"valueRequired\":true,\"valueName\":\"search_term_string\"}}],\"inLanguage\":\"de\"},{\"@type\":\"Organization\",\"@id\":\"https:\\\/\\\/news.save.ch\\\/de\\\/#organization\",\"name\":\"Sicherheitsforum\",\"url\":\"https:\\\/\\\/news.save.ch\\\/de\\\/\",\"logo\":{\"@type\":\"ImageObject\",\"inLanguage\":\"de\",\"@id\":\"https:\\\/\\\/news.save.ch\\\/de\\\/#\\\/schema\\\/logo\\\/image\\\/\",\"url\":\"https:\\\/\\\/news.save.ch\\\/wp-content\\\/uploads\\\/2022\\\/06\\\/Logo_SF_2012.png\",\"contentUrl\":\"https:\\\/\\\/news.save.ch\\\/wp-content\\\/uploads\\\/2022\\\/06\\\/Logo_SF_2012.png\",\"width\":1100,\"height\":91,\"caption\":\"Sicherheitsforum\"},\"image\":{\"@id\":\"https:\\\/\\\/news.save.ch\\\/de\\\/#\\\/schema\\\/logo\\\/image\\\/\"}},{\"@type\":\"Person\",\"@id\":\"https:\\\/\\\/news.save.ch\\\/de\\\/#\\\/schema\\\/person\\\/d5022db048e0e2b9785c50e5b24da5aa\",\"name\":\"Roger Str\u00e4ssle\",\"image\":{\"@type\":\"ImageObject\",\"inLanguage\":\"de\",\"@id\":\"https:\\\/\\\/secure.gravatar.com\\\/avatar\\\/862a5569d087de48e5856e32f45d719a03804c891d6deb8d4f71a660e79e4a47?s=96&d=mm&r=g\",\"url\":\"https:\\\/\\\/secure.gravatar.com\\\/avatar\\\/862a5569d087de48e5856e32f45d719a03804c891d6deb8d4f71a660e79e4a47?s=96&d=mm&r=g\",\"contentUrl\":\"https:\\\/\\\/secure.gravatar.com\\\/avatar\\\/862a5569d087de48e5856e32f45d719a03804c891d6deb8d4f71a660e79e4a47?s=96&d=mm&r=g\",\"caption\":\"Roger Str\u00e4ssle\"},\"url\":\"https:\\\/\\\/news.save.ch\\\/de\\\/author\\\/roger-straessle\\\/\"}]}<\/script>\n<!-- \/ Yoast SEO plugin. -->","yoast_head_json":{"title":"SBB-Transportpolizei testet Bodycams - Save","description":"Auch die Transportpolizei SBB testet in den n\u00e4chsten Monaten in Z\u00fcrich und Lausanne den Einsatz von Bodycams. Es handelt sich um einen Pilotversuch.","robots":{"index":"index","follow":"follow","max-snippet":"max-snippet:-1","max-image-preview":"max-image-preview:large","max-video-preview":"max-video-preview:-1"},"canonical":"https:\/\/news.save.ch\/de\/sbb-transportpolizei-testet-bodycams\/","og_locale":"de_DE","og_type":"article","og_title":"SBB-Transportpolizei testet Bodycams - Save","og_description":"Auch die Transportpolizei SBB testet in den n\u00e4chsten Monaten in Z\u00fcrich und Lausanne den Einsatz von Bodycams. Es handelt sich um einen Pilotversuch.","og_url":"https:\/\/news.save.ch\/de\/sbb-transportpolizei-testet-bodycams\/","og_site_name":"Save","article_published_time":"2017-03-20T15:33:10+00:00","article_modified_time":"2023-03-14T07:59:22+00:00","og_image":[{"width":1400,"height":935,"url":"https:\/\/news.save.ch\/wp-content\/uploads\/2017\/03\/sbb-video-scaled-1-scaled.jpg","type":"image\/jpeg"}],"author":"Roger Str\u00e4ssle","twitter_card":"summary_large_image","twitter_misc":{"Geschrieben von":"Roger Str\u00e4ssle","Gesch\u00e4tzte Lesezeit":"2\u00a0Minuten"},"schema":{"@context":"https:\/\/schema.org","@graph":[{"@type":"Article","@id":"https:\/\/news.save.ch\/sbb-transportpolizei-testet-bodycams\/#article","isPartOf":{"@id":"https:\/\/news.save.ch\/sbb-transportpolizei-testet-bodycams\/"},"author":{"name":"Roger Str\u00e4ssle","@id":"https:\/\/news.save.ch\/de\/#\/schema\/person\/d5022db048e0e2b9785c50e5b24da5aa"},"headline":"SBB-Transportpolizei testet Bodycams","datePublished":"2017-03-20T15:33:10+00:00","dateModified":"2023-03-14T07:59:22+00:00","mainEntityOfPage":{"@id":"https:\/\/news.save.ch\/sbb-transportpolizei-testet-bodycams\/"},"wordCount":347,"commentCount":0,"publisher":{"@id":"https:\/\/news.save.ch\/de\/#organization"},"image":{"@id":"https:\/\/news.save.ch\/sbb-transportpolizei-testet-bodycams\/#primaryimage"},"thumbnailUrl":"https:\/\/news.save.ch\/wp-content\/uploads\/2017\/03\/sbb-video-scaled-1-scaled.jpg","keywords":["Justiz &amp; Polizei","Video\u00fcberwachung"],"articleSection":["SICHERHEIT"],"inLanguage":"de"},{"@type":"WebPage","@id":"https:\/\/news.save.ch\/sbb-transportpolizei-testet-bodycams\/","url":"https:\/\/news.save.ch\/sbb-transportpolizei-testet-bodycams\/","name":"SBB-Transportpolizei testet Bodycams - Save","isPartOf":{"@id":"https:\/\/news.save.ch\/de\/#website"},"primaryImageOfPage":{"@id":"https:\/\/news.save.ch\/sbb-transportpolizei-testet-bodycams\/#primaryimage"},"image":{"@id":"https:\/\/news.save.ch\/sbb-transportpolizei-testet-bodycams\/#primaryimage"},"thumbnailUrl":"https:\/\/news.save.ch\/wp-content\/uploads\/2017\/03\/sbb-video-scaled-1-scaled.jpg","datePublished":"2017-03-20T15:33:10+00:00","dateModified":"2023-03-14T07:59:22+00:00","description":"Auch die Transportpolizei SBB testet in den n\u00e4chsten Monaten in Z\u00fcrich und Lausanne den Einsatz von Bodycams. Es handelt sich um einen Pilotversuch.","breadcrumb":{"@id":"https:\/\/news.save.ch\/sbb-transportpolizei-testet-bodycams\/#breadcrumb"},"inLanguage":"de","potentialAction":[{"@type":"ReadAction","target":["https:\/\/news.save.ch\/sbb-transportpolizei-testet-bodycams\/"]}]},{"@type":"ImageObject","inLanguage":"de","@id":"https:\/\/news.save.ch\/sbb-transportpolizei-testet-bodycams\/#primaryimage","url":"https:\/\/news.save.ch\/wp-content\/uploads\/2017\/03\/sbb-video-scaled-1-scaled.jpg","contentUrl":"https:\/\/news.save.ch\/wp-content\/uploads\/2017\/03\/sbb-video-scaled-1-scaled.jpg","width":1400,"height":935,"caption":"Foto: SBB, Christian Beutler)"},{"@type":"BreadcrumbList","@id":"https:\/\/news.save.ch\/sbb-transportpolizei-testet-bodycams\/#breadcrumb","itemListElement":[{"@type":"ListItem","position":1,"name":"Home","item":"https:\/\/news.save.ch\/de\/"},{"@type":"ListItem","position":2,"name":"SBB-Transportpolizei testet Bodycams"}]},{"@type":"WebSite","@id":"https:\/\/news.save.ch\/de\/#website","url":"https:\/\/news.save.ch\/de\/","name":"Save","description":"Schweizer Fachzeitschrift f\u00fcr Sicherheit","publisher":{"@id":"https:\/\/news.save.ch\/de\/#organization"},"potentialAction":[{"@type":"SearchAction","target":{"@type":"EntryPoint","urlTemplate":"https:\/\/news.save.ch\/de\/?s={search_term_string}"},"query-input":{"@type":"PropertyValueSpecification","valueRequired":true,"valueName":"search_term_string"}}],"inLanguage":"de"},{"@type":"Organization","@id":"https:\/\/news.save.ch\/de\/#organization","name":"Sicherheitsforum","url":"https:\/\/news.save.ch\/de\/","logo":{"@type":"ImageObject","inLanguage":"de","@id":"https:\/\/news.save.ch\/de\/#\/schema\/logo\/image\/","url":"https:\/\/news.save.ch\/wp-content\/uploads\/2022\/06\/Logo_SF_2012.png","contentUrl":"https:\/\/news.save.ch\/wp-content\/uploads\/2022\/06\/Logo_SF_2012.png","width":1100,"height":91,"caption":"Sicherheitsforum"},"image":{"@id":"https:\/\/news.save.ch\/de\/#\/schema\/logo\/image\/"}},{"@type":"Person","@id":"https:\/\/news.save.ch\/de\/#\/schema\/person\/d5022db048e0e2b9785c50e5b24da5aa","name":"Roger Str\u00e4ssle","image":{"@type":"ImageObject","inLanguage":"de","@id":"https:\/\/secure.gravatar.com\/avatar\/862a5569d087de48e5856e32f45d719a03804c891d6deb8d4f71a660e79e4a47?s=96&d=mm&r=g","url":"https:\/\/secure.gravatar.com\/avatar\/862a5569d087de48e5856e32f45d719a03804c891d6deb8d4f71a660e79e4a47?s=96&d=mm&r=g","contentUrl":"https:\/\/secure.gravatar.com\/avatar\/862a5569d087de48e5856e32f45d719a03804c891d6deb8d4f71a660e79e4a47?s=96&d=mm&r=g","caption":"Roger Str\u00e4ssle"},"url":"https:\/\/news.save.ch\/de\/author\/roger-straessle\/"}]}},"_links":{"self":[{"href":"https:\/\/news.save.ch\/de\/wp-json\/wp\/v2\/posts\/4510","targetHints":{"allow":["GET"]}}],"collection":[{"href":"https:\/\/news.save.ch\/de\/wp-json\/wp\/v2\/posts"}],"about":[{"href":"https:\/\/news.save.ch\/de\/wp-json\/wp\/v2\/types\/post"}],"author":[{"embeddable":true,"href":"https:\/\/news.save.ch\/de\/wp-json\/wp\/v2\/users\/8"}],"replies":[{"embeddable":true,"href":"https:\/\/news.save.ch\/de\/wp-json\/wp\/v2\/comments?post=4510"}],"version-history":[{"count":1,"href":"https:\/\/news.save.ch\/de\/wp-json\/wp\/v2\/posts\/4510\/revisions"}],"predecessor-version":[{"id":17939,"href":"https:\/\/news.save.ch\/de\/wp-json\/wp\/v2\/posts\/4510\/revisions\/17939"}],"wp:featuredmedia":[{"embeddable":true,"href":"https:\/\/news.save.ch\/de\/wp-json\/wp\/v2\/media\/4512"}],"wp:attachment":[{"href":"https:\/\/news.save.ch\/de\/wp-json\/wp\/v2\/media?parent=4510"}],"wp:term":[{"taxonomy":"category","embeddable":true,"href":"https:\/\/news.save.ch\/de\/wp-json\/wp\/v2\/categories?post=4510"},{"taxonomy":"post_tag","embeddable":true,"href":"https:\/\/news.save.ch\/de\/wp-json\/wp\/v2\/tags?post=4510"}],"curies":[{"name":"wp","href":"https:\/\/api.w.org\/{rel}","templated":true}]}}