{"id":4531,"date":"2019-09-04T08:00:10","date_gmt":"2019-09-04T06:00:10","guid":{"rendered":"https:\/\/news.save.ch\/?p=4531"},"modified":"2023-03-14T09:03:57","modified_gmt":"2023-03-14T08:03:57","slug":"impfen-muss-freiwillig-bleiben","status":null,"type":"post","link":"https:\/\/news.save.ch\/de\/impfen-muss-freiwillig-bleiben\/","title":{"rendered":"Impfen muss freiwillig bleiben!"},"content":{"rendered":"<figure id=\"attachment_4532\" aria-describedby=\"caption-attachment-4532\" style=\"width: 680px\" class=\"wp-caption alignnone\"><img loading=\"lazy\" decoding=\"async\" class=\"size-medium wp-image-4532\" src=\"http:\/\/develop.safety-plus.ch\/wp-content\/uploads\/2019\/09\/Depositphotos_Esbenklinker.jpg\" alt=\"\" width=\"680\" height=\"453\" \/><figcaption id=\"caption-attachment-4532\" class=\"wp-caption-text\">Medizinisches Personal, Kita-Kinder und schulpflichtige Kinder, sowie Lehrer und Erzieher sollen in Deutschland ab 2020 zwangsgeimpft werden. \u00a9 Depositphotos\/Esbenklinker<\/figcaption><\/figure>\n<p>Wer die <a href=\"https:\/\/news.save.ch\/petition-deutschland-braucht-keine-impfpflicht\/\" target=\"_blank\" rel=\"noopener\">Impfung<\/a> ablehnt, wird mit Zwangsgeldern belegt. Weder \u00c4rzte noch Beh\u00f6rden kennen die genauen Inhaltsstoffe der <a href=\"https:\/\/news.save.ch\/masernfaelle-haeufen-sich-jetzt-impfstatus-ueberpruefen\/\" target=\"_blank\" rel=\"noopener\">Impfungen<\/a>, denn sie fallen zum grossen Teil unter das Betriebsgeheimnis der Hersteller. Unabh\u00e4ngige Untersuchungen werden von Beh\u00f6rdenseite und Politik ignoriert, eine Offenlegung der Inhaltsstoffe vom Hersteller nicht verlangt!<\/p>\n<p>Nach dem Gesetzentwurf der Bundesregierung muss der Bundesrat nicht dem Gesetzentwurf zustimmen, aber: nach Art. 76 GG muss dem Bundesrat Gelegenheit zur Stellungnahme gegeben werden. Der Gesetzentwurf ist deshalb am 09.08.2019 an den Bundesrat zur Stellungnahme weitergeleitet worden. Dieser hat 6 Wochen Zeit zuzustimmen oder den Vermittlungsausschuss anzurufen (Art. 76 GG).<\/p>\n<p>Der Bundesrat wird \u00fcber den Entwurf wohl in der Sitzung des Gesundheitsausschusses am 04.09.2019 beraten und in der Sitzung am 20.9.2019 beschliessen.<\/p>\n<p><strong>Demonstration in Berlin am Samstag, 14.9.2019, 11 Uhr Treffen am Brandenburger Tor<\/strong><\/p>\n<p><strong>Quelle und weitere Infos:<\/strong><\/p>\n<p>Libertas &amp; Sanitas e. V. <a href=\"http:\/\/www.libertas-sanitas.de\" target=\"_blank\" rel=\"noopener\">www.libertas-sanitas.de<\/a><\/p>\n","protected":false},"excerpt":{"rendered":"<p>Wer die Impfung ablehnt, wird mit Zwangsgeldern belegt. Weder \u00c4rzte noch Beh\u00f6rden kennen die genauen Inhaltsstoffe der Impfungen, denn sie fallen zum grossen Teil unter das Betriebsgeheimnis der Hersteller. Unabh\u00e4ngige Untersuchungen werden von Beh\u00f6rdenseite und Politik ignoriert, eine Offenlegung der Inhaltsstoffe vom Hersteller nicht verlangt! Nach dem Gesetzentwurf der Bundesregierung muss der Bundesrat nicht dem [&hellip;]<\/p>\n","protected":false},"author":1,"featured_media":4532,"comment_status":"open","ping_status":"open","sticky":false,"template":"","format":"standard","meta":{"_acf_changed":false,"pgc_sgb_lightbox_settings":"","footnotes":""},"categories":[1,3314],"tags":[172,1775,127,2165,149,146,141,310,596],"class_list":["post-4531","post","type-post","status-publish","format-standard","has-post-thumbnail","hentry","category-allgemein","category-health-safety","tag-arbeitssicherheit","tag-betriebliches-gesundheitsmanagement","tag-gefaehrliche-stoffe","tag-gesundheitsfoerderung","tag-gesundheitsschutz","tag-medikamente","tag-praevention","tag-sicherheit","tag-veranstaltung"],"acf":[],"hkrextid":null,"publication":null,"issue":null,"workflow":null,"startPage":null,"spitzmarke":null,"_posts_by_tag_page_fields":{"widget_title":"","widget_tags":""},"_at_widget":"1","_yoast_wpseo_primary_category":"1","_yoast_wpseo_focuskw_text_input":"Impfungen","_yoast_wpseo_opengraph-image":null,"_yoast_wpseo_opengraph-description":null,"_yoast_wpseo_opengraph-title":null,"enclosure":null,"_yoast_wpseo_twitter-title":null,"_yoast_wpseo_twitter-description":null,"_yoast_wpseo_twitter-image":null,"_wp_old_slug":null,"_yoast_wpseo_title":null,"_yoast_wpseo_canonical":null,"yoast_head":"<!-- This site is optimized with the Yoast SEO plugin v27.5 - https:\/\/yoast.com\/product\/yoast-seo-wordpress\/ -->\n<title>Impfen muss freiwillig bleiben! - Save<\/title>\n<meta name=\"description\" content=\"Das geplante Masernschutzgesetz in Deutschland ist auf dem Weg durch das Gesetzgebungsverfahren.\" \/>\n<meta name=\"robots\" content=\"index, follow, max-snippet:-1, max-image-preview:large, max-video-preview:-1\" \/>\n<link rel=\"canonical\" href=\"https:\/\/news.save.ch\/de\/impfen-muss-freiwillig-bleiben\/\" \/>\n<meta property=\"og:locale\" content=\"de_DE\" \/>\n<meta property=\"og:type\" content=\"article\" \/>\n<meta property=\"og:title\" content=\"Impfen muss freiwillig bleiben! - Save\" \/>\n<meta property=\"og:description\" content=\"Das geplante Masernschutzgesetz in Deutschland ist auf dem Weg durch das Gesetzgebungsverfahren.\" \/>\n<meta property=\"og:url\" content=\"https:\/\/news.save.ch\/de\/impfen-muss-freiwillig-bleiben\/\" \/>\n<meta property=\"og:site_name\" content=\"Save\" \/>\n<meta property=\"article:published_time\" content=\"2019-09-04T06:00:10+00:00\" \/>\n<meta property=\"article:modified_time\" content=\"2023-03-14T08:03:57+00:00\" \/>\n<meta property=\"og:image\" content=\"https:\/\/news.save.ch\/wp-content\/uploads\/2019\/09\/Depositphotos_Esbenklinker-scaled-1.jpg\" \/>\n\t<meta property=\"og:image:width\" content=\"1200\" \/>\n\t<meta property=\"og:image:height\" content=\"799\" \/>\n\t<meta property=\"og:image:type\" content=\"image\/jpeg\" \/>\n<meta name=\"author\" content=\"admin\" \/>\n<meta name=\"twitter:card\" content=\"summary_large_image\" \/>\n<meta name=\"twitter:label1\" content=\"Geschrieben von\" \/>\n\t<meta name=\"twitter:data1\" content=\"admin\" \/>\n\t<meta name=\"twitter:label2\" content=\"Gesch\u00e4tzte Lesezeit\" \/>\n\t<meta name=\"twitter:data2\" content=\"1\u00a0Minute\" \/>\n<script type=\"application\/ld+json\" class=\"yoast-schema-graph\">{\"@context\":\"https:\\\/\\\/schema.org\",\"@graph\":[{\"@type\":\"Article\",\"@id\":\"https:\\\/\\\/news.save.ch\\\/impfen-muss-freiwillig-bleiben\\\/#article\",\"isPartOf\":{\"@id\":\"https:\\\/\\\/news.save.ch\\\/impfen-muss-freiwillig-bleiben\\\/\"},\"author\":{\"name\":\"admin\",\"@id\":\"https:\\\/\\\/news.save.ch\\\/de\\\/#\\\/schema\\\/person\\\/d49e199490bad7c70d64b9ab51142f2b\"},\"headline\":\"Impfen muss freiwillig bleiben!\",\"datePublished\":\"2019-09-04T06:00:10+00:00\",\"dateModified\":\"2023-03-14T08:03:57+00:00\",\"mainEntityOfPage\":{\"@id\":\"https:\\\/\\\/news.save.ch\\\/impfen-muss-freiwillig-bleiben\\\/\"},\"wordCount\":166,\"commentCount\":0,\"publisher\":{\"@id\":\"https:\\\/\\\/news.save.ch\\\/de\\\/#organization\"},\"image\":{\"@id\":\"https:\\\/\\\/news.save.ch\\\/impfen-muss-freiwillig-bleiben\\\/#primaryimage\"},\"thumbnailUrl\":\"https:\\\/\\\/news.save.ch\\\/wp-content\\\/uploads\\\/2019\\\/09\\\/Depositphotos_Esbenklinker-scaled-1.jpg\",\"keywords\":[\"Arbeitssicherheit\",\"Betriebliches Gesundheitsmanagement\",\"Gef\u00e4hrliche Stoffe\",\"Gesundheitsf\u00f6rderung\",\"Gesundheitsschutz\",\"Medikamente\",\"Pr\u00e4vention\",\"Sicherheit\",\"Veranstaltung\"],\"articleSection\":[\"ALLGEMEIN\",\"HEALTH &amp; SAFETY\"],\"inLanguage\":\"de\"},{\"@type\":\"WebPage\",\"@id\":\"https:\\\/\\\/news.save.ch\\\/impfen-muss-freiwillig-bleiben\\\/\",\"url\":\"https:\\\/\\\/news.save.ch\\\/impfen-muss-freiwillig-bleiben\\\/\",\"name\":\"Impfen muss freiwillig bleiben! - Save\",\"isPartOf\":{\"@id\":\"https:\\\/\\\/news.save.ch\\\/de\\\/#website\"},\"primaryImageOfPage\":{\"@id\":\"https:\\\/\\\/news.save.ch\\\/impfen-muss-freiwillig-bleiben\\\/#primaryimage\"},\"image\":{\"@id\":\"https:\\\/\\\/news.save.ch\\\/impfen-muss-freiwillig-bleiben\\\/#primaryimage\"},\"thumbnailUrl\":\"https:\\\/\\\/news.save.ch\\\/wp-content\\\/uploads\\\/2019\\\/09\\\/Depositphotos_Esbenklinker-scaled-1.jpg\",\"datePublished\":\"2019-09-04T06:00:10+00:00\",\"dateModified\":\"2023-03-14T08:03:57+00:00\",\"description\":\"Das geplante Masernschutzgesetz in Deutschland ist auf dem Weg durch das Gesetzgebungsverfahren.\",\"breadcrumb\":{\"@id\":\"https:\\\/\\\/news.save.ch\\\/impfen-muss-freiwillig-bleiben\\\/#breadcrumb\"},\"inLanguage\":\"de\",\"potentialAction\":[{\"@type\":\"ReadAction\",\"target\":[\"https:\\\/\\\/news.save.ch\\\/impfen-muss-freiwillig-bleiben\\\/\"]}]},{\"@type\":\"ImageObject\",\"inLanguage\":\"de\",\"@id\":\"https:\\\/\\\/news.save.ch\\\/impfen-muss-freiwillig-bleiben\\\/#primaryimage\",\"url\":\"https:\\\/\\\/news.save.ch\\\/wp-content\\\/uploads\\\/2019\\\/09\\\/Depositphotos_Esbenklinker-scaled-1.jpg\",\"contentUrl\":\"https:\\\/\\\/news.save.ch\\\/wp-content\\\/uploads\\\/2019\\\/09\\\/Depositphotos_Esbenklinker-scaled-1.jpg\",\"width\":1200,\"height\":799,\"caption\":\"Medizinisches Personal, Kita-Kinder und schulpflichtige Kinder, sowie Lehrer und Erzieher sollen zwangsgeimpft werden. \u00a9 Depositphotos\\\/Esbenklinker\"},{\"@type\":\"BreadcrumbList\",\"@id\":\"https:\\\/\\\/news.save.ch\\\/impfen-muss-freiwillig-bleiben\\\/#breadcrumb\",\"itemListElement\":[{\"@type\":\"ListItem\",\"position\":1,\"name\":\"Home\",\"item\":\"https:\\\/\\\/news.save.ch\\\/de\\\/\"},{\"@type\":\"ListItem\",\"position\":2,\"name\":\"Impfen muss freiwillig bleiben!\"}]},{\"@type\":\"WebSite\",\"@id\":\"https:\\\/\\\/news.save.ch\\\/de\\\/#website\",\"url\":\"https:\\\/\\\/news.save.ch\\\/de\\\/\",\"name\":\"Save\",\"description\":\"Schweizer Fachzeitschrift f\u00fcr Sicherheit\",\"publisher\":{\"@id\":\"https:\\\/\\\/news.save.ch\\\/de\\\/#organization\"},\"potentialAction\":[{\"@type\":\"SearchAction\",\"target\":{\"@type\":\"EntryPoint\",\"urlTemplate\":\"https:\\\/\\\/news.save.ch\\\/de\\\/?s={search_term_string}\"},\"query-input\":{\"@type\":\"PropertyValueSpecification\",\"valueRequired\":true,\"valueName\":\"search_term_string\"}}],\"inLanguage\":\"de\"},{\"@type\":\"Organization\",\"@id\":\"https:\\\/\\\/news.save.ch\\\/de\\\/#organization\",\"name\":\"Sicherheitsforum\",\"url\":\"https:\\\/\\\/news.save.ch\\\/de\\\/\",\"logo\":{\"@type\":\"ImageObject\",\"inLanguage\":\"de\",\"@id\":\"https:\\\/\\\/news.save.ch\\\/de\\\/#\\\/schema\\\/logo\\\/image\\\/\",\"url\":\"https:\\\/\\\/news.save.ch\\\/wp-content\\\/uploads\\\/2022\\\/06\\\/Logo_SF_2012.png\",\"contentUrl\":\"https:\\\/\\\/news.save.ch\\\/wp-content\\\/uploads\\\/2022\\\/06\\\/Logo_SF_2012.png\",\"width\":1100,\"height\":91,\"caption\":\"Sicherheitsforum\"},\"image\":{\"@id\":\"https:\\\/\\\/news.save.ch\\\/de\\\/#\\\/schema\\\/logo\\\/image\\\/\"}},{\"@type\":\"Person\",\"@id\":\"https:\\\/\\\/news.save.ch\\\/de\\\/#\\\/schema\\\/person\\\/d49e199490bad7c70d64b9ab51142f2b\",\"name\":\"admin\",\"image\":{\"@type\":\"ImageObject\",\"inLanguage\":\"de\",\"@id\":\"https:\\\/\\\/secure.gravatar.com\\\/avatar\\\/ae2f4d718e6c49043e314ce431e7e645d646302a24a5ef5a8bc8e3f5a032e319?s=96&d=mm&r=g\",\"url\":\"https:\\\/\\\/secure.gravatar.com\\\/avatar\\\/ae2f4d718e6c49043e314ce431e7e645d646302a24a5ef5a8bc8e3f5a032e319?s=96&d=mm&r=g\",\"contentUrl\":\"https:\\\/\\\/secure.gravatar.com\\\/avatar\\\/ae2f4d718e6c49043e314ce431e7e645d646302a24a5ef5a8bc8e3f5a032e319?s=96&d=mm&r=g\",\"caption\":\"admin\"},\"sameAs\":[\"https:\\\/\\\/develop.organisator.galledia.ch\"],\"url\":\"https:\\\/\\\/news.save.ch\\\/de\\\/author\\\/admin\\\/\"}]}<\/script>\n<!-- \/ Yoast SEO plugin. -->","yoast_head_json":{"title":"Impfen muss freiwillig bleiben! - Save","description":"Das geplante Masernschutzgesetz in Deutschland ist auf dem Weg durch das Gesetzgebungsverfahren.","robots":{"index":"index","follow":"follow","max-snippet":"max-snippet:-1","max-image-preview":"max-image-preview:large","max-video-preview":"max-video-preview:-1"},"canonical":"https:\/\/news.save.ch\/de\/impfen-muss-freiwillig-bleiben\/","og_locale":"de_DE","og_type":"article","og_title":"Impfen muss freiwillig bleiben! - Save","og_description":"Das geplante Masernschutzgesetz in Deutschland ist auf dem Weg durch das Gesetzgebungsverfahren.","og_url":"https:\/\/news.save.ch\/de\/impfen-muss-freiwillig-bleiben\/","og_site_name":"Save","article_published_time":"2019-09-04T06:00:10+00:00","article_modified_time":"2023-03-14T08:03:57+00:00","og_image":[{"width":1200,"height":799,"url":"https:\/\/news.save.ch\/wp-content\/uploads\/2019\/09\/Depositphotos_Esbenklinker-scaled-1.jpg","type":"image\/jpeg"}],"author":"admin","twitter_card":"summary_large_image","twitter_misc":{"Geschrieben von":"admin","Gesch\u00e4tzte Lesezeit":"1\u00a0Minute"},"schema":{"@context":"https:\/\/schema.org","@graph":[{"@type":"Article","@id":"https:\/\/news.save.ch\/impfen-muss-freiwillig-bleiben\/#article","isPartOf":{"@id":"https:\/\/news.save.ch\/impfen-muss-freiwillig-bleiben\/"},"author":{"name":"admin","@id":"https:\/\/news.save.ch\/de\/#\/schema\/person\/d49e199490bad7c70d64b9ab51142f2b"},"headline":"Impfen muss freiwillig bleiben!","datePublished":"2019-09-04T06:00:10+00:00","dateModified":"2023-03-14T08:03:57+00:00","mainEntityOfPage":{"@id":"https:\/\/news.save.ch\/impfen-muss-freiwillig-bleiben\/"},"wordCount":166,"commentCount":0,"publisher":{"@id":"https:\/\/news.save.ch\/de\/#organization"},"image":{"@id":"https:\/\/news.save.ch\/impfen-muss-freiwillig-bleiben\/#primaryimage"},"thumbnailUrl":"https:\/\/news.save.ch\/wp-content\/uploads\/2019\/09\/Depositphotos_Esbenklinker-scaled-1.jpg","keywords":["Arbeitssicherheit","Betriebliches Gesundheitsmanagement","Gef\u00e4hrliche Stoffe","Gesundheitsf\u00f6rderung","Gesundheitsschutz","Medikamente","Pr\u00e4vention","Sicherheit","Veranstaltung"],"articleSection":["ALLGEMEIN","HEALTH &amp; SAFETY"],"inLanguage":"de"},{"@type":"WebPage","@id":"https:\/\/news.save.ch\/impfen-muss-freiwillig-bleiben\/","url":"https:\/\/news.save.ch\/impfen-muss-freiwillig-bleiben\/","name":"Impfen muss freiwillig bleiben! - Save","isPartOf":{"@id":"https:\/\/news.save.ch\/de\/#website"},"primaryImageOfPage":{"@id":"https:\/\/news.save.ch\/impfen-muss-freiwillig-bleiben\/#primaryimage"},"image":{"@id":"https:\/\/news.save.ch\/impfen-muss-freiwillig-bleiben\/#primaryimage"},"thumbnailUrl":"https:\/\/news.save.ch\/wp-content\/uploads\/2019\/09\/Depositphotos_Esbenklinker-scaled-1.jpg","datePublished":"2019-09-04T06:00:10+00:00","dateModified":"2023-03-14T08:03:57+00:00","description":"Das geplante Masernschutzgesetz in Deutschland ist auf dem Weg durch das Gesetzgebungsverfahren.","breadcrumb":{"@id":"https:\/\/news.save.ch\/impfen-muss-freiwillig-bleiben\/#breadcrumb"},"inLanguage":"de","potentialAction":[{"@type":"ReadAction","target":["https:\/\/news.save.ch\/impfen-muss-freiwillig-bleiben\/"]}]},{"@type":"ImageObject","inLanguage":"de","@id":"https:\/\/news.save.ch\/impfen-muss-freiwillig-bleiben\/#primaryimage","url":"https:\/\/news.save.ch\/wp-content\/uploads\/2019\/09\/Depositphotos_Esbenklinker-scaled-1.jpg","contentUrl":"https:\/\/news.save.ch\/wp-content\/uploads\/2019\/09\/Depositphotos_Esbenklinker-scaled-1.jpg","width":1200,"height":799,"caption":"Medizinisches Personal, Kita-Kinder und schulpflichtige Kinder, sowie Lehrer und Erzieher sollen zwangsgeimpft werden. \u00a9 Depositphotos\/Esbenklinker"},{"@type":"BreadcrumbList","@id":"https:\/\/news.save.ch\/impfen-muss-freiwillig-bleiben\/#breadcrumb","itemListElement":[{"@type":"ListItem","position":1,"name":"Home","item":"https:\/\/news.save.ch\/de\/"},{"@type":"ListItem","position":2,"name":"Impfen muss freiwillig bleiben!"}]},{"@type":"WebSite","@id":"https:\/\/news.save.ch\/de\/#website","url":"https:\/\/news.save.ch\/de\/","name":"Save","description":"Schweizer Fachzeitschrift f\u00fcr Sicherheit","publisher":{"@id":"https:\/\/news.save.ch\/de\/#organization"},"potentialAction":[{"@type":"SearchAction","target":{"@type":"EntryPoint","urlTemplate":"https:\/\/news.save.ch\/de\/?s={search_term_string}"},"query-input":{"@type":"PropertyValueSpecification","valueRequired":true,"valueName":"search_term_string"}}],"inLanguage":"de"},{"@type":"Organization","@id":"https:\/\/news.save.ch\/de\/#organization","name":"Sicherheitsforum","url":"https:\/\/news.save.ch\/de\/","logo":{"@type":"ImageObject","inLanguage":"de","@id":"https:\/\/news.save.ch\/de\/#\/schema\/logo\/image\/","url":"https:\/\/news.save.ch\/wp-content\/uploads\/2022\/06\/Logo_SF_2012.png","contentUrl":"https:\/\/news.save.ch\/wp-content\/uploads\/2022\/06\/Logo_SF_2012.png","width":1100,"height":91,"caption":"Sicherheitsforum"},"image":{"@id":"https:\/\/news.save.ch\/de\/#\/schema\/logo\/image\/"}},{"@type":"Person","@id":"https:\/\/news.save.ch\/de\/#\/schema\/person\/d49e199490bad7c70d64b9ab51142f2b","name":"admin","image":{"@type":"ImageObject","inLanguage":"de","@id":"https:\/\/secure.gravatar.com\/avatar\/ae2f4d718e6c49043e314ce431e7e645d646302a24a5ef5a8bc8e3f5a032e319?s=96&d=mm&r=g","url":"https:\/\/secure.gravatar.com\/avatar\/ae2f4d718e6c49043e314ce431e7e645d646302a24a5ef5a8bc8e3f5a032e319?s=96&d=mm&r=g","contentUrl":"https:\/\/secure.gravatar.com\/avatar\/ae2f4d718e6c49043e314ce431e7e645d646302a24a5ef5a8bc8e3f5a032e319?s=96&d=mm&r=g","caption":"admin"},"sameAs":["https:\/\/develop.organisator.galledia.ch"],"url":"https:\/\/news.save.ch\/de\/author\/admin\/"}]}},"_links":{"self":[{"href":"https:\/\/news.save.ch\/de\/wp-json\/wp\/v2\/posts\/4531","targetHints":{"allow":["GET"]}}],"collection":[{"href":"https:\/\/news.save.ch\/de\/wp-json\/wp\/v2\/posts"}],"about":[{"href":"https:\/\/news.save.ch\/de\/wp-json\/wp\/v2\/types\/post"}],"author":[{"embeddable":true,"href":"https:\/\/news.save.ch\/de\/wp-json\/wp\/v2\/users\/1"}],"replies":[{"embeddable":true,"href":"https:\/\/news.save.ch\/de\/wp-json\/wp\/v2\/comments?post=4531"}],"version-history":[{"count":1,"href":"https:\/\/news.save.ch\/de\/wp-json\/wp\/v2\/posts\/4531\/revisions"}],"predecessor-version":[{"id":18641,"href":"https:\/\/news.save.ch\/de\/wp-json\/wp\/v2\/posts\/4531\/revisions\/18641"}],"wp:featuredmedia":[{"embeddable":true,"href":"https:\/\/news.save.ch\/de\/wp-json\/wp\/v2\/media\/4532"}],"wp:attachment":[{"href":"https:\/\/news.save.ch\/de\/wp-json\/wp\/v2\/media?parent=4531"}],"wp:term":[{"taxonomy":"category","embeddable":true,"href":"https:\/\/news.save.ch\/de\/wp-json\/wp\/v2\/categories?post=4531"},{"taxonomy":"post_tag","embeddable":true,"href":"https:\/\/news.save.ch\/de\/wp-json\/wp\/v2\/tags?post=4531"}],"curies":[{"name":"wp","href":"https:\/\/api.w.org\/{rel}","templated":true}]}}