{"id":4553,"date":"2019-09-20T08:00:08","date_gmt":"2019-09-20T06:00:08","guid":{"rendered":"https:\/\/news.save.ch\/?p=4553"},"modified":"2023-03-14T09:03:56","modified_gmt":"2023-03-14T08:03:56","slug":"schweiz-reagiert-auf-buergerproteste-gegen-5g","status":null,"type":"post","link":"https:\/\/news.save.ch\/de\/schweiz-reagiert-auf-buergerproteste-gegen-5g\/","title":{"rendered":"Schweiz reagiert auf B\u00fcrgerproteste gegen 5G"},"content":{"rendered":"<figure id=\"attachment_4555\" aria-describedby=\"caption-attachment-4555\" style=\"width: 680px\" class=\"wp-caption alignnone\"><img loading=\"lazy\" decoding=\"async\" class=\"size-medium wp-image-4555\" src=\"http:\/\/develop.safety-plus.ch\/wp-content\/uploads\/2019\/09\/Depositphotos_sangoiri.jpg\" alt=\"\" width=\"680\" height=\"680\" \/><figcaption id=\"caption-attachment-4555\" class=\"wp-caption-text\">Bei all dem ist ein &#8222;Moratorium&#8220; f\u00fcr 5G (noch mehr Masten, noch mehr Strahlung und sogar von Strahlung mit noch nicht erforschten Auswirkungen!) \u00a9 Depositphotos\/sangoiri<\/figcaption><\/figure>\n<p>diagnose:funk hat einen Juristen gebeten, das Schreiben der Schweizer Regierung an alle Kantone zu interpretieren, auch auf seine Konsequenzen f\u00fcr Deutschland.<\/p>\n<p>Ein <a href=\"https:\/\/news.save.ch\/stop-5g-am-10-mai-in-bern\/\" target=\"_blank\" rel=\"noopener\">Moratorium<\/a> f\u00fcr <a href=\"https:\/\/news.save.ch\/fakten-und-hypothesen-zu-5g\/\" target=\"_blank\" rel=\"noopener\">5G<\/a> ist begr\u00fcndet:<\/p>\n<p>1. Im Einzelnen heisst es in der &#8222;Information an die Kantone. Mobilfunk und <a href=\"https:\/\/news.save.ch\/besserer-schutz-vor-gefaehrlicher-strahlung-geplant\/\" target=\"_blank\" rel=\"noopener\">Strahlung<\/a>:\u00a0Aufbau der 5G-Netze\u00a0in der Schweiz&#8220; vom 17.04.2019 zum\u00a0Stand der Forschung:<\/p>\n<p>&#8222;Aus der Forschung liegen unterschiedlich gut abgesicherte Beobachtungen vor, wonach es noch andere biologische Effekte gibt, die nicht auf eine Erw\u00e4rmung zur\u00fcckgef\u00fchrt werden k\u00f6nnen.<\/p>\n<p>Nach wissenschaftlichen Kriterien ausreichend nachgewiesen ist eine Beeinflussung der Hirnstr\u00f6me.<\/p>\n<p>Begrenzte Evidenz besteht f\u00fcr eine Beeinflussung der Durchblutung des Gehirns, f\u00fcr eine Beeintr\u00e4chtigung der Spermienqualit\u00e4t, f\u00fcr eine Destabilisierung der Erbinformation sowie f\u00fcr Auswirkungen auf die Expression von Genen, den programmierten Zelltod und oxidativen Zellstress.<\/p>\n<p>Ob damit Gesundheitsfolgen verbunden sind, ist nicht bekannt, ebenso wenig ob es bez\u00fcglich der Intensit\u00e4t und Dauer der Strahlung Schwellenwerte gibt.&#8220;<\/p>\n<p>Diese Bewertung des <a href=\"https:\/\/www.bafu.admin.ch\/bafu\/de\/home.html\" target=\"_blank\" rel=\"noopener\">BAFU<\/a> geht auf das Jahr 2013 zur\u00fcck und best\u00e4tigte nach Auffassung des BAFU vollauf die Notwendig\u00adkeit von Vorsorge:\u00a0\u201eAus wissenschaftlicher Sicht ist die Anwendung des Vorsorge\u00adprinzips bei der Regulie\u00adrung dieser Strahlung damit nach wie vor angezeigt, wie dies mit den vorsorglichen Anlagegrenz\u00adwerten in der Schweiz prak\u00adtiziert wird.\u201c (Brief 7.2., S.4)<\/p>\n<p><strong>Weitere Infos<\/strong><\/p>\n<p><a href=\"https:\/\/www.diagnose-funk.org\/publikationen\/artikel\/detail?newsid=1443\" target=\"_blank\" rel=\"noopener\">www. diagnose-funk.org<\/a><\/p>\n","protected":false},"excerpt":{"rendered":"<p>diagnose:funk hat einen Juristen gebeten, das Schreiben der Schweizer Regierung an alle Kantone zu interpretieren, auch auf seine Konsequenzen f\u00fcr Deutschland. Ein Moratorium f\u00fcr 5G ist begr\u00fcndet: 1. Im Einzelnen heisst es in der &#8222;Information an die Kantone. Mobilfunk und Strahlung:\u00a0Aufbau der 5G-Netze\u00a0in der Schweiz&#8220; vom 17.04.2019 zum\u00a0Stand der Forschung: &#8222;Aus der Forschung liegen unterschiedlich [&hellip;]<\/p>\n","protected":false},"author":1,"featured_media":4555,"comment_status":"open","ping_status":"open","sticky":false,"template":"","format":"standard","meta":{"_acf_changed":false,"pgc_sgb_lightbox_settings":"","footnotes":""},"categories":[1,3314],"tags":[1775,120,168,127,2165,149,141,310],"class_list":["post-4553","post","type-post","status-publish","format-standard","has-post-thumbnail","hentry","category-allgemein","category-health-safety","tag-betriebliches-gesundheitsmanagement","tag-bundesamt","tag-bundesrat","tag-gefaehrliche-stoffe","tag-gesundheitsfoerderung","tag-gesundheitsschutz","tag-praevention","tag-sicherheit"],"acf":[],"hkrextid":null,"publication":null,"issue":null,"workflow":null,"startPage":null,"spitzmarke":null,"_posts_by_tag_page_fields":{"widget_title":"","widget_tags":""},"_at_widget":"1","_yoast_wpseo_primary_category":"1","_yoast_wpseo_focuskw_text_input":"5-G-Netz","_yoast_wpseo_opengraph-image":null,"_yoast_wpseo_opengraph-description":null,"_yoast_wpseo_opengraph-title":null,"enclosure":null,"_yoast_wpseo_twitter-title":null,"_yoast_wpseo_twitter-description":null,"_yoast_wpseo_twitter-image":null,"_wp_old_slug":null,"_yoast_wpseo_title":null,"_yoast_wpseo_canonical":null,"yoast_head":"<!-- This site is optimized with the Yoast SEO plugin v27.5 - https:\/\/yoast.com\/product\/yoast-seo-wordpress\/ -->\n<title>Schweiz reagiert auf B\u00fcrgerproteste gegen 5G - Save<\/title>\n<meta name=\"description\" content=\"Starke Proteste in der Schweizer Bev\u00f6lkerung veranlassten bekanntlich einige St\u00e4dte und Kantone, 5G vor\u00acl\u00e4ufig nicht einzuf\u00fchren\" \/>\n<meta name=\"robots\" content=\"index, follow, max-snippet:-1, max-image-preview:large, max-video-preview:-1\" \/>\n<link rel=\"canonical\" href=\"https:\/\/news.save.ch\/de\/schweiz-reagiert-auf-buergerproteste-gegen-5g\/\" \/>\n<meta property=\"og:locale\" content=\"de_DE\" \/>\n<meta property=\"og:type\" content=\"article\" \/>\n<meta property=\"og:title\" content=\"Schweiz reagiert auf B\u00fcrgerproteste gegen 5G - Save\" \/>\n<meta property=\"og:description\" content=\"Starke Proteste in der Schweizer Bev\u00f6lkerung veranlassten bekanntlich einige St\u00e4dte und Kantone, 5G vor\u00acl\u00e4ufig nicht einzuf\u00fchren\" \/>\n<meta property=\"og:url\" content=\"https:\/\/news.save.ch\/de\/schweiz-reagiert-auf-buergerproteste-gegen-5g\/\" \/>\n<meta property=\"og:site_name\" content=\"Save\" \/>\n<meta property=\"article:published_time\" content=\"2019-09-20T06:00:08+00:00\" \/>\n<meta property=\"article:modified_time\" content=\"2023-03-14T08:03:56+00:00\" \/>\n<meta property=\"og:image\" content=\"https:\/\/news.save.ch\/wp-content\/uploads\/2019\/09\/Depositphotos_sangoiri-scaled-1.jpg\" \/>\n\t<meta property=\"og:image:width\" content=\"1200\" \/>\n\t<meta property=\"og:image:height\" content=\"1200\" \/>\n\t<meta property=\"og:image:type\" content=\"image\/jpeg\" \/>\n<meta name=\"author\" content=\"admin\" \/>\n<meta name=\"twitter:card\" content=\"summary_large_image\" \/>\n<meta name=\"twitter:label1\" content=\"Geschrieben von\" \/>\n\t<meta name=\"twitter:data1\" content=\"admin\" \/>\n\t<meta name=\"twitter:label2\" content=\"Gesch\u00e4tzte Lesezeit\" \/>\n\t<meta name=\"twitter:data2\" content=\"1\u00a0Minute\" \/>\n<script type=\"application\/ld+json\" class=\"yoast-schema-graph\">{\"@context\":\"https:\\\/\\\/schema.org\",\"@graph\":[{\"@type\":\"Article\",\"@id\":\"https:\\\/\\\/news.save.ch\\\/schweiz-reagiert-auf-buergerproteste-gegen-5g\\\/#article\",\"isPartOf\":{\"@id\":\"https:\\\/\\\/news.save.ch\\\/schweiz-reagiert-auf-buergerproteste-gegen-5g\\\/\"},\"author\":{\"name\":\"admin\",\"@id\":\"https:\\\/\\\/news.save.ch\\\/de\\\/#\\\/schema\\\/person\\\/d49e199490bad7c70d64b9ab51142f2b\"},\"headline\":\"Schweiz reagiert auf B\u00fcrgerproteste gegen 5G\",\"datePublished\":\"2019-09-20T06:00:08+00:00\",\"dateModified\":\"2023-03-14T08:03:56+00:00\",\"mainEntityOfPage\":{\"@id\":\"https:\\\/\\\/news.save.ch\\\/schweiz-reagiert-auf-buergerproteste-gegen-5g\\\/\"},\"wordCount\":260,\"commentCount\":0,\"publisher\":{\"@id\":\"https:\\\/\\\/news.save.ch\\\/de\\\/#organization\"},\"image\":{\"@id\":\"https:\\\/\\\/news.save.ch\\\/schweiz-reagiert-auf-buergerproteste-gegen-5g\\\/#primaryimage\"},\"thumbnailUrl\":\"https:\\\/\\\/news.save.ch\\\/wp-content\\\/uploads\\\/2019\\\/09\\\/Depositphotos_sangoiri-scaled-1.jpg\",\"keywords\":[\"Betriebliches Gesundheitsmanagement\",\"Bundesamt\",\"Bundesrat\",\"Gef\u00e4hrliche Stoffe\",\"Gesundheitsf\u00f6rderung\",\"Gesundheitsschutz\",\"Pr\u00e4vention\",\"Sicherheit\"],\"articleSection\":[\"ALLGEMEIN\",\"HEALTH &amp; SAFETY\"],\"inLanguage\":\"de\"},{\"@type\":\"WebPage\",\"@id\":\"https:\\\/\\\/news.save.ch\\\/schweiz-reagiert-auf-buergerproteste-gegen-5g\\\/\",\"url\":\"https:\\\/\\\/news.save.ch\\\/schweiz-reagiert-auf-buergerproteste-gegen-5g\\\/\",\"name\":\"Schweiz reagiert auf B\u00fcrgerproteste gegen 5G - Save\",\"isPartOf\":{\"@id\":\"https:\\\/\\\/news.save.ch\\\/de\\\/#website\"},\"primaryImageOfPage\":{\"@id\":\"https:\\\/\\\/news.save.ch\\\/schweiz-reagiert-auf-buergerproteste-gegen-5g\\\/#primaryimage\"},\"image\":{\"@id\":\"https:\\\/\\\/news.save.ch\\\/schweiz-reagiert-auf-buergerproteste-gegen-5g\\\/#primaryimage\"},\"thumbnailUrl\":\"https:\\\/\\\/news.save.ch\\\/wp-content\\\/uploads\\\/2019\\\/09\\\/Depositphotos_sangoiri-scaled-1.jpg\",\"datePublished\":\"2019-09-20T06:00:08+00:00\",\"dateModified\":\"2023-03-14T08:03:56+00:00\",\"description\":\"Starke Proteste in der Schweizer Bev\u00f6lkerung veranlassten bekanntlich einige St\u00e4dte und Kantone, 5G vor\u00acl\u00e4ufig nicht einzuf\u00fchren\",\"breadcrumb\":{\"@id\":\"https:\\\/\\\/news.save.ch\\\/schweiz-reagiert-auf-buergerproteste-gegen-5g\\\/#breadcrumb\"},\"inLanguage\":\"de\",\"potentialAction\":[{\"@type\":\"ReadAction\",\"target\":[\"https:\\\/\\\/news.save.ch\\\/schweiz-reagiert-auf-buergerproteste-gegen-5g\\\/\"]}]},{\"@type\":\"ImageObject\",\"inLanguage\":\"de\",\"@id\":\"https:\\\/\\\/news.save.ch\\\/schweiz-reagiert-auf-buergerproteste-gegen-5g\\\/#primaryimage\",\"url\":\"https:\\\/\\\/news.save.ch\\\/wp-content\\\/uploads\\\/2019\\\/09\\\/Depositphotos_sangoiri-scaled-1.jpg\",\"contentUrl\":\"https:\\\/\\\/news.save.ch\\\/wp-content\\\/uploads\\\/2019\\\/09\\\/Depositphotos_sangoiri-scaled-1.jpg\",\"width\":1200,\"height\":1200,\"caption\":\"Bei all dem ist ein \\\"Moratorium\\\" f\u00fcr 5G (noch mehr Masten, noch mehr Strahlung und sogar von Strahlung mit noch nicht erforschten Auswirkungen!) \u00a9 Depositphotos\\\/sangoiri\"},{\"@type\":\"BreadcrumbList\",\"@id\":\"https:\\\/\\\/news.save.ch\\\/schweiz-reagiert-auf-buergerproteste-gegen-5g\\\/#breadcrumb\",\"itemListElement\":[{\"@type\":\"ListItem\",\"position\":1,\"name\":\"Home\",\"item\":\"https:\\\/\\\/news.save.ch\\\/de\\\/\"},{\"@type\":\"ListItem\",\"position\":2,\"name\":\"Schweiz reagiert auf B\u00fcrgerproteste gegen 5G\"}]},{\"@type\":\"WebSite\",\"@id\":\"https:\\\/\\\/news.save.ch\\\/de\\\/#website\",\"url\":\"https:\\\/\\\/news.save.ch\\\/de\\\/\",\"name\":\"Save\",\"description\":\"Schweizer Fachzeitschrift f\u00fcr Sicherheit\",\"publisher\":{\"@id\":\"https:\\\/\\\/news.save.ch\\\/de\\\/#organization\"},\"potentialAction\":[{\"@type\":\"SearchAction\",\"target\":{\"@type\":\"EntryPoint\",\"urlTemplate\":\"https:\\\/\\\/news.save.ch\\\/de\\\/?s={search_term_string}\"},\"query-input\":{\"@type\":\"PropertyValueSpecification\",\"valueRequired\":true,\"valueName\":\"search_term_string\"}}],\"inLanguage\":\"de\"},{\"@type\":\"Organization\",\"@id\":\"https:\\\/\\\/news.save.ch\\\/de\\\/#organization\",\"name\":\"Sicherheitsforum\",\"url\":\"https:\\\/\\\/news.save.ch\\\/de\\\/\",\"logo\":{\"@type\":\"ImageObject\",\"inLanguage\":\"de\",\"@id\":\"https:\\\/\\\/news.save.ch\\\/de\\\/#\\\/schema\\\/logo\\\/image\\\/\",\"url\":\"https:\\\/\\\/news.save.ch\\\/wp-content\\\/uploads\\\/2022\\\/06\\\/Logo_SF_2012.png\",\"contentUrl\":\"https:\\\/\\\/news.save.ch\\\/wp-content\\\/uploads\\\/2022\\\/06\\\/Logo_SF_2012.png\",\"width\":1100,\"height\":91,\"caption\":\"Sicherheitsforum\"},\"image\":{\"@id\":\"https:\\\/\\\/news.save.ch\\\/de\\\/#\\\/schema\\\/logo\\\/image\\\/\"}},{\"@type\":\"Person\",\"@id\":\"https:\\\/\\\/news.save.ch\\\/de\\\/#\\\/schema\\\/person\\\/d49e199490bad7c70d64b9ab51142f2b\",\"name\":\"admin\",\"image\":{\"@type\":\"ImageObject\",\"inLanguage\":\"de\",\"@id\":\"https:\\\/\\\/secure.gravatar.com\\\/avatar\\\/ae2f4d718e6c49043e314ce431e7e645d646302a24a5ef5a8bc8e3f5a032e319?s=96&d=mm&r=g\",\"url\":\"https:\\\/\\\/secure.gravatar.com\\\/avatar\\\/ae2f4d718e6c49043e314ce431e7e645d646302a24a5ef5a8bc8e3f5a032e319?s=96&d=mm&r=g\",\"contentUrl\":\"https:\\\/\\\/secure.gravatar.com\\\/avatar\\\/ae2f4d718e6c49043e314ce431e7e645d646302a24a5ef5a8bc8e3f5a032e319?s=96&d=mm&r=g\",\"caption\":\"admin\"},\"sameAs\":[\"https:\\\/\\\/develop.organisator.galledia.ch\"],\"url\":\"https:\\\/\\\/news.save.ch\\\/de\\\/author\\\/admin\\\/\"}]}<\/script>\n<!-- \/ Yoast SEO plugin. -->","yoast_head_json":{"title":"Schweiz reagiert auf B\u00fcrgerproteste gegen 5G - Save","description":"Starke Proteste in der Schweizer Bev\u00f6lkerung veranlassten bekanntlich einige St\u00e4dte und Kantone, 5G vor\u00acl\u00e4ufig nicht einzuf\u00fchren","robots":{"index":"index","follow":"follow","max-snippet":"max-snippet:-1","max-image-preview":"max-image-preview:large","max-video-preview":"max-video-preview:-1"},"canonical":"https:\/\/news.save.ch\/de\/schweiz-reagiert-auf-buergerproteste-gegen-5g\/","og_locale":"de_DE","og_type":"article","og_title":"Schweiz reagiert auf B\u00fcrgerproteste gegen 5G - Save","og_description":"Starke Proteste in der Schweizer Bev\u00f6lkerung veranlassten bekanntlich einige St\u00e4dte und Kantone, 5G vor\u00acl\u00e4ufig nicht einzuf\u00fchren","og_url":"https:\/\/news.save.ch\/de\/schweiz-reagiert-auf-buergerproteste-gegen-5g\/","og_site_name":"Save","article_published_time":"2019-09-20T06:00:08+00:00","article_modified_time":"2023-03-14T08:03:56+00:00","og_image":[{"width":1200,"height":1200,"url":"https:\/\/news.save.ch\/wp-content\/uploads\/2019\/09\/Depositphotos_sangoiri-scaled-1.jpg","type":"image\/jpeg"}],"author":"admin","twitter_card":"summary_large_image","twitter_misc":{"Geschrieben von":"admin","Gesch\u00e4tzte Lesezeit":"1\u00a0Minute"},"schema":{"@context":"https:\/\/schema.org","@graph":[{"@type":"Article","@id":"https:\/\/news.save.ch\/schweiz-reagiert-auf-buergerproteste-gegen-5g\/#article","isPartOf":{"@id":"https:\/\/news.save.ch\/schweiz-reagiert-auf-buergerproteste-gegen-5g\/"},"author":{"name":"admin","@id":"https:\/\/news.save.ch\/de\/#\/schema\/person\/d49e199490bad7c70d64b9ab51142f2b"},"headline":"Schweiz reagiert auf B\u00fcrgerproteste gegen 5G","datePublished":"2019-09-20T06:00:08+00:00","dateModified":"2023-03-14T08:03:56+00:00","mainEntityOfPage":{"@id":"https:\/\/news.save.ch\/schweiz-reagiert-auf-buergerproteste-gegen-5g\/"},"wordCount":260,"commentCount":0,"publisher":{"@id":"https:\/\/news.save.ch\/de\/#organization"},"image":{"@id":"https:\/\/news.save.ch\/schweiz-reagiert-auf-buergerproteste-gegen-5g\/#primaryimage"},"thumbnailUrl":"https:\/\/news.save.ch\/wp-content\/uploads\/2019\/09\/Depositphotos_sangoiri-scaled-1.jpg","keywords":["Betriebliches Gesundheitsmanagement","Bundesamt","Bundesrat","Gef\u00e4hrliche Stoffe","Gesundheitsf\u00f6rderung","Gesundheitsschutz","Pr\u00e4vention","Sicherheit"],"articleSection":["ALLGEMEIN","HEALTH &amp; SAFETY"],"inLanguage":"de"},{"@type":"WebPage","@id":"https:\/\/news.save.ch\/schweiz-reagiert-auf-buergerproteste-gegen-5g\/","url":"https:\/\/news.save.ch\/schweiz-reagiert-auf-buergerproteste-gegen-5g\/","name":"Schweiz reagiert auf B\u00fcrgerproteste gegen 5G - Save","isPartOf":{"@id":"https:\/\/news.save.ch\/de\/#website"},"primaryImageOfPage":{"@id":"https:\/\/news.save.ch\/schweiz-reagiert-auf-buergerproteste-gegen-5g\/#primaryimage"},"image":{"@id":"https:\/\/news.save.ch\/schweiz-reagiert-auf-buergerproteste-gegen-5g\/#primaryimage"},"thumbnailUrl":"https:\/\/news.save.ch\/wp-content\/uploads\/2019\/09\/Depositphotos_sangoiri-scaled-1.jpg","datePublished":"2019-09-20T06:00:08+00:00","dateModified":"2023-03-14T08:03:56+00:00","description":"Starke Proteste in der Schweizer Bev\u00f6lkerung veranlassten bekanntlich einige St\u00e4dte und Kantone, 5G vor\u00acl\u00e4ufig nicht einzuf\u00fchren","breadcrumb":{"@id":"https:\/\/news.save.ch\/schweiz-reagiert-auf-buergerproteste-gegen-5g\/#breadcrumb"},"inLanguage":"de","potentialAction":[{"@type":"ReadAction","target":["https:\/\/news.save.ch\/schweiz-reagiert-auf-buergerproteste-gegen-5g\/"]}]},{"@type":"ImageObject","inLanguage":"de","@id":"https:\/\/news.save.ch\/schweiz-reagiert-auf-buergerproteste-gegen-5g\/#primaryimage","url":"https:\/\/news.save.ch\/wp-content\/uploads\/2019\/09\/Depositphotos_sangoiri-scaled-1.jpg","contentUrl":"https:\/\/news.save.ch\/wp-content\/uploads\/2019\/09\/Depositphotos_sangoiri-scaled-1.jpg","width":1200,"height":1200,"caption":"Bei all dem ist ein \"Moratorium\" f\u00fcr 5G (noch mehr Masten, noch mehr Strahlung und sogar von Strahlung mit noch nicht erforschten Auswirkungen!) \u00a9 Depositphotos\/sangoiri"},{"@type":"BreadcrumbList","@id":"https:\/\/news.save.ch\/schweiz-reagiert-auf-buergerproteste-gegen-5g\/#breadcrumb","itemListElement":[{"@type":"ListItem","position":1,"name":"Home","item":"https:\/\/news.save.ch\/de\/"},{"@type":"ListItem","position":2,"name":"Schweiz reagiert auf B\u00fcrgerproteste gegen 5G"}]},{"@type":"WebSite","@id":"https:\/\/news.save.ch\/de\/#website","url":"https:\/\/news.save.ch\/de\/","name":"Save","description":"Schweizer Fachzeitschrift f\u00fcr Sicherheit","publisher":{"@id":"https:\/\/news.save.ch\/de\/#organization"},"potentialAction":[{"@type":"SearchAction","target":{"@type":"EntryPoint","urlTemplate":"https:\/\/news.save.ch\/de\/?s={search_term_string}"},"query-input":{"@type":"PropertyValueSpecification","valueRequired":true,"valueName":"search_term_string"}}],"inLanguage":"de"},{"@type":"Organization","@id":"https:\/\/news.save.ch\/de\/#organization","name":"Sicherheitsforum","url":"https:\/\/news.save.ch\/de\/","logo":{"@type":"ImageObject","inLanguage":"de","@id":"https:\/\/news.save.ch\/de\/#\/schema\/logo\/image\/","url":"https:\/\/news.save.ch\/wp-content\/uploads\/2022\/06\/Logo_SF_2012.png","contentUrl":"https:\/\/news.save.ch\/wp-content\/uploads\/2022\/06\/Logo_SF_2012.png","width":1100,"height":91,"caption":"Sicherheitsforum"},"image":{"@id":"https:\/\/news.save.ch\/de\/#\/schema\/logo\/image\/"}},{"@type":"Person","@id":"https:\/\/news.save.ch\/de\/#\/schema\/person\/d49e199490bad7c70d64b9ab51142f2b","name":"admin","image":{"@type":"ImageObject","inLanguage":"de","@id":"https:\/\/secure.gravatar.com\/avatar\/ae2f4d718e6c49043e314ce431e7e645d646302a24a5ef5a8bc8e3f5a032e319?s=96&d=mm&r=g","url":"https:\/\/secure.gravatar.com\/avatar\/ae2f4d718e6c49043e314ce431e7e645d646302a24a5ef5a8bc8e3f5a032e319?s=96&d=mm&r=g","contentUrl":"https:\/\/secure.gravatar.com\/avatar\/ae2f4d718e6c49043e314ce431e7e645d646302a24a5ef5a8bc8e3f5a032e319?s=96&d=mm&r=g","caption":"admin"},"sameAs":["https:\/\/develop.organisator.galledia.ch"],"url":"https:\/\/news.save.ch\/de\/author\/admin\/"}]}},"_links":{"self":[{"href":"https:\/\/news.save.ch\/de\/wp-json\/wp\/v2\/posts\/4553","targetHints":{"allow":["GET"]}}],"collection":[{"href":"https:\/\/news.save.ch\/de\/wp-json\/wp\/v2\/posts"}],"about":[{"href":"https:\/\/news.save.ch\/de\/wp-json\/wp\/v2\/types\/post"}],"author":[{"embeddable":true,"href":"https:\/\/news.save.ch\/de\/wp-json\/wp\/v2\/users\/1"}],"replies":[{"embeddable":true,"href":"https:\/\/news.save.ch\/de\/wp-json\/wp\/v2\/comments?post=4553"}],"version-history":[{"count":1,"href":"https:\/\/news.save.ch\/de\/wp-json\/wp\/v2\/posts\/4553\/revisions"}],"predecessor-version":[{"id":18921,"href":"https:\/\/news.save.ch\/de\/wp-json\/wp\/v2\/posts\/4553\/revisions\/18921"}],"wp:featuredmedia":[{"embeddable":true,"href":"https:\/\/news.save.ch\/de\/wp-json\/wp\/v2\/media\/4555"}],"wp:attachment":[{"href":"https:\/\/news.save.ch\/de\/wp-json\/wp\/v2\/media?parent=4553"}],"wp:term":[{"taxonomy":"category","embeddable":true,"href":"https:\/\/news.save.ch\/de\/wp-json\/wp\/v2\/categories?post=4553"},{"taxonomy":"post_tag","embeddable":true,"href":"https:\/\/news.save.ch\/de\/wp-json\/wp\/v2\/tags?post=4553"}],"curies":[{"name":"wp","href":"https:\/\/api.w.org\/{rel}","templated":true}]}}