{"id":4564,"date":"2017-03-27T09:57:09","date_gmt":"2017-03-27T07:57:09","guid":{"rendered":"https:\/\/news.save.ch\/?p=4564"},"modified":"2017-03-27T09:57:09","modified_gmt":"2017-03-27T07:57:09","slug":"erneut-weniger-einbrueche","status":null,"type":"post","link":"https:\/\/news.save.ch\/de\/erneut-weniger-einbrueche\/","title":{"rendered":"Erneut weniger Einbr\u00fcche"},"content":{"rendered":"<figure id=\"attachment_4565\" aria-describedby=\"caption-attachment-4565\" style=\"width: 680px\" class=\"wp-caption aligncenter\"><img loading=\"lazy\" decoding=\"async\" class=\"size-medium wp-image-4565\" src=\"https:\/\/news.save.ch\/wp-content\/uploads\/2017\/03\/Depositphotos_Einbruch-scaled-1.jpg\" alt=\"\" width=\"680\" height=\"445\" \/><figcaption id=\"caption-attachment-4565\" class=\"wp-caption-text\">\u00a9 depositphotos<\/figcaption><\/figure>\n<p>2016 nahmen die Widerhandlungen gegen das Strafgesetzbuch um 4,1% und jene gegen das Ausl\u00e4ndergesetz um 0,7% ab, wie aus der polizeilichen Kriminalstatistik (PKS) des Bundesamtes f\u00fcr Statistik (<a href=\"https:\/\/www.bfs.admin.ch\">BFS<\/a>) hervorgeht. Die Straftaten gegen das Bet\u00e4ubungsmittelgesetz verzeichneten ein Minus von 3,3%, der Handel mit Bet\u00e4ubungsmitteln blieb hingegen unver\u00e4ndert. Die Einbr\u00fcche (Einbruch- und Einschleichdiebst\u00e4hle) waren zwischen 2015 und 2016 erneut r\u00fcckl\u00e4ufig (-11%), dies entspricht 5,6 Einbr\u00fcchen pro 1000 Einwohnerinnen und Einwohner.<\/p>\n<h3>Verzeigungen wegen anderer Diebst\u00e4hle ebenfalls r\u00fcckl\u00e4ufig<\/h3>\n<p>Diese r\u00fcckl\u00e4ufige Tendenz ist auch bei anderen Diebstahlsformen zu beobachten: bei unspezifizierten Diebst\u00e4hlen, Entreissdiebst\u00e4hlen, Trickdiebst\u00e4hlen, Taschendiebst\u00e4hlen, Diebst\u00e4hlen ab\/aus dem Fahrzeug (mit oder ohne Fahrzeugeinbruch) und bei Fahrzeugdiebst\u00e4hlen.<\/p>\n<p>Verzeigungen wegen Verleumdungen, Beschimpfungen und \u00fcbler Nachrede haben zwischen 2015 und 2016 hingegen um 16,5 bzw. 4% zugenommen. Alle diese Straftaten verzeichnen seit der Statistikrevision im Jahr 2009 eine Zunahme, Verleumdungen haben sich sogar mehr als verdoppelt; sie sind von 667 Straftaten im Jahr 2009 auf 1384 im Jahr 2016 gestiegen.<\/p>\n<h3>Alle drei Wochen stirbt eine Frau durch h\u00e4usliche Gewalt<\/h3>\n<p>2016 starben in der Schweiz 19 Personen, davon 18 Frauen, durch h\u00e4usliche Gewalt. Mit anderen Worten: Durchschnittlich ereignete sich alle 20 Tage ein solches T\u00f6tungsdelikt an einer Frau. Detailangaben hierzu werden im Juni ver\u00f6ffentlicht.<\/p>\n<h3>Zahl der beschuldigten Minderj\u00e4hrigen hat sich halbiert<\/h3>\n<p>Die Zahl der wegen Widerhandlungen gegen das Strafgesetzbuch beschuldigten Minderj\u00e4hrigen (7938) ist im Vergleich zum Vorjahr erneut zur\u00fcckgegangen (-1,4%). 2016 wurden nur halb so viele Minderj\u00e4hrige verzeigt wie noch 2009. Sie machen neu 10 Prozent s\u00e4mtlicher Beschuldigten aus. Die Zahl der beschuldigten jungen Erwachsenen (18- bis 24-J\u00e4hrige) ist ebenfalls gesunken (-0,3%) und erreichte den tiefsten Stand seit 2009. Bei den Erwachsenen ab 25 Jahren erh\u00f6hte sich die Anzahl der Beschuldigten im Vergleich zum Vorjahr um 2,4% auf 55&#8217;984.<\/p>\n<h3>Detailinformationen auf BFS-Internetseite<\/h3>\n<p>Im Jahresbericht sind die Ergebnisse der polizeilichen Kriminalstatistik zusammenfassend dargestellt. Genauere Informationen zu einzelnen Themen wie h\u00e4uslicher Gewalt, T\u00f6tungsdelikten oder Straftaten gegen das Verm\u00f6gen sind auf der Internetseite des BFS zu finden. Dort stehen auch eine interaktive Datenbank zu den Straftaten und Beschuldigten nach Kanton sowie interaktive Karten und Grafiken zur Verf\u00fcgung.<\/p>\n<p><em>Weiterf\u00fchrende Infos unter: <a href=\"https:\/\/www.bfs.admin.ch\">www.bfs.admin.ch<\/a><\/em><\/p>\n<p><em>Polizeiliche Kriminalstatistik (PKS) \u2013 Jahresbericht 2016, Bestellnummer: 1116-1600, 18 Fr.<\/em><\/p>\n","protected":false},"excerpt":{"rendered":"<p>2016 nahmen die Widerhandlungen gegen das Strafgesetzbuch um 4,1% und jene gegen das Ausl\u00e4ndergesetz um 0,7% ab, wie aus der polizeilichen Kriminalstatistik (PKS) des Bundesamtes f\u00fcr Statistik (BFS) hervorgeht. Die Straftaten gegen das Bet\u00e4ubungsmittelgesetz verzeichneten ein Minus von 3,3%, der Handel mit Bet\u00e4ubungsmitteln blieb hingegen unver\u00e4ndert. Die Einbr\u00fcche (Einbruch- und Einschleichdiebst\u00e4hle) waren zwischen 2015 und [&hellip;]<\/p>\n","protected":false},"author":8,"featured_media":4565,"comment_status":"open","ping_status":"open","sticky":false,"template":"","format":"standard","meta":{"_acf_changed":false,"pgc_sgb_lightbox_settings":"","footnotes":""},"categories":[1],"tags":[69,312],"class_list":["post-4564","post","type-post","status-publish","format-standard","has-post-thumbnail","hentry","category-allgemein","tag-justiz-polizei","tag-schweizerische-kriminalstatistik"],"acf":[],"hkrextid":null,"publication":null,"issue":null,"workflow":null,"startPage":null,"spitzmarke":null,"_posts_by_tag_page_fields":{"widget_title":"","widget_tags":""},"_at_widget":"1","_yoast_wpseo_primary_category":"1","_yoast_wpseo_focuskw_text_input":"Kriminalstatistik","_yoast_wpseo_opengraph-image":null,"_yoast_wpseo_opengraph-description":null,"_yoast_wpseo_opengraph-title":null,"enclosure":null,"_yoast_wpseo_twitter-title":null,"_yoast_wpseo_twitter-description":null,"_yoast_wpseo_twitter-image":null,"_wp_old_slug":null,"_yoast_wpseo_title":null,"_yoast_wpseo_canonical":null,"yoast_head":"<!-- This site is optimized with the Yoast SEO plugin v27.5 - https:\/\/yoast.com\/product\/yoast-seo-wordpress\/ -->\n<title>Erneut weniger Einbr\u00fcche - Save<\/title>\n<meta name=\"description\" content=\"Die Einbr\u00fcche in der Schweiz sind im Jahr 2016 um weitere 11% zur\u00fcckgegangen. Dies geht aus der polizeilichen Kriminalstatistik (PKS) des BFS hervor.\" \/>\n<meta name=\"robots\" content=\"index, follow, max-snippet:-1, max-image-preview:large, max-video-preview:-1\" \/>\n<link rel=\"canonical\" href=\"https:\/\/news.save.ch\/de\/erneut-weniger-einbrueche\/\" \/>\n<meta property=\"og:locale\" content=\"de_DE\" \/>\n<meta property=\"og:type\" content=\"article\" \/>\n<meta property=\"og:title\" content=\"Erneut weniger Einbr\u00fcche - Save\" \/>\n<meta property=\"og:description\" content=\"Die Einbr\u00fcche in der Schweiz sind im Jahr 2016 um weitere 11% zur\u00fcckgegangen. Dies geht aus der polizeilichen Kriminalstatistik (PKS) des BFS hervor.\" \/>\n<meta property=\"og:url\" content=\"https:\/\/news.save.ch\/de\/erneut-weniger-einbrueche\/\" \/>\n<meta property=\"og:site_name\" content=\"Save\" \/>\n<meta property=\"article:published_time\" content=\"2017-03-27T07:57:09+00:00\" \/>\n<meta property=\"og:image\" content=\"https:\/\/news.save.ch\/wp-content\/uploads\/2017\/03\/Depositphotos_Einbruch-scaled-1-scaled.jpg\" \/>\n\t<meta property=\"og:image:width\" content=\"1400\" \/>\n\t<meta property=\"og:image:height\" content=\"915\" \/>\n\t<meta property=\"og:image:type\" content=\"image\/jpeg\" \/>\n<meta name=\"author\" content=\"Roger Str\u00e4ssle\" \/>\n<meta name=\"twitter:card\" content=\"summary_large_image\" \/>\n<meta name=\"twitter:label1\" content=\"Geschrieben von\" \/>\n\t<meta name=\"twitter:data1\" content=\"Roger Str\u00e4ssle\" \/>\n\t<meta name=\"twitter:label2\" content=\"Gesch\u00e4tzte Lesezeit\" \/>\n\t<meta name=\"twitter:data2\" content=\"2\u00a0Minuten\" \/>\n<script type=\"application\/ld+json\" class=\"yoast-schema-graph\">{\"@context\":\"https:\\\/\\\/schema.org\",\"@graph\":[{\"@type\":\"Article\",\"@id\":\"https:\\\/\\\/news.save.ch\\\/erneut-weniger-einbrueche\\\/#article\",\"isPartOf\":{\"@id\":\"https:\\\/\\\/news.save.ch\\\/erneut-weniger-einbrueche\\\/\"},\"author\":{\"name\":\"Roger Str\u00e4ssle\",\"@id\":\"https:\\\/\\\/news.save.ch\\\/de\\\/#\\\/schema\\\/person\\\/d5022db048e0e2b9785c50e5b24da5aa\"},\"headline\":\"Erneut weniger Einbr\u00fcche\",\"datePublished\":\"2017-03-27T07:57:09+00:00\",\"mainEntityOfPage\":{\"@id\":\"https:\\\/\\\/news.save.ch\\\/erneut-weniger-einbrueche\\\/\"},\"wordCount\":370,\"commentCount\":0,\"publisher\":{\"@id\":\"https:\\\/\\\/news.save.ch\\\/de\\\/#organization\"},\"image\":{\"@id\":\"https:\\\/\\\/news.save.ch\\\/erneut-weniger-einbrueche\\\/#primaryimage\"},\"thumbnailUrl\":\"https:\\\/\\\/news.save.ch\\\/wp-content\\\/uploads\\\/2017\\\/03\\\/Depositphotos_Einbruch-scaled-1-scaled.jpg\",\"keywords\":[\"Justiz &amp; Polizei\",\"Schweizerische Kriminalstatistik\"],\"articleSection\":[\"ALLGEMEIN\"],\"inLanguage\":\"de\"},{\"@type\":\"WebPage\",\"@id\":\"https:\\\/\\\/news.save.ch\\\/erneut-weniger-einbrueche\\\/\",\"url\":\"https:\\\/\\\/news.save.ch\\\/erneut-weniger-einbrueche\\\/\",\"name\":\"Erneut weniger Einbr\u00fcche - Save\",\"isPartOf\":{\"@id\":\"https:\\\/\\\/news.save.ch\\\/de\\\/#website\"},\"primaryImageOfPage\":{\"@id\":\"https:\\\/\\\/news.save.ch\\\/erneut-weniger-einbrueche\\\/#primaryimage\"},\"image\":{\"@id\":\"https:\\\/\\\/news.save.ch\\\/erneut-weniger-einbrueche\\\/#primaryimage\"},\"thumbnailUrl\":\"https:\\\/\\\/news.save.ch\\\/wp-content\\\/uploads\\\/2017\\\/03\\\/Depositphotos_Einbruch-scaled-1-scaled.jpg\",\"datePublished\":\"2017-03-27T07:57:09+00:00\",\"description\":\"Die Einbr\u00fcche in der Schweiz sind im Jahr 2016 um weitere 11% zur\u00fcckgegangen. Dies geht aus der polizeilichen Kriminalstatistik (PKS) des BFS hervor.\",\"breadcrumb\":{\"@id\":\"https:\\\/\\\/news.save.ch\\\/erneut-weniger-einbrueche\\\/#breadcrumb\"},\"inLanguage\":\"de\",\"potentialAction\":[{\"@type\":\"ReadAction\",\"target\":[\"https:\\\/\\\/news.save.ch\\\/erneut-weniger-einbrueche\\\/\"]}]},{\"@type\":\"ImageObject\",\"inLanguage\":\"de\",\"@id\":\"https:\\\/\\\/news.save.ch\\\/erneut-weniger-einbrueche\\\/#primaryimage\",\"url\":\"https:\\\/\\\/news.save.ch\\\/wp-content\\\/uploads\\\/2017\\\/03\\\/Depositphotos_Einbruch-scaled-1-scaled.jpg\",\"contentUrl\":\"https:\\\/\\\/news.save.ch\\\/wp-content\\\/uploads\\\/2017\\\/03\\\/Depositphotos_Einbruch-scaled-1-scaled.jpg\",\"width\":1400,\"height\":915,\"caption\":\"\u00a9 depositphotos\"},{\"@type\":\"BreadcrumbList\",\"@id\":\"https:\\\/\\\/news.save.ch\\\/erneut-weniger-einbrueche\\\/#breadcrumb\",\"itemListElement\":[{\"@type\":\"ListItem\",\"position\":1,\"name\":\"Home\",\"item\":\"https:\\\/\\\/news.save.ch\\\/de\\\/\"},{\"@type\":\"ListItem\",\"position\":2,\"name\":\"Erneut weniger Einbr\u00fcche\"}]},{\"@type\":\"WebSite\",\"@id\":\"https:\\\/\\\/news.save.ch\\\/de\\\/#website\",\"url\":\"https:\\\/\\\/news.save.ch\\\/de\\\/\",\"name\":\"Save\",\"description\":\"Schweizer Fachzeitschrift f\u00fcr Sicherheit\",\"publisher\":{\"@id\":\"https:\\\/\\\/news.save.ch\\\/de\\\/#organization\"},\"potentialAction\":[{\"@type\":\"SearchAction\",\"target\":{\"@type\":\"EntryPoint\",\"urlTemplate\":\"https:\\\/\\\/news.save.ch\\\/de\\\/?s={search_term_string}\"},\"query-input\":{\"@type\":\"PropertyValueSpecification\",\"valueRequired\":true,\"valueName\":\"search_term_string\"}}],\"inLanguage\":\"de\"},{\"@type\":\"Organization\",\"@id\":\"https:\\\/\\\/news.save.ch\\\/de\\\/#organization\",\"name\":\"Sicherheitsforum\",\"url\":\"https:\\\/\\\/news.save.ch\\\/de\\\/\",\"logo\":{\"@type\":\"ImageObject\",\"inLanguage\":\"de\",\"@id\":\"https:\\\/\\\/news.save.ch\\\/de\\\/#\\\/schema\\\/logo\\\/image\\\/\",\"url\":\"https:\\\/\\\/news.save.ch\\\/wp-content\\\/uploads\\\/2022\\\/06\\\/Logo_SF_2012.png\",\"contentUrl\":\"https:\\\/\\\/news.save.ch\\\/wp-content\\\/uploads\\\/2022\\\/06\\\/Logo_SF_2012.png\",\"width\":1100,\"height\":91,\"caption\":\"Sicherheitsforum\"},\"image\":{\"@id\":\"https:\\\/\\\/news.save.ch\\\/de\\\/#\\\/schema\\\/logo\\\/image\\\/\"}},{\"@type\":\"Person\",\"@id\":\"https:\\\/\\\/news.save.ch\\\/de\\\/#\\\/schema\\\/person\\\/d5022db048e0e2b9785c50e5b24da5aa\",\"name\":\"Roger Str\u00e4ssle\",\"image\":{\"@type\":\"ImageObject\",\"inLanguage\":\"de\",\"@id\":\"https:\\\/\\\/secure.gravatar.com\\\/avatar\\\/862a5569d087de48e5856e32f45d719a03804c891d6deb8d4f71a660e79e4a47?s=96&d=mm&r=g\",\"url\":\"https:\\\/\\\/secure.gravatar.com\\\/avatar\\\/862a5569d087de48e5856e32f45d719a03804c891d6deb8d4f71a660e79e4a47?s=96&d=mm&r=g\",\"contentUrl\":\"https:\\\/\\\/secure.gravatar.com\\\/avatar\\\/862a5569d087de48e5856e32f45d719a03804c891d6deb8d4f71a660e79e4a47?s=96&d=mm&r=g\",\"caption\":\"Roger Str\u00e4ssle\"},\"url\":\"https:\\\/\\\/news.save.ch\\\/de\\\/author\\\/roger-straessle\\\/\"}]}<\/script>\n<!-- \/ Yoast SEO plugin. -->","yoast_head_json":{"title":"Erneut weniger Einbr\u00fcche - Save","description":"Die Einbr\u00fcche in der Schweiz sind im Jahr 2016 um weitere 11% zur\u00fcckgegangen. Dies geht aus der polizeilichen Kriminalstatistik (PKS) des BFS hervor.","robots":{"index":"index","follow":"follow","max-snippet":"max-snippet:-1","max-image-preview":"max-image-preview:large","max-video-preview":"max-video-preview:-1"},"canonical":"https:\/\/news.save.ch\/de\/erneut-weniger-einbrueche\/","og_locale":"de_DE","og_type":"article","og_title":"Erneut weniger Einbr\u00fcche - Save","og_description":"Die Einbr\u00fcche in der Schweiz sind im Jahr 2016 um weitere 11% zur\u00fcckgegangen. Dies geht aus der polizeilichen Kriminalstatistik (PKS) des BFS hervor.","og_url":"https:\/\/news.save.ch\/de\/erneut-weniger-einbrueche\/","og_site_name":"Save","article_published_time":"2017-03-27T07:57:09+00:00","og_image":[{"width":1400,"height":915,"url":"https:\/\/news.save.ch\/wp-content\/uploads\/2017\/03\/Depositphotos_Einbruch-scaled-1-scaled.jpg","type":"image\/jpeg"}],"author":"Roger Str\u00e4ssle","twitter_card":"summary_large_image","twitter_misc":{"Geschrieben von":"Roger Str\u00e4ssle","Gesch\u00e4tzte Lesezeit":"2\u00a0Minuten"},"schema":{"@context":"https:\/\/schema.org","@graph":[{"@type":"Article","@id":"https:\/\/news.save.ch\/erneut-weniger-einbrueche\/#article","isPartOf":{"@id":"https:\/\/news.save.ch\/erneut-weniger-einbrueche\/"},"author":{"name":"Roger Str\u00e4ssle","@id":"https:\/\/news.save.ch\/de\/#\/schema\/person\/d5022db048e0e2b9785c50e5b24da5aa"},"headline":"Erneut weniger Einbr\u00fcche","datePublished":"2017-03-27T07:57:09+00:00","mainEntityOfPage":{"@id":"https:\/\/news.save.ch\/erneut-weniger-einbrueche\/"},"wordCount":370,"commentCount":0,"publisher":{"@id":"https:\/\/news.save.ch\/de\/#organization"},"image":{"@id":"https:\/\/news.save.ch\/erneut-weniger-einbrueche\/#primaryimage"},"thumbnailUrl":"https:\/\/news.save.ch\/wp-content\/uploads\/2017\/03\/Depositphotos_Einbruch-scaled-1-scaled.jpg","keywords":["Justiz &amp; Polizei","Schweizerische Kriminalstatistik"],"articleSection":["ALLGEMEIN"],"inLanguage":"de"},{"@type":"WebPage","@id":"https:\/\/news.save.ch\/erneut-weniger-einbrueche\/","url":"https:\/\/news.save.ch\/erneut-weniger-einbrueche\/","name":"Erneut weniger Einbr\u00fcche - Save","isPartOf":{"@id":"https:\/\/news.save.ch\/de\/#website"},"primaryImageOfPage":{"@id":"https:\/\/news.save.ch\/erneut-weniger-einbrueche\/#primaryimage"},"image":{"@id":"https:\/\/news.save.ch\/erneut-weniger-einbrueche\/#primaryimage"},"thumbnailUrl":"https:\/\/news.save.ch\/wp-content\/uploads\/2017\/03\/Depositphotos_Einbruch-scaled-1-scaled.jpg","datePublished":"2017-03-27T07:57:09+00:00","description":"Die Einbr\u00fcche in der Schweiz sind im Jahr 2016 um weitere 11% zur\u00fcckgegangen. Dies geht aus der polizeilichen Kriminalstatistik (PKS) des BFS hervor.","breadcrumb":{"@id":"https:\/\/news.save.ch\/erneut-weniger-einbrueche\/#breadcrumb"},"inLanguage":"de","potentialAction":[{"@type":"ReadAction","target":["https:\/\/news.save.ch\/erneut-weniger-einbrueche\/"]}]},{"@type":"ImageObject","inLanguage":"de","@id":"https:\/\/news.save.ch\/erneut-weniger-einbrueche\/#primaryimage","url":"https:\/\/news.save.ch\/wp-content\/uploads\/2017\/03\/Depositphotos_Einbruch-scaled-1-scaled.jpg","contentUrl":"https:\/\/news.save.ch\/wp-content\/uploads\/2017\/03\/Depositphotos_Einbruch-scaled-1-scaled.jpg","width":1400,"height":915,"caption":"\u00a9 depositphotos"},{"@type":"BreadcrumbList","@id":"https:\/\/news.save.ch\/erneut-weniger-einbrueche\/#breadcrumb","itemListElement":[{"@type":"ListItem","position":1,"name":"Home","item":"https:\/\/news.save.ch\/de\/"},{"@type":"ListItem","position":2,"name":"Erneut weniger Einbr\u00fcche"}]},{"@type":"WebSite","@id":"https:\/\/news.save.ch\/de\/#website","url":"https:\/\/news.save.ch\/de\/","name":"Save","description":"Schweizer Fachzeitschrift f\u00fcr Sicherheit","publisher":{"@id":"https:\/\/news.save.ch\/de\/#organization"},"potentialAction":[{"@type":"SearchAction","target":{"@type":"EntryPoint","urlTemplate":"https:\/\/news.save.ch\/de\/?s={search_term_string}"},"query-input":{"@type":"PropertyValueSpecification","valueRequired":true,"valueName":"search_term_string"}}],"inLanguage":"de"},{"@type":"Organization","@id":"https:\/\/news.save.ch\/de\/#organization","name":"Sicherheitsforum","url":"https:\/\/news.save.ch\/de\/","logo":{"@type":"ImageObject","inLanguage":"de","@id":"https:\/\/news.save.ch\/de\/#\/schema\/logo\/image\/","url":"https:\/\/news.save.ch\/wp-content\/uploads\/2022\/06\/Logo_SF_2012.png","contentUrl":"https:\/\/news.save.ch\/wp-content\/uploads\/2022\/06\/Logo_SF_2012.png","width":1100,"height":91,"caption":"Sicherheitsforum"},"image":{"@id":"https:\/\/news.save.ch\/de\/#\/schema\/logo\/image\/"}},{"@type":"Person","@id":"https:\/\/news.save.ch\/de\/#\/schema\/person\/d5022db048e0e2b9785c50e5b24da5aa","name":"Roger Str\u00e4ssle","image":{"@type":"ImageObject","inLanguage":"de","@id":"https:\/\/secure.gravatar.com\/avatar\/862a5569d087de48e5856e32f45d719a03804c891d6deb8d4f71a660e79e4a47?s=96&d=mm&r=g","url":"https:\/\/secure.gravatar.com\/avatar\/862a5569d087de48e5856e32f45d719a03804c891d6deb8d4f71a660e79e4a47?s=96&d=mm&r=g","contentUrl":"https:\/\/secure.gravatar.com\/avatar\/862a5569d087de48e5856e32f45d719a03804c891d6deb8d4f71a660e79e4a47?s=96&d=mm&r=g","caption":"Roger Str\u00e4ssle"},"url":"https:\/\/news.save.ch\/de\/author\/roger-straessle\/"}]}},"_links":{"self":[{"href":"https:\/\/news.save.ch\/de\/wp-json\/wp\/v2\/posts\/4564","targetHints":{"allow":["GET"]}}],"collection":[{"href":"https:\/\/news.save.ch\/de\/wp-json\/wp\/v2\/posts"}],"about":[{"href":"https:\/\/news.save.ch\/de\/wp-json\/wp\/v2\/types\/post"}],"author":[{"embeddable":true,"href":"https:\/\/news.save.ch\/de\/wp-json\/wp\/v2\/users\/8"}],"replies":[{"embeddable":true,"href":"https:\/\/news.save.ch\/de\/wp-json\/wp\/v2\/comments?post=4564"}],"version-history":[{"count":0,"href":"https:\/\/news.save.ch\/de\/wp-json\/wp\/v2\/posts\/4564\/revisions"}],"wp:featuredmedia":[{"embeddable":true,"href":"https:\/\/news.save.ch\/de\/wp-json\/wp\/v2\/media\/4565"}],"wp:attachment":[{"href":"https:\/\/news.save.ch\/de\/wp-json\/wp\/v2\/media?parent=4564"}],"wp:term":[{"taxonomy":"category","embeddable":true,"href":"https:\/\/news.save.ch\/de\/wp-json\/wp\/v2\/categories?post=4564"},{"taxonomy":"post_tag","embeddable":true,"href":"https:\/\/news.save.ch\/de\/wp-json\/wp\/v2\/tags?post=4564"}],"curies":[{"name":"wp","href":"https:\/\/api.w.org\/{rel}","templated":true}]}}