{"id":458,"date":"2015-08-12T13:05:14","date_gmt":"2015-08-12T11:05:14","guid":{"rendered":"http:\/\/dev.safety-plus.ch\/?p=458"},"modified":"2023-03-14T09:04:30","modified_gmt":"2023-03-14T08:04:30","slug":"alkoholkonsum-sinkt","status":null,"type":"post","link":"https:\/\/news.save.ch\/de\/alkoholkonsum-sinkt\/","title":{"rendered":"Alkoholkonsum sinkt"},"content":{"rendered":"<figure id=\"attachment_459\" aria-describedby=\"caption-attachment-459\" style=\"width: 680px\" class=\"wp-caption alignnone\"><img loading=\"lazy\" decoding=\"async\" class=\"wp-image-459 size-medium\" src=\"http:\/\/develop.safety-plus.ch\/wp-content\/uploads\/2016\/12\/Alkoholkonsum-sinkt_safety-plus.jpeg\" alt=\"Der Alkoholkonsum in der Schweiz geht j\u00e4hrlich zur\u00fcck.\" width=\"680\" height=\"454\" srcset=\"https:\/\/news.save.ch\/wp-content\/uploads\/2016\/12\/Alkoholkonsum-sinkt_safety-plus.jpeg 1000w, https:\/\/news.save.ch\/wp-content\/uploads\/2016\/12\/Alkoholkonsum-sinkt_safety-plus-680x454.jpeg 680w, https:\/\/news.save.ch\/wp-content\/uploads\/2016\/12\/Alkoholkonsum-sinkt_safety-plus-768x512.jpeg 768w, https:\/\/news.save.ch\/wp-content\/uploads\/2016\/12\/Alkoholkonsum-sinkt_safety-plus-18x12.jpeg 18w, https:\/\/news.save.ch\/wp-content\/uploads\/2016\/12\/Alkoholkonsum-sinkt_safety-plus-375x250.jpeg 375w, https:\/\/news.save.ch\/wp-content\/uploads\/2016\/12\/Alkoholkonsum-sinkt_safety-plus-525x350.jpeg 525w\" sizes=\"auto, (max-width: 680px) 100vw, 680px\" \/><figcaption id=\"caption-attachment-459\" class=\"wp-caption-text\">Der Alkoholkonsum in der Schweiz geht j\u00e4hrlich zur\u00fcck.<\/figcaption><\/figure>\n<p>Der Weinkonsum ist nach einer vor\u00fcbergehenden Zunahme im Jahr 2013 erneut zur\u00fcckgegangen. Die Bev\u00f6lkerung in der Schweiz hat im Schnitt einen Liter weniger konsumiert als im Vorjahr (2014: 35,1 Liter; 2013: 36,1 Liter). Besonders ausgepr\u00e4gt ist der R\u00fcckgang bei den Schweizer Rotweinen. Einzig die Schaumweine entziehen sich diesem r\u00fcckl\u00e4ufigen Trend. Als Folge des gleichzeitigen R\u00fcckgangs der Importe und der einheimischen Produktion war auch der Spirituosenkonsum r\u00fcckl\u00e4ufig: 2014 fiel er von 3,8 auf 3,7 Liter. Der durchschnittliche Bierkonsum hingegen verharrt bei 55,8 Liter pro Kopf. 2014 betrug der Pro-Kopf-Konsum somit 8,1 Liter reinen Alkohols (zu Vergleichszwecken werden s\u00e4mtliche alkoholischen Getr\u00e4nke in 100 Volumenprozente umgerechnet).<\/p>\n<p><strong>Statistischer und effektiver Konsum\u00a0<\/strong><\/p>\n<p>Seit dem Ende des 19. Jahrhunderts werden die Statistiken zum Alkoholkonsum in der Schweiz unver\u00e4ndert nach denselben Berechnungsmethoden erstellt. Die Berechnung des Durchschnittskonsums beruht auf den in der Schweiz verkauften beziehungsweise gekauften Mengen an Alkohol sowie auf der gesamten Schweizer Wohnbev\u00f6lkerung. Dank dieser Best\u00e4ndigkeit k\u00f6nnen die langfristigen Trends erkannt werden. Hingegen lassen die statistischen Durchschnitte keine R\u00fcckschl\u00fcsse auf den realen Konsum der verschiedenen Bev\u00f6lkerungsgruppen zu. Verl\u00e4ssliche Angaben liefert erst eine Gegen\u00fcberstellung des statistischen Durchschnittskonsums mit Verbraucherumfragen (z.B. <a href=\"http:\/\/www.suchtmonitoring.ch\/de.html\" target=\"_blank\" data-cke-saved-href=\"http:\/\/www.suchtmonitoring.ch\/de.html\" rel=\"noopener\">Suchtmonitoring Schweiz<\/a>).<\/p>\n<p><strong>Alkohol in Zahlen<\/strong><\/p>\n<p>Die Zahlen dieses Beitrags\u00a0stammen aus der Brosch\u00fcre <a href=\"http:\/\/www.eav.admin.ch\/dokumentation\/00445\/00582\/index.html?lang=de\" target=\"_blank\" data-cke-saved-href=\"http:\/\/www.eav.admin.ch\/dokumentation\/00445\/00582\/index.html?lang=de\" rel=\"noopener\">Alkohol in Zahlen<\/a>. Die <a href=\"http:\/\/www.eav.admin.ch\/\" target=\"_blank\" data-cke-saved-href=\"http:\/\/www.eav.admin.ch\/\" rel=\"noopener\">Eidgen\u00f6ssische Alkoholverwaltung (EAV) <\/a>ver\u00f6ffentlicht jedes Jahr einen \u00dcberblick \u00fcber die wichtigsten Statistiken zum Alkohol, welche die Aspekte Herstellung, Ein- und Ausfuhr sowie Verbrauch erfassen. Alkohol in Zahlen liefert ausserdem Daten zum Ethanolmarkt, zu den Alkoholsteuers\u00e4tzen in Europa sowie zu den T\u00e4tigkeiten der EAV.<\/p>\n","protected":false},"excerpt":{"rendered":"<p>Der Weinkonsum ist nach einer vor\u00fcbergehenden Zunahme im Jahr 2013 erneut zur\u00fcckgegangen. Die Bev\u00f6lkerung in der Schweiz hat im Schnitt einen Liter weniger konsumiert als im Vorjahr (2014: 35,1 Liter; 2013: 36,1 Liter). Besonders ausgepr\u00e4gt ist der R\u00fcckgang bei den Schweizer Rotweinen. Einzig die Schaumweine entziehen sich diesem r\u00fcckl\u00e4ufigen Trend. Als Folge des gleichzeitigen R\u00fcckgangs [&hellip;]<\/p>\n","protected":false},"author":1,"featured_media":459,"comment_status":"open","ping_status":"open","sticky":false,"template":"","format":"standard","meta":{"_acf_changed":false,"pgc_sgb_lightbox_settings":"","footnotes":""},"categories":[3314],"tags":[120,149,141],"class_list":["post-458","post","type-post","status-publish","format-standard","has-post-thumbnail","hentry","category-health-safety","tag-bundesamt","tag-gesundheitsschutz","tag-praevention"],"acf":[],"hkrextid":null,"publication":null,"issue":null,"workflow":null,"startPage":null,"spitzmarke":null,"_posts_by_tag_page_fields":{"widget_title":"","widget_tags":""},"_at_widget":"1","_yoast_wpseo_primary_category":"2","_yoast_wpseo_focuskw_text_input":"Alkoholkonsum sinkt","_yoast_wpseo_opengraph-image":null,"_yoast_wpseo_opengraph-description":null,"_yoast_wpseo_opengraph-title":null,"enclosure":null,"_yoast_wpseo_twitter-title":null,"_yoast_wpseo_twitter-description":null,"_yoast_wpseo_twitter-image":null,"_wp_old_slug":null,"_yoast_wpseo_title":null,"_yoast_wpseo_canonical":null,"yoast_head":"<!-- This site is optimized with the Yoast SEO plugin v27.4 - https:\/\/yoast.com\/product\/yoast-seo-wordpress\/ -->\n<title>Alkoholkonsum sinkt - Save<\/title>\n<meta name=\"description\" content=\"Alkoholkonsum sinkt: Die Bev\u00f6lkerung der Schweiz trinkt immer weniger Alkohol - zumindest im Durchschnitt. Besonders deutlich r\u00fcckl\u00e4ufig ist der Weinkonsum.\" \/>\n<meta name=\"robots\" content=\"index, follow, max-snippet:-1, max-image-preview:large, max-video-preview:-1\" \/>\n<link rel=\"canonical\" href=\"https:\/\/news.save.ch\/de\/alkoholkonsum-sinkt\/\" \/>\n<meta property=\"og:locale\" content=\"de_DE\" \/>\n<meta property=\"og:type\" content=\"article\" \/>\n<meta property=\"og:title\" content=\"Alkoholkonsum sinkt - Save\" \/>\n<meta property=\"og:description\" content=\"Alkoholkonsum sinkt: Die Bev\u00f6lkerung der Schweiz trinkt immer weniger Alkohol - zumindest im Durchschnitt. Besonders deutlich r\u00fcckl\u00e4ufig ist der Weinkonsum.\" \/>\n<meta property=\"og:url\" content=\"https:\/\/news.save.ch\/de\/alkoholkonsum-sinkt\/\" \/>\n<meta property=\"og:site_name\" content=\"Save\" \/>\n<meta property=\"article:published_time\" content=\"2015-08-12T11:05:14+00:00\" \/>\n<meta property=\"article:modified_time\" content=\"2023-03-14T08:04:30+00:00\" \/>\n<meta property=\"og:image\" content=\"https:\/\/news.save.ch\/wp-content\/uploads\/2016\/12\/Alkoholkonsum-sinkt_safety-plus.jpeg\" \/>\n\t<meta property=\"og:image:width\" content=\"1000\" \/>\n\t<meta property=\"og:image:height\" content=\"667\" \/>\n\t<meta property=\"og:image:type\" content=\"image\/jpeg\" \/>\n<meta name=\"author\" content=\"admin\" \/>\n<meta name=\"twitter:card\" content=\"summary_large_image\" \/>\n<meta name=\"twitter:label1\" content=\"Geschrieben von\" \/>\n\t<meta name=\"twitter:data1\" content=\"admin\" \/>\n\t<meta name=\"twitter:label2\" content=\"Gesch\u00e4tzte Lesezeit\" \/>\n\t<meta name=\"twitter:data2\" content=\"1\u00a0Minute\" \/>\n<script type=\"application\/ld+json\" class=\"yoast-schema-graph\">{\"@context\":\"https:\\\/\\\/schema.org\",\"@graph\":[{\"@type\":\"Article\",\"@id\":\"https:\\\/\\\/news.save.ch\\\/alkoholkonsum-sinkt\\\/#article\",\"isPartOf\":{\"@id\":\"https:\\\/\\\/news.save.ch\\\/alkoholkonsum-sinkt\\\/\"},\"author\":{\"name\":\"admin\",\"@id\":\"https:\\\/\\\/news.save.ch\\\/de\\\/#\\\/schema\\\/person\\\/d49e199490bad7c70d64b9ab51142f2b\"},\"headline\":\"Alkoholkonsum sinkt\",\"datePublished\":\"2015-08-12T11:05:14+00:00\",\"dateModified\":\"2023-03-14T08:04:30+00:00\",\"mainEntityOfPage\":{\"@id\":\"https:\\\/\\\/news.save.ch\\\/alkoholkonsum-sinkt\\\/\"},\"wordCount\":277,\"commentCount\":0,\"publisher\":{\"@id\":\"https:\\\/\\\/news.save.ch\\\/de\\\/#organization\"},\"image\":{\"@id\":\"https:\\\/\\\/news.save.ch\\\/alkoholkonsum-sinkt\\\/#primaryimage\"},\"thumbnailUrl\":\"https:\\\/\\\/news.save.ch\\\/wp-content\\\/uploads\\\/2016\\\/12\\\/Alkoholkonsum-sinkt_safety-plus.jpeg\",\"keywords\":[\"Bundesamt\",\"Gesundheitsschutz\",\"Pr\u00e4vention\"],\"articleSection\":[\"HEALTH &amp; SAFETY\"],\"inLanguage\":\"de\"},{\"@type\":\"WebPage\",\"@id\":\"https:\\\/\\\/news.save.ch\\\/alkoholkonsum-sinkt\\\/\",\"url\":\"https:\\\/\\\/news.save.ch\\\/alkoholkonsum-sinkt\\\/\",\"name\":\"Alkoholkonsum sinkt - Save\",\"isPartOf\":{\"@id\":\"https:\\\/\\\/news.save.ch\\\/de\\\/#website\"},\"primaryImageOfPage\":{\"@id\":\"https:\\\/\\\/news.save.ch\\\/alkoholkonsum-sinkt\\\/#primaryimage\"},\"image\":{\"@id\":\"https:\\\/\\\/news.save.ch\\\/alkoholkonsum-sinkt\\\/#primaryimage\"},\"thumbnailUrl\":\"https:\\\/\\\/news.save.ch\\\/wp-content\\\/uploads\\\/2016\\\/12\\\/Alkoholkonsum-sinkt_safety-plus.jpeg\",\"datePublished\":\"2015-08-12T11:05:14+00:00\",\"dateModified\":\"2023-03-14T08:04:30+00:00\",\"description\":\"Alkoholkonsum sinkt: Die Bev\u00f6lkerung der Schweiz trinkt immer weniger Alkohol - zumindest im Durchschnitt. Besonders deutlich r\u00fcckl\u00e4ufig ist der Weinkonsum.\",\"breadcrumb\":{\"@id\":\"https:\\\/\\\/news.save.ch\\\/alkoholkonsum-sinkt\\\/#breadcrumb\"},\"inLanguage\":\"de\",\"potentialAction\":[{\"@type\":\"ReadAction\",\"target\":[\"https:\\\/\\\/news.save.ch\\\/alkoholkonsum-sinkt\\\/\"]}]},{\"@type\":\"ImageObject\",\"inLanguage\":\"de\",\"@id\":\"https:\\\/\\\/news.save.ch\\\/alkoholkonsum-sinkt\\\/#primaryimage\",\"url\":\"https:\\\/\\\/news.save.ch\\\/wp-content\\\/uploads\\\/2016\\\/12\\\/Alkoholkonsum-sinkt_safety-plus.jpeg\",\"contentUrl\":\"https:\\\/\\\/news.save.ch\\\/wp-content\\\/uploads\\\/2016\\\/12\\\/Alkoholkonsum-sinkt_safety-plus.jpeg\",\"width\":1000,\"height\":667,\"caption\":\"Der Alkoholkonsum in der Schweiz geht j\u00e4hrlich zur\u00fcck.\"},{\"@type\":\"BreadcrumbList\",\"@id\":\"https:\\\/\\\/news.save.ch\\\/alkoholkonsum-sinkt\\\/#breadcrumb\",\"itemListElement\":[{\"@type\":\"ListItem\",\"position\":1,\"name\":\"Home\",\"item\":\"https:\\\/\\\/news.save.ch\\\/de\\\/\"},{\"@type\":\"ListItem\",\"position\":2,\"name\":\"Alkoholkonsum sinkt\"}]},{\"@type\":\"WebSite\",\"@id\":\"https:\\\/\\\/news.save.ch\\\/de\\\/#website\",\"url\":\"https:\\\/\\\/news.save.ch\\\/de\\\/\",\"name\":\"Save\",\"description\":\"Schweizer Fachzeitschrift f\u00fcr Sicherheit\",\"publisher\":{\"@id\":\"https:\\\/\\\/news.save.ch\\\/de\\\/#organization\"},\"potentialAction\":[{\"@type\":\"SearchAction\",\"target\":{\"@type\":\"EntryPoint\",\"urlTemplate\":\"https:\\\/\\\/news.save.ch\\\/de\\\/?s={search_term_string}\"},\"query-input\":{\"@type\":\"PropertyValueSpecification\",\"valueRequired\":true,\"valueName\":\"search_term_string\"}}],\"inLanguage\":\"de\"},{\"@type\":\"Organization\",\"@id\":\"https:\\\/\\\/news.save.ch\\\/de\\\/#organization\",\"name\":\"Sicherheitsforum\",\"url\":\"https:\\\/\\\/news.save.ch\\\/de\\\/\",\"logo\":{\"@type\":\"ImageObject\",\"inLanguage\":\"de\",\"@id\":\"https:\\\/\\\/news.save.ch\\\/de\\\/#\\\/schema\\\/logo\\\/image\\\/\",\"url\":\"https:\\\/\\\/news.save.ch\\\/wp-content\\\/uploads\\\/2022\\\/06\\\/Logo_SF_2012.png\",\"contentUrl\":\"https:\\\/\\\/news.save.ch\\\/wp-content\\\/uploads\\\/2022\\\/06\\\/Logo_SF_2012.png\",\"width\":1100,\"height\":91,\"caption\":\"Sicherheitsforum\"},\"image\":{\"@id\":\"https:\\\/\\\/news.save.ch\\\/de\\\/#\\\/schema\\\/logo\\\/image\\\/\"}},{\"@type\":\"Person\",\"@id\":\"https:\\\/\\\/news.save.ch\\\/de\\\/#\\\/schema\\\/person\\\/d49e199490bad7c70d64b9ab51142f2b\",\"name\":\"admin\",\"image\":{\"@type\":\"ImageObject\",\"inLanguage\":\"de\",\"@id\":\"https:\\\/\\\/secure.gravatar.com\\\/avatar\\\/ae2f4d718e6c49043e314ce431e7e645d646302a24a5ef5a8bc8e3f5a032e319?s=96&d=mm&r=g\",\"url\":\"https:\\\/\\\/secure.gravatar.com\\\/avatar\\\/ae2f4d718e6c49043e314ce431e7e645d646302a24a5ef5a8bc8e3f5a032e319?s=96&d=mm&r=g\",\"contentUrl\":\"https:\\\/\\\/secure.gravatar.com\\\/avatar\\\/ae2f4d718e6c49043e314ce431e7e645d646302a24a5ef5a8bc8e3f5a032e319?s=96&d=mm&r=g\",\"caption\":\"admin\"},\"sameAs\":[\"https:\\\/\\\/develop.organisator.galledia.ch\"],\"url\":\"https:\\\/\\\/news.save.ch\\\/de\\\/author\\\/admin\\\/\"}]}<\/script>\n<!-- \/ Yoast SEO plugin. -->","yoast_head_json":{"title":"Alkoholkonsum sinkt - Save","description":"Alkoholkonsum sinkt: Die Bev\u00f6lkerung der Schweiz trinkt immer weniger Alkohol - zumindest im Durchschnitt. Besonders deutlich r\u00fcckl\u00e4ufig ist der Weinkonsum.","robots":{"index":"index","follow":"follow","max-snippet":"max-snippet:-1","max-image-preview":"max-image-preview:large","max-video-preview":"max-video-preview:-1"},"canonical":"https:\/\/news.save.ch\/de\/alkoholkonsum-sinkt\/","og_locale":"de_DE","og_type":"article","og_title":"Alkoholkonsum sinkt - Save","og_description":"Alkoholkonsum sinkt: Die Bev\u00f6lkerung der Schweiz trinkt immer weniger Alkohol - zumindest im Durchschnitt. Besonders deutlich r\u00fcckl\u00e4ufig ist der Weinkonsum.","og_url":"https:\/\/news.save.ch\/de\/alkoholkonsum-sinkt\/","og_site_name":"Save","article_published_time":"2015-08-12T11:05:14+00:00","article_modified_time":"2023-03-14T08:04:30+00:00","og_image":[{"width":1000,"height":667,"url":"https:\/\/news.save.ch\/wp-content\/uploads\/2016\/12\/Alkoholkonsum-sinkt_safety-plus.jpeg","type":"image\/jpeg"}],"author":"admin","twitter_card":"summary_large_image","twitter_misc":{"Geschrieben von":"admin","Gesch\u00e4tzte Lesezeit":"1\u00a0Minute"},"schema":{"@context":"https:\/\/schema.org","@graph":[{"@type":"Article","@id":"https:\/\/news.save.ch\/alkoholkonsum-sinkt\/#article","isPartOf":{"@id":"https:\/\/news.save.ch\/alkoholkonsum-sinkt\/"},"author":{"name":"admin","@id":"https:\/\/news.save.ch\/de\/#\/schema\/person\/d49e199490bad7c70d64b9ab51142f2b"},"headline":"Alkoholkonsum sinkt","datePublished":"2015-08-12T11:05:14+00:00","dateModified":"2023-03-14T08:04:30+00:00","mainEntityOfPage":{"@id":"https:\/\/news.save.ch\/alkoholkonsum-sinkt\/"},"wordCount":277,"commentCount":0,"publisher":{"@id":"https:\/\/news.save.ch\/de\/#organization"},"image":{"@id":"https:\/\/news.save.ch\/alkoholkonsum-sinkt\/#primaryimage"},"thumbnailUrl":"https:\/\/news.save.ch\/wp-content\/uploads\/2016\/12\/Alkoholkonsum-sinkt_safety-plus.jpeg","keywords":["Bundesamt","Gesundheitsschutz","Pr\u00e4vention"],"articleSection":["HEALTH &amp; SAFETY"],"inLanguage":"de"},{"@type":"WebPage","@id":"https:\/\/news.save.ch\/alkoholkonsum-sinkt\/","url":"https:\/\/news.save.ch\/alkoholkonsum-sinkt\/","name":"Alkoholkonsum sinkt - Save","isPartOf":{"@id":"https:\/\/news.save.ch\/de\/#website"},"primaryImageOfPage":{"@id":"https:\/\/news.save.ch\/alkoholkonsum-sinkt\/#primaryimage"},"image":{"@id":"https:\/\/news.save.ch\/alkoholkonsum-sinkt\/#primaryimage"},"thumbnailUrl":"https:\/\/news.save.ch\/wp-content\/uploads\/2016\/12\/Alkoholkonsum-sinkt_safety-plus.jpeg","datePublished":"2015-08-12T11:05:14+00:00","dateModified":"2023-03-14T08:04:30+00:00","description":"Alkoholkonsum sinkt: Die Bev\u00f6lkerung der Schweiz trinkt immer weniger Alkohol - zumindest im Durchschnitt. Besonders deutlich r\u00fcckl\u00e4ufig ist der Weinkonsum.","breadcrumb":{"@id":"https:\/\/news.save.ch\/alkoholkonsum-sinkt\/#breadcrumb"},"inLanguage":"de","potentialAction":[{"@type":"ReadAction","target":["https:\/\/news.save.ch\/alkoholkonsum-sinkt\/"]}]},{"@type":"ImageObject","inLanguage":"de","@id":"https:\/\/news.save.ch\/alkoholkonsum-sinkt\/#primaryimage","url":"https:\/\/news.save.ch\/wp-content\/uploads\/2016\/12\/Alkoholkonsum-sinkt_safety-plus.jpeg","contentUrl":"https:\/\/news.save.ch\/wp-content\/uploads\/2016\/12\/Alkoholkonsum-sinkt_safety-plus.jpeg","width":1000,"height":667,"caption":"Der Alkoholkonsum in der Schweiz geht j\u00e4hrlich zur\u00fcck."},{"@type":"BreadcrumbList","@id":"https:\/\/news.save.ch\/alkoholkonsum-sinkt\/#breadcrumb","itemListElement":[{"@type":"ListItem","position":1,"name":"Home","item":"https:\/\/news.save.ch\/de\/"},{"@type":"ListItem","position":2,"name":"Alkoholkonsum sinkt"}]},{"@type":"WebSite","@id":"https:\/\/news.save.ch\/de\/#website","url":"https:\/\/news.save.ch\/de\/","name":"Save","description":"Schweizer Fachzeitschrift f\u00fcr Sicherheit","publisher":{"@id":"https:\/\/news.save.ch\/de\/#organization"},"potentialAction":[{"@type":"SearchAction","target":{"@type":"EntryPoint","urlTemplate":"https:\/\/news.save.ch\/de\/?s={search_term_string}"},"query-input":{"@type":"PropertyValueSpecification","valueRequired":true,"valueName":"search_term_string"}}],"inLanguage":"de"},{"@type":"Organization","@id":"https:\/\/news.save.ch\/de\/#organization","name":"Sicherheitsforum","url":"https:\/\/news.save.ch\/de\/","logo":{"@type":"ImageObject","inLanguage":"de","@id":"https:\/\/news.save.ch\/de\/#\/schema\/logo\/image\/","url":"https:\/\/news.save.ch\/wp-content\/uploads\/2022\/06\/Logo_SF_2012.png","contentUrl":"https:\/\/news.save.ch\/wp-content\/uploads\/2022\/06\/Logo_SF_2012.png","width":1100,"height":91,"caption":"Sicherheitsforum"},"image":{"@id":"https:\/\/news.save.ch\/de\/#\/schema\/logo\/image\/"}},{"@type":"Person","@id":"https:\/\/news.save.ch\/de\/#\/schema\/person\/d49e199490bad7c70d64b9ab51142f2b","name":"admin","image":{"@type":"ImageObject","inLanguage":"de","@id":"https:\/\/secure.gravatar.com\/avatar\/ae2f4d718e6c49043e314ce431e7e645d646302a24a5ef5a8bc8e3f5a032e319?s=96&d=mm&r=g","url":"https:\/\/secure.gravatar.com\/avatar\/ae2f4d718e6c49043e314ce431e7e645d646302a24a5ef5a8bc8e3f5a032e319?s=96&d=mm&r=g","contentUrl":"https:\/\/secure.gravatar.com\/avatar\/ae2f4d718e6c49043e314ce431e7e645d646302a24a5ef5a8bc8e3f5a032e319?s=96&d=mm&r=g","caption":"admin"},"sameAs":["https:\/\/develop.organisator.galledia.ch"],"url":"https:\/\/news.save.ch\/de\/author\/admin\/"}]}},"_links":{"self":[{"href":"https:\/\/news.save.ch\/de\/wp-json\/wp\/v2\/posts\/458","targetHints":{"allow":["GET"]}}],"collection":[{"href":"https:\/\/news.save.ch\/de\/wp-json\/wp\/v2\/posts"}],"about":[{"href":"https:\/\/news.save.ch\/de\/wp-json\/wp\/v2\/types\/post"}],"author":[{"embeddable":true,"href":"https:\/\/news.save.ch\/de\/wp-json\/wp\/v2\/users\/1"}],"replies":[{"embeddable":true,"href":"https:\/\/news.save.ch\/de\/wp-json\/wp\/v2\/comments?post=458"}],"version-history":[{"count":1,"href":"https:\/\/news.save.ch\/de\/wp-json\/wp\/v2\/posts\/458\/revisions"}],"predecessor-version":[{"id":18856,"href":"https:\/\/news.save.ch\/de\/wp-json\/wp\/v2\/posts\/458\/revisions\/18856"}],"wp:featuredmedia":[{"embeddable":true,"href":"https:\/\/news.save.ch\/de\/wp-json\/wp\/v2\/media\/459"}],"wp:attachment":[{"href":"https:\/\/news.save.ch\/de\/wp-json\/wp\/v2\/media?parent=458"}],"wp:term":[{"taxonomy":"category","embeddable":true,"href":"https:\/\/news.save.ch\/de\/wp-json\/wp\/v2\/categories?post=458"},{"taxonomy":"post_tag","embeddable":true,"href":"https:\/\/news.save.ch\/de\/wp-json\/wp\/v2\/tags?post=458"}],"curies":[{"name":"wp","href":"https:\/\/api.w.org\/{rel}","templated":true}]}}