{"id":4598,"date":"2017-03-31T10:42:02","date_gmt":"2017-03-31T08:42:02","guid":{"rendered":"https:\/\/news.save.ch\/?p=4598"},"modified":"2017-03-31T10:42:02","modified_gmt":"2017-03-31T08:42:02","slug":"spik-mit-neuen-loesungsansaetze-aus-dem-in-und-ausland","status":null,"type":"post","link":"https:\/\/news.save.ch\/de\/spik-mit-neuen-loesungsansaetze-aus-dem-in-und-ausland\/","title":{"rendered":"SPIK mit neuen L\u00f6sungsans\u00e4tzen aus dem In- und Ausland"},"content":{"rendered":"<figure id=\"attachment_4599\" aria-describedby=\"caption-attachment-4599\" style=\"width: 680px\" class=\"wp-caption aligncenter\"><img loading=\"lazy\" decoding=\"async\" class=\"size-medium wp-image-4599\" src=\"https:\/\/news.save.ch\/wp-content\/uploads\/2017\/03\/Blaettler-scaled-1.jpg\" alt=\"\" width=\"680\" height=\"453\" \/><figcaption id=\"caption-attachment-4599\" class=\"wp-caption-text\">Stefan Bl\u00e4ttler, Pr\u00e4sident der KKPKS. Qelle: Sascha H\u00e4hni, Swiss Police ICT<\/figcaption><\/figure>\n<p>Der <a href=\"https:\/\/www.swisspoliceict.ch\/de-ch\/spik\/spik-2017\">SPIK<\/a>-Kongress wurde 2017 erstmals zweit\u00e4gig durchgef\u00fchrt. Hauptthema des ersten Tages war die Einsatzkommunikation, Stichworte dazu sind Polycom-Werterhaltung sowie dessen Weiterentwicklung zu einem leistungsf\u00e4higen Datennetz und die Bev\u00f6lkerungsalarmierung. Am zweiten Tag war bei der 10. Durchf\u00fchrung nebst den traditionellen Themen rund um die Einsatzzentralen v.a. das Thema Analyse und Visualisierung der Delikte und der Polizeiarbeit ein grosses Thema.<br \/>\nDen Kommunikationstag er\u00f6ffnete Thomas Baumann, der stellvertretende Leiter der Pressestelle des Polizeipr\u00e4sidiums M\u00fcnchen. Das Thema: Der M\u00fcnchner Amoklauf und die damit einhergehende Krisenkommunikation vor den Hintergrund der operativen Einsatzbew\u00e4ltigung.<br \/>\nAusgangslage: \u00dcber 80% der Bev\u00f6lkerung nutze t\u00e4glich das Internet; gleichzeitig l\u00f6sten sich klassische Medienstrukturen mittelfristig auf, so Baumann. Vor diesem Hintergrund entfaltete sich ein eindr\u00fcckliches Mengenger\u00fcst: Infolge des Amoklaufs gingen 4\u2018761 Anrufe bei den Einsatzzentralen ein; \u00fcber Social Media waren es 72\u2018000 \u00abTickets\u00bb. Vor allem Meldungen besorgter B\u00fcrgerinnen und B\u00fcrger, die Besorgniserregendes festgestellt haben wollten \u2013 mit dem Resultat unz\u00e4hliger flankierender Eins\u00e4tze.<br \/>\nDas Fazit der erfolgreichen Bew\u00e4ltigung eines traurigen Ereignisses: Krisenkommunikation \u00fcber Radio und Fernsehen allein funktioniert nicht mehr. Um keine Zeit zu verlieren, m\u00fcssten B\u00fcrger dort erreicht werden, wo sie seien: Auf ihren Smartphones, so Baumann. Und die Polizei muss es schaffen, alle \u00c4ngste und Sorgen ernst zu nehmen.<\/p>\n<p><strong>Harmonisierung der Polizeiinformatik<\/strong><br \/>\nDass im Mittelpunkt der Mensch steht \u2013 gerade auch die Einsatzkr\u00e4fte, welche die Technologie zu unterst\u00fctzen hat \u2013 war eine zentrale Aussage von Stefan Bl\u00e4ttler, Kommandant der Kantonspolizei Bern, der als Pr\u00e4sident der KKPKS den zweiten Tag er\u00f6ffnete.<br \/>\nEr unterstrich die in der Schweiz beispiellose Harmonisierung \u00fcber Kantonsgrenzen hinweg, die in der Polizeiinformatik erreicht wurde: \u00abDieser vision\u00e4ren Grundlage gilt es nun Leben einzuhauchen\u00bb, hielt Bl\u00e4ttler fest. Im Bereich der Einsatzzentralen und der Polizei-Applikationen sei die Digitalisierung mit Programmen wie dem schweizweiten Notrufdienst-Management (DLWL), dem digitalen Polizeiposten Suisse ePolice f\u00fcr Fahrrad- oder Mofadiebst\u00e4hle oder auch das Sondereinheiten-App (SOE) bereits weit fortgeschritten. Grossen Handlungsbedarf sieht Bl\u00e4ttler hingegen im Bereich der Telekommunikationsger\u00e4te, u.a. beim Betrieb von Polycom: \u00abEine schweizweite Harmonisierung w\u00e4re sinnvoll.\u00bb Schon allein weil die Kantone f\u00fcr die Erneuerungsarbeiten selber aufkommen m\u00fcssen.<\/p>\n<p><strong>Ein Blick von aussen<\/strong><br \/>\nUmgeben von Vertretern aus Polizei, Wirtschaft, Politik und der IT-Branche sinnierte der Philosoph und Publizist Ludwig Hasler \u00fcber das Thema der Digitalisierung. \u00abAlles wird besser. Also schlimmer\u00bb lautet die These. Es mag beruhigend wirken, wird der St\u00f6rfall Mensch digital aus dem Verkehr gezogen \u2013 damit entgleite dem Mensch aber auch die Verantwortung, so Hasler. Datenfl\u00fcsse verselbst\u00e4ndigen sich, werden vulnerabler, der Aggressor wird technologisch und anonym. Seine Quintessenz: \u00abSo richtig sicher wird eine Gesellschaft, wenn sie die Freiheit abschafft. Digital k\u00f6nnte dies gelingen.\u00bb<br \/>\nAm 10. SPIK nahmen insgesamt \u00fcber 700 Vertreterinnen und Vertreter aus Polizei und Wirtschaft, IT-Experten verschiedener Branchen und Teilnehmer aus der Politik teil. Der j\u00e4hrliche Anlass ist die nationale Plattform f\u00fcr den Erfahrungsaustausch zu den Themen Polizeiinformatik und Bek\u00e4mpfung von Cybercrime. Neben den acht respektive neunzehn Referaten konnten sich die Teilnehmenden an \u00fcber 30 Messest\u00e4nden vom praktischen Nutzen der pr\u00e4sentierten L\u00f6sungen \u00fcberzeugen.<\/p>\n<p><em>Quelle: <a href=\"https:\/\/www.swisspoliceict.ch\">Swiss Police ICT<\/a><\/em><\/p>\n","protected":false},"excerpt":{"rendered":"<p>Der SPIK-Kongress wurde 2017 erstmals zweit\u00e4gig durchgef\u00fchrt. Hauptthema des ersten Tages war die Einsatzkommunikation, Stichworte dazu sind Polycom-Werterhaltung sowie dessen Weiterentwicklung zu einem leistungsf\u00e4higen Datennetz und die Bev\u00f6lkerungsalarmierung. Am zweiten Tag war bei der 10. Durchf\u00fchrung nebst den traditionellen Themen rund um die Einsatzzentralen v.a. das Thema Analyse und Visualisierung der Delikte und der Polizeiarbeit [&hellip;]<\/p>\n","protected":false},"author":8,"featured_media":4599,"comment_status":"open","ping_status":"open","sticky":false,"template":"","format":"standard","meta":{"_acf_changed":false,"pgc_sgb_lightbox_settings":"","footnotes":""},"categories":[1],"tags":[62,69],"class_list":["post-4598","post","type-post","status-publish","format-standard","has-post-thumbnail","hentry","category-allgemein","tag-ict-sicherheit","tag-justiz-polizei"],"acf":[],"hkrextid":null,"publication":null,"issue":null,"workflow":null,"startPage":null,"spitzmarke":null,"_posts_by_tag_page_fields":{"widget_title":"","widget_tags":""},"_at_widget":"1","_yoast_wpseo_primary_category":"1","_yoast_wpseo_focuskw_text_input":"SPIK","_yoast_wpseo_opengraph-image":null,"_yoast_wpseo_opengraph-description":null,"_yoast_wpseo_opengraph-title":null,"enclosure":null,"_yoast_wpseo_twitter-title":null,"_yoast_wpseo_twitter-description":null,"_yoast_wpseo_twitter-image":null,"_wp_old_slug":null,"_yoast_wpseo_title":null,"_yoast_wpseo_canonical":null,"yoast_head":"<!-- This site is optimized with the Yoast SEO plugin v27.5 - https:\/\/yoast.com\/product\/yoast-seo-wordpress\/ -->\n<title>SPIK mit neuen L\u00f6sungsans\u00e4tzen aus dem In- und Ausland - Save<\/title>\n<meta name=\"description\" content=\"Am SPIK-Kongress, der jeweils vom Verein Swiss Police ICT organisiert wird, wurden neue Herausforderungen und L\u00f6sungsans\u00e4tze diskutiert.\" \/>\n<meta name=\"robots\" content=\"index, follow, max-snippet:-1, max-image-preview:large, max-video-preview:-1\" \/>\n<link rel=\"canonical\" href=\"https:\/\/news.save.ch\/de\/spik-mit-neuen-loesungsansaetze-aus-dem-in-und-ausland\/\" \/>\n<meta property=\"og:locale\" content=\"de_DE\" \/>\n<meta property=\"og:type\" content=\"article\" \/>\n<meta property=\"og:title\" content=\"SPIK mit neuen L\u00f6sungsans\u00e4tzen aus dem In- und Ausland - Save\" \/>\n<meta property=\"og:description\" content=\"Am SPIK-Kongress, der jeweils vom Verein Swiss Police ICT organisiert wird, wurden neue Herausforderungen und L\u00f6sungsans\u00e4tze diskutiert.\" \/>\n<meta property=\"og:url\" content=\"https:\/\/news.save.ch\/de\/spik-mit-neuen-loesungsansaetze-aus-dem-in-und-ausland\/\" \/>\n<meta property=\"og:site_name\" content=\"Save\" \/>\n<meta property=\"article:published_time\" content=\"2017-03-31T08:42:02+00:00\" \/>\n<meta property=\"og:image\" content=\"https:\/\/news.save.ch\/wp-content\/uploads\/2017\/03\/Blaettler-scaled-1-scaled.jpg\" \/>\n\t<meta property=\"og:image:width\" content=\"1400\" \/>\n\t<meta property=\"og:image:height\" content=\"934\" \/>\n\t<meta property=\"og:image:type\" content=\"image\/jpeg\" \/>\n<meta name=\"author\" content=\"Roger Str\u00e4ssle\" \/>\n<meta name=\"twitter:card\" content=\"summary_large_image\" \/>\n<meta name=\"twitter:label1\" content=\"Geschrieben von\" \/>\n\t<meta name=\"twitter:data1\" content=\"Roger Str\u00e4ssle\" \/>\n\t<meta name=\"twitter:label2\" content=\"Gesch\u00e4tzte Lesezeit\" \/>\n\t<meta name=\"twitter:data2\" content=\"3\u00a0Minuten\" \/>\n<script type=\"application\/ld+json\" class=\"yoast-schema-graph\">{\"@context\":\"https:\\\/\\\/schema.org\",\"@graph\":[{\"@type\":\"Article\",\"@id\":\"https:\\\/\\\/news.save.ch\\\/spik-mit-neuen-loesungsansaetze-aus-dem-in-und-ausland\\\/#article\",\"isPartOf\":{\"@id\":\"https:\\\/\\\/news.save.ch\\\/spik-mit-neuen-loesungsansaetze-aus-dem-in-und-ausland\\\/\"},\"author\":{\"name\":\"Roger Str\u00e4ssle\",\"@id\":\"https:\\\/\\\/news.save.ch\\\/de\\\/#\\\/schema\\\/person\\\/d5022db048e0e2b9785c50e5b24da5aa\"},\"headline\":\"SPIK mit neuen L\u00f6sungsans\u00e4tzen aus dem In- und Ausland\",\"datePublished\":\"2017-03-31T08:42:02+00:00\",\"mainEntityOfPage\":{\"@id\":\"https:\\\/\\\/news.save.ch\\\/spik-mit-neuen-loesungsansaetze-aus-dem-in-und-ausland\\\/\"},\"wordCount\":550,\"commentCount\":0,\"publisher\":{\"@id\":\"https:\\\/\\\/news.save.ch\\\/de\\\/#organization\"},\"image\":{\"@id\":\"https:\\\/\\\/news.save.ch\\\/spik-mit-neuen-loesungsansaetze-aus-dem-in-und-ausland\\\/#primaryimage\"},\"thumbnailUrl\":\"https:\\\/\\\/news.save.ch\\\/wp-content\\\/uploads\\\/2017\\\/03\\\/Blaettler-scaled-1-scaled.jpg\",\"keywords\":[\"ICT-Sicherheit\",\"Justiz &amp; Polizei\"],\"articleSection\":[\"ALLGEMEIN\"],\"inLanguage\":\"de\"},{\"@type\":\"WebPage\",\"@id\":\"https:\\\/\\\/news.save.ch\\\/spik-mit-neuen-loesungsansaetze-aus-dem-in-und-ausland\\\/\",\"url\":\"https:\\\/\\\/news.save.ch\\\/spik-mit-neuen-loesungsansaetze-aus-dem-in-und-ausland\\\/\",\"name\":\"SPIK mit neuen L\u00f6sungsans\u00e4tzen aus dem In- und Ausland - Save\",\"isPartOf\":{\"@id\":\"https:\\\/\\\/news.save.ch\\\/de\\\/#website\"},\"primaryImageOfPage\":{\"@id\":\"https:\\\/\\\/news.save.ch\\\/spik-mit-neuen-loesungsansaetze-aus-dem-in-und-ausland\\\/#primaryimage\"},\"image\":{\"@id\":\"https:\\\/\\\/news.save.ch\\\/spik-mit-neuen-loesungsansaetze-aus-dem-in-und-ausland\\\/#primaryimage\"},\"thumbnailUrl\":\"https:\\\/\\\/news.save.ch\\\/wp-content\\\/uploads\\\/2017\\\/03\\\/Blaettler-scaled-1-scaled.jpg\",\"datePublished\":\"2017-03-31T08:42:02+00:00\",\"description\":\"Am SPIK-Kongress, der jeweils vom Verein Swiss Police ICT organisiert wird, wurden neue Herausforderungen und L\u00f6sungsans\u00e4tze diskutiert.\",\"breadcrumb\":{\"@id\":\"https:\\\/\\\/news.save.ch\\\/spik-mit-neuen-loesungsansaetze-aus-dem-in-und-ausland\\\/#breadcrumb\"},\"inLanguage\":\"de\",\"potentialAction\":[{\"@type\":\"ReadAction\",\"target\":[\"https:\\\/\\\/news.save.ch\\\/spik-mit-neuen-loesungsansaetze-aus-dem-in-und-ausland\\\/\"]}]},{\"@type\":\"ImageObject\",\"inLanguage\":\"de\",\"@id\":\"https:\\\/\\\/news.save.ch\\\/spik-mit-neuen-loesungsansaetze-aus-dem-in-und-ausland\\\/#primaryimage\",\"url\":\"https:\\\/\\\/news.save.ch\\\/wp-content\\\/uploads\\\/2017\\\/03\\\/Blaettler-scaled-1-scaled.jpg\",\"contentUrl\":\"https:\\\/\\\/news.save.ch\\\/wp-content\\\/uploads\\\/2017\\\/03\\\/Blaettler-scaled-1-scaled.jpg\",\"width\":1400,\"height\":934,\"caption\":\"Qelle: Sascha H\u00e4hni, Swiss Police ICT\"},{\"@type\":\"BreadcrumbList\",\"@id\":\"https:\\\/\\\/news.save.ch\\\/spik-mit-neuen-loesungsansaetze-aus-dem-in-und-ausland\\\/#breadcrumb\",\"itemListElement\":[{\"@type\":\"ListItem\",\"position\":1,\"name\":\"Home\",\"item\":\"https:\\\/\\\/news.save.ch\\\/de\\\/\"},{\"@type\":\"ListItem\",\"position\":2,\"name\":\"SPIK mit neuen L\u00f6sungsans\u00e4tzen aus dem In- und Ausland\"}]},{\"@type\":\"WebSite\",\"@id\":\"https:\\\/\\\/news.save.ch\\\/de\\\/#website\",\"url\":\"https:\\\/\\\/news.save.ch\\\/de\\\/\",\"name\":\"Save\",\"description\":\"Schweizer Fachzeitschrift f\u00fcr Sicherheit\",\"publisher\":{\"@id\":\"https:\\\/\\\/news.save.ch\\\/de\\\/#organization\"},\"potentialAction\":[{\"@type\":\"SearchAction\",\"target\":{\"@type\":\"EntryPoint\",\"urlTemplate\":\"https:\\\/\\\/news.save.ch\\\/de\\\/?s={search_term_string}\"},\"query-input\":{\"@type\":\"PropertyValueSpecification\",\"valueRequired\":true,\"valueName\":\"search_term_string\"}}],\"inLanguage\":\"de\"},{\"@type\":\"Organization\",\"@id\":\"https:\\\/\\\/news.save.ch\\\/de\\\/#organization\",\"name\":\"Sicherheitsforum\",\"url\":\"https:\\\/\\\/news.save.ch\\\/de\\\/\",\"logo\":{\"@type\":\"ImageObject\",\"inLanguage\":\"de\",\"@id\":\"https:\\\/\\\/news.save.ch\\\/de\\\/#\\\/schema\\\/logo\\\/image\\\/\",\"url\":\"https:\\\/\\\/news.save.ch\\\/wp-content\\\/uploads\\\/2022\\\/06\\\/Logo_SF_2012.png\",\"contentUrl\":\"https:\\\/\\\/news.save.ch\\\/wp-content\\\/uploads\\\/2022\\\/06\\\/Logo_SF_2012.png\",\"width\":1100,\"height\":91,\"caption\":\"Sicherheitsforum\"},\"image\":{\"@id\":\"https:\\\/\\\/news.save.ch\\\/de\\\/#\\\/schema\\\/logo\\\/image\\\/\"}},{\"@type\":\"Person\",\"@id\":\"https:\\\/\\\/news.save.ch\\\/de\\\/#\\\/schema\\\/person\\\/d5022db048e0e2b9785c50e5b24da5aa\",\"name\":\"Roger Str\u00e4ssle\",\"image\":{\"@type\":\"ImageObject\",\"inLanguage\":\"de\",\"@id\":\"https:\\\/\\\/secure.gravatar.com\\\/avatar\\\/862a5569d087de48e5856e32f45d719a03804c891d6deb8d4f71a660e79e4a47?s=96&d=mm&r=g\",\"url\":\"https:\\\/\\\/secure.gravatar.com\\\/avatar\\\/862a5569d087de48e5856e32f45d719a03804c891d6deb8d4f71a660e79e4a47?s=96&d=mm&r=g\",\"contentUrl\":\"https:\\\/\\\/secure.gravatar.com\\\/avatar\\\/862a5569d087de48e5856e32f45d719a03804c891d6deb8d4f71a660e79e4a47?s=96&d=mm&r=g\",\"caption\":\"Roger Str\u00e4ssle\"},\"url\":\"https:\\\/\\\/news.save.ch\\\/de\\\/author\\\/roger-straessle\\\/\"}]}<\/script>\n<!-- \/ Yoast SEO plugin. -->","yoast_head_json":{"title":"SPIK mit neuen L\u00f6sungsans\u00e4tzen aus dem In- und Ausland - Save","description":"Am SPIK-Kongress, der jeweils vom Verein Swiss Police ICT organisiert wird, wurden neue Herausforderungen und L\u00f6sungsans\u00e4tze diskutiert.","robots":{"index":"index","follow":"follow","max-snippet":"max-snippet:-1","max-image-preview":"max-image-preview:large","max-video-preview":"max-video-preview:-1"},"canonical":"https:\/\/news.save.ch\/de\/spik-mit-neuen-loesungsansaetze-aus-dem-in-und-ausland\/","og_locale":"de_DE","og_type":"article","og_title":"SPIK mit neuen L\u00f6sungsans\u00e4tzen aus dem In- und Ausland - Save","og_description":"Am SPIK-Kongress, der jeweils vom Verein Swiss Police ICT organisiert wird, wurden neue Herausforderungen und L\u00f6sungsans\u00e4tze diskutiert.","og_url":"https:\/\/news.save.ch\/de\/spik-mit-neuen-loesungsansaetze-aus-dem-in-und-ausland\/","og_site_name":"Save","article_published_time":"2017-03-31T08:42:02+00:00","og_image":[{"width":1400,"height":934,"url":"https:\/\/news.save.ch\/wp-content\/uploads\/2017\/03\/Blaettler-scaled-1-scaled.jpg","type":"image\/jpeg"}],"author":"Roger Str\u00e4ssle","twitter_card":"summary_large_image","twitter_misc":{"Geschrieben von":"Roger Str\u00e4ssle","Gesch\u00e4tzte Lesezeit":"3\u00a0Minuten"},"schema":{"@context":"https:\/\/schema.org","@graph":[{"@type":"Article","@id":"https:\/\/news.save.ch\/spik-mit-neuen-loesungsansaetze-aus-dem-in-und-ausland\/#article","isPartOf":{"@id":"https:\/\/news.save.ch\/spik-mit-neuen-loesungsansaetze-aus-dem-in-und-ausland\/"},"author":{"name":"Roger Str\u00e4ssle","@id":"https:\/\/news.save.ch\/de\/#\/schema\/person\/d5022db048e0e2b9785c50e5b24da5aa"},"headline":"SPIK mit neuen L\u00f6sungsans\u00e4tzen aus dem In- und Ausland","datePublished":"2017-03-31T08:42:02+00:00","mainEntityOfPage":{"@id":"https:\/\/news.save.ch\/spik-mit-neuen-loesungsansaetze-aus-dem-in-und-ausland\/"},"wordCount":550,"commentCount":0,"publisher":{"@id":"https:\/\/news.save.ch\/de\/#organization"},"image":{"@id":"https:\/\/news.save.ch\/spik-mit-neuen-loesungsansaetze-aus-dem-in-und-ausland\/#primaryimage"},"thumbnailUrl":"https:\/\/news.save.ch\/wp-content\/uploads\/2017\/03\/Blaettler-scaled-1-scaled.jpg","keywords":["ICT-Sicherheit","Justiz &amp; Polizei"],"articleSection":["ALLGEMEIN"],"inLanguage":"de"},{"@type":"WebPage","@id":"https:\/\/news.save.ch\/spik-mit-neuen-loesungsansaetze-aus-dem-in-und-ausland\/","url":"https:\/\/news.save.ch\/spik-mit-neuen-loesungsansaetze-aus-dem-in-und-ausland\/","name":"SPIK mit neuen L\u00f6sungsans\u00e4tzen aus dem In- und Ausland - Save","isPartOf":{"@id":"https:\/\/news.save.ch\/de\/#website"},"primaryImageOfPage":{"@id":"https:\/\/news.save.ch\/spik-mit-neuen-loesungsansaetze-aus-dem-in-und-ausland\/#primaryimage"},"image":{"@id":"https:\/\/news.save.ch\/spik-mit-neuen-loesungsansaetze-aus-dem-in-und-ausland\/#primaryimage"},"thumbnailUrl":"https:\/\/news.save.ch\/wp-content\/uploads\/2017\/03\/Blaettler-scaled-1-scaled.jpg","datePublished":"2017-03-31T08:42:02+00:00","description":"Am SPIK-Kongress, der jeweils vom Verein Swiss Police ICT organisiert wird, wurden neue Herausforderungen und L\u00f6sungsans\u00e4tze diskutiert.","breadcrumb":{"@id":"https:\/\/news.save.ch\/spik-mit-neuen-loesungsansaetze-aus-dem-in-und-ausland\/#breadcrumb"},"inLanguage":"de","potentialAction":[{"@type":"ReadAction","target":["https:\/\/news.save.ch\/spik-mit-neuen-loesungsansaetze-aus-dem-in-und-ausland\/"]}]},{"@type":"ImageObject","inLanguage":"de","@id":"https:\/\/news.save.ch\/spik-mit-neuen-loesungsansaetze-aus-dem-in-und-ausland\/#primaryimage","url":"https:\/\/news.save.ch\/wp-content\/uploads\/2017\/03\/Blaettler-scaled-1-scaled.jpg","contentUrl":"https:\/\/news.save.ch\/wp-content\/uploads\/2017\/03\/Blaettler-scaled-1-scaled.jpg","width":1400,"height":934,"caption":"Qelle: Sascha H\u00e4hni, Swiss Police ICT"},{"@type":"BreadcrumbList","@id":"https:\/\/news.save.ch\/spik-mit-neuen-loesungsansaetze-aus-dem-in-und-ausland\/#breadcrumb","itemListElement":[{"@type":"ListItem","position":1,"name":"Home","item":"https:\/\/news.save.ch\/de\/"},{"@type":"ListItem","position":2,"name":"SPIK mit neuen L\u00f6sungsans\u00e4tzen aus dem In- und Ausland"}]},{"@type":"WebSite","@id":"https:\/\/news.save.ch\/de\/#website","url":"https:\/\/news.save.ch\/de\/","name":"Save","description":"Schweizer Fachzeitschrift f\u00fcr Sicherheit","publisher":{"@id":"https:\/\/news.save.ch\/de\/#organization"},"potentialAction":[{"@type":"SearchAction","target":{"@type":"EntryPoint","urlTemplate":"https:\/\/news.save.ch\/de\/?s={search_term_string}"},"query-input":{"@type":"PropertyValueSpecification","valueRequired":true,"valueName":"search_term_string"}}],"inLanguage":"de"},{"@type":"Organization","@id":"https:\/\/news.save.ch\/de\/#organization","name":"Sicherheitsforum","url":"https:\/\/news.save.ch\/de\/","logo":{"@type":"ImageObject","inLanguage":"de","@id":"https:\/\/news.save.ch\/de\/#\/schema\/logo\/image\/","url":"https:\/\/news.save.ch\/wp-content\/uploads\/2022\/06\/Logo_SF_2012.png","contentUrl":"https:\/\/news.save.ch\/wp-content\/uploads\/2022\/06\/Logo_SF_2012.png","width":1100,"height":91,"caption":"Sicherheitsforum"},"image":{"@id":"https:\/\/news.save.ch\/de\/#\/schema\/logo\/image\/"}},{"@type":"Person","@id":"https:\/\/news.save.ch\/de\/#\/schema\/person\/d5022db048e0e2b9785c50e5b24da5aa","name":"Roger Str\u00e4ssle","image":{"@type":"ImageObject","inLanguage":"de","@id":"https:\/\/secure.gravatar.com\/avatar\/862a5569d087de48e5856e32f45d719a03804c891d6deb8d4f71a660e79e4a47?s=96&d=mm&r=g","url":"https:\/\/secure.gravatar.com\/avatar\/862a5569d087de48e5856e32f45d719a03804c891d6deb8d4f71a660e79e4a47?s=96&d=mm&r=g","contentUrl":"https:\/\/secure.gravatar.com\/avatar\/862a5569d087de48e5856e32f45d719a03804c891d6deb8d4f71a660e79e4a47?s=96&d=mm&r=g","caption":"Roger Str\u00e4ssle"},"url":"https:\/\/news.save.ch\/de\/author\/roger-straessle\/"}]}},"_links":{"self":[{"href":"https:\/\/news.save.ch\/de\/wp-json\/wp\/v2\/posts\/4598","targetHints":{"allow":["GET"]}}],"collection":[{"href":"https:\/\/news.save.ch\/de\/wp-json\/wp\/v2\/posts"}],"about":[{"href":"https:\/\/news.save.ch\/de\/wp-json\/wp\/v2\/types\/post"}],"author":[{"embeddable":true,"href":"https:\/\/news.save.ch\/de\/wp-json\/wp\/v2\/users\/8"}],"replies":[{"embeddable":true,"href":"https:\/\/news.save.ch\/de\/wp-json\/wp\/v2\/comments?post=4598"}],"version-history":[{"count":0,"href":"https:\/\/news.save.ch\/de\/wp-json\/wp\/v2\/posts\/4598\/revisions"}],"wp:featuredmedia":[{"embeddable":true,"href":"https:\/\/news.save.ch\/de\/wp-json\/wp\/v2\/media\/4599"}],"wp:attachment":[{"href":"https:\/\/news.save.ch\/de\/wp-json\/wp\/v2\/media?parent=4598"}],"wp:term":[{"taxonomy":"category","embeddable":true,"href":"https:\/\/news.save.ch\/de\/wp-json\/wp\/v2\/categories?post=4598"},{"taxonomy":"post_tag","embeddable":true,"href":"https:\/\/news.save.ch\/de\/wp-json\/wp\/v2\/tags?post=4598"}],"curies":[{"name":"wp","href":"https:\/\/api.w.org\/{rel}","templated":true}]}}