{"id":4630,"date":"2019-10-24T08:00:58","date_gmt":"2019-10-24T06:00:58","guid":{"rendered":"https:\/\/news.save.ch\/?p=4630"},"modified":"2023-03-14T09:03:55","modified_gmt":"2023-03-14T08:03:55","slug":"wozu-praevention-im-arbeits-und-gesundheitsschutz","status":null,"type":"post","link":"https:\/\/news.save.ch\/de\/wozu-praevention-im-arbeits-und-gesundheitsschutz\/","title":{"rendered":"Wozu Pr\u00e4vention im Arbeits- und Gesundheitsschutz?"},"content":{"rendered":"<figure id=\"attachment_4632\" aria-describedby=\"caption-attachment-4632\" style=\"width: 680px\" class=\"wp-caption alignnone\"><img loading=\"lazy\" decoding=\"async\" class=\"size-medium wp-image-4632\" src=\"http:\/\/develop.safety-plus.ch\/wp-content\/uploads\/2019\/10\/Depositphotos_DragonImages.jpg\" alt=\"\" width=\"680\" height=\"454\" \/><figcaption id=\"caption-attachment-4632\" class=\"wp-caption-text\">Der Schutz und die Gesundheit der Mitarbeitenden sollen an erster Stelle stehen.<br \/>\u00a9Depositphotos\/DragonImages<\/figcaption><\/figure>\n<p>Betriebe, die sich nicht um das Wohlergehen ihrer Mitarbeiter k\u00fcmmern, k\u00f6nnen nicht attraktiv sein! Ein starkes Engagement in der Pr\u00e4vention, in der Gesundheitsf\u00f6rderung und in der Arbeitssicherheit hingegen zeichnet ein Unternehmen aus. Dabei zeigen Investitionen in Arbeitssicherheit und Gesundheitsschutz ihre Wirkung nicht nur firmenintern, sondern auch nach aussen; ein doppelter Gewinn demnach.<\/p>\n<p>Welches sind entscheidende Aktivit\u00e4ten, die ein Unternehmen im Bereich AS\/GS einzuleiten hat? Welches Wissen, welche Methoden und Tools ben\u00f6tigen Akteure aus dem <a href=\"https:\/\/news.save.ch\/mehr-kompetenz-fuer-arbeits-und-gesundheitsschutz\/\" target=\"_blank\" rel=\"noopener\">Arbeits- und Gesundheitsschutz<\/a> f\u00fcr das optimale Handling ihrer t\u00e4glichen Herausforderungen im Betrieb? Die Referenten dieser SAVE-Tagung zeigen Massnahmen auf und geben konkrete praktische Anregungen mit L\u00f6sungsans\u00e4tzen weiter. Zu Beginn der Veranstaltung werden die Grundlagen, Methoden und Standards in der Arbeitssicherheit vertieft betrachtet. In einem mittleren Referatsblock stehen Verantwortung, <a href=\"https:\/\/news.save.ch\/fachtagung-sgas-2019\/\" target=\"_blank\" rel=\"noopener\">Sicherheitskultur<\/a> und F\u00fchrungsaspekte im Zentrum. Der Nachmittagsteil widmet sich ausgew\u00e4hlten Einzelthemen mit spezifischen Herausforderungen und m\u00f6glichen L\u00f6sungen.<\/p>\n<p><strong>Zielgruppe<br \/>\n<\/strong>Beauftragte f\u00fcr Arbeitssicherheit, Gesundheitsschutz und betriebliche Gesundheitsvorsorge<br \/>\nSafety\/Health\/Environment-Manager<br \/>\nEKAS- und ASA-Fachleute, KOPAS<br \/>\nVerantwortliche f\u00fcr Betriebliches Gesundheitsmanagement (BGM), Gesundheitsmanager, Ergonomen<br \/>\nGesch\u00e4ftsf\u00fchrer von KMUs, Betriebs-, Werks- und Personalleiter<br \/>\nSpezialisten, Berater und Beh\u00f6rdenvertreter, welche sich mit Fragen der Arbeitssicherheit und des Gesundheitsschutzes auseinandersetzen<\/p>\n<p><strong>Wann:<\/strong> Donnerstag, 14. November 2019<\/p>\n<p><strong>Wo:<\/strong> Z\u00fcrich Marriott Hotel, Neum\u00fchlequai 42, 8006 Z\u00fcrich<\/p>\n<p><strong>Weitere Infos<\/strong><\/p>\n<p><a href=\"https:\/\/save.ch\/events\/praevention-sicherheit-2019-11-14\/\" target=\"_blank\" rel=\"noopener\">www.save.ch<\/a><\/p>\n","protected":false},"excerpt":{"rendered":"<p>Betriebe, die sich nicht um das Wohlergehen ihrer Mitarbeiter k\u00fcmmern, k\u00f6nnen nicht attraktiv sein! Ein starkes Engagement in der Pr\u00e4vention, in der Gesundheitsf\u00f6rderung und in der Arbeitssicherheit hingegen zeichnet ein Unternehmen aus. Dabei zeigen Investitionen in Arbeitssicherheit und Gesundheitsschutz ihre Wirkung nicht nur firmenintern, sondern auch nach aussen; ein doppelter Gewinn demnach. Welches sind entscheidende [&hellip;]<\/p>\n","protected":false},"author":1,"featured_media":4632,"comment_status":"open","ping_status":"open","sticky":false,"template":"","format":"standard","meta":{"_acf_changed":false,"pgc_sgb_lightbox_settings":"","footnotes":""},"categories":[1,3314],"tags":[172,1775,2165,149,141,310,596,160],"class_list":["post-4630","post","type-post","status-publish","format-standard","has-post-thumbnail","hentry","category-allgemein","category-health-safety","tag-arbeitssicherheit","tag-betriebliches-gesundheitsmanagement","tag-gesundheitsfoerderung","tag-gesundheitsschutz","tag-praevention","tag-sicherheit","tag-veranstaltung","tag-veranstaltungen"],"acf":[],"hkrextid":null,"publication":null,"issue":null,"workflow":null,"startPage":null,"spitzmarke":null,"_posts_by_tag_page_fields":{"widget_title":"","widget_tags":""},"_at_widget":"1","_yoast_wpseo_primary_category":"4","_yoast_wpseo_focuskw_text_input":"Pr\u00e4vention","_yoast_wpseo_opengraph-image":null,"_yoast_wpseo_opengraph-description":null,"_yoast_wpseo_opengraph-title":null,"enclosure":null,"_yoast_wpseo_twitter-title":null,"_yoast_wpseo_twitter-description":null,"_yoast_wpseo_twitter-image":null,"_wp_old_slug":null,"_yoast_wpseo_title":null,"_yoast_wpseo_canonical":null,"yoast_head":"<!-- This site is optimized with the Yoast SEO plugin v27.5 - https:\/\/yoast.com\/product\/yoast-seo-wordpress\/ -->\n<title>Wozu Pr\u00e4vention im Arbeits- und Gesundheitsschutz? - Save<\/title>\n<meta name=\"description\" content=\"Was macht ein attraktives Unternehmen aus? Eine positive Unternehmenskultur oder wirtschaftlicher Erfolg sind m\u00f6gliche Argumente.\" \/>\n<meta name=\"robots\" content=\"index, follow, max-snippet:-1, max-image-preview:large, max-video-preview:-1\" \/>\n<link rel=\"canonical\" href=\"https:\/\/news.save.ch\/de\/wozu-praevention-im-arbeits-und-gesundheitsschutz\/\" \/>\n<meta property=\"og:locale\" content=\"de_DE\" \/>\n<meta property=\"og:type\" content=\"article\" \/>\n<meta property=\"og:title\" content=\"Wozu Pr\u00e4vention im Arbeits- und Gesundheitsschutz? - Save\" \/>\n<meta property=\"og:description\" content=\"Was macht ein attraktives Unternehmen aus? Eine positive Unternehmenskultur oder wirtschaftlicher Erfolg sind m\u00f6gliche Argumente.\" \/>\n<meta property=\"og:url\" content=\"https:\/\/news.save.ch\/de\/wozu-praevention-im-arbeits-und-gesundheitsschutz\/\" \/>\n<meta property=\"og:site_name\" content=\"Save\" \/>\n<meta property=\"article:published_time\" content=\"2019-10-24T06:00:58+00:00\" \/>\n<meta property=\"article:modified_time\" content=\"2023-03-14T08:03:55+00:00\" \/>\n<meta property=\"og:image\" content=\"https:\/\/news.save.ch\/wp-content\/uploads\/2019\/10\/Depositphotos_DragonImages-scaled-1.jpg\" \/>\n\t<meta property=\"og:image:width\" content=\"1200\" \/>\n\t<meta property=\"og:image:height\" content=\"801\" \/>\n\t<meta property=\"og:image:type\" content=\"image\/jpeg\" \/>\n<meta name=\"author\" content=\"admin\" \/>\n<meta name=\"twitter:card\" content=\"summary_large_image\" \/>\n<meta name=\"twitter:label1\" content=\"Geschrieben von\" \/>\n\t<meta name=\"twitter:data1\" content=\"admin\" \/>\n\t<meta name=\"twitter:label2\" content=\"Gesch\u00e4tzte Lesezeit\" \/>\n\t<meta name=\"twitter:data2\" content=\"1\u00a0Minute\" \/>\n<script type=\"application\/ld+json\" class=\"yoast-schema-graph\">{\"@context\":\"https:\\\/\\\/schema.org\",\"@graph\":[{\"@type\":\"Article\",\"@id\":\"https:\\\/\\\/news.save.ch\\\/wozu-praevention-im-arbeits-und-gesundheitsschutz\\\/#article\",\"isPartOf\":{\"@id\":\"https:\\\/\\\/news.save.ch\\\/wozu-praevention-im-arbeits-und-gesundheitsschutz\\\/\"},\"author\":{\"name\":\"admin\",\"@id\":\"https:\\\/\\\/news.save.ch\\\/de\\\/#\\\/schema\\\/person\\\/d49e199490bad7c70d64b9ab51142f2b\"},\"headline\":\"Wozu Pr\u00e4vention im Arbeits- und Gesundheitsschutz?\",\"datePublished\":\"2019-10-24T06:00:58+00:00\",\"dateModified\":\"2023-03-14T08:03:55+00:00\",\"mainEntityOfPage\":{\"@id\":\"https:\\\/\\\/news.save.ch\\\/wozu-praevention-im-arbeits-und-gesundheitsschutz\\\/\"},\"wordCount\":247,\"commentCount\":0,\"publisher\":{\"@id\":\"https:\\\/\\\/news.save.ch\\\/de\\\/#organization\"},\"image\":{\"@id\":\"https:\\\/\\\/news.save.ch\\\/wozu-praevention-im-arbeits-und-gesundheitsschutz\\\/#primaryimage\"},\"thumbnailUrl\":\"https:\\\/\\\/news.save.ch\\\/wp-content\\\/uploads\\\/2019\\\/10\\\/Depositphotos_DragonImages-scaled-1.jpg\",\"keywords\":[\"Arbeitssicherheit\",\"Betriebliches Gesundheitsmanagement\",\"Gesundheitsf\u00f6rderung\",\"Gesundheitsschutz\",\"Pr\u00e4vention\",\"Sicherheit\",\"Veranstaltung\",\"Veranstaltungen\"],\"articleSection\":[\"ALLGEMEIN\",\"HEALTH &amp; SAFETY\"],\"inLanguage\":\"de\"},{\"@type\":\"WebPage\",\"@id\":\"https:\\\/\\\/news.save.ch\\\/wozu-praevention-im-arbeits-und-gesundheitsschutz\\\/\",\"url\":\"https:\\\/\\\/news.save.ch\\\/wozu-praevention-im-arbeits-und-gesundheitsschutz\\\/\",\"name\":\"Wozu Pr\u00e4vention im Arbeits- und Gesundheitsschutz? - Save\",\"isPartOf\":{\"@id\":\"https:\\\/\\\/news.save.ch\\\/de\\\/#website\"},\"primaryImageOfPage\":{\"@id\":\"https:\\\/\\\/news.save.ch\\\/wozu-praevention-im-arbeits-und-gesundheitsschutz\\\/#primaryimage\"},\"image\":{\"@id\":\"https:\\\/\\\/news.save.ch\\\/wozu-praevention-im-arbeits-und-gesundheitsschutz\\\/#primaryimage\"},\"thumbnailUrl\":\"https:\\\/\\\/news.save.ch\\\/wp-content\\\/uploads\\\/2019\\\/10\\\/Depositphotos_DragonImages-scaled-1.jpg\",\"datePublished\":\"2019-10-24T06:00:58+00:00\",\"dateModified\":\"2023-03-14T08:03:55+00:00\",\"description\":\"Was macht ein attraktives Unternehmen aus? Eine positive Unternehmenskultur oder wirtschaftlicher Erfolg sind m\u00f6gliche Argumente.\",\"breadcrumb\":{\"@id\":\"https:\\\/\\\/news.save.ch\\\/wozu-praevention-im-arbeits-und-gesundheitsschutz\\\/#breadcrumb\"},\"inLanguage\":\"de\",\"potentialAction\":[{\"@type\":\"ReadAction\",\"target\":[\"https:\\\/\\\/news.save.ch\\\/wozu-praevention-im-arbeits-und-gesundheitsschutz\\\/\"]}]},{\"@type\":\"ImageObject\",\"inLanguage\":\"de\",\"@id\":\"https:\\\/\\\/news.save.ch\\\/wozu-praevention-im-arbeits-und-gesundheitsschutz\\\/#primaryimage\",\"url\":\"https:\\\/\\\/news.save.ch\\\/wp-content\\\/uploads\\\/2019\\\/10\\\/Depositphotos_DragonImages-scaled-1.jpg\",\"contentUrl\":\"https:\\\/\\\/news.save.ch\\\/wp-content\\\/uploads\\\/2019\\\/10\\\/Depositphotos_DragonImages-scaled-1.jpg\",\"width\":1200,\"height\":801,\"caption\":\"Der Schutz und die Gesundheit der Mitarbeitenden sollen an erster Stelle stehen. \u00a9Depositphotos\\\/DragonImages\"},{\"@type\":\"BreadcrumbList\",\"@id\":\"https:\\\/\\\/news.save.ch\\\/wozu-praevention-im-arbeits-und-gesundheitsschutz\\\/#breadcrumb\",\"itemListElement\":[{\"@type\":\"ListItem\",\"position\":1,\"name\":\"Home\",\"item\":\"https:\\\/\\\/news.save.ch\\\/de\\\/\"},{\"@type\":\"ListItem\",\"position\":2,\"name\":\"Wozu Pr\u00e4vention im Arbeits- und Gesundheitsschutz?\"}]},{\"@type\":\"WebSite\",\"@id\":\"https:\\\/\\\/news.save.ch\\\/de\\\/#website\",\"url\":\"https:\\\/\\\/news.save.ch\\\/de\\\/\",\"name\":\"Save\",\"description\":\"Schweizer Fachzeitschrift f\u00fcr Sicherheit\",\"publisher\":{\"@id\":\"https:\\\/\\\/news.save.ch\\\/de\\\/#organization\"},\"potentialAction\":[{\"@type\":\"SearchAction\",\"target\":{\"@type\":\"EntryPoint\",\"urlTemplate\":\"https:\\\/\\\/news.save.ch\\\/de\\\/?s={search_term_string}\"},\"query-input\":{\"@type\":\"PropertyValueSpecification\",\"valueRequired\":true,\"valueName\":\"search_term_string\"}}],\"inLanguage\":\"de\"},{\"@type\":\"Organization\",\"@id\":\"https:\\\/\\\/news.save.ch\\\/de\\\/#organization\",\"name\":\"Sicherheitsforum\",\"url\":\"https:\\\/\\\/news.save.ch\\\/de\\\/\",\"logo\":{\"@type\":\"ImageObject\",\"inLanguage\":\"de\",\"@id\":\"https:\\\/\\\/news.save.ch\\\/de\\\/#\\\/schema\\\/logo\\\/image\\\/\",\"url\":\"https:\\\/\\\/news.save.ch\\\/wp-content\\\/uploads\\\/2022\\\/06\\\/Logo_SF_2012.png\",\"contentUrl\":\"https:\\\/\\\/news.save.ch\\\/wp-content\\\/uploads\\\/2022\\\/06\\\/Logo_SF_2012.png\",\"width\":1100,\"height\":91,\"caption\":\"Sicherheitsforum\"},\"image\":{\"@id\":\"https:\\\/\\\/news.save.ch\\\/de\\\/#\\\/schema\\\/logo\\\/image\\\/\"}},{\"@type\":\"Person\",\"@id\":\"https:\\\/\\\/news.save.ch\\\/de\\\/#\\\/schema\\\/person\\\/d49e199490bad7c70d64b9ab51142f2b\",\"name\":\"admin\",\"image\":{\"@type\":\"ImageObject\",\"inLanguage\":\"de\",\"@id\":\"https:\\\/\\\/secure.gravatar.com\\\/avatar\\\/ae2f4d718e6c49043e314ce431e7e645d646302a24a5ef5a8bc8e3f5a032e319?s=96&d=mm&r=g\",\"url\":\"https:\\\/\\\/secure.gravatar.com\\\/avatar\\\/ae2f4d718e6c49043e314ce431e7e645d646302a24a5ef5a8bc8e3f5a032e319?s=96&d=mm&r=g\",\"contentUrl\":\"https:\\\/\\\/secure.gravatar.com\\\/avatar\\\/ae2f4d718e6c49043e314ce431e7e645d646302a24a5ef5a8bc8e3f5a032e319?s=96&d=mm&r=g\",\"caption\":\"admin\"},\"sameAs\":[\"https:\\\/\\\/develop.organisator.galledia.ch\"],\"url\":\"https:\\\/\\\/news.save.ch\\\/de\\\/author\\\/admin\\\/\"}]}<\/script>\n<!-- \/ Yoast SEO plugin. -->","yoast_head_json":{"title":"Wozu Pr\u00e4vention im Arbeits- und Gesundheitsschutz? - Save","description":"Was macht ein attraktives Unternehmen aus? Eine positive Unternehmenskultur oder wirtschaftlicher Erfolg sind m\u00f6gliche Argumente.","robots":{"index":"index","follow":"follow","max-snippet":"max-snippet:-1","max-image-preview":"max-image-preview:large","max-video-preview":"max-video-preview:-1"},"canonical":"https:\/\/news.save.ch\/de\/wozu-praevention-im-arbeits-und-gesundheitsschutz\/","og_locale":"de_DE","og_type":"article","og_title":"Wozu Pr\u00e4vention im Arbeits- und Gesundheitsschutz? - Save","og_description":"Was macht ein attraktives Unternehmen aus? Eine positive Unternehmenskultur oder wirtschaftlicher Erfolg sind m\u00f6gliche Argumente.","og_url":"https:\/\/news.save.ch\/de\/wozu-praevention-im-arbeits-und-gesundheitsschutz\/","og_site_name":"Save","article_published_time":"2019-10-24T06:00:58+00:00","article_modified_time":"2023-03-14T08:03:55+00:00","og_image":[{"width":1200,"height":801,"url":"https:\/\/news.save.ch\/wp-content\/uploads\/2019\/10\/Depositphotos_DragonImages-scaled-1.jpg","type":"image\/jpeg"}],"author":"admin","twitter_card":"summary_large_image","twitter_misc":{"Geschrieben von":"admin","Gesch\u00e4tzte Lesezeit":"1\u00a0Minute"},"schema":{"@context":"https:\/\/schema.org","@graph":[{"@type":"Article","@id":"https:\/\/news.save.ch\/wozu-praevention-im-arbeits-und-gesundheitsschutz\/#article","isPartOf":{"@id":"https:\/\/news.save.ch\/wozu-praevention-im-arbeits-und-gesundheitsschutz\/"},"author":{"name":"admin","@id":"https:\/\/news.save.ch\/de\/#\/schema\/person\/d49e199490bad7c70d64b9ab51142f2b"},"headline":"Wozu Pr\u00e4vention im Arbeits- und Gesundheitsschutz?","datePublished":"2019-10-24T06:00:58+00:00","dateModified":"2023-03-14T08:03:55+00:00","mainEntityOfPage":{"@id":"https:\/\/news.save.ch\/wozu-praevention-im-arbeits-und-gesundheitsschutz\/"},"wordCount":247,"commentCount":0,"publisher":{"@id":"https:\/\/news.save.ch\/de\/#organization"},"image":{"@id":"https:\/\/news.save.ch\/wozu-praevention-im-arbeits-und-gesundheitsschutz\/#primaryimage"},"thumbnailUrl":"https:\/\/news.save.ch\/wp-content\/uploads\/2019\/10\/Depositphotos_DragonImages-scaled-1.jpg","keywords":["Arbeitssicherheit","Betriebliches Gesundheitsmanagement","Gesundheitsf\u00f6rderung","Gesundheitsschutz","Pr\u00e4vention","Sicherheit","Veranstaltung","Veranstaltungen"],"articleSection":["ALLGEMEIN","HEALTH &amp; SAFETY"],"inLanguage":"de"},{"@type":"WebPage","@id":"https:\/\/news.save.ch\/wozu-praevention-im-arbeits-und-gesundheitsschutz\/","url":"https:\/\/news.save.ch\/wozu-praevention-im-arbeits-und-gesundheitsschutz\/","name":"Wozu Pr\u00e4vention im Arbeits- und Gesundheitsschutz? - Save","isPartOf":{"@id":"https:\/\/news.save.ch\/de\/#website"},"primaryImageOfPage":{"@id":"https:\/\/news.save.ch\/wozu-praevention-im-arbeits-und-gesundheitsschutz\/#primaryimage"},"image":{"@id":"https:\/\/news.save.ch\/wozu-praevention-im-arbeits-und-gesundheitsschutz\/#primaryimage"},"thumbnailUrl":"https:\/\/news.save.ch\/wp-content\/uploads\/2019\/10\/Depositphotos_DragonImages-scaled-1.jpg","datePublished":"2019-10-24T06:00:58+00:00","dateModified":"2023-03-14T08:03:55+00:00","description":"Was macht ein attraktives Unternehmen aus? Eine positive Unternehmenskultur oder wirtschaftlicher Erfolg sind m\u00f6gliche Argumente.","breadcrumb":{"@id":"https:\/\/news.save.ch\/wozu-praevention-im-arbeits-und-gesundheitsschutz\/#breadcrumb"},"inLanguage":"de","potentialAction":[{"@type":"ReadAction","target":["https:\/\/news.save.ch\/wozu-praevention-im-arbeits-und-gesundheitsschutz\/"]}]},{"@type":"ImageObject","inLanguage":"de","@id":"https:\/\/news.save.ch\/wozu-praevention-im-arbeits-und-gesundheitsschutz\/#primaryimage","url":"https:\/\/news.save.ch\/wp-content\/uploads\/2019\/10\/Depositphotos_DragonImages-scaled-1.jpg","contentUrl":"https:\/\/news.save.ch\/wp-content\/uploads\/2019\/10\/Depositphotos_DragonImages-scaled-1.jpg","width":1200,"height":801,"caption":"Der Schutz und die Gesundheit der Mitarbeitenden sollen an erster Stelle stehen. \u00a9Depositphotos\/DragonImages"},{"@type":"BreadcrumbList","@id":"https:\/\/news.save.ch\/wozu-praevention-im-arbeits-und-gesundheitsschutz\/#breadcrumb","itemListElement":[{"@type":"ListItem","position":1,"name":"Home","item":"https:\/\/news.save.ch\/de\/"},{"@type":"ListItem","position":2,"name":"Wozu Pr\u00e4vention im Arbeits- und Gesundheitsschutz?"}]},{"@type":"WebSite","@id":"https:\/\/news.save.ch\/de\/#website","url":"https:\/\/news.save.ch\/de\/","name":"Save","description":"Schweizer Fachzeitschrift f\u00fcr Sicherheit","publisher":{"@id":"https:\/\/news.save.ch\/de\/#organization"},"potentialAction":[{"@type":"SearchAction","target":{"@type":"EntryPoint","urlTemplate":"https:\/\/news.save.ch\/de\/?s={search_term_string}"},"query-input":{"@type":"PropertyValueSpecification","valueRequired":true,"valueName":"search_term_string"}}],"inLanguage":"de"},{"@type":"Organization","@id":"https:\/\/news.save.ch\/de\/#organization","name":"Sicherheitsforum","url":"https:\/\/news.save.ch\/de\/","logo":{"@type":"ImageObject","inLanguage":"de","@id":"https:\/\/news.save.ch\/de\/#\/schema\/logo\/image\/","url":"https:\/\/news.save.ch\/wp-content\/uploads\/2022\/06\/Logo_SF_2012.png","contentUrl":"https:\/\/news.save.ch\/wp-content\/uploads\/2022\/06\/Logo_SF_2012.png","width":1100,"height":91,"caption":"Sicherheitsforum"},"image":{"@id":"https:\/\/news.save.ch\/de\/#\/schema\/logo\/image\/"}},{"@type":"Person","@id":"https:\/\/news.save.ch\/de\/#\/schema\/person\/d49e199490bad7c70d64b9ab51142f2b","name":"admin","image":{"@type":"ImageObject","inLanguage":"de","@id":"https:\/\/secure.gravatar.com\/avatar\/ae2f4d718e6c49043e314ce431e7e645d646302a24a5ef5a8bc8e3f5a032e319?s=96&d=mm&r=g","url":"https:\/\/secure.gravatar.com\/avatar\/ae2f4d718e6c49043e314ce431e7e645d646302a24a5ef5a8bc8e3f5a032e319?s=96&d=mm&r=g","contentUrl":"https:\/\/secure.gravatar.com\/avatar\/ae2f4d718e6c49043e314ce431e7e645d646302a24a5ef5a8bc8e3f5a032e319?s=96&d=mm&r=g","caption":"admin"},"sameAs":["https:\/\/develop.organisator.galledia.ch"],"url":"https:\/\/news.save.ch\/de\/author\/admin\/"}]}},"_links":{"self":[{"href":"https:\/\/news.save.ch\/de\/wp-json\/wp\/v2\/posts\/4630","targetHints":{"allow":["GET"]}}],"collection":[{"href":"https:\/\/news.save.ch\/de\/wp-json\/wp\/v2\/posts"}],"about":[{"href":"https:\/\/news.save.ch\/de\/wp-json\/wp\/v2\/types\/post"}],"author":[{"embeddable":true,"href":"https:\/\/news.save.ch\/de\/wp-json\/wp\/v2\/users\/1"}],"replies":[{"embeddable":true,"href":"https:\/\/news.save.ch\/de\/wp-json\/wp\/v2\/comments?post=4630"}],"version-history":[{"count":1,"href":"https:\/\/news.save.ch\/de\/wp-json\/wp\/v2\/posts\/4630\/revisions"}],"predecessor-version":[{"id":18235,"href":"https:\/\/news.save.ch\/de\/wp-json\/wp\/v2\/posts\/4630\/revisions\/18235"}],"wp:featuredmedia":[{"embeddable":true,"href":"https:\/\/news.save.ch\/de\/wp-json\/wp\/v2\/media\/4632"}],"wp:attachment":[{"href":"https:\/\/news.save.ch\/de\/wp-json\/wp\/v2\/media?parent=4630"}],"wp:term":[{"taxonomy":"category","embeddable":true,"href":"https:\/\/news.save.ch\/de\/wp-json\/wp\/v2\/categories?post=4630"},{"taxonomy":"post_tag","embeddable":true,"href":"https:\/\/news.save.ch\/de\/wp-json\/wp\/v2\/tags?post=4630"}],"curies":[{"name":"wp","href":"https:\/\/api.w.org\/{rel}","templated":true}]}}