{"id":465,"date":"2015-06-18T11:30:41","date_gmt":"2015-06-18T09:30:41","guid":{"rendered":"https:\/\/dev.sicherheitsforum.ch\/?p=465"},"modified":"2023-03-14T08:57:38","modified_gmt":"2023-03-14T07:57:38","slug":"es-begann-in-einer-garage","status":null,"type":"post","link":"https:\/\/news.save.ch\/de\/es-begann-in-einer-garage\/","title":{"rendered":"Es begann in einer Garage"},"content":{"rendered":"<figure id=\"attachment_466\" aria-describedby=\"caption-attachment-466\" style=\"width: 480px\" class=\"wp-caption alignnone\"><img loading=\"lazy\" decoding=\"async\" class=\"size-full wp-image-466\" src=\"https:\/\/sicherheitsforum.ch\/wp-content\/uploads\/2016\/12\/Es-begann-in-einer-Garage_Frank_Studerus-it-security.jpg\" alt=\"Frank Studerus\" width=\"480\" height=\"377\" srcset=\"https:\/\/news.save.ch\/wp-content\/uploads\/2016\/12\/Es-begann-in-einer-Garage_Frank_Studerus-it-security.jpg 480w, https:\/\/news.save.ch\/wp-content\/uploads\/2016\/12\/Es-begann-in-einer-Garage_Frank_Studerus-it-security-375x295.jpg 375w\" sizes=\"auto, (max-width: 480px) 100vw, 480px\" \/><figcaption id=\"caption-attachment-466\" class=\"wp-caption-text\">Frank Studerus<\/figcaption><\/figure>\n<p>Mit ZyXEL und weiteren internationalen Brands entwickelte sich die <a title=\"Link zu Studerus\" href=\"https:\/\/www.studerus.ch\" target=\"_blank\" data-cke-saved-href=\"https:\/\/www.studerus.ch\" rel=\"noopener\">Unternehmung<\/a> in Schwerzenbach ZH rasch. Frank Studerus h\u00e4tte sich selbst nie ertr\u00e4umen lassen, mit seinen jugendlichen 18 Jahren bereits so schnell erfolgreich zu sein, doch nun weiss er, dass in der IT-Branche alles m\u00f6glich ist und man sich unabh\u00e4ngig von Alter und Erfahrung gut positionieren kann. \u201eDas Tolle in der IT-Branche ist, dass man nicht aufgrund von Vorurteilen, sondern abh\u00e4ngig von der Leistung beurteilt wird\u201c, erkl\u00e4rt Studerus.<\/p>\n<p>Ein wichtiger Eckpfeiler f\u00fcr den Erfolg des Unternehmens sei die Investition in einen hochwertigen lokalen Support und in verschiedene Services, um Fachh\u00e4ndler und Endkunden auch nach dem Kauf zu unterst\u00fctzen, l\u00e4sst die IT-Firma wissen. Das 2010 von der Studerus AG lancierte Technology Forum z\u00e4hle heute ausserdem zu den wichtigsten allj\u00e4hrlichen Schweizer ICT-Veranstaltungen (n\u00e4chstes Date: 19. November 2015).<\/p>\n<p>Die kommenden Jahre sieht Studerus als grosse Herausforderung, da der IT-Markt zunehmend kompetitiver wird und man als Unternehmen agil und effizient sein muss. Der wachsende Bedarf an technischen Dienstleistungen zeige jedoch ein neues Marktpotenzial auf. \u201eVielen unserer Partner fehlt sowohl die Zeit als auch das Know-how f\u00fcr die Konfiguration und Wartung ihrer Ger\u00e4te. Wir m\u00f6chten daher k\u00fcnftig vermehrt als System Engineers f\u00fcr unsere Partner t\u00e4tig sein\u201c, f\u00fcgt Studerus an.<\/p>\n<blockquote>\n<p>&#8222;Wir m\u00f6chten in Zukunft vermehrt als System Engineers t\u00e4tig sein.&#8220;<\/p>\n<\/blockquote>\n","protected":false},"excerpt":{"rendered":"<p>Mit ZyXEL und weiteren internationalen Brands entwickelte sich die Unternehmung in Schwerzenbach ZH rasch. Frank Studerus h\u00e4tte sich selbst nie ertr\u00e4umen lassen, mit seinen jugendlichen 18 Jahren bereits so schnell erfolgreich zu sein, doch nun weiss er, dass in der IT-Branche alles m\u00f6glich ist und man sich unabh\u00e4ngig von Alter und Erfahrung gut positionieren kann. [&hellip;]<\/p>\n","protected":false},"author":1,"featured_media":466,"comment_status":"open","ping_status":"open","sticky":false,"template":"","format":"standard","meta":{"_acf_changed":false,"pgc_sgb_lightbox_settings":"","footnotes":""},"categories":[3313],"tags":[62,63],"class_list":["post-465","post","type-post","status-publish","format-standard","has-post-thumbnail","hentry","category-digitalisierung","tag-ict-sicherheit","tag-it-security"],"acf":[],"hkrextid":null,"publication":null,"issue":null,"workflow":null,"startPage":null,"spitzmarke":null,"_posts_by_tag_page_fields":{"widget_title":"","widget_tags":""},"_at_widget":"1","_yoast_wpseo_primary_category":"2","_yoast_wpseo_focuskw_text_input":"Studerus","_yoast_wpseo_opengraph-image":"https:\/\/sicherheitsforum.ch\/wp-content\/uploads\/2016\/12\/Es-begann-in-einer-Garage_Frank_Studerus-it-security.jpg","_yoast_wpseo_opengraph-description":"Vor 25 Jahren legte Frank Studerus, der Managing Director der Studerus AG, in einer Garage in Meilen ZH den Grundstein f\u00fcr das IT-Unternehmen.","_yoast_wpseo_opengraph-title":"Es begann in einer Garage","enclosure":null,"_yoast_wpseo_twitter-title":null,"_yoast_wpseo_twitter-description":null,"_yoast_wpseo_twitter-image":null,"_wp_old_slug":null,"_yoast_wpseo_title":null,"_yoast_wpseo_canonical":null,"yoast_head":"<!-- This site is optimized with the Yoast SEO plugin v27.4 - https:\/\/yoast.com\/product\/yoast-seo-wordpress\/ -->\n<title>Es begann in einer Garage - Save<\/title>\n<meta name=\"description\" content=\"Vor 25 Jahren legte Frank Studerus, der Managing Director der Studerus AG, in einer Garage in Meilen ZH den Grundstein f\u00fcr das IT-Unternehmen.\" \/>\n<meta name=\"robots\" content=\"index, follow, max-snippet:-1, max-image-preview:large, max-video-preview:-1\" \/>\n<link rel=\"canonical\" href=\"https:\/\/news.save.ch\/de\/es-begann-in-einer-garage\/\" \/>\n<meta property=\"og:locale\" content=\"de_DE\" \/>\n<meta property=\"og:type\" content=\"article\" \/>\n<meta property=\"og:title\" content=\"Es begann in einer Garage\" \/>\n<meta property=\"og:description\" content=\"Vor 25 Jahren legte Frank Studerus, der Managing Director der Studerus AG, in einer Garage in Meilen ZH den Grundstein f\u00fcr das IT-Unternehmen.\" \/>\n<meta property=\"og:url\" content=\"https:\/\/news.save.ch\/de\/es-begann-in-einer-garage\/\" \/>\n<meta property=\"og:site_name\" content=\"Save\" \/>\n<meta property=\"article:published_time\" content=\"2015-06-18T09:30:41+00:00\" \/>\n<meta property=\"article:modified_time\" content=\"2023-03-14T07:57:38+00:00\" \/>\n<meta property=\"og:image\" content=\"https:\/\/sicherheitsforum.ch\/wp-content\/uploads\/2016\/12\/Es-begann-in-einer-Garage_Frank_Studerus-it-security.jpg\" \/>\n<meta name=\"author\" content=\"admin\" \/>\n<meta name=\"twitter:card\" content=\"summary_large_image\" \/>\n<meta name=\"twitter:label1\" content=\"Geschrieben von\" \/>\n\t<meta name=\"twitter:data1\" content=\"admin\" \/>\n\t<meta name=\"twitter:label2\" content=\"Gesch\u00e4tzte Lesezeit\" \/>\n\t<meta name=\"twitter:data2\" content=\"1\u00a0Minute\" \/>\n<script type=\"application\/ld+json\" class=\"yoast-schema-graph\">{\"@context\":\"https:\\\/\\\/schema.org\",\"@graph\":[{\"@type\":\"Article\",\"@id\":\"https:\\\/\\\/news.save.ch\\\/es-begann-in-einer-garage\\\/#article\",\"isPartOf\":{\"@id\":\"https:\\\/\\\/news.save.ch\\\/es-begann-in-einer-garage\\\/\"},\"author\":{\"name\":\"admin\",\"@id\":\"https:\\\/\\\/news.save.ch\\\/de\\\/#\\\/schema\\\/person\\\/d49e199490bad7c70d64b9ab51142f2b\"},\"headline\":\"Es begann in einer Garage\",\"datePublished\":\"2015-06-18T09:30:41+00:00\",\"dateModified\":\"2023-03-14T07:57:38+00:00\",\"mainEntityOfPage\":{\"@id\":\"https:\\\/\\\/news.save.ch\\\/es-begann-in-einer-garage\\\/\"},\"wordCount\":244,\"commentCount\":0,\"publisher\":{\"@id\":\"https:\\\/\\\/news.save.ch\\\/de\\\/#organization\"},\"image\":{\"@id\":\"https:\\\/\\\/news.save.ch\\\/es-begann-in-einer-garage\\\/#primaryimage\"},\"thumbnailUrl\":\"https:\\\/\\\/news.save.ch\\\/wp-content\\\/uploads\\\/2016\\\/12\\\/Es-begann-in-einer-Garage_Frank_Studerus-it-security.jpg\",\"keywords\":[\"ICT-Sicherheit\",\"IT-SECURITY\"],\"articleSection\":[\"DIGITALISIERUNG\"],\"inLanguage\":\"de\"},{\"@type\":\"WebPage\",\"@id\":\"https:\\\/\\\/news.save.ch\\\/es-begann-in-einer-garage\\\/\",\"url\":\"https:\\\/\\\/news.save.ch\\\/es-begann-in-einer-garage\\\/\",\"name\":\"Es begann in einer Garage - Save\",\"isPartOf\":{\"@id\":\"https:\\\/\\\/news.save.ch\\\/de\\\/#website\"},\"primaryImageOfPage\":{\"@id\":\"https:\\\/\\\/news.save.ch\\\/es-begann-in-einer-garage\\\/#primaryimage\"},\"image\":{\"@id\":\"https:\\\/\\\/news.save.ch\\\/es-begann-in-einer-garage\\\/#primaryimage\"},\"thumbnailUrl\":\"https:\\\/\\\/news.save.ch\\\/wp-content\\\/uploads\\\/2016\\\/12\\\/Es-begann-in-einer-Garage_Frank_Studerus-it-security.jpg\",\"datePublished\":\"2015-06-18T09:30:41+00:00\",\"dateModified\":\"2023-03-14T07:57:38+00:00\",\"description\":\"Vor 25 Jahren legte Frank Studerus, der Managing Director der Studerus AG, in einer Garage in Meilen ZH den Grundstein f\u00fcr das IT-Unternehmen.\",\"breadcrumb\":{\"@id\":\"https:\\\/\\\/news.save.ch\\\/es-begann-in-einer-garage\\\/#breadcrumb\"},\"inLanguage\":\"de\",\"potentialAction\":[{\"@type\":\"ReadAction\",\"target\":[\"https:\\\/\\\/news.save.ch\\\/es-begann-in-einer-garage\\\/\"]}]},{\"@type\":\"ImageObject\",\"inLanguage\":\"de\",\"@id\":\"https:\\\/\\\/news.save.ch\\\/es-begann-in-einer-garage\\\/#primaryimage\",\"url\":\"https:\\\/\\\/news.save.ch\\\/wp-content\\\/uploads\\\/2016\\\/12\\\/Es-begann-in-einer-Garage_Frank_Studerus-it-security.jpg\",\"contentUrl\":\"https:\\\/\\\/news.save.ch\\\/wp-content\\\/uploads\\\/2016\\\/12\\\/Es-begann-in-einer-Garage_Frank_Studerus-it-security.jpg\",\"width\":480,\"height\":377,\"caption\":\"Frank Studerus\"},{\"@type\":\"BreadcrumbList\",\"@id\":\"https:\\\/\\\/news.save.ch\\\/es-begann-in-einer-garage\\\/#breadcrumb\",\"itemListElement\":[{\"@type\":\"ListItem\",\"position\":1,\"name\":\"Home\",\"item\":\"https:\\\/\\\/news.save.ch\\\/de\\\/\"},{\"@type\":\"ListItem\",\"position\":2,\"name\":\"Es begann in einer Garage\"}]},{\"@type\":\"WebSite\",\"@id\":\"https:\\\/\\\/news.save.ch\\\/de\\\/#website\",\"url\":\"https:\\\/\\\/news.save.ch\\\/de\\\/\",\"name\":\"Save\",\"description\":\"Schweizer Fachzeitschrift f\u00fcr Sicherheit\",\"publisher\":{\"@id\":\"https:\\\/\\\/news.save.ch\\\/de\\\/#organization\"},\"potentialAction\":[{\"@type\":\"SearchAction\",\"target\":{\"@type\":\"EntryPoint\",\"urlTemplate\":\"https:\\\/\\\/news.save.ch\\\/de\\\/?s={search_term_string}\"},\"query-input\":{\"@type\":\"PropertyValueSpecification\",\"valueRequired\":true,\"valueName\":\"search_term_string\"}}],\"inLanguage\":\"de\"},{\"@type\":\"Organization\",\"@id\":\"https:\\\/\\\/news.save.ch\\\/de\\\/#organization\",\"name\":\"Sicherheitsforum\",\"url\":\"https:\\\/\\\/news.save.ch\\\/de\\\/\",\"logo\":{\"@type\":\"ImageObject\",\"inLanguage\":\"de\",\"@id\":\"https:\\\/\\\/news.save.ch\\\/de\\\/#\\\/schema\\\/logo\\\/image\\\/\",\"url\":\"https:\\\/\\\/news.save.ch\\\/wp-content\\\/uploads\\\/2022\\\/06\\\/Logo_SF_2012.png\",\"contentUrl\":\"https:\\\/\\\/news.save.ch\\\/wp-content\\\/uploads\\\/2022\\\/06\\\/Logo_SF_2012.png\",\"width\":1100,\"height\":91,\"caption\":\"Sicherheitsforum\"},\"image\":{\"@id\":\"https:\\\/\\\/news.save.ch\\\/de\\\/#\\\/schema\\\/logo\\\/image\\\/\"}},{\"@type\":\"Person\",\"@id\":\"https:\\\/\\\/news.save.ch\\\/de\\\/#\\\/schema\\\/person\\\/d49e199490bad7c70d64b9ab51142f2b\",\"name\":\"admin\",\"image\":{\"@type\":\"ImageObject\",\"inLanguage\":\"de\",\"@id\":\"https:\\\/\\\/secure.gravatar.com\\\/avatar\\\/ae2f4d718e6c49043e314ce431e7e645d646302a24a5ef5a8bc8e3f5a032e319?s=96&d=mm&r=g\",\"url\":\"https:\\\/\\\/secure.gravatar.com\\\/avatar\\\/ae2f4d718e6c49043e314ce431e7e645d646302a24a5ef5a8bc8e3f5a032e319?s=96&d=mm&r=g\",\"contentUrl\":\"https:\\\/\\\/secure.gravatar.com\\\/avatar\\\/ae2f4d718e6c49043e314ce431e7e645d646302a24a5ef5a8bc8e3f5a032e319?s=96&d=mm&r=g\",\"caption\":\"admin\"},\"sameAs\":[\"https:\\\/\\\/develop.organisator.galledia.ch\"],\"url\":\"https:\\\/\\\/news.save.ch\\\/de\\\/author\\\/admin\\\/\"}]}<\/script>\n<!-- \/ Yoast SEO plugin. -->","yoast_head_json":{"title":"Es begann in einer Garage - Save","description":"Vor 25 Jahren legte Frank Studerus, der Managing Director der Studerus AG, in einer Garage in Meilen ZH den Grundstein f\u00fcr das IT-Unternehmen.","robots":{"index":"index","follow":"follow","max-snippet":"max-snippet:-1","max-image-preview":"max-image-preview:large","max-video-preview":"max-video-preview:-1"},"canonical":"https:\/\/news.save.ch\/de\/es-begann-in-einer-garage\/","og_locale":"de_DE","og_type":"article","og_title":"Es begann in einer Garage","og_description":"Vor 25 Jahren legte Frank Studerus, der Managing Director der Studerus AG, in einer Garage in Meilen ZH den Grundstein f\u00fcr das IT-Unternehmen.","og_url":"https:\/\/news.save.ch\/de\/es-begann-in-einer-garage\/","og_site_name":"Save","article_published_time":"2015-06-18T09:30:41+00:00","article_modified_time":"2023-03-14T07:57:38+00:00","og_image":[{"url":"https:\/\/sicherheitsforum.ch\/wp-content\/uploads\/2016\/12\/Es-begann-in-einer-Garage_Frank_Studerus-it-security.jpg","type":"","width":"","height":""}],"author":"admin","twitter_card":"summary_large_image","twitter_misc":{"Geschrieben von":"admin","Gesch\u00e4tzte Lesezeit":"1\u00a0Minute"},"schema":{"@context":"https:\/\/schema.org","@graph":[{"@type":"Article","@id":"https:\/\/news.save.ch\/es-begann-in-einer-garage\/#article","isPartOf":{"@id":"https:\/\/news.save.ch\/es-begann-in-einer-garage\/"},"author":{"name":"admin","@id":"https:\/\/news.save.ch\/de\/#\/schema\/person\/d49e199490bad7c70d64b9ab51142f2b"},"headline":"Es begann in einer Garage","datePublished":"2015-06-18T09:30:41+00:00","dateModified":"2023-03-14T07:57:38+00:00","mainEntityOfPage":{"@id":"https:\/\/news.save.ch\/es-begann-in-einer-garage\/"},"wordCount":244,"commentCount":0,"publisher":{"@id":"https:\/\/news.save.ch\/de\/#organization"},"image":{"@id":"https:\/\/news.save.ch\/es-begann-in-einer-garage\/#primaryimage"},"thumbnailUrl":"https:\/\/news.save.ch\/wp-content\/uploads\/2016\/12\/Es-begann-in-einer-Garage_Frank_Studerus-it-security.jpg","keywords":["ICT-Sicherheit","IT-SECURITY"],"articleSection":["DIGITALISIERUNG"],"inLanguage":"de"},{"@type":"WebPage","@id":"https:\/\/news.save.ch\/es-begann-in-einer-garage\/","url":"https:\/\/news.save.ch\/es-begann-in-einer-garage\/","name":"Es begann in einer Garage - Save","isPartOf":{"@id":"https:\/\/news.save.ch\/de\/#website"},"primaryImageOfPage":{"@id":"https:\/\/news.save.ch\/es-begann-in-einer-garage\/#primaryimage"},"image":{"@id":"https:\/\/news.save.ch\/es-begann-in-einer-garage\/#primaryimage"},"thumbnailUrl":"https:\/\/news.save.ch\/wp-content\/uploads\/2016\/12\/Es-begann-in-einer-Garage_Frank_Studerus-it-security.jpg","datePublished":"2015-06-18T09:30:41+00:00","dateModified":"2023-03-14T07:57:38+00:00","description":"Vor 25 Jahren legte Frank Studerus, der Managing Director der Studerus AG, in einer Garage in Meilen ZH den Grundstein f\u00fcr das IT-Unternehmen.","breadcrumb":{"@id":"https:\/\/news.save.ch\/es-begann-in-einer-garage\/#breadcrumb"},"inLanguage":"de","potentialAction":[{"@type":"ReadAction","target":["https:\/\/news.save.ch\/es-begann-in-einer-garage\/"]}]},{"@type":"ImageObject","inLanguage":"de","@id":"https:\/\/news.save.ch\/es-begann-in-einer-garage\/#primaryimage","url":"https:\/\/news.save.ch\/wp-content\/uploads\/2016\/12\/Es-begann-in-einer-Garage_Frank_Studerus-it-security.jpg","contentUrl":"https:\/\/news.save.ch\/wp-content\/uploads\/2016\/12\/Es-begann-in-einer-Garage_Frank_Studerus-it-security.jpg","width":480,"height":377,"caption":"Frank Studerus"},{"@type":"BreadcrumbList","@id":"https:\/\/news.save.ch\/es-begann-in-einer-garage\/#breadcrumb","itemListElement":[{"@type":"ListItem","position":1,"name":"Home","item":"https:\/\/news.save.ch\/de\/"},{"@type":"ListItem","position":2,"name":"Es begann in einer Garage"}]},{"@type":"WebSite","@id":"https:\/\/news.save.ch\/de\/#website","url":"https:\/\/news.save.ch\/de\/","name":"Save","description":"Schweizer Fachzeitschrift f\u00fcr Sicherheit","publisher":{"@id":"https:\/\/news.save.ch\/de\/#organization"},"potentialAction":[{"@type":"SearchAction","target":{"@type":"EntryPoint","urlTemplate":"https:\/\/news.save.ch\/de\/?s={search_term_string}"},"query-input":{"@type":"PropertyValueSpecification","valueRequired":true,"valueName":"search_term_string"}}],"inLanguage":"de"},{"@type":"Organization","@id":"https:\/\/news.save.ch\/de\/#organization","name":"Sicherheitsforum","url":"https:\/\/news.save.ch\/de\/","logo":{"@type":"ImageObject","inLanguage":"de","@id":"https:\/\/news.save.ch\/de\/#\/schema\/logo\/image\/","url":"https:\/\/news.save.ch\/wp-content\/uploads\/2022\/06\/Logo_SF_2012.png","contentUrl":"https:\/\/news.save.ch\/wp-content\/uploads\/2022\/06\/Logo_SF_2012.png","width":1100,"height":91,"caption":"Sicherheitsforum"},"image":{"@id":"https:\/\/news.save.ch\/de\/#\/schema\/logo\/image\/"}},{"@type":"Person","@id":"https:\/\/news.save.ch\/de\/#\/schema\/person\/d49e199490bad7c70d64b9ab51142f2b","name":"admin","image":{"@type":"ImageObject","inLanguage":"de","@id":"https:\/\/secure.gravatar.com\/avatar\/ae2f4d718e6c49043e314ce431e7e645d646302a24a5ef5a8bc8e3f5a032e319?s=96&d=mm&r=g","url":"https:\/\/secure.gravatar.com\/avatar\/ae2f4d718e6c49043e314ce431e7e645d646302a24a5ef5a8bc8e3f5a032e319?s=96&d=mm&r=g","contentUrl":"https:\/\/secure.gravatar.com\/avatar\/ae2f4d718e6c49043e314ce431e7e645d646302a24a5ef5a8bc8e3f5a032e319?s=96&d=mm&r=g","caption":"admin"},"sameAs":["https:\/\/develop.organisator.galledia.ch"],"url":"https:\/\/news.save.ch\/de\/author\/admin\/"}]}},"_links":{"self":[{"href":"https:\/\/news.save.ch\/de\/wp-json\/wp\/v2\/posts\/465","targetHints":{"allow":["GET"]}}],"collection":[{"href":"https:\/\/news.save.ch\/de\/wp-json\/wp\/v2\/posts"}],"about":[{"href":"https:\/\/news.save.ch\/de\/wp-json\/wp\/v2\/types\/post"}],"author":[{"embeddable":true,"href":"https:\/\/news.save.ch\/de\/wp-json\/wp\/v2\/users\/1"}],"replies":[{"embeddable":true,"href":"https:\/\/news.save.ch\/de\/wp-json\/wp\/v2\/comments?post=465"}],"version-history":[{"count":1,"href":"https:\/\/news.save.ch\/de\/wp-json\/wp\/v2\/posts\/465\/revisions"}],"predecessor-version":[{"id":17774,"href":"https:\/\/news.save.ch\/de\/wp-json\/wp\/v2\/posts\/465\/revisions\/17774"}],"wp:featuredmedia":[{"embeddable":true,"href":"https:\/\/news.save.ch\/de\/wp-json\/wp\/v2\/media\/466"}],"wp:attachment":[{"href":"https:\/\/news.save.ch\/de\/wp-json\/wp\/v2\/media?parent=465"}],"wp:term":[{"taxonomy":"category","embeddable":true,"href":"https:\/\/news.save.ch\/de\/wp-json\/wp\/v2\/categories?post=465"},{"taxonomy":"post_tag","embeddable":true,"href":"https:\/\/news.save.ch\/de\/wp-json\/wp\/v2\/tags?post=465"}],"curies":[{"name":"wp","href":"https:\/\/api.w.org\/{rel}","templated":true}]}}