{"id":4655,"date":"2017-04-12T11:19:43","date_gmt":"2017-04-12T09:19:43","guid":{"rendered":"https:\/\/news.save.ch\/?p=4655"},"modified":"2017-04-12T11:19:43","modified_gmt":"2017-04-12T09:19:43","slug":"securitas-praesentiert-einsatzstatistik","status":null,"type":"post","link":"https:\/\/news.save.ch\/de\/securitas-praesentiert-einsatzstatistik\/","title":{"rendered":"Securitas pr\u00e4sentiert Einsatzstatistik"},"content":{"rendered":"<figure id=\"attachment_4656\" aria-describedby=\"caption-attachment-4656\" style=\"width: 680px\" class=\"wp-caption aligncenter\"><img loading=\"lazy\" decoding=\"async\" class=\"size-medium wp-image-4656\" src=\"https:\/\/news.save.ch\/wp-content\/uploads\/2017\/04\/Depositphotos_1022584_xl-2015-scaled-1.jpg\" alt=\"\" width=\"680\" height=\"453\" \/><figcaption id=\"caption-attachment-4656\" class=\"wp-caption-text\">Die Mitarbeitenden haben u.a. 1&#8217;553 stecken gebliebene Schl\u00fcssel sichergestellt. \u00a9 depositphotos<\/figcaption><\/figure>\n<p>&nbsp;<\/p>\n<p>Im Vergleich zu den Vorjahreszahlen zeige die j\u00fcngste Einsatzstatistik zum Beispiel auf, dass das Team der Securitas Gruppe die Schweiz auch etwas ruhiger und sauberer gemacht habe: So wurden 829 mehr L\u00e4rmverursacher zur Ruhe gemahnt (2016: total 3&#8217;155) und 1&#8217;385 mehr Littering-F\u00e4lle gemeldet (2016: 5&#8217;079). Der Sicherheitsdienstleister habe zudem geholfen, Strom zu sparen: So hat man dank Securitas-Intervention insgesamt 14&#8217;010 mehr Beleuchtungen ausgeschaltet (2016: 1,71 Mio.).<\/p>\n<p>Mit dem technologischen Know-how rund um Alarm- und Sicherheitssysteme sei man zudem an\u00a0365 Tagen rund um die Uhr in der Lage, Sicherheit aus einer Hand anzubieten. Der Sicherheitsdienstleister verdeutlicht dies anhand seiner <a href=\"https:\/\/www.securitas.ch\/fileadmin\/user_upload\/pdf\/aktuell\/Statistikbulletin\/Statistikbulletin2016_dt.pdf\">Statistik<\/a>:<\/p>\n<ul>\n<li>Sofort-Alarmierung (Polizei: 1&#8217;761), (Feuerwehr: 418), (Sanit\u00e4t: 754), (Kunden: 2&#8217;065)<\/li>\n<li>Beobachten und intervenieren: 355&#8217;337 telefonische Meldungen vermittelt (auf Alarme interveniert, Videobilder fern\u00fcberwacht usw.)<\/li>\n<li>Schutz vor Feuer- und Wassersch\u00e4den: 820 Br\u00e4nde selber gel\u00f6scht, 224&#8217;479 feuerverh\u00fctende Massnahmen ergriffen, 12&#8217;453 offene Wasserhahnen geschlossen<\/li>\n<li>Schutz vor Diebstahl: 259&#8217;207 Geb\u00e4udeeing\u00e4nge geschlossen, 1&#8217;553 stecken gebliebene Schl\u00fcssel sichergestellt<\/li>\n<li>31&#8217;829 Unberechtigte weggewiesen<\/li>\n<li>129&#8217;232 Personen kontrolliert<\/li>\n<li>7&#8217;766 defekte Strassenbeleuchtungen gemeldet<\/li>\n<li>2&#8217;888 Mal f\u00fcr freie Fluchtwege gesorgt<\/li>\n<li>usw.<\/li>\n<\/ul>\n<p>&nbsp;<\/p>\n<p>&nbsp;<\/p>\n","protected":false},"excerpt":{"rendered":"<p>&nbsp; Im Vergleich zu den Vorjahreszahlen zeige die j\u00fcngste Einsatzstatistik zum Beispiel auf, dass das Team der Securitas Gruppe die Schweiz auch etwas ruhiger und sauberer gemacht habe: So wurden 829 mehr L\u00e4rmverursacher zur Ruhe gemahnt (2016: total 3&#8217;155) und 1&#8217;385 mehr Littering-F\u00e4lle gemeldet (2016: 5&#8217;079). Der Sicherheitsdienstleister habe zudem geholfen, Strom zu sparen: So [&hellip;]<\/p>\n","protected":false},"author":8,"featured_media":4656,"comment_status":"open","ping_status":"open","sticky":false,"template":"","format":"standard","meta":{"_acf_changed":false,"pgc_sgb_lightbox_settings":"","footnotes":""},"categories":[1],"tags":[65],"class_list":["post-4655","post","type-post","status-publish","format-standard","has-post-thumbnail","hentry","category-allgemein","tag-unternehmen"],"acf":[],"hkrextid":null,"publication":null,"issue":null,"workflow":null,"startPage":null,"spitzmarke":null,"_posts_by_tag_page_fields":{"widget_title":"","widget_tags":""},"_at_widget":"1","_yoast_wpseo_primary_category":"1","_yoast_wpseo_focuskw_text_input":"Securitas","_yoast_wpseo_opengraph-image":null,"_yoast_wpseo_opengraph-description":null,"_yoast_wpseo_opengraph-title":null,"enclosure":null,"_yoast_wpseo_twitter-title":null,"_yoast_wpseo_twitter-description":null,"_yoast_wpseo_twitter-image":null,"_wp_old_slug":null,"_yoast_wpseo_title":null,"_yoast_wpseo_canonical":null,"yoast_head":"<!-- This site is optimized with the Yoast SEO plugin v27.5 - https:\/\/yoast.com\/product\/yoast-seo-wordpress\/ -->\n<title>Securitas pr\u00e4sentiert Einsatzstatistik - Save<\/title>\n<meta name=\"description\" content=\"Die Securitas Gruppe hat ihre Einsatzstatistik 2016 pr\u00e4sentiert. Die Sicherheitsdienstleistungen umfassen eine breite Palette.\" \/>\n<meta name=\"robots\" content=\"index, follow, max-snippet:-1, max-image-preview:large, max-video-preview:-1\" \/>\n<link rel=\"canonical\" href=\"https:\/\/news.save.ch\/de\/securitas-praesentiert-einsatzstatistik\/\" \/>\n<meta property=\"og:locale\" content=\"de_DE\" \/>\n<meta property=\"og:type\" content=\"article\" \/>\n<meta property=\"og:title\" content=\"Securitas pr\u00e4sentiert Einsatzstatistik - Save\" \/>\n<meta property=\"og:description\" content=\"Die Securitas Gruppe hat ihre Einsatzstatistik 2016 pr\u00e4sentiert. Die Sicherheitsdienstleistungen umfassen eine breite Palette.\" \/>\n<meta property=\"og:url\" content=\"https:\/\/news.save.ch\/de\/securitas-praesentiert-einsatzstatistik\/\" \/>\n<meta property=\"og:site_name\" content=\"Save\" \/>\n<meta property=\"article:published_time\" content=\"2017-04-12T09:19:43+00:00\" \/>\n<meta property=\"og:image\" content=\"https:\/\/news.save.ch\/wp-content\/uploads\/2017\/04\/Depositphotos_1022584_xl-2015-scaled-1-scaled.jpg\" \/>\n\t<meta property=\"og:image:width\" content=\"1400\" \/>\n\t<meta property=\"og:image:height\" content=\"934\" \/>\n\t<meta property=\"og:image:type\" content=\"image\/jpeg\" \/>\n<meta name=\"author\" content=\"Roger Str\u00e4ssle\" \/>\n<meta name=\"twitter:card\" content=\"summary_large_image\" \/>\n<meta name=\"twitter:label1\" content=\"Geschrieben von\" \/>\n\t<meta name=\"twitter:data1\" content=\"Roger Str\u00e4ssle\" \/>\n\t<meta name=\"twitter:label2\" content=\"Gesch\u00e4tzte Lesezeit\" \/>\n\t<meta name=\"twitter:data2\" content=\"1\u00a0Minute\" \/>\n<script type=\"application\/ld+json\" class=\"yoast-schema-graph\">{\"@context\":\"https:\\\/\\\/schema.org\",\"@graph\":[{\"@type\":\"Article\",\"@id\":\"https:\\\/\\\/news.save.ch\\\/securitas-praesentiert-einsatzstatistik\\\/#article\",\"isPartOf\":{\"@id\":\"https:\\\/\\\/news.save.ch\\\/securitas-praesentiert-einsatzstatistik\\\/\"},\"author\":{\"name\":\"Roger Str\u00e4ssle\",\"@id\":\"https:\\\/\\\/news.save.ch\\\/de\\\/#\\\/schema\\\/person\\\/d5022db048e0e2b9785c50e5b24da5aa\"},\"headline\":\"Securitas pr\u00e4sentiert Einsatzstatistik\",\"datePublished\":\"2017-04-12T09:19:43+00:00\",\"mainEntityOfPage\":{\"@id\":\"https:\\\/\\\/news.save.ch\\\/securitas-praesentiert-einsatzstatistik\\\/\"},\"wordCount\":181,\"commentCount\":0,\"publisher\":{\"@id\":\"https:\\\/\\\/news.save.ch\\\/de\\\/#organization\"},\"image\":{\"@id\":\"https:\\\/\\\/news.save.ch\\\/securitas-praesentiert-einsatzstatistik\\\/#primaryimage\"},\"thumbnailUrl\":\"https:\\\/\\\/news.save.ch\\\/wp-content\\\/uploads\\\/2017\\\/04\\\/Depositphotos_1022584_xl-2015-scaled-1-scaled.jpg\",\"keywords\":[\"Unternehmen\"],\"articleSection\":[\"ALLGEMEIN\"],\"inLanguage\":\"de\"},{\"@type\":\"WebPage\",\"@id\":\"https:\\\/\\\/news.save.ch\\\/securitas-praesentiert-einsatzstatistik\\\/\",\"url\":\"https:\\\/\\\/news.save.ch\\\/securitas-praesentiert-einsatzstatistik\\\/\",\"name\":\"Securitas pr\u00e4sentiert Einsatzstatistik - Save\",\"isPartOf\":{\"@id\":\"https:\\\/\\\/news.save.ch\\\/de\\\/#website\"},\"primaryImageOfPage\":{\"@id\":\"https:\\\/\\\/news.save.ch\\\/securitas-praesentiert-einsatzstatistik\\\/#primaryimage\"},\"image\":{\"@id\":\"https:\\\/\\\/news.save.ch\\\/securitas-praesentiert-einsatzstatistik\\\/#primaryimage\"},\"thumbnailUrl\":\"https:\\\/\\\/news.save.ch\\\/wp-content\\\/uploads\\\/2017\\\/04\\\/Depositphotos_1022584_xl-2015-scaled-1-scaled.jpg\",\"datePublished\":\"2017-04-12T09:19:43+00:00\",\"description\":\"Die Securitas Gruppe hat ihre Einsatzstatistik 2016 pr\u00e4sentiert. Die Sicherheitsdienstleistungen umfassen eine breite Palette.\",\"breadcrumb\":{\"@id\":\"https:\\\/\\\/news.save.ch\\\/securitas-praesentiert-einsatzstatistik\\\/#breadcrumb\"},\"inLanguage\":\"de\",\"potentialAction\":[{\"@type\":\"ReadAction\",\"target\":[\"https:\\\/\\\/news.save.ch\\\/securitas-praesentiert-einsatzstatistik\\\/\"]}]},{\"@type\":\"ImageObject\",\"inLanguage\":\"de\",\"@id\":\"https:\\\/\\\/news.save.ch\\\/securitas-praesentiert-einsatzstatistik\\\/#primaryimage\",\"url\":\"https:\\\/\\\/news.save.ch\\\/wp-content\\\/uploads\\\/2017\\\/04\\\/Depositphotos_1022584_xl-2015-scaled-1-scaled.jpg\",\"contentUrl\":\"https:\\\/\\\/news.save.ch\\\/wp-content\\\/uploads\\\/2017\\\/04\\\/Depositphotos_1022584_xl-2015-scaled-1-scaled.jpg\",\"width\":1400,\"height\":934,\"caption\":\"\u00a9 depositphotos\"},{\"@type\":\"BreadcrumbList\",\"@id\":\"https:\\\/\\\/news.save.ch\\\/securitas-praesentiert-einsatzstatistik\\\/#breadcrumb\",\"itemListElement\":[{\"@type\":\"ListItem\",\"position\":1,\"name\":\"Home\",\"item\":\"https:\\\/\\\/news.save.ch\\\/de\\\/\"},{\"@type\":\"ListItem\",\"position\":2,\"name\":\"Securitas pr\u00e4sentiert Einsatzstatistik\"}]},{\"@type\":\"WebSite\",\"@id\":\"https:\\\/\\\/news.save.ch\\\/de\\\/#website\",\"url\":\"https:\\\/\\\/news.save.ch\\\/de\\\/\",\"name\":\"Save\",\"description\":\"Schweizer Fachzeitschrift f\u00fcr Sicherheit\",\"publisher\":{\"@id\":\"https:\\\/\\\/news.save.ch\\\/de\\\/#organization\"},\"potentialAction\":[{\"@type\":\"SearchAction\",\"target\":{\"@type\":\"EntryPoint\",\"urlTemplate\":\"https:\\\/\\\/news.save.ch\\\/de\\\/?s={search_term_string}\"},\"query-input\":{\"@type\":\"PropertyValueSpecification\",\"valueRequired\":true,\"valueName\":\"search_term_string\"}}],\"inLanguage\":\"de\"},{\"@type\":\"Organization\",\"@id\":\"https:\\\/\\\/news.save.ch\\\/de\\\/#organization\",\"name\":\"Sicherheitsforum\",\"url\":\"https:\\\/\\\/news.save.ch\\\/de\\\/\",\"logo\":{\"@type\":\"ImageObject\",\"inLanguage\":\"de\",\"@id\":\"https:\\\/\\\/news.save.ch\\\/de\\\/#\\\/schema\\\/logo\\\/image\\\/\",\"url\":\"https:\\\/\\\/news.save.ch\\\/wp-content\\\/uploads\\\/2022\\\/06\\\/Logo_SF_2012.png\",\"contentUrl\":\"https:\\\/\\\/news.save.ch\\\/wp-content\\\/uploads\\\/2022\\\/06\\\/Logo_SF_2012.png\",\"width\":1100,\"height\":91,\"caption\":\"Sicherheitsforum\"},\"image\":{\"@id\":\"https:\\\/\\\/news.save.ch\\\/de\\\/#\\\/schema\\\/logo\\\/image\\\/\"}},{\"@type\":\"Person\",\"@id\":\"https:\\\/\\\/news.save.ch\\\/de\\\/#\\\/schema\\\/person\\\/d5022db048e0e2b9785c50e5b24da5aa\",\"name\":\"Roger Str\u00e4ssle\",\"image\":{\"@type\":\"ImageObject\",\"inLanguage\":\"de\",\"@id\":\"https:\\\/\\\/secure.gravatar.com\\\/avatar\\\/862a5569d087de48e5856e32f45d719a03804c891d6deb8d4f71a660e79e4a47?s=96&d=mm&r=g\",\"url\":\"https:\\\/\\\/secure.gravatar.com\\\/avatar\\\/862a5569d087de48e5856e32f45d719a03804c891d6deb8d4f71a660e79e4a47?s=96&d=mm&r=g\",\"contentUrl\":\"https:\\\/\\\/secure.gravatar.com\\\/avatar\\\/862a5569d087de48e5856e32f45d719a03804c891d6deb8d4f71a660e79e4a47?s=96&d=mm&r=g\",\"caption\":\"Roger Str\u00e4ssle\"},\"url\":\"https:\\\/\\\/news.save.ch\\\/de\\\/author\\\/roger-straessle\\\/\"}]}<\/script>\n<!-- \/ Yoast SEO plugin. -->","yoast_head_json":{"title":"Securitas pr\u00e4sentiert Einsatzstatistik - Save","description":"Die Securitas Gruppe hat ihre Einsatzstatistik 2016 pr\u00e4sentiert. Die Sicherheitsdienstleistungen umfassen eine breite Palette.","robots":{"index":"index","follow":"follow","max-snippet":"max-snippet:-1","max-image-preview":"max-image-preview:large","max-video-preview":"max-video-preview:-1"},"canonical":"https:\/\/news.save.ch\/de\/securitas-praesentiert-einsatzstatistik\/","og_locale":"de_DE","og_type":"article","og_title":"Securitas pr\u00e4sentiert Einsatzstatistik - Save","og_description":"Die Securitas Gruppe hat ihre Einsatzstatistik 2016 pr\u00e4sentiert. Die Sicherheitsdienstleistungen umfassen eine breite Palette.","og_url":"https:\/\/news.save.ch\/de\/securitas-praesentiert-einsatzstatistik\/","og_site_name":"Save","article_published_time":"2017-04-12T09:19:43+00:00","og_image":[{"width":1400,"height":934,"url":"https:\/\/news.save.ch\/wp-content\/uploads\/2017\/04\/Depositphotos_1022584_xl-2015-scaled-1-scaled.jpg","type":"image\/jpeg"}],"author":"Roger Str\u00e4ssle","twitter_card":"summary_large_image","twitter_misc":{"Geschrieben von":"Roger Str\u00e4ssle","Gesch\u00e4tzte Lesezeit":"1\u00a0Minute"},"schema":{"@context":"https:\/\/schema.org","@graph":[{"@type":"Article","@id":"https:\/\/news.save.ch\/securitas-praesentiert-einsatzstatistik\/#article","isPartOf":{"@id":"https:\/\/news.save.ch\/securitas-praesentiert-einsatzstatistik\/"},"author":{"name":"Roger Str\u00e4ssle","@id":"https:\/\/news.save.ch\/de\/#\/schema\/person\/d5022db048e0e2b9785c50e5b24da5aa"},"headline":"Securitas pr\u00e4sentiert Einsatzstatistik","datePublished":"2017-04-12T09:19:43+00:00","mainEntityOfPage":{"@id":"https:\/\/news.save.ch\/securitas-praesentiert-einsatzstatistik\/"},"wordCount":181,"commentCount":0,"publisher":{"@id":"https:\/\/news.save.ch\/de\/#organization"},"image":{"@id":"https:\/\/news.save.ch\/securitas-praesentiert-einsatzstatistik\/#primaryimage"},"thumbnailUrl":"https:\/\/news.save.ch\/wp-content\/uploads\/2017\/04\/Depositphotos_1022584_xl-2015-scaled-1-scaled.jpg","keywords":["Unternehmen"],"articleSection":["ALLGEMEIN"],"inLanguage":"de"},{"@type":"WebPage","@id":"https:\/\/news.save.ch\/securitas-praesentiert-einsatzstatistik\/","url":"https:\/\/news.save.ch\/securitas-praesentiert-einsatzstatistik\/","name":"Securitas pr\u00e4sentiert Einsatzstatistik - Save","isPartOf":{"@id":"https:\/\/news.save.ch\/de\/#website"},"primaryImageOfPage":{"@id":"https:\/\/news.save.ch\/securitas-praesentiert-einsatzstatistik\/#primaryimage"},"image":{"@id":"https:\/\/news.save.ch\/securitas-praesentiert-einsatzstatistik\/#primaryimage"},"thumbnailUrl":"https:\/\/news.save.ch\/wp-content\/uploads\/2017\/04\/Depositphotos_1022584_xl-2015-scaled-1-scaled.jpg","datePublished":"2017-04-12T09:19:43+00:00","description":"Die Securitas Gruppe hat ihre Einsatzstatistik 2016 pr\u00e4sentiert. Die Sicherheitsdienstleistungen umfassen eine breite Palette.","breadcrumb":{"@id":"https:\/\/news.save.ch\/securitas-praesentiert-einsatzstatistik\/#breadcrumb"},"inLanguage":"de","potentialAction":[{"@type":"ReadAction","target":["https:\/\/news.save.ch\/securitas-praesentiert-einsatzstatistik\/"]}]},{"@type":"ImageObject","inLanguage":"de","@id":"https:\/\/news.save.ch\/securitas-praesentiert-einsatzstatistik\/#primaryimage","url":"https:\/\/news.save.ch\/wp-content\/uploads\/2017\/04\/Depositphotos_1022584_xl-2015-scaled-1-scaled.jpg","contentUrl":"https:\/\/news.save.ch\/wp-content\/uploads\/2017\/04\/Depositphotos_1022584_xl-2015-scaled-1-scaled.jpg","width":1400,"height":934,"caption":"\u00a9 depositphotos"},{"@type":"BreadcrumbList","@id":"https:\/\/news.save.ch\/securitas-praesentiert-einsatzstatistik\/#breadcrumb","itemListElement":[{"@type":"ListItem","position":1,"name":"Home","item":"https:\/\/news.save.ch\/de\/"},{"@type":"ListItem","position":2,"name":"Securitas pr\u00e4sentiert Einsatzstatistik"}]},{"@type":"WebSite","@id":"https:\/\/news.save.ch\/de\/#website","url":"https:\/\/news.save.ch\/de\/","name":"Save","description":"Schweizer Fachzeitschrift f\u00fcr Sicherheit","publisher":{"@id":"https:\/\/news.save.ch\/de\/#organization"},"potentialAction":[{"@type":"SearchAction","target":{"@type":"EntryPoint","urlTemplate":"https:\/\/news.save.ch\/de\/?s={search_term_string}"},"query-input":{"@type":"PropertyValueSpecification","valueRequired":true,"valueName":"search_term_string"}}],"inLanguage":"de"},{"@type":"Organization","@id":"https:\/\/news.save.ch\/de\/#organization","name":"Sicherheitsforum","url":"https:\/\/news.save.ch\/de\/","logo":{"@type":"ImageObject","inLanguage":"de","@id":"https:\/\/news.save.ch\/de\/#\/schema\/logo\/image\/","url":"https:\/\/news.save.ch\/wp-content\/uploads\/2022\/06\/Logo_SF_2012.png","contentUrl":"https:\/\/news.save.ch\/wp-content\/uploads\/2022\/06\/Logo_SF_2012.png","width":1100,"height":91,"caption":"Sicherheitsforum"},"image":{"@id":"https:\/\/news.save.ch\/de\/#\/schema\/logo\/image\/"}},{"@type":"Person","@id":"https:\/\/news.save.ch\/de\/#\/schema\/person\/d5022db048e0e2b9785c50e5b24da5aa","name":"Roger Str\u00e4ssle","image":{"@type":"ImageObject","inLanguage":"de","@id":"https:\/\/secure.gravatar.com\/avatar\/862a5569d087de48e5856e32f45d719a03804c891d6deb8d4f71a660e79e4a47?s=96&d=mm&r=g","url":"https:\/\/secure.gravatar.com\/avatar\/862a5569d087de48e5856e32f45d719a03804c891d6deb8d4f71a660e79e4a47?s=96&d=mm&r=g","contentUrl":"https:\/\/secure.gravatar.com\/avatar\/862a5569d087de48e5856e32f45d719a03804c891d6deb8d4f71a660e79e4a47?s=96&d=mm&r=g","caption":"Roger Str\u00e4ssle"},"url":"https:\/\/news.save.ch\/de\/author\/roger-straessle\/"}]}},"_links":{"self":[{"href":"https:\/\/news.save.ch\/de\/wp-json\/wp\/v2\/posts\/4655","targetHints":{"allow":["GET"]}}],"collection":[{"href":"https:\/\/news.save.ch\/de\/wp-json\/wp\/v2\/posts"}],"about":[{"href":"https:\/\/news.save.ch\/de\/wp-json\/wp\/v2\/types\/post"}],"author":[{"embeddable":true,"href":"https:\/\/news.save.ch\/de\/wp-json\/wp\/v2\/users\/8"}],"replies":[{"embeddable":true,"href":"https:\/\/news.save.ch\/de\/wp-json\/wp\/v2\/comments?post=4655"}],"version-history":[{"count":0,"href":"https:\/\/news.save.ch\/de\/wp-json\/wp\/v2\/posts\/4655\/revisions"}],"wp:featuredmedia":[{"embeddable":true,"href":"https:\/\/news.save.ch\/de\/wp-json\/wp\/v2\/media\/4656"}],"wp:attachment":[{"href":"https:\/\/news.save.ch\/de\/wp-json\/wp\/v2\/media?parent=4655"}],"wp:term":[{"taxonomy":"category","embeddable":true,"href":"https:\/\/news.save.ch\/de\/wp-json\/wp\/v2\/categories?post=4655"},{"taxonomy":"post_tag","embeddable":true,"href":"https:\/\/news.save.ch\/de\/wp-json\/wp\/v2\/tags?post=4655"}],"curies":[{"name":"wp","href":"https:\/\/api.w.org\/{rel}","templated":true}]}}