{"id":4665,"date":"2019-10-09T08:00:20","date_gmt":"2019-10-09T06:00:20","guid":{"rendered":"https:\/\/news.save.ch\/?p=4665"},"modified":"2023-03-14T09:02:29","modified_gmt":"2023-03-14T08:02:29","slug":"75-jaehrige-jubilaeum-der-pflegeausbildung-im-wallis","status":null,"type":"post","link":"https:\/\/news.save.ch\/de\/75-jaehrige-jubilaeum-der-pflegeausbildung-im-wallis\/","title":{"rendered":"75-j\u00e4hriges Jubil\u00e4um der Pflegeausbildung im Wallis"},"content":{"rendered":"<figure id=\"attachment_4666\" aria-describedby=\"caption-attachment-4666\" style=\"width: 680px\" class=\"wp-caption alignnone\"><img loading=\"lazy\" decoding=\"async\" class=\"size-medium wp-image-4666\" src=\"http:\/\/develop.safety-plus.ch\/wp-content\/uploads\/2019\/10\/Depositphotos_AndrewLozovyi.jpg\" alt=\"\" width=\"680\" height=\"454\" \/><figcaption id=\"caption-attachment-4666\" class=\"wp-caption-text\">Das 75-j\u00e4hrige Jubil\u00e4um der Pflegeausbildung im Wallis ist eine gute Gelegenheit, den Pflegeberuf von heute und von morgen ins richtige Licht zu r\u00fccken. \u00a9Depositphotos\/AndrewLozovyi<\/figcaption><\/figure>\n<p>75-j\u00e4hriges Jubil\u00e4um der Pflegeausbildung im Wallis \u00abPflegefachfrau\/Pflegefachmann?\u00bb Ein Film von Pierre-Armand Dussex. Im Dokumentarfilm sprechen <a href=\"https:\/\/news.save.ch\/bundesrat-lehnt-pflegeinitiative-ab\/\" target=\"_blank\" rel=\"noopener\">Pflegefachleute<\/a> aus dem Wallis \u00fcber ihren Beruf, in dem Leidenschaft, Empathie und Genauigkeit eine grosse Rolle spielen. Sie erz\u00e4hlen von ihrer Arbeit, ihrem Alltag und auch ihren Gef\u00fchlen beim Kontakt mit den Patienten und deren Angeh\u00f6rigen. Ein Beruf, der zur Bew\u00e4ltigung der zuk\u00fcnftigen Herausforderungen vermehrt auf Forschungsaktivit\u00e4ten und <a href=\"https:\/\/news.save.ch\/fm-perspektiven-fm-innovationen-in-health-care-digital\/\" target=\"_blank\" rel=\"noopener\">Weiterbildung<\/a> setzt.<\/p>\n<p>Die Hochschule f\u00fcr Gesundheit der HES-SO Valais-Wallis pr\u00e4sentiert den Film am:<\/p>\n<p>10. Oktober 2019 in der Rehaklinik SUVA, Sitten<br \/>\n17. Oktober 2019 im Theater La Poste, Visp<\/p>\n<p><strong>Weitere Infos<\/strong><\/p>\n<p><a href=\"http:\/\/www.hevs.ch\">www.hevs.ch<\/a><\/p>\n","protected":false},"excerpt":{"rendered":"<p>75-j\u00e4hriges Jubil\u00e4um der Pflegeausbildung im Wallis \u00abPflegefachfrau\/Pflegefachmann?\u00bb Ein Film von Pierre-Armand Dussex. Im Dokumentarfilm sprechen Pflegefachleute aus dem Wallis \u00fcber ihren Beruf, in dem Leidenschaft, Empathie und Genauigkeit eine grosse Rolle spielen. Sie erz\u00e4hlen von ihrer Arbeit, ihrem Alltag und auch ihren Gef\u00fchlen beim Kontakt mit den Patienten und deren Angeh\u00f6rigen. Ein Beruf, der zur [&hellip;]<\/p>\n","protected":false},"author":1,"featured_media":4666,"comment_status":"open","ping_status":"open","sticky":false,"template":"","format":"standard","meta":{"_acf_changed":false,"pgc_sgb_lightbox_settings":"","footnotes":""},"categories":[1,3314],"tags":[540,2165,149,2341,2679,596],"class_list":["post-4665","post","type-post","status-publish","format-standard","has-post-thumbnail","hentry","category-allgemein","category-health-safety","tag-ausbildung","tag-gesundheitsfoerderung","tag-gesundheitsschutz","tag-jubilaeum","tag-pflegeberufe","tag-veranstaltung"],"acf":[],"hkrextid":null,"publication":null,"issue":null,"workflow":null,"startPage":null,"spitzmarke":null,"_posts_by_tag_page_fields":{"widget_title":"","widget_tags":""},"_at_widget":"1","_yoast_wpseo_primary_category":"1","_yoast_wpseo_focuskw_text_input":"Pflegeausbildung","_yoast_wpseo_opengraph-image":null,"_yoast_wpseo_opengraph-description":null,"_yoast_wpseo_opengraph-title":null,"enclosure":null,"_yoast_wpseo_twitter-title":null,"_yoast_wpseo_twitter-description":null,"_yoast_wpseo_twitter-image":null,"_wp_old_slug":null,"_yoast_wpseo_title":null,"_yoast_wpseo_canonical":null,"yoast_head":"<!-- This site is optimized with the Yoast SEO plugin v27.5 - https:\/\/yoast.com\/product\/yoast-seo-wordpress\/ -->\n<title>75-j\u00e4hriges Jubil\u00e4um der Pflegeausbildung im Wallis - Save<\/title>\n<meta name=\"description\" content=\"Das 75-j\u00e4hrige Jubil\u00e4um der Pflegeausbildung im Wallis ist eine gute Gelegenheit, den Pflegeberuf von heute und von morgen ins richtige Licht zu r\u00fccken.\" \/>\n<meta name=\"robots\" content=\"index, follow, max-snippet:-1, max-image-preview:large, max-video-preview:-1\" \/>\n<link rel=\"canonical\" href=\"https:\/\/news.save.ch\/de\/75-jaehrige-jubilaeum-der-pflegeausbildung-im-wallis\/\" \/>\n<meta property=\"og:locale\" content=\"de_DE\" \/>\n<meta property=\"og:type\" content=\"article\" \/>\n<meta property=\"og:title\" content=\"75-j\u00e4hriges Jubil\u00e4um der Pflegeausbildung im Wallis - Save\" \/>\n<meta property=\"og:description\" content=\"Das 75-j\u00e4hrige Jubil\u00e4um der Pflegeausbildung im Wallis ist eine gute Gelegenheit, den Pflegeberuf von heute und von morgen ins richtige Licht zu r\u00fccken.\" \/>\n<meta property=\"og:url\" content=\"https:\/\/news.save.ch\/de\/75-jaehrige-jubilaeum-der-pflegeausbildung-im-wallis\/\" \/>\n<meta property=\"og:site_name\" content=\"Save\" \/>\n<meta property=\"article:published_time\" content=\"2019-10-09T06:00:20+00:00\" \/>\n<meta property=\"article:modified_time\" content=\"2023-03-14T08:02:29+00:00\" \/>\n<meta property=\"og:image\" content=\"https:\/\/news.save.ch\/wp-content\/uploads\/2019\/10\/Depositphotos_AndrewLozovyi-scaled-1.jpg\" \/>\n\t<meta property=\"og:image:width\" content=\"1200\" \/>\n\t<meta property=\"og:image:height\" content=\"801\" \/>\n\t<meta property=\"og:image:type\" content=\"image\/jpeg\" \/>\n<meta name=\"author\" content=\"admin\" \/>\n<meta name=\"twitter:card\" content=\"summary_large_image\" \/>\n<meta name=\"twitter:label1\" content=\"Geschrieben von\" \/>\n\t<meta name=\"twitter:data1\" content=\"admin\" \/>\n\t<meta name=\"twitter:label2\" content=\"Gesch\u00e4tzte Lesezeit\" \/>\n\t<meta name=\"twitter:data2\" content=\"1\u00a0Minute\" \/>\n<script type=\"application\/ld+json\" class=\"yoast-schema-graph\">{\"@context\":\"https:\\\/\\\/schema.org\",\"@graph\":[{\"@type\":\"Article\",\"@id\":\"https:\\\/\\\/news.save.ch\\\/75-jaehrige-jubilaeum-der-pflegeausbildung-im-wallis\\\/#article\",\"isPartOf\":{\"@id\":\"https:\\\/\\\/news.save.ch\\\/75-jaehrige-jubilaeum-der-pflegeausbildung-im-wallis\\\/\"},\"author\":{\"name\":\"admin\",\"@id\":\"https:\\\/\\\/news.save.ch\\\/de\\\/#\\\/schema\\\/person\\\/d49e199490bad7c70d64b9ab51142f2b\"},\"headline\":\"75-j\u00e4hriges Jubil\u00e4um der Pflegeausbildung im Wallis\",\"datePublished\":\"2019-10-09T06:00:20+00:00\",\"dateModified\":\"2023-03-14T08:02:29+00:00\",\"mainEntityOfPage\":{\"@id\":\"https:\\\/\\\/news.save.ch\\\/75-jaehrige-jubilaeum-der-pflegeausbildung-im-wallis\\\/\"},\"wordCount\":147,\"commentCount\":0,\"publisher\":{\"@id\":\"https:\\\/\\\/news.save.ch\\\/de\\\/#organization\"},\"image\":{\"@id\":\"https:\\\/\\\/news.save.ch\\\/75-jaehrige-jubilaeum-der-pflegeausbildung-im-wallis\\\/#primaryimage\"},\"thumbnailUrl\":\"https:\\\/\\\/news.save.ch\\\/wp-content\\\/uploads\\\/2019\\\/10\\\/Depositphotos_AndrewLozovyi-scaled-1.jpg\",\"keywords\":[\"Ausbildung\",\"Gesundheitsf\u00f6rderung\",\"Gesundheitsschutz\",\"Jubil\u00e4um\",\"Pflegeberufe\",\"Veranstaltung\"],\"articleSection\":[\"ALLGEMEIN\",\"HEALTH &amp; SAFETY\"],\"inLanguage\":\"de\"},{\"@type\":\"WebPage\",\"@id\":\"https:\\\/\\\/news.save.ch\\\/75-jaehrige-jubilaeum-der-pflegeausbildung-im-wallis\\\/\",\"url\":\"https:\\\/\\\/news.save.ch\\\/75-jaehrige-jubilaeum-der-pflegeausbildung-im-wallis\\\/\",\"name\":\"75-j\u00e4hriges Jubil\u00e4um der Pflegeausbildung im Wallis - Save\",\"isPartOf\":{\"@id\":\"https:\\\/\\\/news.save.ch\\\/de\\\/#website\"},\"primaryImageOfPage\":{\"@id\":\"https:\\\/\\\/news.save.ch\\\/75-jaehrige-jubilaeum-der-pflegeausbildung-im-wallis\\\/#primaryimage\"},\"image\":{\"@id\":\"https:\\\/\\\/news.save.ch\\\/75-jaehrige-jubilaeum-der-pflegeausbildung-im-wallis\\\/#primaryimage\"},\"thumbnailUrl\":\"https:\\\/\\\/news.save.ch\\\/wp-content\\\/uploads\\\/2019\\\/10\\\/Depositphotos_AndrewLozovyi-scaled-1.jpg\",\"datePublished\":\"2019-10-09T06:00:20+00:00\",\"dateModified\":\"2023-03-14T08:02:29+00:00\",\"description\":\"Das 75-j\u00e4hrige Jubil\u00e4um der Pflegeausbildung im Wallis ist eine gute Gelegenheit, den Pflegeberuf von heute und von morgen ins richtige Licht zu r\u00fccken.\",\"breadcrumb\":{\"@id\":\"https:\\\/\\\/news.save.ch\\\/75-jaehrige-jubilaeum-der-pflegeausbildung-im-wallis\\\/#breadcrumb\"},\"inLanguage\":\"de\",\"potentialAction\":[{\"@type\":\"ReadAction\",\"target\":[\"https:\\\/\\\/news.save.ch\\\/75-jaehrige-jubilaeum-der-pflegeausbildung-im-wallis\\\/\"]}]},{\"@type\":\"ImageObject\",\"inLanguage\":\"de\",\"@id\":\"https:\\\/\\\/news.save.ch\\\/75-jaehrige-jubilaeum-der-pflegeausbildung-im-wallis\\\/#primaryimage\",\"url\":\"https:\\\/\\\/news.save.ch\\\/wp-content\\\/uploads\\\/2019\\\/10\\\/Depositphotos_AndrewLozovyi-scaled-1.jpg\",\"contentUrl\":\"https:\\\/\\\/news.save.ch\\\/wp-content\\\/uploads\\\/2019\\\/10\\\/Depositphotos_AndrewLozovyi-scaled-1.jpg\",\"width\":1200,\"height\":801,\"caption\":\"Das 75-j\u00e4hrige Jubil\u00e4um der Pflegeausbildung im Wallis ist eine gute Gelegenheit, den Pflegeberuf von heute und von morgen ins richtige Licht zu r\u00fccken. \u00a9Depositphotos\\\/AndrewLozovyi\"},{\"@type\":\"BreadcrumbList\",\"@id\":\"https:\\\/\\\/news.save.ch\\\/75-jaehrige-jubilaeum-der-pflegeausbildung-im-wallis\\\/#breadcrumb\",\"itemListElement\":[{\"@type\":\"ListItem\",\"position\":1,\"name\":\"Home\",\"item\":\"https:\\\/\\\/news.save.ch\\\/de\\\/\"},{\"@type\":\"ListItem\",\"position\":2,\"name\":\"75-j\u00e4hriges Jubil\u00e4um der Pflegeausbildung im Wallis\"}]},{\"@type\":\"WebSite\",\"@id\":\"https:\\\/\\\/news.save.ch\\\/de\\\/#website\",\"url\":\"https:\\\/\\\/news.save.ch\\\/de\\\/\",\"name\":\"Save\",\"description\":\"Schweizer Fachzeitschrift f\u00fcr Sicherheit\",\"publisher\":{\"@id\":\"https:\\\/\\\/news.save.ch\\\/de\\\/#organization\"},\"potentialAction\":[{\"@type\":\"SearchAction\",\"target\":{\"@type\":\"EntryPoint\",\"urlTemplate\":\"https:\\\/\\\/news.save.ch\\\/de\\\/?s={search_term_string}\"},\"query-input\":{\"@type\":\"PropertyValueSpecification\",\"valueRequired\":true,\"valueName\":\"search_term_string\"}}],\"inLanguage\":\"de\"},{\"@type\":\"Organization\",\"@id\":\"https:\\\/\\\/news.save.ch\\\/de\\\/#organization\",\"name\":\"Sicherheitsforum\",\"url\":\"https:\\\/\\\/news.save.ch\\\/de\\\/\",\"logo\":{\"@type\":\"ImageObject\",\"inLanguage\":\"de\",\"@id\":\"https:\\\/\\\/news.save.ch\\\/de\\\/#\\\/schema\\\/logo\\\/image\\\/\",\"url\":\"https:\\\/\\\/news.save.ch\\\/wp-content\\\/uploads\\\/2022\\\/06\\\/Logo_SF_2012.png\",\"contentUrl\":\"https:\\\/\\\/news.save.ch\\\/wp-content\\\/uploads\\\/2022\\\/06\\\/Logo_SF_2012.png\",\"width\":1100,\"height\":91,\"caption\":\"Sicherheitsforum\"},\"image\":{\"@id\":\"https:\\\/\\\/news.save.ch\\\/de\\\/#\\\/schema\\\/logo\\\/image\\\/\"}},{\"@type\":\"Person\",\"@id\":\"https:\\\/\\\/news.save.ch\\\/de\\\/#\\\/schema\\\/person\\\/d49e199490bad7c70d64b9ab51142f2b\",\"name\":\"admin\",\"image\":{\"@type\":\"ImageObject\",\"inLanguage\":\"de\",\"@id\":\"https:\\\/\\\/secure.gravatar.com\\\/avatar\\\/ae2f4d718e6c49043e314ce431e7e645d646302a24a5ef5a8bc8e3f5a032e319?s=96&d=mm&r=g\",\"url\":\"https:\\\/\\\/secure.gravatar.com\\\/avatar\\\/ae2f4d718e6c49043e314ce431e7e645d646302a24a5ef5a8bc8e3f5a032e319?s=96&d=mm&r=g\",\"contentUrl\":\"https:\\\/\\\/secure.gravatar.com\\\/avatar\\\/ae2f4d718e6c49043e314ce431e7e645d646302a24a5ef5a8bc8e3f5a032e319?s=96&d=mm&r=g\",\"caption\":\"admin\"},\"sameAs\":[\"https:\\\/\\\/develop.organisator.galledia.ch\"],\"url\":\"https:\\\/\\\/news.save.ch\\\/de\\\/author\\\/admin\\\/\"}]}<\/script>\n<!-- \/ Yoast SEO plugin. -->","yoast_head_json":{"title":"75-j\u00e4hriges Jubil\u00e4um der Pflegeausbildung im Wallis - Save","description":"Das 75-j\u00e4hrige Jubil\u00e4um der Pflegeausbildung im Wallis ist eine gute Gelegenheit, den Pflegeberuf von heute und von morgen ins richtige Licht zu r\u00fccken.","robots":{"index":"index","follow":"follow","max-snippet":"max-snippet:-1","max-image-preview":"max-image-preview:large","max-video-preview":"max-video-preview:-1"},"canonical":"https:\/\/news.save.ch\/de\/75-jaehrige-jubilaeum-der-pflegeausbildung-im-wallis\/","og_locale":"de_DE","og_type":"article","og_title":"75-j\u00e4hriges Jubil\u00e4um der Pflegeausbildung im Wallis - Save","og_description":"Das 75-j\u00e4hrige Jubil\u00e4um der Pflegeausbildung im Wallis ist eine gute Gelegenheit, den Pflegeberuf von heute und von morgen ins richtige Licht zu r\u00fccken.","og_url":"https:\/\/news.save.ch\/de\/75-jaehrige-jubilaeum-der-pflegeausbildung-im-wallis\/","og_site_name":"Save","article_published_time":"2019-10-09T06:00:20+00:00","article_modified_time":"2023-03-14T08:02:29+00:00","og_image":[{"width":1200,"height":801,"url":"https:\/\/news.save.ch\/wp-content\/uploads\/2019\/10\/Depositphotos_AndrewLozovyi-scaled-1.jpg","type":"image\/jpeg"}],"author":"admin","twitter_card":"summary_large_image","twitter_misc":{"Geschrieben von":"admin","Gesch\u00e4tzte Lesezeit":"1\u00a0Minute"},"schema":{"@context":"https:\/\/schema.org","@graph":[{"@type":"Article","@id":"https:\/\/news.save.ch\/75-jaehrige-jubilaeum-der-pflegeausbildung-im-wallis\/#article","isPartOf":{"@id":"https:\/\/news.save.ch\/75-jaehrige-jubilaeum-der-pflegeausbildung-im-wallis\/"},"author":{"name":"admin","@id":"https:\/\/news.save.ch\/de\/#\/schema\/person\/d49e199490bad7c70d64b9ab51142f2b"},"headline":"75-j\u00e4hriges Jubil\u00e4um der Pflegeausbildung im Wallis","datePublished":"2019-10-09T06:00:20+00:00","dateModified":"2023-03-14T08:02:29+00:00","mainEntityOfPage":{"@id":"https:\/\/news.save.ch\/75-jaehrige-jubilaeum-der-pflegeausbildung-im-wallis\/"},"wordCount":147,"commentCount":0,"publisher":{"@id":"https:\/\/news.save.ch\/de\/#organization"},"image":{"@id":"https:\/\/news.save.ch\/75-jaehrige-jubilaeum-der-pflegeausbildung-im-wallis\/#primaryimage"},"thumbnailUrl":"https:\/\/news.save.ch\/wp-content\/uploads\/2019\/10\/Depositphotos_AndrewLozovyi-scaled-1.jpg","keywords":["Ausbildung","Gesundheitsf\u00f6rderung","Gesundheitsschutz","Jubil\u00e4um","Pflegeberufe","Veranstaltung"],"articleSection":["ALLGEMEIN","HEALTH &amp; SAFETY"],"inLanguage":"de"},{"@type":"WebPage","@id":"https:\/\/news.save.ch\/75-jaehrige-jubilaeum-der-pflegeausbildung-im-wallis\/","url":"https:\/\/news.save.ch\/75-jaehrige-jubilaeum-der-pflegeausbildung-im-wallis\/","name":"75-j\u00e4hriges Jubil\u00e4um der Pflegeausbildung im Wallis - Save","isPartOf":{"@id":"https:\/\/news.save.ch\/de\/#website"},"primaryImageOfPage":{"@id":"https:\/\/news.save.ch\/75-jaehrige-jubilaeum-der-pflegeausbildung-im-wallis\/#primaryimage"},"image":{"@id":"https:\/\/news.save.ch\/75-jaehrige-jubilaeum-der-pflegeausbildung-im-wallis\/#primaryimage"},"thumbnailUrl":"https:\/\/news.save.ch\/wp-content\/uploads\/2019\/10\/Depositphotos_AndrewLozovyi-scaled-1.jpg","datePublished":"2019-10-09T06:00:20+00:00","dateModified":"2023-03-14T08:02:29+00:00","description":"Das 75-j\u00e4hrige Jubil\u00e4um der Pflegeausbildung im Wallis ist eine gute Gelegenheit, den Pflegeberuf von heute und von morgen ins richtige Licht zu r\u00fccken.","breadcrumb":{"@id":"https:\/\/news.save.ch\/75-jaehrige-jubilaeum-der-pflegeausbildung-im-wallis\/#breadcrumb"},"inLanguage":"de","potentialAction":[{"@type":"ReadAction","target":["https:\/\/news.save.ch\/75-jaehrige-jubilaeum-der-pflegeausbildung-im-wallis\/"]}]},{"@type":"ImageObject","inLanguage":"de","@id":"https:\/\/news.save.ch\/75-jaehrige-jubilaeum-der-pflegeausbildung-im-wallis\/#primaryimage","url":"https:\/\/news.save.ch\/wp-content\/uploads\/2019\/10\/Depositphotos_AndrewLozovyi-scaled-1.jpg","contentUrl":"https:\/\/news.save.ch\/wp-content\/uploads\/2019\/10\/Depositphotos_AndrewLozovyi-scaled-1.jpg","width":1200,"height":801,"caption":"Das 75-j\u00e4hrige Jubil\u00e4um der Pflegeausbildung im Wallis ist eine gute Gelegenheit, den Pflegeberuf von heute und von morgen ins richtige Licht zu r\u00fccken. \u00a9Depositphotos\/AndrewLozovyi"},{"@type":"BreadcrumbList","@id":"https:\/\/news.save.ch\/75-jaehrige-jubilaeum-der-pflegeausbildung-im-wallis\/#breadcrumb","itemListElement":[{"@type":"ListItem","position":1,"name":"Home","item":"https:\/\/news.save.ch\/de\/"},{"@type":"ListItem","position":2,"name":"75-j\u00e4hriges Jubil\u00e4um der Pflegeausbildung im Wallis"}]},{"@type":"WebSite","@id":"https:\/\/news.save.ch\/de\/#website","url":"https:\/\/news.save.ch\/de\/","name":"Save","description":"Schweizer Fachzeitschrift f\u00fcr Sicherheit","publisher":{"@id":"https:\/\/news.save.ch\/de\/#organization"},"potentialAction":[{"@type":"SearchAction","target":{"@type":"EntryPoint","urlTemplate":"https:\/\/news.save.ch\/de\/?s={search_term_string}"},"query-input":{"@type":"PropertyValueSpecification","valueRequired":true,"valueName":"search_term_string"}}],"inLanguage":"de"},{"@type":"Organization","@id":"https:\/\/news.save.ch\/de\/#organization","name":"Sicherheitsforum","url":"https:\/\/news.save.ch\/de\/","logo":{"@type":"ImageObject","inLanguage":"de","@id":"https:\/\/news.save.ch\/de\/#\/schema\/logo\/image\/","url":"https:\/\/news.save.ch\/wp-content\/uploads\/2022\/06\/Logo_SF_2012.png","contentUrl":"https:\/\/news.save.ch\/wp-content\/uploads\/2022\/06\/Logo_SF_2012.png","width":1100,"height":91,"caption":"Sicherheitsforum"},"image":{"@id":"https:\/\/news.save.ch\/de\/#\/schema\/logo\/image\/"}},{"@type":"Person","@id":"https:\/\/news.save.ch\/de\/#\/schema\/person\/d49e199490bad7c70d64b9ab51142f2b","name":"admin","image":{"@type":"ImageObject","inLanguage":"de","@id":"https:\/\/secure.gravatar.com\/avatar\/ae2f4d718e6c49043e314ce431e7e645d646302a24a5ef5a8bc8e3f5a032e319?s=96&d=mm&r=g","url":"https:\/\/secure.gravatar.com\/avatar\/ae2f4d718e6c49043e314ce431e7e645d646302a24a5ef5a8bc8e3f5a032e319?s=96&d=mm&r=g","contentUrl":"https:\/\/secure.gravatar.com\/avatar\/ae2f4d718e6c49043e314ce431e7e645d646302a24a5ef5a8bc8e3f5a032e319?s=96&d=mm&r=g","caption":"admin"},"sameAs":["https:\/\/develop.organisator.galledia.ch"],"url":"https:\/\/news.save.ch\/de\/author\/admin\/"}]}},"_links":{"self":[{"href":"https:\/\/news.save.ch\/de\/wp-json\/wp\/v2\/posts\/4665","targetHints":{"allow":["GET"]}}],"collection":[{"href":"https:\/\/news.save.ch\/de\/wp-json\/wp\/v2\/posts"}],"about":[{"href":"https:\/\/news.save.ch\/de\/wp-json\/wp\/v2\/types\/post"}],"author":[{"embeddable":true,"href":"https:\/\/news.save.ch\/de\/wp-json\/wp\/v2\/users\/1"}],"replies":[{"embeddable":true,"href":"https:\/\/news.save.ch\/de\/wp-json\/wp\/v2\/comments?post=4665"}],"version-history":[{"count":1,"href":"https:\/\/news.save.ch\/de\/wp-json\/wp\/v2\/posts\/4665\/revisions"}],"predecessor-version":[{"id":18635,"href":"https:\/\/news.save.ch\/de\/wp-json\/wp\/v2\/posts\/4665\/revisions\/18635"}],"wp:featuredmedia":[{"embeddable":true,"href":"https:\/\/news.save.ch\/de\/wp-json\/wp\/v2\/media\/4666"}],"wp:attachment":[{"href":"https:\/\/news.save.ch\/de\/wp-json\/wp\/v2\/media?parent=4665"}],"wp:term":[{"taxonomy":"category","embeddable":true,"href":"https:\/\/news.save.ch\/de\/wp-json\/wp\/v2\/categories?post=4665"},{"taxonomy":"post_tag","embeddable":true,"href":"https:\/\/news.save.ch\/de\/wp-json\/wp\/v2\/tags?post=4665"}],"curies":[{"name":"wp","href":"https:\/\/api.w.org\/{rel}","templated":true}]}}