{"id":4676,"date":"2017-04-18T13:34:44","date_gmt":"2017-04-18T11:34:44","guid":{"rendered":"https:\/\/news.save.ch\/?p=4676"},"modified":"2023-03-14T08:57:05","modified_gmt":"2023-03-14T07:57:05","slug":"wisekey-uebernahme-abgeschlossen","status":null,"type":"post","link":"https:\/\/news.save.ch\/de\/wisekey-uebernahme-abgeschlossen\/","title":{"rendered":"Wisekey: \u00dcbernahme abgeschlossen"},"content":{"rendered":"<figure id=\"attachment_4677\" aria-describedby=\"caption-attachment-4677\" style=\"width: 680px\" class=\"wp-caption aligncenter\"><img loading=\"lazy\" decoding=\"async\" class=\"size-medium wp-image-4677\" src=\"https:\/\/news.save.ch\/wp-content\/uploads\/2017\/04\/Depositphotos_wiskey.jpg\" alt=\"\" width=\"680\" height=\"383\" \/><figcaption id=\"caption-attachment-4677\" class=\"wp-caption-text\">\u00a9 depositphotos<\/figcaption><\/figure>\n<p>Die \u00dcbernahme erlaube <a href=\"https:\/\/www.wisekey.com\">Wisekey<\/a> ihr PKI-Angebot (PKI: Public Key Infrastruktur) f\u00fcr das Internet der Dinge (IoT) auszuweiten. IoT PKI ist definiert als Bereitstellung von kompletten X.509 digitalen Zertifikaten und kryptografischen Schl\u00fcsseln und das Management des ganzen Lebenszyklus. Digitale Zertifikate k\u00f6nnen entweder bereits im Herstellungsprozess sicher auf IoT-Ger\u00e4te installiert und dann durch PKI-L\u00f6sungen aktiviert oder erst nach der Herstellung aufgeladen werden.<\/p>\n<p>Die Akquisition erm\u00f6gliche die Nutzung von grossen Synergien dank der breiten langj\u00e4hrigen Kundenbasis von <a href=\"https:\/\/www.quovadisglobal.ch\/\">QuoVadis<\/a> im Bereich von managed PKI-L\u00f6sungen (Trust\/Link) und der sealsign Signatur-Plattform. Zus\u00e4tzlich bringe das Unternehmen umfangreiche technische Expertise im Betrieb von sicheren und hochverf\u00fcgbaren Umgebungen unter strengsten Akkreditierungen mit und verst\u00e4rke die Verkaufs- und Support-Teams in wichtigen M\u00e4rkten wie der Schweiz, Holland und Deutschland.<\/p>\n<p>Carlos Moreira, Chairman und CEO von Wisekey, erkl\u00e4rt: &#8222;Wir sind sehr erfreut, dass diese strategische Akquisition nun vollzogen werden konnte. Diese Transaktion erm\u00f6glicht direkten Kontakt zum grossen Kundenstamm von QuoVadis und st\u00e4rkt die geografische Pr\u00e4senz in Europa.&#8220;<\/p>\n<p>Roman Brunner, CEO von QuoVadis: &#8222;Die \u00dcbernahme durch die Wisekey erm\u00f6glicht QuoVadis ein st\u00e4rkeres Wachstum, um multinationale M\u00e4rkte zu bedienen und die schnell wachsende Nachfrage f\u00fcr grenz\u00fcberschreitende <a href=\"https:\/\/en.wikipedia.org\/wiki\/EIDAS\">eIDAS<\/a>-IoT-Sicherheits-Dienstleistungen abzudecken.\u201c<\/p>\n<p>&nbsp;<\/p>\n","protected":false},"excerpt":{"rendered":"<p>Die \u00dcbernahme erlaube Wisekey ihr PKI-Angebot (PKI: Public Key Infrastruktur) f\u00fcr das Internet der Dinge (IoT) auszuweiten. IoT PKI ist definiert als Bereitstellung von kompletten X.509 digitalen Zertifikaten und kryptografischen Schl\u00fcsseln und das Management des ganzen Lebenszyklus. Digitale Zertifikate k\u00f6nnen entweder bereits im Herstellungsprozess sicher auf IoT-Ger\u00e4te installiert und dann durch PKI-L\u00f6sungen aktiviert oder erst [&hellip;]<\/p>\n","protected":false},"author":8,"featured_media":4677,"comment_status":"open","ping_status":"open","sticky":false,"template":"","format":"standard","meta":{"_acf_changed":false,"pgc_sgb_lightbox_settings":"","footnotes":""},"categories":[3313],"tags":[65],"class_list":["post-4676","post","type-post","status-publish","format-standard","has-post-thumbnail","hentry","category-digitalisierung","tag-unternehmen"],"acf":[],"hkrextid":null,"publication":null,"issue":null,"workflow":null,"startPage":null,"spitzmarke":null,"_posts_by_tag_page_fields":{"widget_title":"","widget_tags":""},"_at_widget":"1","_yoast_wpseo_primary_category":"2","_yoast_wpseo_focuskw_text_input":"Wisekey","_yoast_wpseo_opengraph-image":null,"_yoast_wpseo_opengraph-description":null,"_yoast_wpseo_opengraph-title":null,"enclosure":null,"_yoast_wpseo_twitter-title":null,"_yoast_wpseo_twitter-description":null,"_yoast_wpseo_twitter-image":null,"_wp_old_slug":null,"_yoast_wpseo_title":null,"_yoast_wpseo_canonical":null,"yoast_head":"<!-- This site is optimized with the Yoast SEO plugin v27.5 - https:\/\/yoast.com\/product\/yoast-seo-wordpress\/ -->\n<title>Wisekey: \u00dcbernahme abgeschlossen - Save<\/title>\n<meta name=\"description\" content=\"Wisekey International gibt bekannt, dass die bereits fr\u00fcher angek\u00fcndigte \u00dcbernahme der Cyber-Security-Unternehmensgruppe QuoVadis nun abgeschlossen ist.\" \/>\n<meta name=\"robots\" content=\"index, follow, max-snippet:-1, max-image-preview:large, max-video-preview:-1\" \/>\n<link rel=\"canonical\" href=\"https:\/\/news.save.ch\/de\/wisekey-uebernahme-abgeschlossen\/\" \/>\n<meta property=\"og:locale\" content=\"de_DE\" \/>\n<meta property=\"og:type\" content=\"article\" \/>\n<meta property=\"og:title\" content=\"Wisekey: \u00dcbernahme abgeschlossen - Save\" \/>\n<meta property=\"og:description\" content=\"Wisekey International gibt bekannt, dass die bereits fr\u00fcher angek\u00fcndigte \u00dcbernahme der Cyber-Security-Unternehmensgruppe QuoVadis nun abgeschlossen ist.\" \/>\n<meta property=\"og:url\" content=\"https:\/\/news.save.ch\/de\/wisekey-uebernahme-abgeschlossen\/\" \/>\n<meta property=\"og:site_name\" content=\"Save\" \/>\n<meta property=\"article:published_time\" content=\"2017-04-18T11:34:44+00:00\" \/>\n<meta property=\"article:modified_time\" content=\"2023-03-14T07:57:05+00:00\" \/>\n<meta property=\"og:image\" content=\"https:\/\/news.save.ch\/wp-content\/uploads\/2017\/04\/Depositphotos_wiskey-scaled.jpg\" \/>\n\t<meta property=\"og:image:width\" content=\"1400\" \/>\n\t<meta property=\"og:image:height\" content=\"788\" \/>\n\t<meta property=\"og:image:type\" content=\"image\/jpeg\" \/>\n<meta name=\"author\" content=\"Roger Str\u00e4ssle\" \/>\n<meta name=\"twitter:card\" content=\"summary_large_image\" \/>\n<meta name=\"twitter:label1\" content=\"Geschrieben von\" \/>\n\t<meta name=\"twitter:data1\" content=\"Roger Str\u00e4ssle\" \/>\n\t<meta name=\"twitter:label2\" content=\"Gesch\u00e4tzte Lesezeit\" \/>\n\t<meta name=\"twitter:data2\" content=\"1\u00a0Minute\" \/>\n<script type=\"application\/ld+json\" class=\"yoast-schema-graph\">{\"@context\":\"https:\\\/\\\/schema.org\",\"@graph\":[{\"@type\":\"Article\",\"@id\":\"https:\\\/\\\/news.save.ch\\\/wisekey-uebernahme-abgeschlossen\\\/#article\",\"isPartOf\":{\"@id\":\"https:\\\/\\\/news.save.ch\\\/wisekey-uebernahme-abgeschlossen\\\/\"},\"author\":{\"name\":\"Roger Str\u00e4ssle\",\"@id\":\"https:\\\/\\\/news.save.ch\\\/de\\\/#\\\/schema\\\/person\\\/d5022db048e0e2b9785c50e5b24da5aa\"},\"headline\":\"Wisekey: \u00dcbernahme abgeschlossen\",\"datePublished\":\"2017-04-18T11:34:44+00:00\",\"dateModified\":\"2023-03-14T07:57:05+00:00\",\"mainEntityOfPage\":{\"@id\":\"https:\\\/\\\/news.save.ch\\\/wisekey-uebernahme-abgeschlossen\\\/\"},\"wordCount\":218,\"commentCount\":0,\"publisher\":{\"@id\":\"https:\\\/\\\/news.save.ch\\\/de\\\/#organization\"},\"image\":{\"@id\":\"https:\\\/\\\/news.save.ch\\\/wisekey-uebernahme-abgeschlossen\\\/#primaryimage\"},\"thumbnailUrl\":\"https:\\\/\\\/news.save.ch\\\/wp-content\\\/uploads\\\/2017\\\/04\\\/Depositphotos_wiskey-scaled.jpg\",\"keywords\":[\"Unternehmen\"],\"articleSection\":[\"DIGITALISIERUNG\"],\"inLanguage\":\"de\"},{\"@type\":\"WebPage\",\"@id\":\"https:\\\/\\\/news.save.ch\\\/wisekey-uebernahme-abgeschlossen\\\/\",\"url\":\"https:\\\/\\\/news.save.ch\\\/wisekey-uebernahme-abgeschlossen\\\/\",\"name\":\"Wisekey: \u00dcbernahme abgeschlossen - Save\",\"isPartOf\":{\"@id\":\"https:\\\/\\\/news.save.ch\\\/de\\\/#website\"},\"primaryImageOfPage\":{\"@id\":\"https:\\\/\\\/news.save.ch\\\/wisekey-uebernahme-abgeschlossen\\\/#primaryimage\"},\"image\":{\"@id\":\"https:\\\/\\\/news.save.ch\\\/wisekey-uebernahme-abgeschlossen\\\/#primaryimage\"},\"thumbnailUrl\":\"https:\\\/\\\/news.save.ch\\\/wp-content\\\/uploads\\\/2017\\\/04\\\/Depositphotos_wiskey-scaled.jpg\",\"datePublished\":\"2017-04-18T11:34:44+00:00\",\"dateModified\":\"2023-03-14T07:57:05+00:00\",\"description\":\"Wisekey International gibt bekannt, dass die bereits fr\u00fcher angek\u00fcndigte \u00dcbernahme der Cyber-Security-Unternehmensgruppe QuoVadis nun abgeschlossen ist.\",\"breadcrumb\":{\"@id\":\"https:\\\/\\\/news.save.ch\\\/wisekey-uebernahme-abgeschlossen\\\/#breadcrumb\"},\"inLanguage\":\"de\",\"potentialAction\":[{\"@type\":\"ReadAction\",\"target\":[\"https:\\\/\\\/news.save.ch\\\/wisekey-uebernahme-abgeschlossen\\\/\"]}]},{\"@type\":\"ImageObject\",\"inLanguage\":\"de\",\"@id\":\"https:\\\/\\\/news.save.ch\\\/wisekey-uebernahme-abgeschlossen\\\/#primaryimage\",\"url\":\"https:\\\/\\\/news.save.ch\\\/wp-content\\\/uploads\\\/2017\\\/04\\\/Depositphotos_wiskey-scaled.jpg\",\"contentUrl\":\"https:\\\/\\\/news.save.ch\\\/wp-content\\\/uploads\\\/2017\\\/04\\\/Depositphotos_wiskey-scaled.jpg\",\"width\":1400,\"height\":788,\"caption\":\"\u00a9 depositphotos\"},{\"@type\":\"BreadcrumbList\",\"@id\":\"https:\\\/\\\/news.save.ch\\\/wisekey-uebernahme-abgeschlossen\\\/#breadcrumb\",\"itemListElement\":[{\"@type\":\"ListItem\",\"position\":1,\"name\":\"Home\",\"item\":\"https:\\\/\\\/news.save.ch\\\/de\\\/\"},{\"@type\":\"ListItem\",\"position\":2,\"name\":\"Wisekey: \u00dcbernahme abgeschlossen\"}]},{\"@type\":\"WebSite\",\"@id\":\"https:\\\/\\\/news.save.ch\\\/de\\\/#website\",\"url\":\"https:\\\/\\\/news.save.ch\\\/de\\\/\",\"name\":\"Save\",\"description\":\"Schweizer Fachzeitschrift f\u00fcr Sicherheit\",\"publisher\":{\"@id\":\"https:\\\/\\\/news.save.ch\\\/de\\\/#organization\"},\"potentialAction\":[{\"@type\":\"SearchAction\",\"target\":{\"@type\":\"EntryPoint\",\"urlTemplate\":\"https:\\\/\\\/news.save.ch\\\/de\\\/?s={search_term_string}\"},\"query-input\":{\"@type\":\"PropertyValueSpecification\",\"valueRequired\":true,\"valueName\":\"search_term_string\"}}],\"inLanguage\":\"de\"},{\"@type\":\"Organization\",\"@id\":\"https:\\\/\\\/news.save.ch\\\/de\\\/#organization\",\"name\":\"Sicherheitsforum\",\"url\":\"https:\\\/\\\/news.save.ch\\\/de\\\/\",\"logo\":{\"@type\":\"ImageObject\",\"inLanguage\":\"de\",\"@id\":\"https:\\\/\\\/news.save.ch\\\/de\\\/#\\\/schema\\\/logo\\\/image\\\/\",\"url\":\"https:\\\/\\\/news.save.ch\\\/wp-content\\\/uploads\\\/2022\\\/06\\\/Logo_SF_2012.png\",\"contentUrl\":\"https:\\\/\\\/news.save.ch\\\/wp-content\\\/uploads\\\/2022\\\/06\\\/Logo_SF_2012.png\",\"width\":1100,\"height\":91,\"caption\":\"Sicherheitsforum\"},\"image\":{\"@id\":\"https:\\\/\\\/news.save.ch\\\/de\\\/#\\\/schema\\\/logo\\\/image\\\/\"}},{\"@type\":\"Person\",\"@id\":\"https:\\\/\\\/news.save.ch\\\/de\\\/#\\\/schema\\\/person\\\/d5022db048e0e2b9785c50e5b24da5aa\",\"name\":\"Roger Str\u00e4ssle\",\"image\":{\"@type\":\"ImageObject\",\"inLanguage\":\"de\",\"@id\":\"https:\\\/\\\/secure.gravatar.com\\\/avatar\\\/862a5569d087de48e5856e32f45d719a03804c891d6deb8d4f71a660e79e4a47?s=96&d=mm&r=g\",\"url\":\"https:\\\/\\\/secure.gravatar.com\\\/avatar\\\/862a5569d087de48e5856e32f45d719a03804c891d6deb8d4f71a660e79e4a47?s=96&d=mm&r=g\",\"contentUrl\":\"https:\\\/\\\/secure.gravatar.com\\\/avatar\\\/862a5569d087de48e5856e32f45d719a03804c891d6deb8d4f71a660e79e4a47?s=96&d=mm&r=g\",\"caption\":\"Roger Str\u00e4ssle\"},\"url\":\"https:\\\/\\\/news.save.ch\\\/de\\\/author\\\/roger-straessle\\\/\"}]}<\/script>\n<!-- \/ Yoast SEO plugin. -->","yoast_head_json":{"title":"Wisekey: \u00dcbernahme abgeschlossen - Save","description":"Wisekey International gibt bekannt, dass die bereits fr\u00fcher angek\u00fcndigte \u00dcbernahme der Cyber-Security-Unternehmensgruppe QuoVadis nun abgeschlossen ist.","robots":{"index":"index","follow":"follow","max-snippet":"max-snippet:-1","max-image-preview":"max-image-preview:large","max-video-preview":"max-video-preview:-1"},"canonical":"https:\/\/news.save.ch\/de\/wisekey-uebernahme-abgeschlossen\/","og_locale":"de_DE","og_type":"article","og_title":"Wisekey: \u00dcbernahme abgeschlossen - Save","og_description":"Wisekey International gibt bekannt, dass die bereits fr\u00fcher angek\u00fcndigte \u00dcbernahme der Cyber-Security-Unternehmensgruppe QuoVadis nun abgeschlossen ist.","og_url":"https:\/\/news.save.ch\/de\/wisekey-uebernahme-abgeschlossen\/","og_site_name":"Save","article_published_time":"2017-04-18T11:34:44+00:00","article_modified_time":"2023-03-14T07:57:05+00:00","og_image":[{"width":1400,"height":788,"url":"https:\/\/news.save.ch\/wp-content\/uploads\/2017\/04\/Depositphotos_wiskey-scaled.jpg","type":"image\/jpeg"}],"author":"Roger Str\u00e4ssle","twitter_card":"summary_large_image","twitter_misc":{"Geschrieben von":"Roger Str\u00e4ssle","Gesch\u00e4tzte Lesezeit":"1\u00a0Minute"},"schema":{"@context":"https:\/\/schema.org","@graph":[{"@type":"Article","@id":"https:\/\/news.save.ch\/wisekey-uebernahme-abgeschlossen\/#article","isPartOf":{"@id":"https:\/\/news.save.ch\/wisekey-uebernahme-abgeschlossen\/"},"author":{"name":"Roger Str\u00e4ssle","@id":"https:\/\/news.save.ch\/de\/#\/schema\/person\/d5022db048e0e2b9785c50e5b24da5aa"},"headline":"Wisekey: \u00dcbernahme abgeschlossen","datePublished":"2017-04-18T11:34:44+00:00","dateModified":"2023-03-14T07:57:05+00:00","mainEntityOfPage":{"@id":"https:\/\/news.save.ch\/wisekey-uebernahme-abgeschlossen\/"},"wordCount":218,"commentCount":0,"publisher":{"@id":"https:\/\/news.save.ch\/de\/#organization"},"image":{"@id":"https:\/\/news.save.ch\/wisekey-uebernahme-abgeschlossen\/#primaryimage"},"thumbnailUrl":"https:\/\/news.save.ch\/wp-content\/uploads\/2017\/04\/Depositphotos_wiskey-scaled.jpg","keywords":["Unternehmen"],"articleSection":["DIGITALISIERUNG"],"inLanguage":"de"},{"@type":"WebPage","@id":"https:\/\/news.save.ch\/wisekey-uebernahme-abgeschlossen\/","url":"https:\/\/news.save.ch\/wisekey-uebernahme-abgeschlossen\/","name":"Wisekey: \u00dcbernahme abgeschlossen - Save","isPartOf":{"@id":"https:\/\/news.save.ch\/de\/#website"},"primaryImageOfPage":{"@id":"https:\/\/news.save.ch\/wisekey-uebernahme-abgeschlossen\/#primaryimage"},"image":{"@id":"https:\/\/news.save.ch\/wisekey-uebernahme-abgeschlossen\/#primaryimage"},"thumbnailUrl":"https:\/\/news.save.ch\/wp-content\/uploads\/2017\/04\/Depositphotos_wiskey-scaled.jpg","datePublished":"2017-04-18T11:34:44+00:00","dateModified":"2023-03-14T07:57:05+00:00","description":"Wisekey International gibt bekannt, dass die bereits fr\u00fcher angek\u00fcndigte \u00dcbernahme der Cyber-Security-Unternehmensgruppe QuoVadis nun abgeschlossen ist.","breadcrumb":{"@id":"https:\/\/news.save.ch\/wisekey-uebernahme-abgeschlossen\/#breadcrumb"},"inLanguage":"de","potentialAction":[{"@type":"ReadAction","target":["https:\/\/news.save.ch\/wisekey-uebernahme-abgeschlossen\/"]}]},{"@type":"ImageObject","inLanguage":"de","@id":"https:\/\/news.save.ch\/wisekey-uebernahme-abgeschlossen\/#primaryimage","url":"https:\/\/news.save.ch\/wp-content\/uploads\/2017\/04\/Depositphotos_wiskey-scaled.jpg","contentUrl":"https:\/\/news.save.ch\/wp-content\/uploads\/2017\/04\/Depositphotos_wiskey-scaled.jpg","width":1400,"height":788,"caption":"\u00a9 depositphotos"},{"@type":"BreadcrumbList","@id":"https:\/\/news.save.ch\/wisekey-uebernahme-abgeschlossen\/#breadcrumb","itemListElement":[{"@type":"ListItem","position":1,"name":"Home","item":"https:\/\/news.save.ch\/de\/"},{"@type":"ListItem","position":2,"name":"Wisekey: \u00dcbernahme abgeschlossen"}]},{"@type":"WebSite","@id":"https:\/\/news.save.ch\/de\/#website","url":"https:\/\/news.save.ch\/de\/","name":"Save","description":"Schweizer Fachzeitschrift f\u00fcr Sicherheit","publisher":{"@id":"https:\/\/news.save.ch\/de\/#organization"},"potentialAction":[{"@type":"SearchAction","target":{"@type":"EntryPoint","urlTemplate":"https:\/\/news.save.ch\/de\/?s={search_term_string}"},"query-input":{"@type":"PropertyValueSpecification","valueRequired":true,"valueName":"search_term_string"}}],"inLanguage":"de"},{"@type":"Organization","@id":"https:\/\/news.save.ch\/de\/#organization","name":"Sicherheitsforum","url":"https:\/\/news.save.ch\/de\/","logo":{"@type":"ImageObject","inLanguage":"de","@id":"https:\/\/news.save.ch\/de\/#\/schema\/logo\/image\/","url":"https:\/\/news.save.ch\/wp-content\/uploads\/2022\/06\/Logo_SF_2012.png","contentUrl":"https:\/\/news.save.ch\/wp-content\/uploads\/2022\/06\/Logo_SF_2012.png","width":1100,"height":91,"caption":"Sicherheitsforum"},"image":{"@id":"https:\/\/news.save.ch\/de\/#\/schema\/logo\/image\/"}},{"@type":"Person","@id":"https:\/\/news.save.ch\/de\/#\/schema\/person\/d5022db048e0e2b9785c50e5b24da5aa","name":"Roger Str\u00e4ssle","image":{"@type":"ImageObject","inLanguage":"de","@id":"https:\/\/secure.gravatar.com\/avatar\/862a5569d087de48e5856e32f45d719a03804c891d6deb8d4f71a660e79e4a47?s=96&d=mm&r=g","url":"https:\/\/secure.gravatar.com\/avatar\/862a5569d087de48e5856e32f45d719a03804c891d6deb8d4f71a660e79e4a47?s=96&d=mm&r=g","contentUrl":"https:\/\/secure.gravatar.com\/avatar\/862a5569d087de48e5856e32f45d719a03804c891d6deb8d4f71a660e79e4a47?s=96&d=mm&r=g","caption":"Roger Str\u00e4ssle"},"url":"https:\/\/news.save.ch\/de\/author\/roger-straessle\/"}]}},"_links":{"self":[{"href":"https:\/\/news.save.ch\/de\/wp-json\/wp\/v2\/posts\/4676","targetHints":{"allow":["GET"]}}],"collection":[{"href":"https:\/\/news.save.ch\/de\/wp-json\/wp\/v2\/posts"}],"about":[{"href":"https:\/\/news.save.ch\/de\/wp-json\/wp\/v2\/types\/post"}],"author":[{"embeddable":true,"href":"https:\/\/news.save.ch\/de\/wp-json\/wp\/v2\/users\/8"}],"replies":[{"embeddable":true,"href":"https:\/\/news.save.ch\/de\/wp-json\/wp\/v2\/comments?post=4676"}],"version-history":[{"count":1,"href":"https:\/\/news.save.ch\/de\/wp-json\/wp\/v2\/posts\/4676\/revisions"}],"predecessor-version":[{"id":17516,"href":"https:\/\/news.save.ch\/de\/wp-json\/wp\/v2\/posts\/4676\/revisions\/17516"}],"wp:featuredmedia":[{"embeddable":true,"href":"https:\/\/news.save.ch\/de\/wp-json\/wp\/v2\/media\/4677"}],"wp:attachment":[{"href":"https:\/\/news.save.ch\/de\/wp-json\/wp\/v2\/media?parent=4676"}],"wp:term":[{"taxonomy":"category","embeddable":true,"href":"https:\/\/news.save.ch\/de\/wp-json\/wp\/v2\/categories?post=4676"},{"taxonomy":"post_tag","embeddable":true,"href":"https:\/\/news.save.ch\/de\/wp-json\/wp\/v2\/tags?post=4676"}],"curies":[{"name":"wp","href":"https:\/\/api.w.org\/{rel}","templated":true}]}}