{"id":4740,"date":"2019-11-10T08:00:32","date_gmt":"2019-11-10T07:00:32","guid":{"rendered":"https:\/\/news.save.ch\/?p=4740"},"modified":"2023-08-15T06:46:58","modified_gmt":"2023-08-15T04:46:58","slug":"depression-die-auswirkung-auf-partnerschaft-und-familie","status":null,"type":"post","link":"https:\/\/news.save.ch\/de\/depression-die-auswirkung-auf-partnerschaft-und-familie\/","title":{"rendered":"Depression: Die Auswirkung auf Partnerschaft und Familie"},"content":{"rendered":"<figure id=\"attachment_4741\" aria-describedby=\"caption-attachment-4741\" style=\"width: 680px\" class=\"wp-caption alignnone\"><img loading=\"lazy\" decoding=\"async\" class=\"wp-image-4741 size-medium\" src=\"http:\/\/develop.safety-plus.ch\/wp-content\/uploads\/2019\/11\/Depositphotos_marishu.jpg\" alt=\"Depression\" width=\"680\" height=\"453\" \/><figcaption id=\"caption-attachment-4741\" class=\"wp-caption-text\">Akzeptieren Sie die Depression als Erkrankung, die jeden treffen kann.<br \/>\u00a9 Depositphotos\/marishu<\/figcaption><\/figure>\n<p>Die Erkrankung <a href=\"https:\/\/news.save.ch\/der-depression-eine-stimme-geben\/\" target=\"_blank\" rel=\"noopener\">Depression<\/a> belastet Partnerschaft und Familie in hohem Masse: 84 Prozent der Erkrankten haben sich w\u00e4hrend ihrer Depression aus sozialen Beziehungen zur\u00fcckgezogen. Das belegt die Stiftung Deutsche <a href=\"https:\/\/news.save.ch\/depression-und-suizidpraevention-am-arbeitsplatz\/\" target=\"_blank\" rel=\"noopener\">Depressionshilfe<\/a> und Deutsche Bahn Stiftung. Die repr\u00e4sentative Befragung untersucht Einstellungen und Erfahrungen zur Depression in der Bev\u00f6lkerung. Befragt wurden 5 000 Personen zwischen 18 und 69 Jahren aus einem repr\u00e4sentativen Online-Panel f\u00fcr die deutsche Bev\u00f6lkerung in Privathaushalten.<\/p>\n<p><strong>Partnerschaftskonflikte und Trennung als Folge der Depression<\/strong><\/p>\n<p>Knapp drei Viertel (72 Prozent) der Befragten mit der <a href=\"https:\/\/news.save.ch\/300-millionen-leiden-unter-depression\/\" target=\"_blank\" rel=\"noopener\">Diagnose<\/a> Depression beschreiben, w\u00e4hrend der Erkrankung keine Verbundenheit zu Menschen mehr zu empfinden. Dies hat weitreichende Folgen: Die H\u00e4lfte der Betroffenen berichtet von Auswirkungen auf die Partnerschaft. 45 Prozent davon haben erlebt, dass es aufgrund der Depression zu einer Trennung gekommen ist. \u201eDie hohe Zahl der Trennungen zeigt, was f\u00fcr eine tiefgreifende Erkrankung die Depression ist\u201c, erl\u00e4utert Prof. Ulrich Hegerl, Vorstandsvorsitzender der Stiftung Deutsche Depressionshilfe, die Ergebnisse. \u201eAn Depression erkrankte Menschen verlieren den Antrieb, ihr Interesse und f\u00fchlen sich innerlich abgestorben, ohne Verbundenheit mit anderen Menschen oder ihrer Umwelt. Sie ziehen sich zur\u00fcck und sehen den gesamten Alltag wie durch eine schwarze Brille. All diese krankheitsbedingten Ver\u00e4nderungen haben massive Auswirkungen auf Partnerschaft und famili\u00e4re Beziehungen. Deshalb ist Depression oft die Ursache und nicht die Folge von Partnerschaftskonflikten\u201c, so Hegerl weiter. Ein Teil der Betroffenen berichtet r\u00fcckblickend aber auch von positiven Erfahrungen: 36 Prozent der Betroffenen gaben an, dass die Depression die Beziehung zum Partner sogar vertieft und gefestigt hat. \u201eDas gemeinsame \u00dcberstehen des grossen Leidens, das die Depression verursacht, kann zu einem Zusammenwachsen f\u00fchren\u201c, erkl\u00e4rt Hegerl.<\/p>\n<p><strong>Wissensl\u00fccken im sozialen Umfeld sorgen f\u00fcr Unverst\u00e4ndnis gegen\u00fcber Betroffenen<\/strong><\/p>\n<p>Das Deutschland-Barometer Depression 2018 liefert auch Daten zu den Erfahrungen von Angeh\u00f6rigen: 73 Prozent entwickeln Schuldgef\u00fchle gegen\u00fcber ihrem erkrankten Partner und f\u00fchlen sich f\u00fcr dessen Erkrankung und Genesung verantwortlich. Fast jeder dritte Angeh\u00f6rige (30%) gab an, sich schlecht \u00fcber die Depression informiert zu f\u00fchlen. Betroffene, die Auswirkungen der Depression auf die Partnerschaft erlebt haben, berichten deshalb vor allem, sich unverstanden gef\u00fchlt und Vorw\u00fcrfe von ihrem Partner bekommen zu haben (84%). \u201eEs wird deutlich, dass ein grosser Aufkl\u00e4rungsbedarf \u00fcber die Erkrankung gerade bei Angeh\u00f6rigen und Bekannten besteht. Deshalb hat die Stiftung Deutsche Depressionshilfe in Kooperation mit der Deutsche Bahn Stiftung das deutschlandweite Info-Telefon Depression eingerichtet, bei dem Angeh\u00f6rige und Betroffene kostenfrei Informationen \u00fcber die Erkrankung erhalten\u201c, so Dr. Christian Gravert, Projektleiter Gesundheitsthemen bei der Deutsche Bahn Stiftung und Leitender Arzt der Deutschen Bahn.<\/p>\n<p><strong>Hinweise f\u00fcr Angeh\u00f6rige<\/strong><\/p>\n<p>Prof. Hegerl r\u00e4t Angeh\u00f6rigen: \u201eAkzeptieren Sie die Depression als Erkrankung, die jeden treffen kann! Und informieren Sie sich \u2013 denn wer nicht weiss, was eine Depression ist, wird den R\u00fcckzug und die fehlende Zuwendung des erkrankten Partners falsch einordnen. Es ist keine Lieblosigkeit oder gar b\u00f6ser Wille, sondern Zeichen der Erkrankung.\u201c Am besten k\u00f6nnen Angeh\u00f6rige unterst\u00fctzen, indem sie einen Termin beim Arzt organisieren und den Betroffenen gegebenenfalls dorthin begleiten. Denn in der Depression fehlen den Betroffenen oft Kraft und Hoffnung, sich Hilfe zu suchen. Hegerl betont aber ebenfalls: \u201eDepression kann nicht mit Zuneigung alleine behandelt werden, sondern erfordert medizinische Hilfe. Es ist wichtig, dass Angeh\u00f6rige und Freunde ihre eigenen Belastungsgrenzen kennen und sich auch Unterst\u00fctzung organisieren.\u201c Informationen und Hilfe finden Angeh\u00f6rige unter:<\/p>\n<p><strong>Weitere Infos<\/strong><\/p>\n<p><a href=\"https:\/\/te7d64ac4.emailsys1a.net\/c\/60\/1653701\/669\/0\/3001237\/2107\/82865\/071c1c25e5.html\">www.deutsche-depressionshilfe.de<\/a><\/p>\n","protected":false},"excerpt":{"rendered":"<p>Die Erkrankung Depression belastet Partnerschaft und Familie in hohem Masse: 84 Prozent der Erkrankten haben sich w\u00e4hrend ihrer Depression aus sozialen Beziehungen zur\u00fcckgezogen. Das belegt die Stiftung Deutsche Depressionshilfe und Deutsche Bahn Stiftung. Die repr\u00e4sentative Befragung untersucht Einstellungen und Erfahrungen zur Depression in der Bev\u00f6lkerung. Befragt wurden 5 000 Personen zwischen 18 und 69 Jahren [&hellip;]<\/p>\n","protected":false},"author":1,"featured_media":16331,"comment_status":"closed","ping_status":"closed","sticky":false,"template":"","format":"standard","meta":{"_acf_changed":false,"pgc_sgb_lightbox_settings":"","footnotes":""},"categories":[1,3314],"tags":[1775,1893,1900,2165,149,146,141,2729],"class_list":["post-4740","post","type-post","status-publish","format-standard","has-post-thumbnail","hentry","category-allgemein","category-health-safety","tag-betriebliches-gesundheitsmanagement","tag-depression","tag-deutsche-depressionshilfe","tag-gesundheitsfoerderung","tag-gesundheitsschutz","tag-medikamente","tag-praevention","tag-psychische-gesundheit"],"acf":[],"hkrextid":null,"publication":null,"issue":null,"workflow":null,"startPage":null,"spitzmarke":null,"_posts_by_tag_page_fields":{"widget_title":"","widget_tags":""},"_at_widget":"1","_yoast_wpseo_primary_category":"","_yoast_wpseo_focuskw_text_input":"Depression","_yoast_wpseo_opengraph-image":null,"_yoast_wpseo_opengraph-description":null,"_yoast_wpseo_opengraph-title":null,"enclosure":null,"_yoast_wpseo_twitter-title":null,"_yoast_wpseo_twitter-description":null,"_yoast_wpseo_twitter-image":null,"_wp_old_slug":null,"_yoast_wpseo_title":null,"_yoast_wpseo_canonical":null,"yoast_head":"<!-- This site is optimized with the Yoast SEO plugin v27.5 - https:\/\/yoast.com\/product\/yoast-seo-wordpress\/ -->\n<title>Depression: Die Auswirkung auf Partnerschaft und Familie - Save<\/title>\n<meta name=\"description\" content=\"Depression zeigt massive Folgen der Erkrankung auf Partnerschaft und Familie Bei der H\u00e4lfte der Betroffenen kommt es zu Problemen in der Partnerschaft \u2013 Wissensl\u00fccken bei Angeh\u00f6rigen f\u00fchren zu Unverst\u00e4ndnis und Fehlinterpretationen \u2013 R\u00fcckzug und Gef\u00fchllosigkeit sind krankheitsbedingt.\" \/>\n<meta name=\"robots\" content=\"index, follow, max-snippet:-1, max-image-preview:large, max-video-preview:-1\" \/>\n<link rel=\"canonical\" href=\"https:\/\/news.save.ch\/de\/depression-die-auswirkung-auf-partnerschaft-und-familie\/\" \/>\n<meta property=\"og:locale\" content=\"de_DE\" \/>\n<meta property=\"og:type\" content=\"article\" \/>\n<meta property=\"og:title\" content=\"Depression: Die Auswirkung auf Partnerschaft und Familie - Save\" \/>\n<meta property=\"og:description\" content=\"Depression zeigt massive Folgen der Erkrankung auf Partnerschaft und Familie Bei der H\u00e4lfte der Betroffenen kommt es zu Problemen in der Partnerschaft \u2013 Wissensl\u00fccken bei Angeh\u00f6rigen f\u00fchren zu Unverst\u00e4ndnis und Fehlinterpretationen \u2013 R\u00fcckzug und Gef\u00fchllosigkeit sind krankheitsbedingt.\" \/>\n<meta property=\"og:url\" content=\"https:\/\/news.save.ch\/de\/depression-die-auswirkung-auf-partnerschaft-und-familie\/\" \/>\n<meta property=\"og:site_name\" content=\"Save\" \/>\n<meta property=\"article:published_time\" content=\"2019-11-10T07:00:32+00:00\" \/>\n<meta property=\"article:modified_time\" content=\"2023-08-15T04:46:58+00:00\" \/>\n<meta property=\"og:image\" content=\"https:\/\/news.save.ch\/wp-content\/uploads\/2019\/11\/Depositphotos_marishu-scaled-1.jpg\" \/>\n\t<meta property=\"og:image:width\" content=\"1200\" \/>\n\t<meta property=\"og:image:height\" content=\"800\" \/>\n\t<meta property=\"og:image:type\" content=\"image\/jpeg\" \/>\n<meta name=\"author\" content=\"admin\" \/>\n<meta name=\"twitter:card\" content=\"summary_large_image\" \/>\n<meta name=\"twitter:label1\" content=\"Geschrieben von\" \/>\n\t<meta name=\"twitter:data1\" content=\"admin\" \/>\n\t<meta name=\"twitter:label2\" content=\"Gesch\u00e4tzte Lesezeit\" \/>\n\t<meta name=\"twitter:data2\" content=\"4\u00a0Minuten\" \/>\n<script type=\"application\/ld+json\" class=\"yoast-schema-graph\">{\"@context\":\"https:\\\/\\\/schema.org\",\"@graph\":[{\"@type\":\"Article\",\"@id\":\"https:\\\/\\\/news.save.ch\\\/depression-die-auswirkung-auf-partnerschaft-und-familie\\\/#article\",\"isPartOf\":{\"@id\":\"https:\\\/\\\/news.save.ch\\\/depression-die-auswirkung-auf-partnerschaft-und-familie\\\/\"},\"author\":{\"name\":\"admin\",\"@id\":\"https:\\\/\\\/news.save.ch\\\/de\\\/#\\\/schema\\\/person\\\/d49e199490bad7c70d64b9ab51142f2b\"},\"headline\":\"Depression: Die Auswirkung auf Partnerschaft und Familie\",\"datePublished\":\"2019-11-10T07:00:32+00:00\",\"dateModified\":\"2023-08-15T04:46:58+00:00\",\"mainEntityOfPage\":{\"@id\":\"https:\\\/\\\/news.save.ch\\\/depression-die-auswirkung-auf-partnerschaft-und-familie\\\/\"},\"wordCount\":587,\"publisher\":{\"@id\":\"https:\\\/\\\/news.save.ch\\\/de\\\/#organization\"},\"image\":{\"@id\":\"https:\\\/\\\/news.save.ch\\\/depression-die-auswirkung-auf-partnerschaft-und-familie\\\/#primaryimage\"},\"thumbnailUrl\":\"https:\\\/\\\/news.save.ch\\\/wp-content\\\/uploads\\\/2019\\\/11\\\/Depositphotos_marishu-scaled-1.jpg\",\"keywords\":[\"Betriebliches Gesundheitsmanagement\",\"Depression\",\"Deutsche Depressionshilfe\",\"Gesundheitsf\u00f6rderung\",\"Gesundheitsschutz\",\"Medikamente\",\"Pr\u00e4vention\",\"Psychische Gesundheit\"],\"articleSection\":[\"ALLGEMEIN\",\"HEALTH &amp; SAFETY\"],\"inLanguage\":\"de\"},{\"@type\":\"WebPage\",\"@id\":\"https:\\\/\\\/news.save.ch\\\/depression-die-auswirkung-auf-partnerschaft-und-familie\\\/\",\"url\":\"https:\\\/\\\/news.save.ch\\\/depression-die-auswirkung-auf-partnerschaft-und-familie\\\/\",\"name\":\"Depression: Die Auswirkung auf Partnerschaft und Familie - Save\",\"isPartOf\":{\"@id\":\"https:\\\/\\\/news.save.ch\\\/de\\\/#website\"},\"primaryImageOfPage\":{\"@id\":\"https:\\\/\\\/news.save.ch\\\/depression-die-auswirkung-auf-partnerschaft-und-familie\\\/#primaryimage\"},\"image\":{\"@id\":\"https:\\\/\\\/news.save.ch\\\/depression-die-auswirkung-auf-partnerschaft-und-familie\\\/#primaryimage\"},\"thumbnailUrl\":\"https:\\\/\\\/news.save.ch\\\/wp-content\\\/uploads\\\/2019\\\/11\\\/Depositphotos_marishu-scaled-1.jpg\",\"datePublished\":\"2019-11-10T07:00:32+00:00\",\"dateModified\":\"2023-08-15T04:46:58+00:00\",\"description\":\"Depression zeigt massive Folgen der Erkrankung auf Partnerschaft und Familie Bei der H\u00e4lfte der Betroffenen kommt es zu Problemen in der Partnerschaft \u2013 Wissensl\u00fccken bei Angeh\u00f6rigen f\u00fchren zu Unverst\u00e4ndnis und Fehlinterpretationen \u2013 R\u00fcckzug und Gef\u00fchllosigkeit sind krankheitsbedingt.\",\"breadcrumb\":{\"@id\":\"https:\\\/\\\/news.save.ch\\\/depression-die-auswirkung-auf-partnerschaft-und-familie\\\/#breadcrumb\"},\"inLanguage\":\"de\",\"potentialAction\":[{\"@type\":\"ReadAction\",\"target\":[\"https:\\\/\\\/news.save.ch\\\/depression-die-auswirkung-auf-partnerschaft-und-familie\\\/\"]}]},{\"@type\":\"ImageObject\",\"inLanguage\":\"de\",\"@id\":\"https:\\\/\\\/news.save.ch\\\/depression-die-auswirkung-auf-partnerschaft-und-familie\\\/#primaryimage\",\"url\":\"https:\\\/\\\/news.save.ch\\\/wp-content\\\/uploads\\\/2019\\\/11\\\/Depositphotos_marishu-scaled-1.jpg\",\"contentUrl\":\"https:\\\/\\\/news.save.ch\\\/wp-content\\\/uploads\\\/2019\\\/11\\\/Depositphotos_marishu-scaled-1.jpg\",\"width\":1200,\"height\":800,\"caption\":\"\u201eAkzeptieren Sie die Depression als Erkrankung, die jeden treffen kann! \u00a9 Depositphotos\\\/marishu\"},{\"@type\":\"BreadcrumbList\",\"@id\":\"https:\\\/\\\/news.save.ch\\\/depression-die-auswirkung-auf-partnerschaft-und-familie\\\/#breadcrumb\",\"itemListElement\":[{\"@type\":\"ListItem\",\"position\":1,\"name\":\"Home\",\"item\":\"https:\\\/\\\/news.save.ch\\\/de\\\/\"},{\"@type\":\"ListItem\",\"position\":2,\"name\":\"Depression: Die Auswirkung auf Partnerschaft und Familie\"}]},{\"@type\":\"WebSite\",\"@id\":\"https:\\\/\\\/news.save.ch\\\/de\\\/#website\",\"url\":\"https:\\\/\\\/news.save.ch\\\/de\\\/\",\"name\":\"Save\",\"description\":\"Schweizer Fachzeitschrift f\u00fcr Sicherheit\",\"publisher\":{\"@id\":\"https:\\\/\\\/news.save.ch\\\/de\\\/#organization\"},\"potentialAction\":[{\"@type\":\"SearchAction\",\"target\":{\"@type\":\"EntryPoint\",\"urlTemplate\":\"https:\\\/\\\/news.save.ch\\\/de\\\/?s={search_term_string}\"},\"query-input\":{\"@type\":\"PropertyValueSpecification\",\"valueRequired\":true,\"valueName\":\"search_term_string\"}}],\"inLanguage\":\"de\"},{\"@type\":\"Organization\",\"@id\":\"https:\\\/\\\/news.save.ch\\\/de\\\/#organization\",\"name\":\"Sicherheitsforum\",\"url\":\"https:\\\/\\\/news.save.ch\\\/de\\\/\",\"logo\":{\"@type\":\"ImageObject\",\"inLanguage\":\"de\",\"@id\":\"https:\\\/\\\/news.save.ch\\\/de\\\/#\\\/schema\\\/logo\\\/image\\\/\",\"url\":\"https:\\\/\\\/news.save.ch\\\/wp-content\\\/uploads\\\/2022\\\/06\\\/Logo_SF_2012.png\",\"contentUrl\":\"https:\\\/\\\/news.save.ch\\\/wp-content\\\/uploads\\\/2022\\\/06\\\/Logo_SF_2012.png\",\"width\":1100,\"height\":91,\"caption\":\"Sicherheitsforum\"},\"image\":{\"@id\":\"https:\\\/\\\/news.save.ch\\\/de\\\/#\\\/schema\\\/logo\\\/image\\\/\"}},{\"@type\":\"Person\",\"@id\":\"https:\\\/\\\/news.save.ch\\\/de\\\/#\\\/schema\\\/person\\\/d49e199490bad7c70d64b9ab51142f2b\",\"name\":\"admin\",\"image\":{\"@type\":\"ImageObject\",\"inLanguage\":\"de\",\"@id\":\"https:\\\/\\\/secure.gravatar.com\\\/avatar\\\/ae2f4d718e6c49043e314ce431e7e645d646302a24a5ef5a8bc8e3f5a032e319?s=96&d=mm&r=g\",\"url\":\"https:\\\/\\\/secure.gravatar.com\\\/avatar\\\/ae2f4d718e6c49043e314ce431e7e645d646302a24a5ef5a8bc8e3f5a032e319?s=96&d=mm&r=g\",\"contentUrl\":\"https:\\\/\\\/secure.gravatar.com\\\/avatar\\\/ae2f4d718e6c49043e314ce431e7e645d646302a24a5ef5a8bc8e3f5a032e319?s=96&d=mm&r=g\",\"caption\":\"admin\"},\"sameAs\":[\"https:\\\/\\\/develop.organisator.galledia.ch\"],\"url\":\"https:\\\/\\\/news.save.ch\\\/de\\\/author\\\/admin\\\/\"}]}<\/script>\n<!-- \/ Yoast SEO plugin. -->","yoast_head_json":{"title":"Depression: Die Auswirkung auf Partnerschaft und Familie - Save","description":"Depression zeigt massive Folgen der Erkrankung auf Partnerschaft und Familie Bei der H\u00e4lfte der Betroffenen kommt es zu Problemen in der Partnerschaft \u2013 Wissensl\u00fccken bei Angeh\u00f6rigen f\u00fchren zu Unverst\u00e4ndnis und Fehlinterpretationen \u2013 R\u00fcckzug und Gef\u00fchllosigkeit sind krankheitsbedingt.","robots":{"index":"index","follow":"follow","max-snippet":"max-snippet:-1","max-image-preview":"max-image-preview:large","max-video-preview":"max-video-preview:-1"},"canonical":"https:\/\/news.save.ch\/de\/depression-die-auswirkung-auf-partnerschaft-und-familie\/","og_locale":"de_DE","og_type":"article","og_title":"Depression: Die Auswirkung auf Partnerschaft und Familie - Save","og_description":"Depression zeigt massive Folgen der Erkrankung auf Partnerschaft und Familie Bei der H\u00e4lfte der Betroffenen kommt es zu Problemen in der Partnerschaft \u2013 Wissensl\u00fccken bei Angeh\u00f6rigen f\u00fchren zu Unverst\u00e4ndnis und Fehlinterpretationen \u2013 R\u00fcckzug und Gef\u00fchllosigkeit sind krankheitsbedingt.","og_url":"https:\/\/news.save.ch\/de\/depression-die-auswirkung-auf-partnerschaft-und-familie\/","og_site_name":"Save","article_published_time":"2019-11-10T07:00:32+00:00","article_modified_time":"2023-08-15T04:46:58+00:00","og_image":[{"width":1200,"height":800,"url":"https:\/\/news.save.ch\/wp-content\/uploads\/2019\/11\/Depositphotos_marishu-scaled-1.jpg","type":"image\/jpeg"}],"author":"admin","twitter_card":"summary_large_image","twitter_misc":{"Geschrieben von":"admin","Gesch\u00e4tzte Lesezeit":"4\u00a0Minuten"},"schema":{"@context":"https:\/\/schema.org","@graph":[{"@type":"Article","@id":"https:\/\/news.save.ch\/depression-die-auswirkung-auf-partnerschaft-und-familie\/#article","isPartOf":{"@id":"https:\/\/news.save.ch\/depression-die-auswirkung-auf-partnerschaft-und-familie\/"},"author":{"name":"admin","@id":"https:\/\/news.save.ch\/de\/#\/schema\/person\/d49e199490bad7c70d64b9ab51142f2b"},"headline":"Depression: Die Auswirkung auf Partnerschaft und Familie","datePublished":"2019-11-10T07:00:32+00:00","dateModified":"2023-08-15T04:46:58+00:00","mainEntityOfPage":{"@id":"https:\/\/news.save.ch\/depression-die-auswirkung-auf-partnerschaft-und-familie\/"},"wordCount":587,"publisher":{"@id":"https:\/\/news.save.ch\/de\/#organization"},"image":{"@id":"https:\/\/news.save.ch\/depression-die-auswirkung-auf-partnerschaft-und-familie\/#primaryimage"},"thumbnailUrl":"https:\/\/news.save.ch\/wp-content\/uploads\/2019\/11\/Depositphotos_marishu-scaled-1.jpg","keywords":["Betriebliches Gesundheitsmanagement","Depression","Deutsche Depressionshilfe","Gesundheitsf\u00f6rderung","Gesundheitsschutz","Medikamente","Pr\u00e4vention","Psychische Gesundheit"],"articleSection":["ALLGEMEIN","HEALTH &amp; SAFETY"],"inLanguage":"de"},{"@type":"WebPage","@id":"https:\/\/news.save.ch\/depression-die-auswirkung-auf-partnerschaft-und-familie\/","url":"https:\/\/news.save.ch\/depression-die-auswirkung-auf-partnerschaft-und-familie\/","name":"Depression: Die Auswirkung auf Partnerschaft und Familie - Save","isPartOf":{"@id":"https:\/\/news.save.ch\/de\/#website"},"primaryImageOfPage":{"@id":"https:\/\/news.save.ch\/depression-die-auswirkung-auf-partnerschaft-und-familie\/#primaryimage"},"image":{"@id":"https:\/\/news.save.ch\/depression-die-auswirkung-auf-partnerschaft-und-familie\/#primaryimage"},"thumbnailUrl":"https:\/\/news.save.ch\/wp-content\/uploads\/2019\/11\/Depositphotos_marishu-scaled-1.jpg","datePublished":"2019-11-10T07:00:32+00:00","dateModified":"2023-08-15T04:46:58+00:00","description":"Depression zeigt massive Folgen der Erkrankung auf Partnerschaft und Familie Bei der H\u00e4lfte der Betroffenen kommt es zu Problemen in der Partnerschaft \u2013 Wissensl\u00fccken bei Angeh\u00f6rigen f\u00fchren zu Unverst\u00e4ndnis und Fehlinterpretationen \u2013 R\u00fcckzug und Gef\u00fchllosigkeit sind krankheitsbedingt.","breadcrumb":{"@id":"https:\/\/news.save.ch\/depression-die-auswirkung-auf-partnerschaft-und-familie\/#breadcrumb"},"inLanguage":"de","potentialAction":[{"@type":"ReadAction","target":["https:\/\/news.save.ch\/depression-die-auswirkung-auf-partnerschaft-und-familie\/"]}]},{"@type":"ImageObject","inLanguage":"de","@id":"https:\/\/news.save.ch\/depression-die-auswirkung-auf-partnerschaft-und-familie\/#primaryimage","url":"https:\/\/news.save.ch\/wp-content\/uploads\/2019\/11\/Depositphotos_marishu-scaled-1.jpg","contentUrl":"https:\/\/news.save.ch\/wp-content\/uploads\/2019\/11\/Depositphotos_marishu-scaled-1.jpg","width":1200,"height":800,"caption":"\u201eAkzeptieren Sie die Depression als Erkrankung, die jeden treffen kann! \u00a9 Depositphotos\/marishu"},{"@type":"BreadcrumbList","@id":"https:\/\/news.save.ch\/depression-die-auswirkung-auf-partnerschaft-und-familie\/#breadcrumb","itemListElement":[{"@type":"ListItem","position":1,"name":"Home","item":"https:\/\/news.save.ch\/de\/"},{"@type":"ListItem","position":2,"name":"Depression: Die Auswirkung auf Partnerschaft und Familie"}]},{"@type":"WebSite","@id":"https:\/\/news.save.ch\/de\/#website","url":"https:\/\/news.save.ch\/de\/","name":"Save","description":"Schweizer Fachzeitschrift f\u00fcr Sicherheit","publisher":{"@id":"https:\/\/news.save.ch\/de\/#organization"},"potentialAction":[{"@type":"SearchAction","target":{"@type":"EntryPoint","urlTemplate":"https:\/\/news.save.ch\/de\/?s={search_term_string}"},"query-input":{"@type":"PropertyValueSpecification","valueRequired":true,"valueName":"search_term_string"}}],"inLanguage":"de"},{"@type":"Organization","@id":"https:\/\/news.save.ch\/de\/#organization","name":"Sicherheitsforum","url":"https:\/\/news.save.ch\/de\/","logo":{"@type":"ImageObject","inLanguage":"de","@id":"https:\/\/news.save.ch\/de\/#\/schema\/logo\/image\/","url":"https:\/\/news.save.ch\/wp-content\/uploads\/2022\/06\/Logo_SF_2012.png","contentUrl":"https:\/\/news.save.ch\/wp-content\/uploads\/2022\/06\/Logo_SF_2012.png","width":1100,"height":91,"caption":"Sicherheitsforum"},"image":{"@id":"https:\/\/news.save.ch\/de\/#\/schema\/logo\/image\/"}},{"@type":"Person","@id":"https:\/\/news.save.ch\/de\/#\/schema\/person\/d49e199490bad7c70d64b9ab51142f2b","name":"admin","image":{"@type":"ImageObject","inLanguage":"de","@id":"https:\/\/secure.gravatar.com\/avatar\/ae2f4d718e6c49043e314ce431e7e645d646302a24a5ef5a8bc8e3f5a032e319?s=96&d=mm&r=g","url":"https:\/\/secure.gravatar.com\/avatar\/ae2f4d718e6c49043e314ce431e7e645d646302a24a5ef5a8bc8e3f5a032e319?s=96&d=mm&r=g","contentUrl":"https:\/\/secure.gravatar.com\/avatar\/ae2f4d718e6c49043e314ce431e7e645d646302a24a5ef5a8bc8e3f5a032e319?s=96&d=mm&r=g","caption":"admin"},"sameAs":["https:\/\/develop.organisator.galledia.ch"],"url":"https:\/\/news.save.ch\/de\/author\/admin\/"}]}},"_links":{"self":[{"href":"https:\/\/news.save.ch\/de\/wp-json\/wp\/v2\/posts\/4740","targetHints":{"allow":["GET"]}}],"collection":[{"href":"https:\/\/news.save.ch\/de\/wp-json\/wp\/v2\/posts"}],"about":[{"href":"https:\/\/news.save.ch\/de\/wp-json\/wp\/v2\/types\/post"}],"author":[{"embeddable":true,"href":"https:\/\/news.save.ch\/de\/wp-json\/wp\/v2\/users\/1"}],"replies":[{"embeddable":true,"href":"https:\/\/news.save.ch\/de\/wp-json\/wp\/v2\/comments?post=4740"}],"version-history":[{"count":3,"href":"https:\/\/news.save.ch\/de\/wp-json\/wp\/v2\/posts\/4740\/revisions"}],"predecessor-version":[{"id":21805,"href":"https:\/\/news.save.ch\/de\/wp-json\/wp\/v2\/posts\/4740\/revisions\/21805"}],"wp:featuredmedia":[{"embeddable":true,"href":"https:\/\/news.save.ch\/de\/wp-json\/wp\/v2\/media\/16331"}],"wp:attachment":[{"href":"https:\/\/news.save.ch\/de\/wp-json\/wp\/v2\/media?parent=4740"}],"wp:term":[{"taxonomy":"category","embeddable":true,"href":"https:\/\/news.save.ch\/de\/wp-json\/wp\/v2\/categories?post=4740"},{"taxonomy":"post_tag","embeddable":true,"href":"https:\/\/news.save.ch\/de\/wp-json\/wp\/v2\/tags?post=4740"}],"curies":[{"name":"wp","href":"https:\/\/api.w.org\/{rel}","templated":true}]}}