{"id":478,"date":"2015-06-23T11:37:07","date_gmt":"2015-06-23T09:37:07","guid":{"rendered":"https:\/\/dev.sicherheitsforum.ch\/?p=478"},"modified":"2023-03-14T08:57:38","modified_gmt":"2023-03-14T07:57:38","slug":"abraxas-im-zeichen-der-strategieumsetzung","status":null,"type":"post","link":"https:\/\/news.save.ch\/de\/abraxas-im-zeichen-der-strategieumsetzung\/","title":{"rendered":"Abraxas im Zeichen der Strategieumsetzung"},"content":{"rendered":"<figure id=\"attachment_479\" aria-describedby=\"caption-attachment-479\" style=\"width: 680px\" class=\"wp-caption alignnone\"><img loading=\"lazy\" decoding=\"async\" class=\"size-medium wp-image-479\" src=\"https:\/\/sicherheitsforum.ch\/wp-content\/uploads\/2016\/12\/Abraxas-im-Zeichen-der-Strategieumsetzung_Felix-Mauron-it-security.jpg\" alt=\"Gem\u00e4ss CEO F\u00e9lix Mauron haben zwei Faktoren das Resultat des Gesch\u00e4ftsjahres 2014 negativ beeinflusst.\" width=\"680\" height=\"507\" srcset=\"https:\/\/news.save.ch\/wp-content\/uploads\/2016\/12\/Abraxas-im-Zeichen-der-Strategieumsetzung_Felix-Mauron-it-security.jpg 827w, https:\/\/news.save.ch\/wp-content\/uploads\/2016\/12\/Abraxas-im-Zeichen-der-Strategieumsetzung_Felix-Mauron-it-security-375x280.jpg 375w\" sizes=\"auto, (max-width: 680px) 100vw, 680px\" \/><figcaption id=\"caption-attachment-479\" class=\"wp-caption-text\">Gem\u00e4ss CEO F\u00e9lix Mauron haben zwei Faktoren das Resultat des Gesch\u00e4ftsjahres 2014 negativ beeinflusst.<\/figcaption><\/figure>\n<p>Der konsolidierte betriebliche Ertrag der Abraxas-Gruppe kam mit 105,22 Mio. Franken unter dem Vorjahreswert zu stehen. Der Unternehmenserfolg liegt mit 5,17 Mio. Franken ebenfalls tiefer. Die Abwicklung grosser, innovativer Projekte, die Ausarbeitung der neuen Unternehmensstrategie und die Entwicklung neuer Produkte und Services banden 2014 viele Ressourcen und werden dies auch 2015 noch tun, wie es in der Mitteilung heisst.<\/p>\n<p>&#8222;Es sind im Wesentlichen zwei Faktoren, die das Resultat der Abraxas negativ beeinflusst haben&#8220;, erkl\u00e4rt <a href=\"https:\/\/www.abraxas.ch\" target=\"_blank\" data-cke-saved-href=\"https:\/\/www.abraxas.ch\" rel=\"noopener\">Abraxas<\/a> CEO F\u00e9lix Mauron. &#8222;Einerseits wandelt sich unser Gesch\u00e4ft von langfristigen Vorfinanzierungsgesch\u00e4ften hin zu Projekten, die nach Abschluss bezahlt werden. Das f\u00fchrt bei langfristigen Projekten zu grossen Schwankungen. Andererseits steht die \u00f6ffentliche Hand unter grossem Spardruck, der nach der Freigabe des Frankenwechselkurses nicht eben kleiner geworden ist. Als langfristiger Partner unterst\u00fctzen wir unsere Kunden bei der Kostenoptimierung.&#8220; Gleichzeitig ist F\u00e9lix Mauron \u00fcberzeugt, dass die neue Strategie mittelfristig dazu f\u00fchrt, dass Abraxas auf den Wachstumspfad zur\u00fcckkehrt.<\/p>\n<p>Die neue Strategie des Unternehmens setze einerseits auf die Entwicklung neuer Produkte und Services, etwa in den Bereichen E-Government sowie Cloud und Mobile Computing. Andererseits sehe sie eine geografische Expansion in der ganzen Schweiz vor. Dar\u00fcber hinaus habe man mit der Schaffung eines neuen Gesch\u00e4ftsbereichs Verkauf und Business Development die strategische St\u00e4rkung der Verkaufsorganisation bereits umgesetzt.<\/p>\n","protected":false},"excerpt":{"rendered":"<p>Der konsolidierte betriebliche Ertrag der Abraxas-Gruppe kam mit 105,22 Mio. Franken unter dem Vorjahreswert zu stehen. Der Unternehmenserfolg liegt mit 5,17 Mio. Franken ebenfalls tiefer. Die Abwicklung grosser, innovativer Projekte, die Ausarbeitung der neuen Unternehmensstrategie und die Entwicklung neuer Produkte und Services banden 2014 viele Ressourcen und werden dies auch 2015 noch tun, wie es [&hellip;]<\/p>\n","protected":false},"author":1,"featured_media":479,"comment_status":"open","ping_status":"open","sticky":false,"template":"","format":"standard","meta":{"_acf_changed":false,"pgc_sgb_lightbox_settings":"","footnotes":""},"categories":[3313],"tags":[62,63],"class_list":["post-478","post","type-post","status-publish","format-standard","has-post-thumbnail","hentry","category-digitalisierung","tag-ict-sicherheit","tag-it-security"],"acf":[],"hkrextid":null,"publication":null,"issue":null,"workflow":null,"startPage":null,"spitzmarke":null,"_posts_by_tag_page_fields":{"widget_title":"","widget_tags":""},"_at_widget":"1","_yoast_wpseo_primary_category":"2","_yoast_wpseo_focuskw_text_input":"Abraxas","_yoast_wpseo_opengraph-image":"https:\/\/sicherheitsforum.ch\/wp-content\/uploads\/2016\/12\/Abraxas-im-Zeichen-der-Strategieumsetzung_Felix-Mauron-it-security.jpg","_yoast_wpseo_opengraph-description":"Das Jahr 2014 stand f\u00fcr die Abraxas Informatik AG ganz im Zeichen der Strategieentwicklung und -umsetzung. Sie habe massiv in neue Services und Produkte investiert, teilt das Unternehmen mit.","_yoast_wpseo_opengraph-title":"Abraxas im Zeichen der Strategieumsetzung","enclosure":null,"_yoast_wpseo_twitter-title":null,"_yoast_wpseo_twitter-description":null,"_yoast_wpseo_twitter-image":null,"_wp_old_slug":null,"_yoast_wpseo_title":null,"_yoast_wpseo_canonical":null,"yoast_head":"<!-- This site is optimized with the Yoast SEO plugin v27.5 - https:\/\/yoast.com\/product\/yoast-seo-wordpress\/ -->\n<title>Abraxas im Zeichen der Strategieumsetzung - Save<\/title>\n<meta name=\"description\" content=\"Das Jahr 2014 stand f\u00fcr die Abraxas Informatik AG ganz im Zeichen der Strategieentwicklung und -umsetzung.\" \/>\n<meta name=\"robots\" content=\"index, follow, max-snippet:-1, max-image-preview:large, max-video-preview:-1\" \/>\n<link rel=\"canonical\" href=\"https:\/\/news.save.ch\/de\/abraxas-im-zeichen-der-strategieumsetzung\/\" \/>\n<meta property=\"og:locale\" content=\"de_DE\" \/>\n<meta property=\"og:type\" content=\"article\" \/>\n<meta property=\"og:title\" content=\"Abraxas im Zeichen der Strategieumsetzung\" \/>\n<meta property=\"og:description\" content=\"Das Jahr 2014 stand f\u00fcr die Abraxas Informatik AG ganz im Zeichen der Strategieentwicklung und -umsetzung. Sie habe massiv in neue Services und Produkte investiert, teilt das Unternehmen mit.\" \/>\n<meta property=\"og:url\" content=\"https:\/\/news.save.ch\/de\/abraxas-im-zeichen-der-strategieumsetzung\/\" \/>\n<meta property=\"og:site_name\" content=\"Save\" \/>\n<meta property=\"article:published_time\" content=\"2015-06-23T09:37:07+00:00\" \/>\n<meta property=\"article:modified_time\" content=\"2023-03-14T07:57:38+00:00\" \/>\n<meta property=\"og:image\" content=\"https:\/\/sicherheitsforum.ch\/wp-content\/uploads\/2016\/12\/Abraxas-im-Zeichen-der-Strategieumsetzung_Felix-Mauron-it-security.jpg\" \/>\n<meta name=\"author\" content=\"admin\" \/>\n<meta name=\"twitter:card\" content=\"summary_large_image\" \/>\n<meta name=\"twitter:label1\" content=\"Geschrieben von\" \/>\n\t<meta name=\"twitter:data1\" content=\"admin\" \/>\n\t<meta name=\"twitter:label2\" content=\"Gesch\u00e4tzte Lesezeit\" \/>\n\t<meta name=\"twitter:data2\" content=\"1\u00a0Minute\" \/>\n<script type=\"application\/ld+json\" class=\"yoast-schema-graph\">{\"@context\":\"https:\\\/\\\/schema.org\",\"@graph\":[{\"@type\":\"Article\",\"@id\":\"https:\\\/\\\/news.save.ch\\\/abraxas-im-zeichen-der-strategieumsetzung\\\/#article\",\"isPartOf\":{\"@id\":\"https:\\\/\\\/news.save.ch\\\/abraxas-im-zeichen-der-strategieumsetzung\\\/\"},\"author\":{\"name\":\"admin\",\"@id\":\"https:\\\/\\\/news.save.ch\\\/de\\\/#\\\/schema\\\/person\\\/d49e199490bad7c70d64b9ab51142f2b\"},\"headline\":\"Abraxas im Zeichen der Strategieumsetzung\",\"datePublished\":\"2015-06-23T09:37:07+00:00\",\"dateModified\":\"2023-03-14T07:57:38+00:00\",\"mainEntityOfPage\":{\"@id\":\"https:\\\/\\\/news.save.ch\\\/abraxas-im-zeichen-der-strategieumsetzung\\\/\"},\"wordCount\":241,\"commentCount\":0,\"publisher\":{\"@id\":\"https:\\\/\\\/news.save.ch\\\/de\\\/#organization\"},\"image\":{\"@id\":\"https:\\\/\\\/news.save.ch\\\/abraxas-im-zeichen-der-strategieumsetzung\\\/#primaryimage\"},\"thumbnailUrl\":\"https:\\\/\\\/news.save.ch\\\/wp-content\\\/uploads\\\/2016\\\/12\\\/Abraxas-im-Zeichen-der-Strategieumsetzung_Felix-Mauron-it-security.jpg\",\"keywords\":[\"ICT-Sicherheit\",\"IT-SECURITY\"],\"articleSection\":[\"DIGITALISIERUNG\"],\"inLanguage\":\"de\"},{\"@type\":\"WebPage\",\"@id\":\"https:\\\/\\\/news.save.ch\\\/abraxas-im-zeichen-der-strategieumsetzung\\\/\",\"url\":\"https:\\\/\\\/news.save.ch\\\/abraxas-im-zeichen-der-strategieumsetzung\\\/\",\"name\":\"Abraxas im Zeichen der Strategieumsetzung - Save\",\"isPartOf\":{\"@id\":\"https:\\\/\\\/news.save.ch\\\/de\\\/#website\"},\"primaryImageOfPage\":{\"@id\":\"https:\\\/\\\/news.save.ch\\\/abraxas-im-zeichen-der-strategieumsetzung\\\/#primaryimage\"},\"image\":{\"@id\":\"https:\\\/\\\/news.save.ch\\\/abraxas-im-zeichen-der-strategieumsetzung\\\/#primaryimage\"},\"thumbnailUrl\":\"https:\\\/\\\/news.save.ch\\\/wp-content\\\/uploads\\\/2016\\\/12\\\/Abraxas-im-Zeichen-der-Strategieumsetzung_Felix-Mauron-it-security.jpg\",\"datePublished\":\"2015-06-23T09:37:07+00:00\",\"dateModified\":\"2023-03-14T07:57:38+00:00\",\"description\":\"Das Jahr 2014 stand f\u00fcr die Abraxas Informatik AG ganz im Zeichen der Strategieentwicklung und -umsetzung.\",\"breadcrumb\":{\"@id\":\"https:\\\/\\\/news.save.ch\\\/abraxas-im-zeichen-der-strategieumsetzung\\\/#breadcrumb\"},\"inLanguage\":\"de\",\"potentialAction\":[{\"@type\":\"ReadAction\",\"target\":[\"https:\\\/\\\/news.save.ch\\\/abraxas-im-zeichen-der-strategieumsetzung\\\/\"]}]},{\"@type\":\"ImageObject\",\"inLanguage\":\"de\",\"@id\":\"https:\\\/\\\/news.save.ch\\\/abraxas-im-zeichen-der-strategieumsetzung\\\/#primaryimage\",\"url\":\"https:\\\/\\\/news.save.ch\\\/wp-content\\\/uploads\\\/2016\\\/12\\\/Abraxas-im-Zeichen-der-Strategieumsetzung_Felix-Mauron-it-security.jpg\",\"contentUrl\":\"https:\\\/\\\/news.save.ch\\\/wp-content\\\/uploads\\\/2016\\\/12\\\/Abraxas-im-Zeichen-der-Strategieumsetzung_Felix-Mauron-it-security.jpg\",\"width\":827,\"height\":617,\"caption\":\"Gem\u00e4ss CEO F\u00e9lix Mauron haben zwei Faktoren das Resultat des Gesch\u00e4ftsjahres 2014 negativ beeinflusst.\"},{\"@type\":\"BreadcrumbList\",\"@id\":\"https:\\\/\\\/news.save.ch\\\/abraxas-im-zeichen-der-strategieumsetzung\\\/#breadcrumb\",\"itemListElement\":[{\"@type\":\"ListItem\",\"position\":1,\"name\":\"Home\",\"item\":\"https:\\\/\\\/news.save.ch\\\/de\\\/\"},{\"@type\":\"ListItem\",\"position\":2,\"name\":\"Abraxas im Zeichen der Strategieumsetzung\"}]},{\"@type\":\"WebSite\",\"@id\":\"https:\\\/\\\/news.save.ch\\\/de\\\/#website\",\"url\":\"https:\\\/\\\/news.save.ch\\\/de\\\/\",\"name\":\"Save\",\"description\":\"Schweizer Fachzeitschrift f\u00fcr Sicherheit\",\"publisher\":{\"@id\":\"https:\\\/\\\/news.save.ch\\\/de\\\/#organization\"},\"potentialAction\":[{\"@type\":\"SearchAction\",\"target\":{\"@type\":\"EntryPoint\",\"urlTemplate\":\"https:\\\/\\\/news.save.ch\\\/de\\\/?s={search_term_string}\"},\"query-input\":{\"@type\":\"PropertyValueSpecification\",\"valueRequired\":true,\"valueName\":\"search_term_string\"}}],\"inLanguage\":\"de\"},{\"@type\":\"Organization\",\"@id\":\"https:\\\/\\\/news.save.ch\\\/de\\\/#organization\",\"name\":\"Sicherheitsforum\",\"url\":\"https:\\\/\\\/news.save.ch\\\/de\\\/\",\"logo\":{\"@type\":\"ImageObject\",\"inLanguage\":\"de\",\"@id\":\"https:\\\/\\\/news.save.ch\\\/de\\\/#\\\/schema\\\/logo\\\/image\\\/\",\"url\":\"https:\\\/\\\/news.save.ch\\\/wp-content\\\/uploads\\\/2022\\\/06\\\/Logo_SF_2012.png\",\"contentUrl\":\"https:\\\/\\\/news.save.ch\\\/wp-content\\\/uploads\\\/2022\\\/06\\\/Logo_SF_2012.png\",\"width\":1100,\"height\":91,\"caption\":\"Sicherheitsforum\"},\"image\":{\"@id\":\"https:\\\/\\\/news.save.ch\\\/de\\\/#\\\/schema\\\/logo\\\/image\\\/\"}},{\"@type\":\"Person\",\"@id\":\"https:\\\/\\\/news.save.ch\\\/de\\\/#\\\/schema\\\/person\\\/d49e199490bad7c70d64b9ab51142f2b\",\"name\":\"admin\",\"image\":{\"@type\":\"ImageObject\",\"inLanguage\":\"de\",\"@id\":\"https:\\\/\\\/secure.gravatar.com\\\/avatar\\\/ae2f4d718e6c49043e314ce431e7e645d646302a24a5ef5a8bc8e3f5a032e319?s=96&d=mm&r=g\",\"url\":\"https:\\\/\\\/secure.gravatar.com\\\/avatar\\\/ae2f4d718e6c49043e314ce431e7e645d646302a24a5ef5a8bc8e3f5a032e319?s=96&d=mm&r=g\",\"contentUrl\":\"https:\\\/\\\/secure.gravatar.com\\\/avatar\\\/ae2f4d718e6c49043e314ce431e7e645d646302a24a5ef5a8bc8e3f5a032e319?s=96&d=mm&r=g\",\"caption\":\"admin\"},\"sameAs\":[\"https:\\\/\\\/develop.organisator.galledia.ch\"],\"url\":\"https:\\\/\\\/news.save.ch\\\/de\\\/author\\\/admin\\\/\"}]}<\/script>\n<!-- \/ Yoast SEO plugin. -->","yoast_head_json":{"title":"Abraxas im Zeichen der Strategieumsetzung - Save","description":"Das Jahr 2014 stand f\u00fcr die Abraxas Informatik AG ganz im Zeichen der Strategieentwicklung und -umsetzung.","robots":{"index":"index","follow":"follow","max-snippet":"max-snippet:-1","max-image-preview":"max-image-preview:large","max-video-preview":"max-video-preview:-1"},"canonical":"https:\/\/news.save.ch\/de\/abraxas-im-zeichen-der-strategieumsetzung\/","og_locale":"de_DE","og_type":"article","og_title":"Abraxas im Zeichen der Strategieumsetzung","og_description":"Das Jahr 2014 stand f\u00fcr die Abraxas Informatik AG ganz im Zeichen der Strategieentwicklung und -umsetzung. Sie habe massiv in neue Services und Produkte investiert, teilt das Unternehmen mit.","og_url":"https:\/\/news.save.ch\/de\/abraxas-im-zeichen-der-strategieumsetzung\/","og_site_name":"Save","article_published_time":"2015-06-23T09:37:07+00:00","article_modified_time":"2023-03-14T07:57:38+00:00","og_image":[{"url":"https:\/\/sicherheitsforum.ch\/wp-content\/uploads\/2016\/12\/Abraxas-im-Zeichen-der-Strategieumsetzung_Felix-Mauron-it-security.jpg","type":"","width":"","height":""}],"author":"admin","twitter_card":"summary_large_image","twitter_misc":{"Geschrieben von":"admin","Gesch\u00e4tzte Lesezeit":"1\u00a0Minute"},"schema":{"@context":"https:\/\/schema.org","@graph":[{"@type":"Article","@id":"https:\/\/news.save.ch\/abraxas-im-zeichen-der-strategieumsetzung\/#article","isPartOf":{"@id":"https:\/\/news.save.ch\/abraxas-im-zeichen-der-strategieumsetzung\/"},"author":{"name":"admin","@id":"https:\/\/news.save.ch\/de\/#\/schema\/person\/d49e199490bad7c70d64b9ab51142f2b"},"headline":"Abraxas im Zeichen der Strategieumsetzung","datePublished":"2015-06-23T09:37:07+00:00","dateModified":"2023-03-14T07:57:38+00:00","mainEntityOfPage":{"@id":"https:\/\/news.save.ch\/abraxas-im-zeichen-der-strategieumsetzung\/"},"wordCount":241,"commentCount":0,"publisher":{"@id":"https:\/\/news.save.ch\/de\/#organization"},"image":{"@id":"https:\/\/news.save.ch\/abraxas-im-zeichen-der-strategieumsetzung\/#primaryimage"},"thumbnailUrl":"https:\/\/news.save.ch\/wp-content\/uploads\/2016\/12\/Abraxas-im-Zeichen-der-Strategieumsetzung_Felix-Mauron-it-security.jpg","keywords":["ICT-Sicherheit","IT-SECURITY"],"articleSection":["DIGITALISIERUNG"],"inLanguage":"de"},{"@type":"WebPage","@id":"https:\/\/news.save.ch\/abraxas-im-zeichen-der-strategieumsetzung\/","url":"https:\/\/news.save.ch\/abraxas-im-zeichen-der-strategieumsetzung\/","name":"Abraxas im Zeichen der Strategieumsetzung - Save","isPartOf":{"@id":"https:\/\/news.save.ch\/de\/#website"},"primaryImageOfPage":{"@id":"https:\/\/news.save.ch\/abraxas-im-zeichen-der-strategieumsetzung\/#primaryimage"},"image":{"@id":"https:\/\/news.save.ch\/abraxas-im-zeichen-der-strategieumsetzung\/#primaryimage"},"thumbnailUrl":"https:\/\/news.save.ch\/wp-content\/uploads\/2016\/12\/Abraxas-im-Zeichen-der-Strategieumsetzung_Felix-Mauron-it-security.jpg","datePublished":"2015-06-23T09:37:07+00:00","dateModified":"2023-03-14T07:57:38+00:00","description":"Das Jahr 2014 stand f\u00fcr die Abraxas Informatik AG ganz im Zeichen der Strategieentwicklung und -umsetzung.","breadcrumb":{"@id":"https:\/\/news.save.ch\/abraxas-im-zeichen-der-strategieumsetzung\/#breadcrumb"},"inLanguage":"de","potentialAction":[{"@type":"ReadAction","target":["https:\/\/news.save.ch\/abraxas-im-zeichen-der-strategieumsetzung\/"]}]},{"@type":"ImageObject","inLanguage":"de","@id":"https:\/\/news.save.ch\/abraxas-im-zeichen-der-strategieumsetzung\/#primaryimage","url":"https:\/\/news.save.ch\/wp-content\/uploads\/2016\/12\/Abraxas-im-Zeichen-der-Strategieumsetzung_Felix-Mauron-it-security.jpg","contentUrl":"https:\/\/news.save.ch\/wp-content\/uploads\/2016\/12\/Abraxas-im-Zeichen-der-Strategieumsetzung_Felix-Mauron-it-security.jpg","width":827,"height":617,"caption":"Gem\u00e4ss CEO F\u00e9lix Mauron haben zwei Faktoren das Resultat des Gesch\u00e4ftsjahres 2014 negativ beeinflusst."},{"@type":"BreadcrumbList","@id":"https:\/\/news.save.ch\/abraxas-im-zeichen-der-strategieumsetzung\/#breadcrumb","itemListElement":[{"@type":"ListItem","position":1,"name":"Home","item":"https:\/\/news.save.ch\/de\/"},{"@type":"ListItem","position":2,"name":"Abraxas im Zeichen der Strategieumsetzung"}]},{"@type":"WebSite","@id":"https:\/\/news.save.ch\/de\/#website","url":"https:\/\/news.save.ch\/de\/","name":"Save","description":"Schweizer Fachzeitschrift f\u00fcr Sicherheit","publisher":{"@id":"https:\/\/news.save.ch\/de\/#organization"},"potentialAction":[{"@type":"SearchAction","target":{"@type":"EntryPoint","urlTemplate":"https:\/\/news.save.ch\/de\/?s={search_term_string}"},"query-input":{"@type":"PropertyValueSpecification","valueRequired":true,"valueName":"search_term_string"}}],"inLanguage":"de"},{"@type":"Organization","@id":"https:\/\/news.save.ch\/de\/#organization","name":"Sicherheitsforum","url":"https:\/\/news.save.ch\/de\/","logo":{"@type":"ImageObject","inLanguage":"de","@id":"https:\/\/news.save.ch\/de\/#\/schema\/logo\/image\/","url":"https:\/\/news.save.ch\/wp-content\/uploads\/2022\/06\/Logo_SF_2012.png","contentUrl":"https:\/\/news.save.ch\/wp-content\/uploads\/2022\/06\/Logo_SF_2012.png","width":1100,"height":91,"caption":"Sicherheitsforum"},"image":{"@id":"https:\/\/news.save.ch\/de\/#\/schema\/logo\/image\/"}},{"@type":"Person","@id":"https:\/\/news.save.ch\/de\/#\/schema\/person\/d49e199490bad7c70d64b9ab51142f2b","name":"admin","image":{"@type":"ImageObject","inLanguage":"de","@id":"https:\/\/secure.gravatar.com\/avatar\/ae2f4d718e6c49043e314ce431e7e645d646302a24a5ef5a8bc8e3f5a032e319?s=96&d=mm&r=g","url":"https:\/\/secure.gravatar.com\/avatar\/ae2f4d718e6c49043e314ce431e7e645d646302a24a5ef5a8bc8e3f5a032e319?s=96&d=mm&r=g","contentUrl":"https:\/\/secure.gravatar.com\/avatar\/ae2f4d718e6c49043e314ce431e7e645d646302a24a5ef5a8bc8e3f5a032e319?s=96&d=mm&r=g","caption":"admin"},"sameAs":["https:\/\/develop.organisator.galledia.ch"],"url":"https:\/\/news.save.ch\/de\/author\/admin\/"}]}},"_links":{"self":[{"href":"https:\/\/news.save.ch\/de\/wp-json\/wp\/v2\/posts\/478","targetHints":{"allow":["GET"]}}],"collection":[{"href":"https:\/\/news.save.ch\/de\/wp-json\/wp\/v2\/posts"}],"about":[{"href":"https:\/\/news.save.ch\/de\/wp-json\/wp\/v2\/types\/post"}],"author":[{"embeddable":true,"href":"https:\/\/news.save.ch\/de\/wp-json\/wp\/v2\/users\/1"}],"replies":[{"embeddable":true,"href":"https:\/\/news.save.ch\/de\/wp-json\/wp\/v2\/comments?post=478"}],"version-history":[{"count":1,"href":"https:\/\/news.save.ch\/de\/wp-json\/wp\/v2\/posts\/478\/revisions"}],"predecessor-version":[{"id":17771,"href":"https:\/\/news.save.ch\/de\/wp-json\/wp\/v2\/posts\/478\/revisions\/17771"}],"wp:featuredmedia":[{"embeddable":true,"href":"https:\/\/news.save.ch\/de\/wp-json\/wp\/v2\/media\/479"}],"wp:attachment":[{"href":"https:\/\/news.save.ch\/de\/wp-json\/wp\/v2\/media?parent=478"}],"wp:term":[{"taxonomy":"category","embeddable":true,"href":"https:\/\/news.save.ch\/de\/wp-json\/wp\/v2\/categories?post=478"},{"taxonomy":"post_tag","embeddable":true,"href":"https:\/\/news.save.ch\/de\/wp-json\/wp\/v2\/tags?post=478"}],"curies":[{"name":"wp","href":"https:\/\/api.w.org\/{rel}","templated":true}]}}