{"id":4876,"date":"2017-05-27T06:13:05","date_gmt":"2017-05-27T04:13:05","guid":{"rendered":"https:\/\/news.save.ch\/?p=4876"},"modified":"2017-05-27T06:13:05","modified_gmt":"2017-05-27T04:13:05","slug":"sicherheit-2017-schweizer-sehen-die-ch-optimistisch","status":null,"type":"post","link":"https:\/\/news.save.ch\/de\/sicherheit-2017-schweizer-sehen-die-ch-optimistisch\/","title":{"rendered":"\u00abSicherheit 2017\u00bb \u2013 Schweizer sehen die CH optimistisch"},"content":{"rendered":"<figure id=\"attachment_4879\" aria-describedby=\"caption-attachment-4879\" style=\"width: 680px\" class=\"wp-caption aligncenter\"><img loading=\"lazy\" decoding=\"async\" class=\"size-medium wp-image-4879\" src=\"https:\/\/news.save.ch\/wp-content\/uploads\/2017\/05\/Depositphotos_1173832_m-2015.jpg\" alt=\"\" width=\"680\" height=\"446\" srcset=\"https:\/\/news.save.ch\/wp-content\/uploads\/2017\/05\/Depositphotos_1173832_m-2015.jpg 1000w, https:\/\/news.save.ch\/wp-content\/uploads\/2017\/05\/Depositphotos_1173832_m-2015-375x246.jpg 375w\" sizes=\"auto, (max-width: 680px) 100vw, 680px\" \/><figcaption id=\"caption-attachment-4879\" class=\"wp-caption-text\">Depositphotos<\/figcaption><\/figure>\n<p>&nbsp;<\/p>\n<p>Schweizerinnen und Schweizer f\u00fchlen sich sehr sicher. Dies hat die vom <a href=\"https:\/\/www.vbs.admin.ch\">VBS<\/a> in Auftrag gegebene Umfrage &#8222;Sicherheit 2017&#8220; ergeben. \u00a0Das allgemeine Sicherheitsempfinden ist mit 93% (+7%) so hoch wie noch nie zuvor. Auch im \u00f6ffentlichen Raum f\u00fchlen sich 79% (-2%) sicher. Gegen\u00fcber 2016 beurteilen signifikant mehr Personen die Zukunft der Schweiz optimistisch (82%, +7%).<\/p>\n<p><strong>Vertrauensvoll<\/strong><\/p>\n<p>2017 liegt das Vertrauen in Institutionen und Beh\u00f6rden \u00fcber dem langj\u00e4hrigen Schnitt (2017: 6.7 auf einer 10er Skala, langj\u00e4hriger Durchschnitt 6.3). Nach wie vor weist das Vertrauen in die Polizei (7.9, \u00b10.0) den h\u00f6chsten Wert auf, gefolgt von jenem in die Gerichte (7.4, +0,1). An dritter Stelle steht der Bundesrat mit 7,1 (+0.1). Die mittleren Positionen belegen die Schweizer Wirtschaft (6.8, \u00b10.0), die Armee (6.8, +0.1) und das eidgen\u00f6ssische Parlament (6.6, +0.1). Das geringste Vertrauen wird nach wie vor den politischen Parteien (5.5, +0.2) und den Medien (5.5, +0.4) entgegengebracht. Allerdings ist gegen\u00fcber dem Vorjahr das Vertrauen in politische Parteien und Medien signifikant gestiegen.<\/p>\n<p><strong>Zufrieden mit der Schweizer Armee<\/strong><\/p>\n<p>Die Stimmbev\u00f6lkerung zeigt sich insgesamt zufrieden mit der Armee. Der Notwendigkeit der Schweizer Armee wird mit 82% (-2%) \u00fcberdurchschnittlich stark zugestimmt. F\u00fcr 46% (\u00b10%) der Befragten spielt das Milit\u00e4r im schweizerischen Leben eine zentrale Rolle. Eine Mehrheit von 59% (+2%) unterst\u00fctzt die Milizarmee gegen\u00fcber einer Berufsarmee. Die Befragten sind mit der Leistung der Schweizer Armee im langj\u00e4hrigen Vergleich (6.3) \u00fcberdurchschnittlich zufrieden (6.5, +0.2 auf einer Skala von 1-10). Die Mehrheit der Bev\u00f6lkerung ist der Meinung, dass die H\u00f6he der heutigen Verteidigungsausgaben gerade richtig (49%, +1%) oder sogar zu tief (12%, -2%) sei.<\/p>\n<p><strong>Informationsverhalten zu sicherheitspolitischen Themen<\/strong><\/p>\n<p>Die Befragten nutzen vorwiegend traditionelle Medien wie Zeitungen, Fernsehen und Radio als Informationsquellen f\u00fcr sicherheitsrelevante Themen. Dabei nutzen zwei Drittel einen Mix aus analogen und digitalen Informationskan\u00e4len. Ein Drittel (32%) der Befragten betrachtet Social Media als geeignete Kan\u00e4le, um Informationen zur Sicherheit oder zur Schweizer Armee zu verbreiten.<\/p>\n<p><strong>Pessimistische Einsch\u00e4tzung der weltpolitischen Lage<\/strong><\/p>\n<p>Die Entwicklung der zuk\u00fcnftigen weltpolitischen Lage sch\u00e4tzt die Schweizer Stimmbev\u00f6lkerung sehr pessimistisch ein (73%, -1%). Diese pessimistische Sichtweise der Welt bewegt sich &#8211; wie 2016 &#8211; auf einem so hohen Niveau wie nie zuvor.<\/p>\n<p><strong>Aufgrund des Terrorismus angepasstes Reiseverhalten<\/strong><\/p>\n<p>89% (+2%) der Befragten unterst\u00fctzen die vermehrte Bek\u00e4mpfung des Terrorismus. Aufgrund terroristischer Anschl\u00e4ge im Ausland geben 29% der Schweizerinnen und Schweizer an, dass sie ihr Reiseverhalten angepasst haben. Von diesen konsultieren 84% die Reisehinweise des Bundes und 75% meiden L\u00e4nder, in welchen k\u00fcrzlich terroristische Anschl\u00e4ge ver\u00fcbt wurden. Infolge des weltweiten Terrorismus verbringen 40% der Befragten ihre Ferien nur noch in Europa und 35% haben Angst in Grossst\u00e4dte zu reisen.<\/p>\n<p><strong>Neutral und geringe \u00d6ffnungsbereitschaft<\/strong><\/p>\n<p>Die Neutralit\u00e4t hat bei der Stimmbev\u00f6lkerung grossen R\u00fcckhalt. 95% (\u00b10%) der Befragten sprechen sich f\u00fcr die Beibehaltung der Neutralit\u00e4t aus und f\u00fcr 84% (-1%) ist sie untrennbar mit dem schweizerischen Staatsgedanken verbunden. Allerdings wird die praktische Umsetzung der Neutralit\u00e4t vermehrt kritisch beurteilt. Signifikant mehr Befragte sind der Auffassung, dass die engen politischen und wirtschaftlichen Verflechtungen mit anderen Staaten die Neutralit\u00e4t der Schweiz verunm\u00f6gliche (37%, +9%) und dass die Neutralit\u00e4t heute nicht mehr milit\u00e4risch glaubhaft gesch\u00fctzt werden k\u00f6nne (51%, +6%). Die geringe \u00d6ffnungsbereitschaft zeigt sich darin, dass Beitritte zur Nato (19%, \u00b10%) oder EU (15%, -1%) keine Optionen f\u00fcr Schweizerinnen und Schweizer darstellen. Die Bef\u00fcrwortung einer wirtschaftlichen Zusammenarbeit mit der EU ist hingegen weiterhin sehr hoch (81%, \u00b10%).<\/p>\n<p><strong><em>Studie: <\/em><\/strong><em>Die repr\u00e4sentative Datenerhebung der Studie \u00abSicherheit 2017\u00bb fand zwischen dem 4. und dem 23. Januar telefonisch bei 1209 Stimmb\u00fcrgerinnen und Stimmb\u00fcrgern in der deutsch-, franz\u00f6sisch- und italienischsprachigen Schweiz statt. Durchgef\u00fchrt wurde die Erhebung durch das Forschungsinstitut LINK. Der Stichprobenfehler liegt bei \u00b12.8%. <\/em><\/p>\n<p><em>Quelle: Pressemeldung VBS<\/em><\/p>\n","protected":false},"excerpt":{"rendered":"<p>&nbsp; Schweizerinnen und Schweizer f\u00fchlen sich sehr sicher. Dies hat die vom VBS in Auftrag gegebene Umfrage &#8222;Sicherheit 2017&#8220; ergeben. \u00a0Das allgemeine Sicherheitsempfinden ist mit 93% (+7%) so hoch wie noch nie zuvor. Auch im \u00f6ffentlichen Raum f\u00fchlen sich 79% (-2%) sicher. Gegen\u00fcber 2016 beurteilen signifikant mehr Personen die Zukunft der Schweiz optimistisch (82%, +7%). [&hellip;]<\/p>\n","protected":false},"author":8,"featured_media":4879,"comment_status":"open","ping_status":"open","sticky":false,"template":"","format":"standard","meta":{"_acf_changed":false,"pgc_sgb_lightbox_settings":"","footnotes":""},"categories":[1],"tags":[120,64],"class_list":["post-4876","post","type-post","status-publish","format-standard","has-post-thumbnail","hentry","category-allgemein","tag-bundesamt","tag-studie"],"acf":[],"hkrextid":null,"publication":null,"issue":null,"workflow":null,"startPage":null,"spitzmarke":null,"_posts_by_tag_page_fields":{"widget_title":"","widget_tags":""},"_at_widget":"1","_yoast_wpseo_primary_category":"1","_yoast_wpseo_focuskw_text_input":"Sicherheit 2017","_yoast_wpseo_opengraph-image":null,"_yoast_wpseo_opengraph-description":null,"_yoast_wpseo_opengraph-title":null,"enclosure":null,"_yoast_wpseo_twitter-title":null,"_yoast_wpseo_twitter-description":null,"_yoast_wpseo_twitter-image":null,"_wp_old_slug":null,"_yoast_wpseo_title":null,"_yoast_wpseo_canonical":null,"yoast_head":"<!-- This site is optimized with the Yoast SEO plugin v27.5 - https:\/\/yoast.com\/product\/yoast-seo-wordpress\/ -->\n<title>\u00abSicherheit 2017\u00bb \u2013 Schweizer sehen die CH optimistisch - Save<\/title>\n<meta name=\"description\" content=\"Schweizerinnen und Schweizer f\u00fchlen sich sehr sicher. Dies hat die vom VBS in Auftrag gegebene Umfrage &quot;Sicherheit 2017&quot; ergeben.\" \/>\n<meta name=\"robots\" content=\"index, follow, max-snippet:-1, max-image-preview:large, max-video-preview:-1\" \/>\n<link rel=\"canonical\" href=\"https:\/\/news.save.ch\/de\/sicherheit-2017-schweizer-sehen-die-ch-optimistisch\/\" \/>\n<meta property=\"og:locale\" content=\"de_DE\" \/>\n<meta property=\"og:type\" content=\"article\" \/>\n<meta property=\"og:title\" content=\"\u00abSicherheit 2017\u00bb \u2013 Schweizer sehen die CH optimistisch - Save\" \/>\n<meta property=\"og:description\" content=\"Schweizerinnen und Schweizer f\u00fchlen sich sehr sicher. Dies hat die vom VBS in Auftrag gegebene Umfrage &quot;Sicherheit 2017&quot; ergeben.\" \/>\n<meta property=\"og:url\" content=\"https:\/\/news.save.ch\/de\/sicherheit-2017-schweizer-sehen-die-ch-optimistisch\/\" \/>\n<meta property=\"og:site_name\" content=\"Save\" \/>\n<meta property=\"article:published_time\" content=\"2017-05-27T04:13:05+00:00\" \/>\n<meta property=\"og:image\" content=\"https:\/\/news.save.ch\/wp-content\/uploads\/2017\/05\/Depositphotos_1173832_m-2015.jpg\" \/>\n\t<meta property=\"og:image:width\" content=\"1000\" \/>\n\t<meta property=\"og:image:height\" content=\"656\" \/>\n\t<meta property=\"og:image:type\" content=\"image\/jpeg\" \/>\n<meta name=\"author\" content=\"Roger Str\u00e4ssle\" \/>\n<meta name=\"twitter:card\" content=\"summary_large_image\" \/>\n<meta name=\"twitter:label1\" content=\"Geschrieben von\" \/>\n\t<meta name=\"twitter:data1\" content=\"Roger Str\u00e4ssle\" \/>\n\t<meta name=\"twitter:label2\" content=\"Gesch\u00e4tzte Lesezeit\" \/>\n\t<meta name=\"twitter:data2\" content=\"3\u00a0Minuten\" \/>\n<script type=\"application\/ld+json\" class=\"yoast-schema-graph\">{\"@context\":\"https:\\\/\\\/schema.org\",\"@graph\":[{\"@type\":\"Article\",\"@id\":\"https:\\\/\\\/news.save.ch\\\/sicherheit-2017-schweizer-sehen-die-ch-optimistisch\\\/#article\",\"isPartOf\":{\"@id\":\"https:\\\/\\\/news.save.ch\\\/sicherheit-2017-schweizer-sehen-die-ch-optimistisch\\\/\"},\"author\":{\"name\":\"Roger Str\u00e4ssle\",\"@id\":\"https:\\\/\\\/news.save.ch\\\/de\\\/#\\\/schema\\\/person\\\/d5022db048e0e2b9785c50e5b24da5aa\"},\"headline\":\"\u00abSicherheit 2017\u00bb \u2013 Schweizer sehen die CH optimistisch\",\"datePublished\":\"2017-05-27T04:13:05+00:00\",\"mainEntityOfPage\":{\"@id\":\"https:\\\/\\\/news.save.ch\\\/sicherheit-2017-schweizer-sehen-die-ch-optimistisch\\\/\"},\"wordCount\":590,\"commentCount\":0,\"publisher\":{\"@id\":\"https:\\\/\\\/news.save.ch\\\/de\\\/#organization\"},\"image\":{\"@id\":\"https:\\\/\\\/news.save.ch\\\/sicherheit-2017-schweizer-sehen-die-ch-optimistisch\\\/#primaryimage\"},\"thumbnailUrl\":\"https:\\\/\\\/news.save.ch\\\/wp-content\\\/uploads\\\/2017\\\/05\\\/Depositphotos_1173832_m-2015.jpg\",\"keywords\":[\"Bundesamt\",\"Studie\"],\"articleSection\":[\"ALLGEMEIN\"],\"inLanguage\":\"de\"},{\"@type\":\"WebPage\",\"@id\":\"https:\\\/\\\/news.save.ch\\\/sicherheit-2017-schweizer-sehen-die-ch-optimistisch\\\/\",\"url\":\"https:\\\/\\\/news.save.ch\\\/sicherheit-2017-schweizer-sehen-die-ch-optimistisch\\\/\",\"name\":\"\u00abSicherheit 2017\u00bb \u2013 Schweizer sehen die CH optimistisch - Save\",\"isPartOf\":{\"@id\":\"https:\\\/\\\/news.save.ch\\\/de\\\/#website\"},\"primaryImageOfPage\":{\"@id\":\"https:\\\/\\\/news.save.ch\\\/sicherheit-2017-schweizer-sehen-die-ch-optimistisch\\\/#primaryimage\"},\"image\":{\"@id\":\"https:\\\/\\\/news.save.ch\\\/sicherheit-2017-schweizer-sehen-die-ch-optimistisch\\\/#primaryimage\"},\"thumbnailUrl\":\"https:\\\/\\\/news.save.ch\\\/wp-content\\\/uploads\\\/2017\\\/05\\\/Depositphotos_1173832_m-2015.jpg\",\"datePublished\":\"2017-05-27T04:13:05+00:00\",\"description\":\"Schweizerinnen und Schweizer f\u00fchlen sich sehr sicher. Dies hat die vom VBS in Auftrag gegebene Umfrage \\\"Sicherheit 2017\\\" ergeben.\",\"breadcrumb\":{\"@id\":\"https:\\\/\\\/news.save.ch\\\/sicherheit-2017-schweizer-sehen-die-ch-optimistisch\\\/#breadcrumb\"},\"inLanguage\":\"de\",\"potentialAction\":[{\"@type\":\"ReadAction\",\"target\":[\"https:\\\/\\\/news.save.ch\\\/sicherheit-2017-schweizer-sehen-die-ch-optimistisch\\\/\"]}]},{\"@type\":\"ImageObject\",\"inLanguage\":\"de\",\"@id\":\"https:\\\/\\\/news.save.ch\\\/sicherheit-2017-schweizer-sehen-die-ch-optimistisch\\\/#primaryimage\",\"url\":\"https:\\\/\\\/news.save.ch\\\/wp-content\\\/uploads\\\/2017\\\/05\\\/Depositphotos_1173832_m-2015.jpg\",\"contentUrl\":\"https:\\\/\\\/news.save.ch\\\/wp-content\\\/uploads\\\/2017\\\/05\\\/Depositphotos_1173832_m-2015.jpg\",\"width\":1000,\"height\":656,\"caption\":\"Depositphotos\"},{\"@type\":\"BreadcrumbList\",\"@id\":\"https:\\\/\\\/news.save.ch\\\/sicherheit-2017-schweizer-sehen-die-ch-optimistisch\\\/#breadcrumb\",\"itemListElement\":[{\"@type\":\"ListItem\",\"position\":1,\"name\":\"Home\",\"item\":\"https:\\\/\\\/news.save.ch\\\/de\\\/\"},{\"@type\":\"ListItem\",\"position\":2,\"name\":\"\u00abSicherheit 2017\u00bb \u2013 Schweizer sehen die CH optimistisch\"}]},{\"@type\":\"WebSite\",\"@id\":\"https:\\\/\\\/news.save.ch\\\/de\\\/#website\",\"url\":\"https:\\\/\\\/news.save.ch\\\/de\\\/\",\"name\":\"Save\",\"description\":\"Schweizer Fachzeitschrift f\u00fcr Sicherheit\",\"publisher\":{\"@id\":\"https:\\\/\\\/news.save.ch\\\/de\\\/#organization\"},\"potentialAction\":[{\"@type\":\"SearchAction\",\"target\":{\"@type\":\"EntryPoint\",\"urlTemplate\":\"https:\\\/\\\/news.save.ch\\\/de\\\/?s={search_term_string}\"},\"query-input\":{\"@type\":\"PropertyValueSpecification\",\"valueRequired\":true,\"valueName\":\"search_term_string\"}}],\"inLanguage\":\"de\"},{\"@type\":\"Organization\",\"@id\":\"https:\\\/\\\/news.save.ch\\\/de\\\/#organization\",\"name\":\"Sicherheitsforum\",\"url\":\"https:\\\/\\\/news.save.ch\\\/de\\\/\",\"logo\":{\"@type\":\"ImageObject\",\"inLanguage\":\"de\",\"@id\":\"https:\\\/\\\/news.save.ch\\\/de\\\/#\\\/schema\\\/logo\\\/image\\\/\",\"url\":\"https:\\\/\\\/news.save.ch\\\/wp-content\\\/uploads\\\/2022\\\/06\\\/Logo_SF_2012.png\",\"contentUrl\":\"https:\\\/\\\/news.save.ch\\\/wp-content\\\/uploads\\\/2022\\\/06\\\/Logo_SF_2012.png\",\"width\":1100,\"height\":91,\"caption\":\"Sicherheitsforum\"},\"image\":{\"@id\":\"https:\\\/\\\/news.save.ch\\\/de\\\/#\\\/schema\\\/logo\\\/image\\\/\"}},{\"@type\":\"Person\",\"@id\":\"https:\\\/\\\/news.save.ch\\\/de\\\/#\\\/schema\\\/person\\\/d5022db048e0e2b9785c50e5b24da5aa\",\"name\":\"Roger Str\u00e4ssle\",\"image\":{\"@type\":\"ImageObject\",\"inLanguage\":\"de\",\"@id\":\"https:\\\/\\\/secure.gravatar.com\\\/avatar\\\/862a5569d087de48e5856e32f45d719a03804c891d6deb8d4f71a660e79e4a47?s=96&d=mm&r=g\",\"url\":\"https:\\\/\\\/secure.gravatar.com\\\/avatar\\\/862a5569d087de48e5856e32f45d719a03804c891d6deb8d4f71a660e79e4a47?s=96&d=mm&r=g\",\"contentUrl\":\"https:\\\/\\\/secure.gravatar.com\\\/avatar\\\/862a5569d087de48e5856e32f45d719a03804c891d6deb8d4f71a660e79e4a47?s=96&d=mm&r=g\",\"caption\":\"Roger Str\u00e4ssle\"},\"url\":\"https:\\\/\\\/news.save.ch\\\/de\\\/author\\\/roger-straessle\\\/\"}]}<\/script>\n<!-- \/ Yoast SEO plugin. -->","yoast_head_json":{"title":"\u00abSicherheit 2017\u00bb \u2013 Schweizer sehen die CH optimistisch - Save","description":"Schweizerinnen und Schweizer f\u00fchlen sich sehr sicher. Dies hat die vom VBS in Auftrag gegebene Umfrage \"Sicherheit 2017\" ergeben.","robots":{"index":"index","follow":"follow","max-snippet":"max-snippet:-1","max-image-preview":"max-image-preview:large","max-video-preview":"max-video-preview:-1"},"canonical":"https:\/\/news.save.ch\/de\/sicherheit-2017-schweizer-sehen-die-ch-optimistisch\/","og_locale":"de_DE","og_type":"article","og_title":"\u00abSicherheit 2017\u00bb \u2013 Schweizer sehen die CH optimistisch - Save","og_description":"Schweizerinnen und Schweizer f\u00fchlen sich sehr sicher. Dies hat die vom VBS in Auftrag gegebene Umfrage \"Sicherheit 2017\" ergeben.","og_url":"https:\/\/news.save.ch\/de\/sicherheit-2017-schweizer-sehen-die-ch-optimistisch\/","og_site_name":"Save","article_published_time":"2017-05-27T04:13:05+00:00","og_image":[{"width":1000,"height":656,"url":"https:\/\/news.save.ch\/wp-content\/uploads\/2017\/05\/Depositphotos_1173832_m-2015.jpg","type":"image\/jpeg"}],"author":"Roger Str\u00e4ssle","twitter_card":"summary_large_image","twitter_misc":{"Geschrieben von":"Roger Str\u00e4ssle","Gesch\u00e4tzte Lesezeit":"3\u00a0Minuten"},"schema":{"@context":"https:\/\/schema.org","@graph":[{"@type":"Article","@id":"https:\/\/news.save.ch\/sicherheit-2017-schweizer-sehen-die-ch-optimistisch\/#article","isPartOf":{"@id":"https:\/\/news.save.ch\/sicherheit-2017-schweizer-sehen-die-ch-optimistisch\/"},"author":{"name":"Roger Str\u00e4ssle","@id":"https:\/\/news.save.ch\/de\/#\/schema\/person\/d5022db048e0e2b9785c50e5b24da5aa"},"headline":"\u00abSicherheit 2017\u00bb \u2013 Schweizer sehen die CH optimistisch","datePublished":"2017-05-27T04:13:05+00:00","mainEntityOfPage":{"@id":"https:\/\/news.save.ch\/sicherheit-2017-schweizer-sehen-die-ch-optimistisch\/"},"wordCount":590,"commentCount":0,"publisher":{"@id":"https:\/\/news.save.ch\/de\/#organization"},"image":{"@id":"https:\/\/news.save.ch\/sicherheit-2017-schweizer-sehen-die-ch-optimistisch\/#primaryimage"},"thumbnailUrl":"https:\/\/news.save.ch\/wp-content\/uploads\/2017\/05\/Depositphotos_1173832_m-2015.jpg","keywords":["Bundesamt","Studie"],"articleSection":["ALLGEMEIN"],"inLanguage":"de"},{"@type":"WebPage","@id":"https:\/\/news.save.ch\/sicherheit-2017-schweizer-sehen-die-ch-optimistisch\/","url":"https:\/\/news.save.ch\/sicherheit-2017-schweizer-sehen-die-ch-optimistisch\/","name":"\u00abSicherheit 2017\u00bb \u2013 Schweizer sehen die CH optimistisch - Save","isPartOf":{"@id":"https:\/\/news.save.ch\/de\/#website"},"primaryImageOfPage":{"@id":"https:\/\/news.save.ch\/sicherheit-2017-schweizer-sehen-die-ch-optimistisch\/#primaryimage"},"image":{"@id":"https:\/\/news.save.ch\/sicherheit-2017-schweizer-sehen-die-ch-optimistisch\/#primaryimage"},"thumbnailUrl":"https:\/\/news.save.ch\/wp-content\/uploads\/2017\/05\/Depositphotos_1173832_m-2015.jpg","datePublished":"2017-05-27T04:13:05+00:00","description":"Schweizerinnen und Schweizer f\u00fchlen sich sehr sicher. Dies hat die vom VBS in Auftrag gegebene Umfrage \"Sicherheit 2017\" ergeben.","breadcrumb":{"@id":"https:\/\/news.save.ch\/sicherheit-2017-schweizer-sehen-die-ch-optimistisch\/#breadcrumb"},"inLanguage":"de","potentialAction":[{"@type":"ReadAction","target":["https:\/\/news.save.ch\/sicherheit-2017-schweizer-sehen-die-ch-optimistisch\/"]}]},{"@type":"ImageObject","inLanguage":"de","@id":"https:\/\/news.save.ch\/sicherheit-2017-schweizer-sehen-die-ch-optimistisch\/#primaryimage","url":"https:\/\/news.save.ch\/wp-content\/uploads\/2017\/05\/Depositphotos_1173832_m-2015.jpg","contentUrl":"https:\/\/news.save.ch\/wp-content\/uploads\/2017\/05\/Depositphotos_1173832_m-2015.jpg","width":1000,"height":656,"caption":"Depositphotos"},{"@type":"BreadcrumbList","@id":"https:\/\/news.save.ch\/sicherheit-2017-schweizer-sehen-die-ch-optimistisch\/#breadcrumb","itemListElement":[{"@type":"ListItem","position":1,"name":"Home","item":"https:\/\/news.save.ch\/de\/"},{"@type":"ListItem","position":2,"name":"\u00abSicherheit 2017\u00bb \u2013 Schweizer sehen die CH optimistisch"}]},{"@type":"WebSite","@id":"https:\/\/news.save.ch\/de\/#website","url":"https:\/\/news.save.ch\/de\/","name":"Save","description":"Schweizer Fachzeitschrift f\u00fcr Sicherheit","publisher":{"@id":"https:\/\/news.save.ch\/de\/#organization"},"potentialAction":[{"@type":"SearchAction","target":{"@type":"EntryPoint","urlTemplate":"https:\/\/news.save.ch\/de\/?s={search_term_string}"},"query-input":{"@type":"PropertyValueSpecification","valueRequired":true,"valueName":"search_term_string"}}],"inLanguage":"de"},{"@type":"Organization","@id":"https:\/\/news.save.ch\/de\/#organization","name":"Sicherheitsforum","url":"https:\/\/news.save.ch\/de\/","logo":{"@type":"ImageObject","inLanguage":"de","@id":"https:\/\/news.save.ch\/de\/#\/schema\/logo\/image\/","url":"https:\/\/news.save.ch\/wp-content\/uploads\/2022\/06\/Logo_SF_2012.png","contentUrl":"https:\/\/news.save.ch\/wp-content\/uploads\/2022\/06\/Logo_SF_2012.png","width":1100,"height":91,"caption":"Sicherheitsforum"},"image":{"@id":"https:\/\/news.save.ch\/de\/#\/schema\/logo\/image\/"}},{"@type":"Person","@id":"https:\/\/news.save.ch\/de\/#\/schema\/person\/d5022db048e0e2b9785c50e5b24da5aa","name":"Roger Str\u00e4ssle","image":{"@type":"ImageObject","inLanguage":"de","@id":"https:\/\/secure.gravatar.com\/avatar\/862a5569d087de48e5856e32f45d719a03804c891d6deb8d4f71a660e79e4a47?s=96&d=mm&r=g","url":"https:\/\/secure.gravatar.com\/avatar\/862a5569d087de48e5856e32f45d719a03804c891d6deb8d4f71a660e79e4a47?s=96&d=mm&r=g","contentUrl":"https:\/\/secure.gravatar.com\/avatar\/862a5569d087de48e5856e32f45d719a03804c891d6deb8d4f71a660e79e4a47?s=96&d=mm&r=g","caption":"Roger Str\u00e4ssle"},"url":"https:\/\/news.save.ch\/de\/author\/roger-straessle\/"}]}},"_links":{"self":[{"href":"https:\/\/news.save.ch\/de\/wp-json\/wp\/v2\/posts\/4876","targetHints":{"allow":["GET"]}}],"collection":[{"href":"https:\/\/news.save.ch\/de\/wp-json\/wp\/v2\/posts"}],"about":[{"href":"https:\/\/news.save.ch\/de\/wp-json\/wp\/v2\/types\/post"}],"author":[{"embeddable":true,"href":"https:\/\/news.save.ch\/de\/wp-json\/wp\/v2\/users\/8"}],"replies":[{"embeddable":true,"href":"https:\/\/news.save.ch\/de\/wp-json\/wp\/v2\/comments?post=4876"}],"version-history":[{"count":0,"href":"https:\/\/news.save.ch\/de\/wp-json\/wp\/v2\/posts\/4876\/revisions"}],"wp:featuredmedia":[{"embeddable":true,"href":"https:\/\/news.save.ch\/de\/wp-json\/wp\/v2\/media\/4879"}],"wp:attachment":[{"href":"https:\/\/news.save.ch\/de\/wp-json\/wp\/v2\/media?parent=4876"}],"wp:term":[{"taxonomy":"category","embeddable":true,"href":"https:\/\/news.save.ch\/de\/wp-json\/wp\/v2\/categories?post=4876"},{"taxonomy":"post_tag","embeddable":true,"href":"https:\/\/news.save.ch\/de\/wp-json\/wp\/v2\/tags?post=4876"}],"curies":[{"name":"wp","href":"https:\/\/api.w.org\/{rel}","templated":true}]}}