{"id":490,"date":"2015-08-21T13:21:58","date_gmt":"2015-08-21T11:21:58","guid":{"rendered":"http:\/\/dev.safety-plus.ch\/?p=490"},"modified":"2023-03-14T09:03:06","modified_gmt":"2023-03-14T08:03:06","slug":"zu-lange-arbeitszeiten-erhoehen-schlaganfallrisiko","status":null,"type":"post","link":"https:\/\/news.save.ch\/de\/zu-lange-arbeitszeiten-erhoehen-schlaganfallrisiko\/","title":{"rendered":"Zu lange Arbeitszeiten erh\u00f6hen Schlaganfallrisiko"},"content":{"rendered":"<figure id=\"attachment_491\" aria-describedby=\"caption-attachment-491\" style=\"width: 680px\" class=\"wp-caption alignnone\"><img loading=\"lazy\" decoding=\"async\" class=\"wp-image-491 size-medium\" src=\"http:\/\/develop.safety-plus.ch\/wp-content\/uploads\/2016\/12\/Zu-lange-Arbeitszeiten-erhoehen-Schlaganfallrisiko_safety-plus.jpeg\" alt=\"Wer \u00dcberstunden anh\u00e4uft, erh\u00f6ht sein Schlaganfall-Risiko deutlich.\" width=\"680\" height=\"452\" srcset=\"https:\/\/news.save.ch\/wp-content\/uploads\/2016\/12\/Zu-lange-Arbeitszeiten-erhoehen-Schlaganfallrisiko_safety-plus.jpeg 1000w, https:\/\/news.save.ch\/wp-content\/uploads\/2016\/12\/Zu-lange-Arbeitszeiten-erhoehen-Schlaganfallrisiko_safety-plus-680x452.jpeg 680w, https:\/\/news.save.ch\/wp-content\/uploads\/2016\/12\/Zu-lange-Arbeitszeiten-erhoehen-Schlaganfallrisiko_safety-plus-768x510.jpeg 768w, https:\/\/news.save.ch\/wp-content\/uploads\/2016\/12\/Zu-lange-Arbeitszeiten-erhoehen-Schlaganfallrisiko_safety-plus-18x12.jpeg 18w, https:\/\/news.save.ch\/wp-content\/uploads\/2016\/12\/Zu-lange-Arbeitszeiten-erhoehen-Schlaganfallrisiko_safety-plus-375x249.jpeg 375w, https:\/\/news.save.ch\/wp-content\/uploads\/2016\/12\/Zu-lange-Arbeitszeiten-erhoehen-Schlaganfallrisiko_safety-plus-527x350.jpeg 527w\" sizes=\"auto, (max-width: 680px) 100vw, 680px\" \/><figcaption id=\"caption-attachment-491\" class=\"wp-caption-text\">Wer \u00dcberstunden anh\u00e4uft, erh\u00f6ht sein Schlaganfall-Risiko deutlich.<\/figcaption><\/figure>\n<p>Lange Arbeitszeiten k\u00f6nnen die Gesundheit gef\u00e4hrden. Dies zeigt die gr\u00f6sste bisherige Studie zu dem Thema am University College London (UCL), die im Magazin &#8222;The Lancet&#8220; ver\u00f6ffentlicht wurde.<\/p>\n<p>Wer mehr als 55 Stunden pro Woche arbeitet, erh\u00f6ht das Risiko eines Schlaganfalls um 33%, dasjenige einer Herzgef\u00e4sserkrankung um 13%, verglichen mit Personen, die auf 35 bis 40 Stunden Arbeitszeit kommen.<\/p>\n<p>Professor Mika Kivim\u00e4ki und seine\u00a0Kollegen analysierten f\u00fcr die Studie Daten aus 25 vergangenen Studien von insgesamt \u00fcber 600&#8217;000 M\u00e4nnern und Frauen aus den USA, Europa und Australien, die im Schnitt 8,5 Jahre lang beobachtet wurden. Risikofaktoren wie Alter, Geschlecht und sozio\u00f6konomischer Status wurden f\u00fcr die Resultate herausgerechnet.<\/p>\n<p>Die Resultate in Bezug auf Schlaganf\u00e4lle sind besonders deutlich: Je l\u00e4nger \u00a0Personen arbeiten, desto h\u00f6her wird ihr Risiko daf\u00fcr. Wer nur schon 41 bis 48 Stunden pro Woche arbeitet, erh\u00f6ht sein Risiko bereits um 10%; diejenigen die 49 bis 54 Stunden arbeiten gar um 27%.<\/p>\n<p>&#8222;Lange Arbeitszeiten sind keine vereinzelte Vorf\u00e4lle&#8220;\u00a0 schrieb Urban Janlert von der Ume\u00e5\u00a0-Universit\u00e4t in Schweden in einem Kommentar zur Studie. Zwar sollte die Europ\u00e4ische Arbeitszeitdirektive die Arbeitszeit auf 48 Stunden beschr\u00e4nken, doch viele L\u00e4nder haben diese nicht implementiert.<\/p>\n<p>&#8222;Darum sind diese Erkenntnisse, dass die L\u00e4nge einer Arbeitswoche einen Einfluss auf Schlaganf\u00e4lle und Herzerkrankungen haben kann, sehr wichtig&#8220;, so Janlert weiter. &#8222;Wenn lange Arbeitszeiten die Gesundheit gef\u00e4hrden, so muss es m\u00f6glich sein, diese zu \u00e4ndern.&#8220;<\/p>\n","protected":false},"excerpt":{"rendered":"<p>Lange Arbeitszeiten k\u00f6nnen die Gesundheit gef\u00e4hrden. Dies zeigt die gr\u00f6sste bisherige Studie zu dem Thema am University College London (UCL), die im Magazin &#8222;The Lancet&#8220; ver\u00f6ffentlicht wurde. Wer mehr als 55 Stunden pro Woche arbeitet, erh\u00f6ht das Risiko eines Schlaganfalls um 33%, dasjenige einer Herzgef\u00e4sserkrankung um 13%, verglichen mit Personen, die auf 35 bis 40 [&hellip;]<\/p>\n","protected":false},"author":1,"featured_media":491,"comment_status":"open","ping_status":"open","sticky":false,"template":"","format":"standard","meta":{"_acf_changed":false,"pgc_sgb_lightbox_settings":"","footnotes":""},"categories":[3314],"tags":[1678,149],"class_list":["post-490","post","type-post","status-publish","format-standard","has-post-thumbnail","hentry","category-health-safety","tag-arbeitszeit","tag-gesundheitsschutz"],"acf":[],"hkrextid":null,"publication":null,"issue":null,"workflow":null,"startPage":null,"spitzmarke":null,"_posts_by_tag_page_fields":{"widget_title":"","widget_tags":""},"_at_widget":"1","_yoast_wpseo_primary_category":"4","_yoast_wpseo_focuskw_text_input":"Arbeitszeiten","_yoast_wpseo_opengraph-image":null,"_yoast_wpseo_opengraph-description":null,"_yoast_wpseo_opengraph-title":null,"enclosure":null,"_yoast_wpseo_twitter-title":null,"_yoast_wpseo_twitter-description":null,"_yoast_wpseo_twitter-image":null,"_wp_old_slug":null,"_yoast_wpseo_title":null,"_yoast_wpseo_canonical":null,"yoast_head":"<!-- This site is optimized with the Yoast SEO plugin v27.5 - https:\/\/yoast.com\/product\/yoast-seo-wordpress\/ -->\n<title>Zu lange Arbeitszeiten erh\u00f6hen Schlaganfallrisiko - Save<\/title>\n<meta name=\"description\" content=\"Arbeitszeiten: Wer mehr als 55 Stunden pro Woche arbeitet, erh\u00f6ht sein Schlaganfallrisiko drastisch. Zu diesem Schluss kommt eine Studie.\" \/>\n<meta name=\"robots\" content=\"index, follow, max-snippet:-1, max-image-preview:large, max-video-preview:-1\" \/>\n<link rel=\"canonical\" href=\"https:\/\/news.save.ch\/de\/zu-lange-arbeitszeiten-erhoehen-schlaganfallrisiko\/\" \/>\n<meta property=\"og:locale\" content=\"de_DE\" \/>\n<meta property=\"og:type\" content=\"article\" \/>\n<meta property=\"og:title\" content=\"Zu lange Arbeitszeiten erh\u00f6hen Schlaganfallrisiko - Save\" \/>\n<meta property=\"og:description\" content=\"Arbeitszeiten: Wer mehr als 55 Stunden pro Woche arbeitet, erh\u00f6ht sein Schlaganfallrisiko drastisch. Zu diesem Schluss kommt eine Studie.\" \/>\n<meta property=\"og:url\" content=\"https:\/\/news.save.ch\/de\/zu-lange-arbeitszeiten-erhoehen-schlaganfallrisiko\/\" \/>\n<meta property=\"og:site_name\" content=\"Save\" \/>\n<meta property=\"article:published_time\" content=\"2015-08-21T11:21:58+00:00\" \/>\n<meta property=\"article:modified_time\" content=\"2023-03-14T08:03:06+00:00\" \/>\n<meta property=\"og:image\" content=\"https:\/\/news.save.ch\/wp-content\/uploads\/2016\/12\/Zu-lange-Arbeitszeiten-erhoehen-Schlaganfallrisiko_safety-plus.jpeg\" \/>\n\t<meta property=\"og:image:width\" content=\"1000\" \/>\n\t<meta property=\"og:image:height\" content=\"664\" \/>\n\t<meta property=\"og:image:type\" content=\"image\/jpeg\" \/>\n<meta name=\"author\" content=\"admin\" \/>\n<meta name=\"twitter:card\" content=\"summary_large_image\" \/>\n<meta name=\"twitter:label1\" content=\"Geschrieben von\" \/>\n\t<meta name=\"twitter:data1\" content=\"admin\" \/>\n\t<meta name=\"twitter:label2\" content=\"Gesch\u00e4tzte Lesezeit\" \/>\n\t<meta name=\"twitter:data2\" content=\"1\u00a0Minute\" \/>\n<script type=\"application\/ld+json\" class=\"yoast-schema-graph\">{\"@context\":\"https:\\\/\\\/schema.org\",\"@graph\":[{\"@type\":\"Article\",\"@id\":\"https:\\\/\\\/news.save.ch\\\/zu-lange-arbeitszeiten-erhoehen-schlaganfallrisiko\\\/#article\",\"isPartOf\":{\"@id\":\"https:\\\/\\\/news.save.ch\\\/zu-lange-arbeitszeiten-erhoehen-schlaganfallrisiko\\\/\"},\"author\":{\"name\":\"admin\",\"@id\":\"https:\\\/\\\/news.save.ch\\\/de\\\/#\\\/schema\\\/person\\\/d49e199490bad7c70d64b9ab51142f2b\"},\"headline\":\"Zu lange Arbeitszeiten erh\u00f6hen Schlaganfallrisiko\",\"datePublished\":\"2015-08-21T11:21:58+00:00\",\"dateModified\":\"2023-03-14T08:03:06+00:00\",\"mainEntityOfPage\":{\"@id\":\"https:\\\/\\\/news.save.ch\\\/zu-lange-arbeitszeiten-erhoehen-schlaganfallrisiko\\\/\"},\"wordCount\":257,\"commentCount\":1,\"publisher\":{\"@id\":\"https:\\\/\\\/news.save.ch\\\/de\\\/#organization\"},\"image\":{\"@id\":\"https:\\\/\\\/news.save.ch\\\/zu-lange-arbeitszeiten-erhoehen-schlaganfallrisiko\\\/#primaryimage\"},\"thumbnailUrl\":\"https:\\\/\\\/news.save.ch\\\/wp-content\\\/uploads\\\/2016\\\/12\\\/Zu-lange-Arbeitszeiten-erhoehen-Schlaganfallrisiko_safety-plus.jpeg\",\"keywords\":[\"Arbeitszeit\",\"Gesundheitsschutz\"],\"articleSection\":[\"HEALTH &amp; SAFETY\"],\"inLanguage\":\"de\"},{\"@type\":\"WebPage\",\"@id\":\"https:\\\/\\\/news.save.ch\\\/zu-lange-arbeitszeiten-erhoehen-schlaganfallrisiko\\\/\",\"url\":\"https:\\\/\\\/news.save.ch\\\/zu-lange-arbeitszeiten-erhoehen-schlaganfallrisiko\\\/\",\"name\":\"Zu lange Arbeitszeiten erh\u00f6hen Schlaganfallrisiko - Save\",\"isPartOf\":{\"@id\":\"https:\\\/\\\/news.save.ch\\\/de\\\/#website\"},\"primaryImageOfPage\":{\"@id\":\"https:\\\/\\\/news.save.ch\\\/zu-lange-arbeitszeiten-erhoehen-schlaganfallrisiko\\\/#primaryimage\"},\"image\":{\"@id\":\"https:\\\/\\\/news.save.ch\\\/zu-lange-arbeitszeiten-erhoehen-schlaganfallrisiko\\\/#primaryimage\"},\"thumbnailUrl\":\"https:\\\/\\\/news.save.ch\\\/wp-content\\\/uploads\\\/2016\\\/12\\\/Zu-lange-Arbeitszeiten-erhoehen-Schlaganfallrisiko_safety-plus.jpeg\",\"datePublished\":\"2015-08-21T11:21:58+00:00\",\"dateModified\":\"2023-03-14T08:03:06+00:00\",\"description\":\"Arbeitszeiten: Wer mehr als 55 Stunden pro Woche arbeitet, erh\u00f6ht sein Schlaganfallrisiko drastisch. Zu diesem Schluss kommt eine Studie.\",\"breadcrumb\":{\"@id\":\"https:\\\/\\\/news.save.ch\\\/zu-lange-arbeitszeiten-erhoehen-schlaganfallrisiko\\\/#breadcrumb\"},\"inLanguage\":\"de\",\"potentialAction\":[{\"@type\":\"ReadAction\",\"target\":[\"https:\\\/\\\/news.save.ch\\\/zu-lange-arbeitszeiten-erhoehen-schlaganfallrisiko\\\/\"]}]},{\"@type\":\"ImageObject\",\"inLanguage\":\"de\",\"@id\":\"https:\\\/\\\/news.save.ch\\\/zu-lange-arbeitszeiten-erhoehen-schlaganfallrisiko\\\/#primaryimage\",\"url\":\"https:\\\/\\\/news.save.ch\\\/wp-content\\\/uploads\\\/2016\\\/12\\\/Zu-lange-Arbeitszeiten-erhoehen-Schlaganfallrisiko_safety-plus.jpeg\",\"contentUrl\":\"https:\\\/\\\/news.save.ch\\\/wp-content\\\/uploads\\\/2016\\\/12\\\/Zu-lange-Arbeitszeiten-erhoehen-Schlaganfallrisiko_safety-plus.jpeg\",\"width\":1000,\"height\":664,\"caption\":\"Wer \u00dcberstunden anh\u00e4uft, erh\u00f6ht sein Schlaganfall-Risiko deutlich.\"},{\"@type\":\"BreadcrumbList\",\"@id\":\"https:\\\/\\\/news.save.ch\\\/zu-lange-arbeitszeiten-erhoehen-schlaganfallrisiko\\\/#breadcrumb\",\"itemListElement\":[{\"@type\":\"ListItem\",\"position\":1,\"name\":\"Home\",\"item\":\"https:\\\/\\\/news.save.ch\\\/de\\\/\"},{\"@type\":\"ListItem\",\"position\":2,\"name\":\"Zu lange Arbeitszeiten erh\u00f6hen Schlaganfallrisiko\"}]},{\"@type\":\"WebSite\",\"@id\":\"https:\\\/\\\/news.save.ch\\\/de\\\/#website\",\"url\":\"https:\\\/\\\/news.save.ch\\\/de\\\/\",\"name\":\"Save\",\"description\":\"Schweizer Fachzeitschrift f\u00fcr Sicherheit\",\"publisher\":{\"@id\":\"https:\\\/\\\/news.save.ch\\\/de\\\/#organization\"},\"potentialAction\":[{\"@type\":\"SearchAction\",\"target\":{\"@type\":\"EntryPoint\",\"urlTemplate\":\"https:\\\/\\\/news.save.ch\\\/de\\\/?s={search_term_string}\"},\"query-input\":{\"@type\":\"PropertyValueSpecification\",\"valueRequired\":true,\"valueName\":\"search_term_string\"}}],\"inLanguage\":\"de\"},{\"@type\":\"Organization\",\"@id\":\"https:\\\/\\\/news.save.ch\\\/de\\\/#organization\",\"name\":\"Sicherheitsforum\",\"url\":\"https:\\\/\\\/news.save.ch\\\/de\\\/\",\"logo\":{\"@type\":\"ImageObject\",\"inLanguage\":\"de\",\"@id\":\"https:\\\/\\\/news.save.ch\\\/de\\\/#\\\/schema\\\/logo\\\/image\\\/\",\"url\":\"https:\\\/\\\/news.save.ch\\\/wp-content\\\/uploads\\\/2022\\\/06\\\/Logo_SF_2012.png\",\"contentUrl\":\"https:\\\/\\\/news.save.ch\\\/wp-content\\\/uploads\\\/2022\\\/06\\\/Logo_SF_2012.png\",\"width\":1100,\"height\":91,\"caption\":\"Sicherheitsforum\"},\"image\":{\"@id\":\"https:\\\/\\\/news.save.ch\\\/de\\\/#\\\/schema\\\/logo\\\/image\\\/\"}},{\"@type\":\"Person\",\"@id\":\"https:\\\/\\\/news.save.ch\\\/de\\\/#\\\/schema\\\/person\\\/d49e199490bad7c70d64b9ab51142f2b\",\"name\":\"admin\",\"image\":{\"@type\":\"ImageObject\",\"inLanguage\":\"de\",\"@id\":\"https:\\\/\\\/secure.gravatar.com\\\/avatar\\\/ae2f4d718e6c49043e314ce431e7e645d646302a24a5ef5a8bc8e3f5a032e319?s=96&d=mm&r=g\",\"url\":\"https:\\\/\\\/secure.gravatar.com\\\/avatar\\\/ae2f4d718e6c49043e314ce431e7e645d646302a24a5ef5a8bc8e3f5a032e319?s=96&d=mm&r=g\",\"contentUrl\":\"https:\\\/\\\/secure.gravatar.com\\\/avatar\\\/ae2f4d718e6c49043e314ce431e7e645d646302a24a5ef5a8bc8e3f5a032e319?s=96&d=mm&r=g\",\"caption\":\"admin\"},\"sameAs\":[\"https:\\\/\\\/develop.organisator.galledia.ch\"],\"url\":\"https:\\\/\\\/news.save.ch\\\/de\\\/author\\\/admin\\\/\"}]}<\/script>\n<!-- \/ Yoast SEO plugin. -->","yoast_head_json":{"title":"Zu lange Arbeitszeiten erh\u00f6hen Schlaganfallrisiko - Save","description":"Arbeitszeiten: Wer mehr als 55 Stunden pro Woche arbeitet, erh\u00f6ht sein Schlaganfallrisiko drastisch. Zu diesem Schluss kommt eine Studie.","robots":{"index":"index","follow":"follow","max-snippet":"max-snippet:-1","max-image-preview":"max-image-preview:large","max-video-preview":"max-video-preview:-1"},"canonical":"https:\/\/news.save.ch\/de\/zu-lange-arbeitszeiten-erhoehen-schlaganfallrisiko\/","og_locale":"de_DE","og_type":"article","og_title":"Zu lange Arbeitszeiten erh\u00f6hen Schlaganfallrisiko - Save","og_description":"Arbeitszeiten: Wer mehr als 55 Stunden pro Woche arbeitet, erh\u00f6ht sein Schlaganfallrisiko drastisch. Zu diesem Schluss kommt eine Studie.","og_url":"https:\/\/news.save.ch\/de\/zu-lange-arbeitszeiten-erhoehen-schlaganfallrisiko\/","og_site_name":"Save","article_published_time":"2015-08-21T11:21:58+00:00","article_modified_time":"2023-03-14T08:03:06+00:00","og_image":[{"width":1000,"height":664,"url":"https:\/\/news.save.ch\/wp-content\/uploads\/2016\/12\/Zu-lange-Arbeitszeiten-erhoehen-Schlaganfallrisiko_safety-plus.jpeg","type":"image\/jpeg"}],"author":"admin","twitter_card":"summary_large_image","twitter_misc":{"Geschrieben von":"admin","Gesch\u00e4tzte Lesezeit":"1\u00a0Minute"},"schema":{"@context":"https:\/\/schema.org","@graph":[{"@type":"Article","@id":"https:\/\/news.save.ch\/zu-lange-arbeitszeiten-erhoehen-schlaganfallrisiko\/#article","isPartOf":{"@id":"https:\/\/news.save.ch\/zu-lange-arbeitszeiten-erhoehen-schlaganfallrisiko\/"},"author":{"name":"admin","@id":"https:\/\/news.save.ch\/de\/#\/schema\/person\/d49e199490bad7c70d64b9ab51142f2b"},"headline":"Zu lange Arbeitszeiten erh\u00f6hen Schlaganfallrisiko","datePublished":"2015-08-21T11:21:58+00:00","dateModified":"2023-03-14T08:03:06+00:00","mainEntityOfPage":{"@id":"https:\/\/news.save.ch\/zu-lange-arbeitszeiten-erhoehen-schlaganfallrisiko\/"},"wordCount":257,"commentCount":1,"publisher":{"@id":"https:\/\/news.save.ch\/de\/#organization"},"image":{"@id":"https:\/\/news.save.ch\/zu-lange-arbeitszeiten-erhoehen-schlaganfallrisiko\/#primaryimage"},"thumbnailUrl":"https:\/\/news.save.ch\/wp-content\/uploads\/2016\/12\/Zu-lange-Arbeitszeiten-erhoehen-Schlaganfallrisiko_safety-plus.jpeg","keywords":["Arbeitszeit","Gesundheitsschutz"],"articleSection":["HEALTH &amp; SAFETY"],"inLanguage":"de"},{"@type":"WebPage","@id":"https:\/\/news.save.ch\/zu-lange-arbeitszeiten-erhoehen-schlaganfallrisiko\/","url":"https:\/\/news.save.ch\/zu-lange-arbeitszeiten-erhoehen-schlaganfallrisiko\/","name":"Zu lange Arbeitszeiten erh\u00f6hen Schlaganfallrisiko - Save","isPartOf":{"@id":"https:\/\/news.save.ch\/de\/#website"},"primaryImageOfPage":{"@id":"https:\/\/news.save.ch\/zu-lange-arbeitszeiten-erhoehen-schlaganfallrisiko\/#primaryimage"},"image":{"@id":"https:\/\/news.save.ch\/zu-lange-arbeitszeiten-erhoehen-schlaganfallrisiko\/#primaryimage"},"thumbnailUrl":"https:\/\/news.save.ch\/wp-content\/uploads\/2016\/12\/Zu-lange-Arbeitszeiten-erhoehen-Schlaganfallrisiko_safety-plus.jpeg","datePublished":"2015-08-21T11:21:58+00:00","dateModified":"2023-03-14T08:03:06+00:00","description":"Arbeitszeiten: Wer mehr als 55 Stunden pro Woche arbeitet, erh\u00f6ht sein Schlaganfallrisiko drastisch. Zu diesem Schluss kommt eine Studie.","breadcrumb":{"@id":"https:\/\/news.save.ch\/zu-lange-arbeitszeiten-erhoehen-schlaganfallrisiko\/#breadcrumb"},"inLanguage":"de","potentialAction":[{"@type":"ReadAction","target":["https:\/\/news.save.ch\/zu-lange-arbeitszeiten-erhoehen-schlaganfallrisiko\/"]}]},{"@type":"ImageObject","inLanguage":"de","@id":"https:\/\/news.save.ch\/zu-lange-arbeitszeiten-erhoehen-schlaganfallrisiko\/#primaryimage","url":"https:\/\/news.save.ch\/wp-content\/uploads\/2016\/12\/Zu-lange-Arbeitszeiten-erhoehen-Schlaganfallrisiko_safety-plus.jpeg","contentUrl":"https:\/\/news.save.ch\/wp-content\/uploads\/2016\/12\/Zu-lange-Arbeitszeiten-erhoehen-Schlaganfallrisiko_safety-plus.jpeg","width":1000,"height":664,"caption":"Wer \u00dcberstunden anh\u00e4uft, erh\u00f6ht sein Schlaganfall-Risiko deutlich."},{"@type":"BreadcrumbList","@id":"https:\/\/news.save.ch\/zu-lange-arbeitszeiten-erhoehen-schlaganfallrisiko\/#breadcrumb","itemListElement":[{"@type":"ListItem","position":1,"name":"Home","item":"https:\/\/news.save.ch\/de\/"},{"@type":"ListItem","position":2,"name":"Zu lange Arbeitszeiten erh\u00f6hen Schlaganfallrisiko"}]},{"@type":"WebSite","@id":"https:\/\/news.save.ch\/de\/#website","url":"https:\/\/news.save.ch\/de\/","name":"Save","description":"Schweizer Fachzeitschrift f\u00fcr Sicherheit","publisher":{"@id":"https:\/\/news.save.ch\/de\/#organization"},"potentialAction":[{"@type":"SearchAction","target":{"@type":"EntryPoint","urlTemplate":"https:\/\/news.save.ch\/de\/?s={search_term_string}"},"query-input":{"@type":"PropertyValueSpecification","valueRequired":true,"valueName":"search_term_string"}}],"inLanguage":"de"},{"@type":"Organization","@id":"https:\/\/news.save.ch\/de\/#organization","name":"Sicherheitsforum","url":"https:\/\/news.save.ch\/de\/","logo":{"@type":"ImageObject","inLanguage":"de","@id":"https:\/\/news.save.ch\/de\/#\/schema\/logo\/image\/","url":"https:\/\/news.save.ch\/wp-content\/uploads\/2022\/06\/Logo_SF_2012.png","contentUrl":"https:\/\/news.save.ch\/wp-content\/uploads\/2022\/06\/Logo_SF_2012.png","width":1100,"height":91,"caption":"Sicherheitsforum"},"image":{"@id":"https:\/\/news.save.ch\/de\/#\/schema\/logo\/image\/"}},{"@type":"Person","@id":"https:\/\/news.save.ch\/de\/#\/schema\/person\/d49e199490bad7c70d64b9ab51142f2b","name":"admin","image":{"@type":"ImageObject","inLanguage":"de","@id":"https:\/\/secure.gravatar.com\/avatar\/ae2f4d718e6c49043e314ce431e7e645d646302a24a5ef5a8bc8e3f5a032e319?s=96&d=mm&r=g","url":"https:\/\/secure.gravatar.com\/avatar\/ae2f4d718e6c49043e314ce431e7e645d646302a24a5ef5a8bc8e3f5a032e319?s=96&d=mm&r=g","contentUrl":"https:\/\/secure.gravatar.com\/avatar\/ae2f4d718e6c49043e314ce431e7e645d646302a24a5ef5a8bc8e3f5a032e319?s=96&d=mm&r=g","caption":"admin"},"sameAs":["https:\/\/develop.organisator.galledia.ch"],"url":"https:\/\/news.save.ch\/de\/author\/admin\/"}]}},"_links":{"self":[{"href":"https:\/\/news.save.ch\/de\/wp-json\/wp\/v2\/posts\/490","targetHints":{"allow":["GET"]}}],"collection":[{"href":"https:\/\/news.save.ch\/de\/wp-json\/wp\/v2\/posts"}],"about":[{"href":"https:\/\/news.save.ch\/de\/wp-json\/wp\/v2\/types\/post"}],"author":[{"embeddable":true,"href":"https:\/\/news.save.ch\/de\/wp-json\/wp\/v2\/users\/1"}],"replies":[{"embeddable":true,"href":"https:\/\/news.save.ch\/de\/wp-json\/wp\/v2\/comments?post=490"}],"version-history":[{"count":1,"href":"https:\/\/news.save.ch\/de\/wp-json\/wp\/v2\/posts\/490\/revisions"}],"predecessor-version":[{"id":18855,"href":"https:\/\/news.save.ch\/de\/wp-json\/wp\/v2\/posts\/490\/revisions\/18855"}],"wp:featuredmedia":[{"embeddable":true,"href":"https:\/\/news.save.ch\/de\/wp-json\/wp\/v2\/media\/491"}],"wp:attachment":[{"href":"https:\/\/news.save.ch\/de\/wp-json\/wp\/v2\/media?parent=490"}],"wp:term":[{"taxonomy":"category","embeddable":true,"href":"https:\/\/news.save.ch\/de\/wp-json\/wp\/v2\/categories?post=490"},{"taxonomy":"post_tag","embeddable":true,"href":"https:\/\/news.save.ch\/de\/wp-json\/wp\/v2\/tags?post=490"}],"curies":[{"name":"wp","href":"https:\/\/api.w.org\/{rel}","templated":true}]}}