{"id":4982,"date":"2017-06-16T11:25:52","date_gmt":"2017-06-16T09:25:52","guid":{"rendered":"https:\/\/news.save.ch\/?p=4982"},"modified":"2023-03-14T08:58:59","modified_gmt":"2023-03-14T07:58:59","slug":"der-bund-will-mehr-erdbebenvorsorge","status":null,"type":"post","link":"https:\/\/news.save.ch\/de\/der-bund-will-mehr-erdbebenvorsorge\/","title":{"rendered":"Der Bund will mehr Erdbebenvorsorge"},"content":{"rendered":"<figure id=\"attachment_4983\" aria-describedby=\"caption-attachment-4983\" style=\"width: 680px\" class=\"wp-caption aligncenter\"><img loading=\"lazy\" decoding=\"async\" class=\"size-medium wp-image-4983\" src=\"https:\/\/news.save.ch\/wp-content\/uploads\/2017\/06\/Depositphotos_19220149_m-2015.jpg\" alt=\"\" width=\"680\" height=\"454\" srcset=\"https:\/\/news.save.ch\/wp-content\/uploads\/2017\/06\/Depositphotos_19220149_m-2015.jpg 1000w, https:\/\/news.save.ch\/wp-content\/uploads\/2017\/06\/Depositphotos_19220149_m-2015-375x250.jpg 375w\" sizes=\"auto, (max-width: 680px) 100vw, 680px\" \/><figcaption id=\"caption-attachment-4983\" class=\"wp-caption-text\">\u00a9 depositphotos<\/figcaption><\/figure>\n<p>&nbsp;<\/p>\n<p>Erdbeben sind in der Schweiz zwar eine eher seltene, aber reale und ernstzunehmende Gefahr. So war das Beben vom 6. M\u00e4rz 2017 im Kanton Glarus mit einer Magnitude von 4,6 in weiten Teilen der Schweiz zu versp\u00fcren; vereinzelt gab es kleinere Sch\u00e4den. Statistisch kommen Erdbeben dieser St\u00e4rke in der Schweiz etwa alle f\u00fcnf Jahre vor. Mit einem Beben, das gr\u00f6ssere Sch\u00e4den anrichtet, ist in der Schweiz alle 50 bis 150 Jahre zu rechnen.<\/p>\n<p><strong>Acht Schwerpunkte festgelegt<\/strong><\/p>\n<p>Der Bund ist als Eigent\u00fcmer f\u00fcr den Erdbebenschutz seiner Bauten und Anlagen verantwortlich und verlangt bei Infrastrukturanlagen in seinem Zust\u00e4ndigkeitsbereich die Umsetzung der geltenden Anforderungen zum erdbebengerechten Bauen. Zudem ist er f\u00fcr die Erdbeben\u00fcberwachung, die Alarmierung und die nationale Gef\u00e4hrdungsabsch\u00e4tzung zust\u00e4ndig. Weiter unterst\u00fctzt er im Ereignisfall die Kantone im Bev\u00f6lkerungsschutz.<\/p>\n<p>Das erst am 11. Dezember 2000 beschlossene Massnahmenprogramm des Bundes hat zum Ziel, ein umfassendes Erdbebenrisikomanagement auf Bundesebene sicherzustellen. Das Programm wird seither alle vier Jahre aktualisiert. An seiner Sitzung vom 16. Juni 2017 hat der Bundesrat folgende Schwerpunkte f\u00fcr den Zeitraum 2017 bis 2020 festgelegt:<\/p>\n<ol>\n<li>Die institutionalisierte Zusammenarbeit auf Bundesebene sicherstellen<\/li>\n<li>Die Erneuerung der nationalen Erdbebenmessnetze abschliessen.<\/li>\n<li>Die Grundlagen zur Gef\u00e4hrdungsabsch\u00e4tzung und zu den Anforderungen an die Erdbebensicherheit verbessern.<\/li>\n<li>Ein Erdbebenrisikomodell f\u00fcr die Schweiz erstellen.<\/li>\n<li>Das Inventar zur Erdbebensicherheit der wichtigen Bundesbauten im In- und Ausland fertigstellen.<\/li>\n<li>Die Qualit\u00e4t des Erdbebenschutzes bei Bauvorhaben der Bau- und Liegenschaftsorgane des Bundes sicherstellen.<\/li>\n<li>Grundlagen und Kriterien f\u00fcr die Beurteilung und Behandlung von Antr\u00e4gen der Kantone f\u00fcr Sonderfinanzhilfen des Bundes im Falle eines Erdbebens erarbeiten.<\/li>\n<li>Ein Konzept f\u00fcr den Aufbau und den Betrieb einer Schadenorganisation in Zusammenarbeit mit den Versicherungen und den Kantonen erstellen.<\/li>\n<\/ol>\n<p><strong>Schutz vor Erdbeben beim Bauen<\/strong><\/p>\n<p>Grundlegend f\u00fcr den Schutz vor Erdbeben ist eine robuste und sichere Bauweise von Geb\u00e4uden und Infrastrukturen, wie es in der bundesr\u00e4tlichen Mitteilung heisst. Alle Beteiligten \u2013 Liegenschaftsbesitzer, Baufachleute und Baubeh\u00f6rden \u2013 sind f\u00fcr das erdbebensichere Bauen bei Neubauten, Umbauten und Sanierungen verantwortlich.<\/p>\n<p>Das Bundesamt f\u00fcr Umwelt (Bafu) betreibt die Koordinationsstelle f\u00fcr Erdbebenvorsorge des Bundes, um die Zusammenarbeit und die Qualit\u00e4t der Umsetzung von Massnahmen auf Bundesebene zu gew\u00e4hrleisten. Zudem soll die Koordinationsstelle die Erdbebenvorsorge bei den Kantonen und Verb\u00e4nden f\u00f6rdern. Diese Aufgabe werde das Bafu in den kommenden Jahren aufgrund von Sparvorgaben des Parlaments nur noch sehr beschr\u00e4nkt wahrnehmen k\u00f6nnen, heisst es im Bericht.<\/p>\n<p><strong>Risikomodell \u00a0fehlt<\/strong><\/p>\n<p>Zurzeit gibt es kein Modell in der Schweiz, das m\u00f6gliche Sch\u00e4den durch Erdbeben zuverl\u00e4ssig absch\u00e4tzt. Ein solches Erdbebenrisikomodell soll nun unter Federf\u00fchrung des Schweizerischen Erdbebendienstes (SED) an der ETH Z\u00fcrich erarbeitet werden. Es basiert auf der regelm\u00e4ssig aktualisierten Absch\u00e4tzung der Erdbebengef\u00e4hrdung, ber\u00fccksichtigt den Einfluss des lokalen Untergrundes sowie die Verletzbarkeit und den Wert von Geb\u00e4uden und Infrastrukturen. Es wird als Grundlage f\u00fcr nationale und kantonale Risiko\u00fcbersichten dienen und soll den zust\u00e4ndigen Beh\u00f6rden erlauben, im Ereignisfall rasch abzusch\u00e4tzen, welche Sch\u00e4den zu erwarten sind.<\/p>\n<p><strong>Sich f\u00fcr den Ereignisfall vorbereiten<\/strong><\/p>\n<p>Die Bew\u00e4ltigung eines grossen Erdbebens \u00fcbersteigt sehr rasch die Mittel und M\u00f6glichkeiten von Kantonen, Gemeinden und Privaten, zumal derzeit kein obligatorischer Versicherungsschutz f\u00fcr Erdbebensch\u00e4den besteht. Der Bund muss den Bev\u00f6lkerungsschutz der Kantone in ausserordentlichen Lagen unterst\u00fctzen und bei Bedarf beim Parlament Sonderfinanzhilfen beantragen. Die Frage, wie die Erfassung der Sch\u00e4den organisiert und die freigesprochenen Gelder an die Gesch\u00e4digten verteilt werden, muss bereits vor einem Ereignis geregelt werden.<\/p>\n<p><em>Quelle: Bund<\/em><\/p>\n<p>&nbsp;<\/p>\n","protected":false},"excerpt":{"rendered":"<p>&nbsp; Erdbeben sind in der Schweiz zwar eine eher seltene, aber reale und ernstzunehmende Gefahr. So war das Beben vom 6. M\u00e4rz 2017 im Kanton Glarus mit einer Magnitude von 4,6 in weiten Teilen der Schweiz zu versp\u00fcren; vereinzelt gab es kleinere Sch\u00e4den. Statistisch kommen Erdbeben dieser St\u00e4rke in der Schweiz etwa alle f\u00fcnf Jahre [&hellip;]<\/p>\n","protected":false},"author":8,"featured_media":4983,"comment_status":"open","ping_status":"open","sticky":false,"template":"","format":"standard","meta":{"_acf_changed":false,"pgc_sgb_lightbox_settings":"","footnotes":""},"categories":[3312],"tags":[170],"class_list":["post-4982","post","type-post","status-publish","format-standard","has-post-thumbnail","hentry","category-sicherheit","tag-naturgefahren"],"acf":[],"hkrextid":null,"publication":null,"issue":null,"workflow":null,"startPage":null,"spitzmarke":null,"_posts_by_tag_page_fields":{"widget_title":"","widget_tags":""},"_at_widget":"1","_yoast_wpseo_primary_category":"5","_yoast_wpseo_focuskw_text_input":"Erdbebenvorsorge","_yoast_wpseo_opengraph-image":null,"_yoast_wpseo_opengraph-description":null,"_yoast_wpseo_opengraph-title":null,"enclosure":null,"_yoast_wpseo_twitter-title":null,"_yoast_wpseo_twitter-description":null,"_yoast_wpseo_twitter-image":null,"_wp_old_slug":null,"_yoast_wpseo_title":null,"_yoast_wpseo_canonical":null,"yoast_head":"<!-- This site is optimized with the Yoast SEO plugin v27.5 - https:\/\/yoast.com\/product\/yoast-seo-wordpress\/ -->\n<title>Der Bund will mehr Erdbebenvorsorge - Save<\/title>\n<meta name=\"description\" content=\"Der Bund will die Erdbebenvorsorge weiter verbessern und hat das Massnahmenprogramm f\u00fcr die Jahre 2017 bis 2020 aktualisiert.\" \/>\n<meta name=\"robots\" content=\"index, follow, max-snippet:-1, max-image-preview:large, max-video-preview:-1\" \/>\n<link rel=\"canonical\" href=\"https:\/\/news.save.ch\/de\/der-bund-will-mehr-erdbebenvorsorge\/\" \/>\n<meta property=\"og:locale\" content=\"de_DE\" \/>\n<meta property=\"og:type\" content=\"article\" \/>\n<meta property=\"og:title\" content=\"Der Bund will mehr Erdbebenvorsorge - Save\" \/>\n<meta property=\"og:description\" content=\"Der Bund will die Erdbebenvorsorge weiter verbessern und hat das Massnahmenprogramm f\u00fcr die Jahre 2017 bis 2020 aktualisiert.\" \/>\n<meta property=\"og:url\" content=\"https:\/\/news.save.ch\/de\/der-bund-will-mehr-erdbebenvorsorge\/\" \/>\n<meta property=\"og:site_name\" content=\"Save\" \/>\n<meta property=\"article:published_time\" content=\"2017-06-16T09:25:52+00:00\" \/>\n<meta property=\"article:modified_time\" content=\"2023-03-14T07:58:59+00:00\" \/>\n<meta property=\"og:image\" content=\"https:\/\/news.save.ch\/wp-content\/uploads\/2017\/06\/Depositphotos_19220149_m-2015.jpg\" \/>\n\t<meta property=\"og:image:width\" content=\"1000\" \/>\n\t<meta property=\"og:image:height\" content=\"667\" \/>\n\t<meta property=\"og:image:type\" content=\"image\/jpeg\" \/>\n<meta name=\"author\" content=\"Roger Str\u00e4ssle\" \/>\n<meta name=\"twitter:card\" content=\"summary_large_image\" \/>\n<meta name=\"twitter:label1\" content=\"Geschrieben von\" \/>\n\t<meta name=\"twitter:data1\" content=\"Roger Str\u00e4ssle\" \/>\n\t<meta name=\"twitter:label2\" content=\"Gesch\u00e4tzte Lesezeit\" \/>\n\t<meta name=\"twitter:data2\" content=\"3\u00a0Minuten\" \/>\n<script type=\"application\/ld+json\" class=\"yoast-schema-graph\">{\"@context\":\"https:\\\/\\\/schema.org\",\"@graph\":[{\"@type\":\"Article\",\"@id\":\"https:\\\/\\\/news.save.ch\\\/der-bund-will-mehr-erdbebenvorsorge\\\/#article\",\"isPartOf\":{\"@id\":\"https:\\\/\\\/news.save.ch\\\/der-bund-will-mehr-erdbebenvorsorge\\\/\"},\"author\":{\"name\":\"Roger Str\u00e4ssle\",\"@id\":\"https:\\\/\\\/news.save.ch\\\/de\\\/#\\\/schema\\\/person\\\/d5022db048e0e2b9785c50e5b24da5aa\"},\"headline\":\"Der Bund will mehr Erdbebenvorsorge\",\"datePublished\":\"2017-06-16T09:25:52+00:00\",\"dateModified\":\"2023-03-14T07:58:59+00:00\",\"mainEntityOfPage\":{\"@id\":\"https:\\\/\\\/news.save.ch\\\/der-bund-will-mehr-erdbebenvorsorge\\\/\"},\"wordCount\":601,\"commentCount\":0,\"publisher\":{\"@id\":\"https:\\\/\\\/news.save.ch\\\/de\\\/#organization\"},\"image\":{\"@id\":\"https:\\\/\\\/news.save.ch\\\/der-bund-will-mehr-erdbebenvorsorge\\\/#primaryimage\"},\"thumbnailUrl\":\"https:\\\/\\\/news.save.ch\\\/wp-content\\\/uploads\\\/2017\\\/06\\\/Depositphotos_19220149_m-2015.jpg\",\"keywords\":[\"Naturgefahren\"],\"articleSection\":[\"SICHERHEIT\"],\"inLanguage\":\"de\"},{\"@type\":\"WebPage\",\"@id\":\"https:\\\/\\\/news.save.ch\\\/der-bund-will-mehr-erdbebenvorsorge\\\/\",\"url\":\"https:\\\/\\\/news.save.ch\\\/der-bund-will-mehr-erdbebenvorsorge\\\/\",\"name\":\"Der Bund will mehr Erdbebenvorsorge - Save\",\"isPartOf\":{\"@id\":\"https:\\\/\\\/news.save.ch\\\/de\\\/#website\"},\"primaryImageOfPage\":{\"@id\":\"https:\\\/\\\/news.save.ch\\\/der-bund-will-mehr-erdbebenvorsorge\\\/#primaryimage\"},\"image\":{\"@id\":\"https:\\\/\\\/news.save.ch\\\/der-bund-will-mehr-erdbebenvorsorge\\\/#primaryimage\"},\"thumbnailUrl\":\"https:\\\/\\\/news.save.ch\\\/wp-content\\\/uploads\\\/2017\\\/06\\\/Depositphotos_19220149_m-2015.jpg\",\"datePublished\":\"2017-06-16T09:25:52+00:00\",\"dateModified\":\"2023-03-14T07:58:59+00:00\",\"description\":\"Der Bund will die Erdbebenvorsorge weiter verbessern und hat das Massnahmenprogramm f\u00fcr die Jahre 2017 bis 2020 aktualisiert.\",\"breadcrumb\":{\"@id\":\"https:\\\/\\\/news.save.ch\\\/der-bund-will-mehr-erdbebenvorsorge\\\/#breadcrumb\"},\"inLanguage\":\"de\",\"potentialAction\":[{\"@type\":\"ReadAction\",\"target\":[\"https:\\\/\\\/news.save.ch\\\/der-bund-will-mehr-erdbebenvorsorge\\\/\"]}]},{\"@type\":\"ImageObject\",\"inLanguage\":\"de\",\"@id\":\"https:\\\/\\\/news.save.ch\\\/der-bund-will-mehr-erdbebenvorsorge\\\/#primaryimage\",\"url\":\"https:\\\/\\\/news.save.ch\\\/wp-content\\\/uploads\\\/2017\\\/06\\\/Depositphotos_19220149_m-2015.jpg\",\"contentUrl\":\"https:\\\/\\\/news.save.ch\\\/wp-content\\\/uploads\\\/2017\\\/06\\\/Depositphotos_19220149_m-2015.jpg\",\"width\":1000,\"height\":667,\"caption\":\"\u00a9 depositphotos\"},{\"@type\":\"BreadcrumbList\",\"@id\":\"https:\\\/\\\/news.save.ch\\\/der-bund-will-mehr-erdbebenvorsorge\\\/#breadcrumb\",\"itemListElement\":[{\"@type\":\"ListItem\",\"position\":1,\"name\":\"Home\",\"item\":\"https:\\\/\\\/news.save.ch\\\/de\\\/\"},{\"@type\":\"ListItem\",\"position\":2,\"name\":\"Der Bund will mehr Erdbebenvorsorge\"}]},{\"@type\":\"WebSite\",\"@id\":\"https:\\\/\\\/news.save.ch\\\/de\\\/#website\",\"url\":\"https:\\\/\\\/news.save.ch\\\/de\\\/\",\"name\":\"Save\",\"description\":\"Schweizer Fachzeitschrift f\u00fcr Sicherheit\",\"publisher\":{\"@id\":\"https:\\\/\\\/news.save.ch\\\/de\\\/#organization\"},\"potentialAction\":[{\"@type\":\"SearchAction\",\"target\":{\"@type\":\"EntryPoint\",\"urlTemplate\":\"https:\\\/\\\/news.save.ch\\\/de\\\/?s={search_term_string}\"},\"query-input\":{\"@type\":\"PropertyValueSpecification\",\"valueRequired\":true,\"valueName\":\"search_term_string\"}}],\"inLanguage\":\"de\"},{\"@type\":\"Organization\",\"@id\":\"https:\\\/\\\/news.save.ch\\\/de\\\/#organization\",\"name\":\"Sicherheitsforum\",\"url\":\"https:\\\/\\\/news.save.ch\\\/de\\\/\",\"logo\":{\"@type\":\"ImageObject\",\"inLanguage\":\"de\",\"@id\":\"https:\\\/\\\/news.save.ch\\\/de\\\/#\\\/schema\\\/logo\\\/image\\\/\",\"url\":\"https:\\\/\\\/news.save.ch\\\/wp-content\\\/uploads\\\/2022\\\/06\\\/Logo_SF_2012.png\",\"contentUrl\":\"https:\\\/\\\/news.save.ch\\\/wp-content\\\/uploads\\\/2022\\\/06\\\/Logo_SF_2012.png\",\"width\":1100,\"height\":91,\"caption\":\"Sicherheitsforum\"},\"image\":{\"@id\":\"https:\\\/\\\/news.save.ch\\\/de\\\/#\\\/schema\\\/logo\\\/image\\\/\"}},{\"@type\":\"Person\",\"@id\":\"https:\\\/\\\/news.save.ch\\\/de\\\/#\\\/schema\\\/person\\\/d5022db048e0e2b9785c50e5b24da5aa\",\"name\":\"Roger Str\u00e4ssle\",\"image\":{\"@type\":\"ImageObject\",\"inLanguage\":\"de\",\"@id\":\"https:\\\/\\\/secure.gravatar.com\\\/avatar\\\/862a5569d087de48e5856e32f45d719a03804c891d6deb8d4f71a660e79e4a47?s=96&d=mm&r=g\",\"url\":\"https:\\\/\\\/secure.gravatar.com\\\/avatar\\\/862a5569d087de48e5856e32f45d719a03804c891d6deb8d4f71a660e79e4a47?s=96&d=mm&r=g\",\"contentUrl\":\"https:\\\/\\\/secure.gravatar.com\\\/avatar\\\/862a5569d087de48e5856e32f45d719a03804c891d6deb8d4f71a660e79e4a47?s=96&d=mm&r=g\",\"caption\":\"Roger Str\u00e4ssle\"},\"url\":\"https:\\\/\\\/news.save.ch\\\/de\\\/author\\\/roger-straessle\\\/\"}]}<\/script>\n<!-- \/ Yoast SEO plugin. -->","yoast_head_json":{"title":"Der Bund will mehr Erdbebenvorsorge - Save","description":"Der Bund will die Erdbebenvorsorge weiter verbessern und hat das Massnahmenprogramm f\u00fcr die Jahre 2017 bis 2020 aktualisiert.","robots":{"index":"index","follow":"follow","max-snippet":"max-snippet:-1","max-image-preview":"max-image-preview:large","max-video-preview":"max-video-preview:-1"},"canonical":"https:\/\/news.save.ch\/de\/der-bund-will-mehr-erdbebenvorsorge\/","og_locale":"de_DE","og_type":"article","og_title":"Der Bund will mehr Erdbebenvorsorge - Save","og_description":"Der Bund will die Erdbebenvorsorge weiter verbessern und hat das Massnahmenprogramm f\u00fcr die Jahre 2017 bis 2020 aktualisiert.","og_url":"https:\/\/news.save.ch\/de\/der-bund-will-mehr-erdbebenvorsorge\/","og_site_name":"Save","article_published_time":"2017-06-16T09:25:52+00:00","article_modified_time":"2023-03-14T07:58:59+00:00","og_image":[{"width":1000,"height":667,"url":"https:\/\/news.save.ch\/wp-content\/uploads\/2017\/06\/Depositphotos_19220149_m-2015.jpg","type":"image\/jpeg"}],"author":"Roger Str\u00e4ssle","twitter_card":"summary_large_image","twitter_misc":{"Geschrieben von":"Roger Str\u00e4ssle","Gesch\u00e4tzte Lesezeit":"3\u00a0Minuten"},"schema":{"@context":"https:\/\/schema.org","@graph":[{"@type":"Article","@id":"https:\/\/news.save.ch\/der-bund-will-mehr-erdbebenvorsorge\/#article","isPartOf":{"@id":"https:\/\/news.save.ch\/der-bund-will-mehr-erdbebenvorsorge\/"},"author":{"name":"Roger Str\u00e4ssle","@id":"https:\/\/news.save.ch\/de\/#\/schema\/person\/d5022db048e0e2b9785c50e5b24da5aa"},"headline":"Der Bund will mehr Erdbebenvorsorge","datePublished":"2017-06-16T09:25:52+00:00","dateModified":"2023-03-14T07:58:59+00:00","mainEntityOfPage":{"@id":"https:\/\/news.save.ch\/der-bund-will-mehr-erdbebenvorsorge\/"},"wordCount":601,"commentCount":0,"publisher":{"@id":"https:\/\/news.save.ch\/de\/#organization"},"image":{"@id":"https:\/\/news.save.ch\/der-bund-will-mehr-erdbebenvorsorge\/#primaryimage"},"thumbnailUrl":"https:\/\/news.save.ch\/wp-content\/uploads\/2017\/06\/Depositphotos_19220149_m-2015.jpg","keywords":["Naturgefahren"],"articleSection":["SICHERHEIT"],"inLanguage":"de"},{"@type":"WebPage","@id":"https:\/\/news.save.ch\/der-bund-will-mehr-erdbebenvorsorge\/","url":"https:\/\/news.save.ch\/der-bund-will-mehr-erdbebenvorsorge\/","name":"Der Bund will mehr Erdbebenvorsorge - Save","isPartOf":{"@id":"https:\/\/news.save.ch\/de\/#website"},"primaryImageOfPage":{"@id":"https:\/\/news.save.ch\/der-bund-will-mehr-erdbebenvorsorge\/#primaryimage"},"image":{"@id":"https:\/\/news.save.ch\/der-bund-will-mehr-erdbebenvorsorge\/#primaryimage"},"thumbnailUrl":"https:\/\/news.save.ch\/wp-content\/uploads\/2017\/06\/Depositphotos_19220149_m-2015.jpg","datePublished":"2017-06-16T09:25:52+00:00","dateModified":"2023-03-14T07:58:59+00:00","description":"Der Bund will die Erdbebenvorsorge weiter verbessern und hat das Massnahmenprogramm f\u00fcr die Jahre 2017 bis 2020 aktualisiert.","breadcrumb":{"@id":"https:\/\/news.save.ch\/der-bund-will-mehr-erdbebenvorsorge\/#breadcrumb"},"inLanguage":"de","potentialAction":[{"@type":"ReadAction","target":["https:\/\/news.save.ch\/der-bund-will-mehr-erdbebenvorsorge\/"]}]},{"@type":"ImageObject","inLanguage":"de","@id":"https:\/\/news.save.ch\/der-bund-will-mehr-erdbebenvorsorge\/#primaryimage","url":"https:\/\/news.save.ch\/wp-content\/uploads\/2017\/06\/Depositphotos_19220149_m-2015.jpg","contentUrl":"https:\/\/news.save.ch\/wp-content\/uploads\/2017\/06\/Depositphotos_19220149_m-2015.jpg","width":1000,"height":667,"caption":"\u00a9 depositphotos"},{"@type":"BreadcrumbList","@id":"https:\/\/news.save.ch\/der-bund-will-mehr-erdbebenvorsorge\/#breadcrumb","itemListElement":[{"@type":"ListItem","position":1,"name":"Home","item":"https:\/\/news.save.ch\/de\/"},{"@type":"ListItem","position":2,"name":"Der Bund will mehr Erdbebenvorsorge"}]},{"@type":"WebSite","@id":"https:\/\/news.save.ch\/de\/#website","url":"https:\/\/news.save.ch\/de\/","name":"Save","description":"Schweizer Fachzeitschrift f\u00fcr Sicherheit","publisher":{"@id":"https:\/\/news.save.ch\/de\/#organization"},"potentialAction":[{"@type":"SearchAction","target":{"@type":"EntryPoint","urlTemplate":"https:\/\/news.save.ch\/de\/?s={search_term_string}"},"query-input":{"@type":"PropertyValueSpecification","valueRequired":true,"valueName":"search_term_string"}}],"inLanguage":"de"},{"@type":"Organization","@id":"https:\/\/news.save.ch\/de\/#organization","name":"Sicherheitsforum","url":"https:\/\/news.save.ch\/de\/","logo":{"@type":"ImageObject","inLanguage":"de","@id":"https:\/\/news.save.ch\/de\/#\/schema\/logo\/image\/","url":"https:\/\/news.save.ch\/wp-content\/uploads\/2022\/06\/Logo_SF_2012.png","contentUrl":"https:\/\/news.save.ch\/wp-content\/uploads\/2022\/06\/Logo_SF_2012.png","width":1100,"height":91,"caption":"Sicherheitsforum"},"image":{"@id":"https:\/\/news.save.ch\/de\/#\/schema\/logo\/image\/"}},{"@type":"Person","@id":"https:\/\/news.save.ch\/de\/#\/schema\/person\/d5022db048e0e2b9785c50e5b24da5aa","name":"Roger Str\u00e4ssle","image":{"@type":"ImageObject","inLanguage":"de","@id":"https:\/\/secure.gravatar.com\/avatar\/862a5569d087de48e5856e32f45d719a03804c891d6deb8d4f71a660e79e4a47?s=96&d=mm&r=g","url":"https:\/\/secure.gravatar.com\/avatar\/862a5569d087de48e5856e32f45d719a03804c891d6deb8d4f71a660e79e4a47?s=96&d=mm&r=g","contentUrl":"https:\/\/secure.gravatar.com\/avatar\/862a5569d087de48e5856e32f45d719a03804c891d6deb8d4f71a660e79e4a47?s=96&d=mm&r=g","caption":"Roger Str\u00e4ssle"},"url":"https:\/\/news.save.ch\/de\/author\/roger-straessle\/"}]}},"_links":{"self":[{"href":"https:\/\/news.save.ch\/de\/wp-json\/wp\/v2\/posts\/4982","targetHints":{"allow":["GET"]}}],"collection":[{"href":"https:\/\/news.save.ch\/de\/wp-json\/wp\/v2\/posts"}],"about":[{"href":"https:\/\/news.save.ch\/de\/wp-json\/wp\/v2\/types\/post"}],"author":[{"embeddable":true,"href":"https:\/\/news.save.ch\/de\/wp-json\/wp\/v2\/users\/8"}],"replies":[{"embeddable":true,"href":"https:\/\/news.save.ch\/de\/wp-json\/wp\/v2\/comments?post=4982"}],"version-history":[{"count":1,"href":"https:\/\/news.save.ch\/de\/wp-json\/wp\/v2\/posts\/4982\/revisions"}],"predecessor-version":[{"id":17874,"href":"https:\/\/news.save.ch\/de\/wp-json\/wp\/v2\/posts\/4982\/revisions\/17874"}],"wp:featuredmedia":[{"embeddable":true,"href":"https:\/\/news.save.ch\/de\/wp-json\/wp\/v2\/media\/4983"}],"wp:attachment":[{"href":"https:\/\/news.save.ch\/de\/wp-json\/wp\/v2\/media?parent=4982"}],"wp:term":[{"taxonomy":"category","embeddable":true,"href":"https:\/\/news.save.ch\/de\/wp-json\/wp\/v2\/categories?post=4982"},{"taxonomy":"post_tag","embeddable":true,"href":"https:\/\/news.save.ch\/de\/wp-json\/wp\/v2\/tags?post=4982"}],"curies":[{"name":"wp","href":"https:\/\/api.w.org\/{rel}","templated":true}]}}