{"id":5044,"date":"2017-07-17T14:59:01","date_gmt":"2017-07-17T12:59:01","guid":{"rendered":"https:\/\/news.save.ch\/?p=5044"},"modified":"2023-03-14T09:00:01","modified_gmt":"2023-03-14T08:00:01","slug":"zutrittsloesung-genetec-und-salto-arbeiten-zusammen","status":null,"type":"post","link":"https:\/\/news.save.ch\/de\/zutrittsloesung-genetec-und-salto-arbeiten-zusammen\/","title":{"rendered":"Zutrittsl\u00f6sung: Genetec und Salto arbeiten zusammen"},"content":{"rendered":"<p><img loading=\"lazy\" decoding=\"async\" class=\"size-medium wp-image-5045\" src=\"https:\/\/news.save.ch\/wp-content\/uploads\/2017\/07\/genetec-synergis.jpg\" alt=\"\" width=\"680\" height=\"435\" srcset=\"https:\/\/news.save.ch\/wp-content\/uploads\/2017\/07\/genetec-synergis.jpg 1026w, https:\/\/news.save.ch\/wp-content\/uploads\/2017\/07\/genetec-synergis-375x240.jpg 375w\" sizes=\"auto, (max-width: 680px) 100vw, 680px\" \/><\/p>\n<p>Dank der Unterst\u00fctzung des Salto Virtual Networks (SVN) durch <a href=\"https:\/\/www.genetec.com\/de\">Genetec<\/a> Synergis, der IP-basierten Zutrittskontrolll\u00f6sung von Genetec Security Center, k\u00f6nnen Anwender dar\u00fcber nun auch die kabellosen elektronischen XS4-Beschl\u00e4ge und -Zylinder von <a href=\"https:\/\/www.saltosystems.de\">Salto<\/a> verwalten und steuern, wie die zwei Unternehmen mitgeteilt haben.<\/p>\n<p>Durch die Integration w\u00fcrden Synergis-Kunden die M\u00f6glichkeit erhalten, unsichere und langfristig teure mechanische Schliesssysteme kosteng\u00fcnstig durch kabellos vernetzte T\u00fcrkomponenten zu ersetzen.<\/p>\n<p><strong>Keine Verkabelung\u00a0<\/strong><\/p>\n<p>Das SVN ist eine Data-on-Card-Technologie mit patentierter Schreib-Lese-Funktionalit\u00e4t und verschl\u00fcsselter Daten\u00fcbertragung. Im SVN werden die Informationen zu den Schliessberechtigungen auf dem Identmedium gespeichert, wodurch eine Verkabelung der elektronischen Beschl\u00e4ge und Zylinder entf\u00e4llt. Gleichzeitig werden auch Informationen \u00fcber gesperrte Identmedien oder beispielsweise Batteriest\u00e4nde in den Beschl\u00e4gen und Zylindern auf die Identmedien geschrieben und somit weitergegeben. Die Online-Wandleser \u00fcbertragen die ausgelesenen Daten an den zentralen Server und \u00fcbermitteln gleichzeitig die aktuellen Schliessberechtigungen auf die Identmedien.<\/p>\n<p>Zum Salto-Produktportfolio geh\u00f6ren neben elektronischen Beschl\u00e4gen und Zylindern auch Wandleser und T\u00fcrsteuerungen sowie Spindschl\u00f6sser, die alle ins SVN eingebunden sind. Mit der Integration werden diese T\u00fcrkomponenten nun zentral in Synergis gemanagt. Dazu z\u00e4hlt auch, dass die Zutrittsberechtigungen auf den Karten aus der Ferne aktualisiert und gel\u00f6scht werden k\u00f6nnen, wenn diese vor einen Wandleser gehalten werden.<\/p>\n<p>\u201eKunden, die herk\u00f6mmliche mechanische Schl\u00fcssel zum \u00d6ffnen von T\u00fcren, Schr\u00e4nken und Schliessf\u00e4chern nutzen, sind nur allzu vertraut mit den enormen Kosten und dem Zeitverlust, die entstehen, wenn eine Schliessanlage ausgetauscht oder Schl\u00f6sser umprogrammiert werden m\u00fcssen\u201c, erkl\u00e4rt Derek Arcuri von Genetec.<\/p>\n","protected":false},"excerpt":{"rendered":"<p>Dank der Unterst\u00fctzung des Salto Virtual Networks (SVN) durch Genetec Synergis, der IP-basierten Zutrittskontrolll\u00f6sung von Genetec Security Center, k\u00f6nnen Anwender dar\u00fcber nun auch die kabellosen elektronischen XS4-Beschl\u00e4ge und -Zylinder von Salto verwalten und steuern, wie die zwei Unternehmen mitgeteilt haben. Durch die Integration w\u00fcrden Synergis-Kunden die M\u00f6glichkeit erhalten, unsichere und langfristig teure mechanische Schliesssysteme kosteng\u00fcnstig [&hellip;]<\/p>\n","protected":false},"author":8,"featured_media":5045,"comment_status":"open","ping_status":"open","sticky":false,"template":"","format":"standard","meta":{"_acf_changed":false,"pgc_sgb_lightbox_settings":"","footnotes":""},"categories":[3312],"tags":[158],"class_list":["post-5044","post","type-post","status-publish","format-standard","has-post-thumbnail","hentry","category-sicherheit","tag-zutrittskontrolle"],"acf":[],"hkrextid":null,"publication":null,"issue":null,"workflow":null,"startPage":null,"spitzmarke":null,"_posts_by_tag_page_fields":{"widget_title":"","widget_tags":""},"_at_widget":"1","_yoast_wpseo_primary_category":"3303","_yoast_wpseo_focuskw_text_input":"Genetec","_yoast_wpseo_opengraph-image":null,"_yoast_wpseo_opengraph-description":null,"_yoast_wpseo_opengraph-title":null,"enclosure":null,"_yoast_wpseo_twitter-title":null,"_yoast_wpseo_twitter-description":null,"_yoast_wpseo_twitter-image":null,"_wp_old_slug":null,"_yoast_wpseo_title":null,"_yoast_wpseo_canonical":null,"yoast_head":"<!-- This site is optimized with the Yoast SEO plugin v27.4 - https:\/\/yoast.com\/product\/yoast-seo-wordpress\/ -->\n<title>Zutrittsl\u00f6sung: Genetec und Salto arbeiten zusammen - Save<\/title>\n<meta name=\"description\" content=\"Genetec Synergis unterst\u00fctzt neu Virtual Network von Salto. Dadurch erweitern sie die Einsatzm\u00f6glichkeiten des Zutrittssystems.\" \/>\n<meta name=\"robots\" content=\"index, follow, max-snippet:-1, max-image-preview:large, max-video-preview:-1\" \/>\n<link rel=\"canonical\" href=\"https:\/\/news.save.ch\/de\/zutrittsloesung-genetec-und-salto-arbeiten-zusammen\/\" \/>\n<meta property=\"og:locale\" content=\"de_DE\" \/>\n<meta property=\"og:type\" content=\"article\" \/>\n<meta property=\"og:title\" content=\"Zutrittsl\u00f6sung: Genetec und Salto arbeiten zusammen - Save\" \/>\n<meta property=\"og:description\" content=\"Genetec Synergis unterst\u00fctzt neu Virtual Network von Salto. Dadurch erweitern sie die Einsatzm\u00f6glichkeiten des Zutrittssystems.\" \/>\n<meta property=\"og:url\" content=\"https:\/\/news.save.ch\/de\/zutrittsloesung-genetec-und-salto-arbeiten-zusammen\/\" \/>\n<meta property=\"og:site_name\" content=\"Save\" \/>\n<meta property=\"article:published_time\" content=\"2017-07-17T12:59:01+00:00\" \/>\n<meta property=\"article:modified_time\" content=\"2023-03-14T08:00:01+00:00\" \/>\n<meta property=\"og:image\" content=\"https:\/\/news.save.ch\/wp-content\/uploads\/2017\/07\/genetec-synergis.jpg\" \/>\n\t<meta property=\"og:image:width\" content=\"1026\" \/>\n\t<meta property=\"og:image:height\" content=\"657\" \/>\n\t<meta property=\"og:image:type\" content=\"image\/jpeg\" \/>\n<meta name=\"author\" content=\"Roger Str\u00e4ssle\" \/>\n<meta name=\"twitter:card\" content=\"summary_large_image\" \/>\n<meta name=\"twitter:label1\" content=\"Geschrieben von\" \/>\n\t<meta name=\"twitter:data1\" content=\"Roger Str\u00e4ssle\" \/>\n\t<meta name=\"twitter:label2\" content=\"Gesch\u00e4tzte Lesezeit\" \/>\n\t<meta name=\"twitter:data2\" content=\"1\u00a0Minute\" \/>\n<script type=\"application\/ld+json\" class=\"yoast-schema-graph\">{\"@context\":\"https:\\\/\\\/schema.org\",\"@graph\":[{\"@type\":\"Article\",\"@id\":\"https:\\\/\\\/news.save.ch\\\/zutrittsloesung-genetec-und-salto-arbeiten-zusammen\\\/#article\",\"isPartOf\":{\"@id\":\"https:\\\/\\\/news.save.ch\\\/zutrittsloesung-genetec-und-salto-arbeiten-zusammen\\\/\"},\"author\":{\"name\":\"Roger Str\u00e4ssle\",\"@id\":\"https:\\\/\\\/news.save.ch\\\/de\\\/#\\\/schema\\\/person\\\/d5022db048e0e2b9785c50e5b24da5aa\"},\"headline\":\"Zutrittsl\u00f6sung: Genetec und Salto arbeiten zusammen\",\"datePublished\":\"2017-07-17T12:59:01+00:00\",\"dateModified\":\"2023-03-14T08:00:01+00:00\",\"mainEntityOfPage\":{\"@id\":\"https:\\\/\\\/news.save.ch\\\/zutrittsloesung-genetec-und-salto-arbeiten-zusammen\\\/\"},\"wordCount\":271,\"commentCount\":0,\"publisher\":{\"@id\":\"https:\\\/\\\/news.save.ch\\\/de\\\/#organization\"},\"image\":{\"@id\":\"https:\\\/\\\/news.save.ch\\\/zutrittsloesung-genetec-und-salto-arbeiten-zusammen\\\/#primaryimage\"},\"thumbnailUrl\":\"https:\\\/\\\/news.save.ch\\\/wp-content\\\/uploads\\\/2017\\\/07\\\/genetec-synergis.jpg\",\"keywords\":[\"Zutrittskontrolle\"],\"articleSection\":[\"SICHERHEIT\"],\"inLanguage\":\"de\"},{\"@type\":\"WebPage\",\"@id\":\"https:\\\/\\\/news.save.ch\\\/zutrittsloesung-genetec-und-salto-arbeiten-zusammen\\\/\",\"url\":\"https:\\\/\\\/news.save.ch\\\/zutrittsloesung-genetec-und-salto-arbeiten-zusammen\\\/\",\"name\":\"Zutrittsl\u00f6sung: Genetec und Salto arbeiten zusammen - Save\",\"isPartOf\":{\"@id\":\"https:\\\/\\\/news.save.ch\\\/de\\\/#website\"},\"primaryImageOfPage\":{\"@id\":\"https:\\\/\\\/news.save.ch\\\/zutrittsloesung-genetec-und-salto-arbeiten-zusammen\\\/#primaryimage\"},\"image\":{\"@id\":\"https:\\\/\\\/news.save.ch\\\/zutrittsloesung-genetec-und-salto-arbeiten-zusammen\\\/#primaryimage\"},\"thumbnailUrl\":\"https:\\\/\\\/news.save.ch\\\/wp-content\\\/uploads\\\/2017\\\/07\\\/genetec-synergis.jpg\",\"datePublished\":\"2017-07-17T12:59:01+00:00\",\"dateModified\":\"2023-03-14T08:00:01+00:00\",\"description\":\"Genetec Synergis unterst\u00fctzt neu Virtual Network von Salto. Dadurch erweitern sie die Einsatzm\u00f6glichkeiten des Zutrittssystems.\",\"breadcrumb\":{\"@id\":\"https:\\\/\\\/news.save.ch\\\/zutrittsloesung-genetec-und-salto-arbeiten-zusammen\\\/#breadcrumb\"},\"inLanguage\":\"de\",\"potentialAction\":[{\"@type\":\"ReadAction\",\"target\":[\"https:\\\/\\\/news.save.ch\\\/zutrittsloesung-genetec-und-salto-arbeiten-zusammen\\\/\"]}]},{\"@type\":\"ImageObject\",\"inLanguage\":\"de\",\"@id\":\"https:\\\/\\\/news.save.ch\\\/zutrittsloesung-genetec-und-salto-arbeiten-zusammen\\\/#primaryimage\",\"url\":\"https:\\\/\\\/news.save.ch\\\/wp-content\\\/uploads\\\/2017\\\/07\\\/genetec-synergis.jpg\",\"contentUrl\":\"https:\\\/\\\/news.save.ch\\\/wp-content\\\/uploads\\\/2017\\\/07\\\/genetec-synergis.jpg\",\"width\":1026,\"height\":657,\"caption\":\"Foto: genetec synergis\"},{\"@type\":\"BreadcrumbList\",\"@id\":\"https:\\\/\\\/news.save.ch\\\/zutrittsloesung-genetec-und-salto-arbeiten-zusammen\\\/#breadcrumb\",\"itemListElement\":[{\"@type\":\"ListItem\",\"position\":1,\"name\":\"Home\",\"item\":\"https:\\\/\\\/news.save.ch\\\/de\\\/\"},{\"@type\":\"ListItem\",\"position\":2,\"name\":\"Zutrittsl\u00f6sung: Genetec und Salto arbeiten zusammen\"}]},{\"@type\":\"WebSite\",\"@id\":\"https:\\\/\\\/news.save.ch\\\/de\\\/#website\",\"url\":\"https:\\\/\\\/news.save.ch\\\/de\\\/\",\"name\":\"Save\",\"description\":\"Schweizer Fachzeitschrift f\u00fcr Sicherheit\",\"publisher\":{\"@id\":\"https:\\\/\\\/news.save.ch\\\/de\\\/#organization\"},\"potentialAction\":[{\"@type\":\"SearchAction\",\"target\":{\"@type\":\"EntryPoint\",\"urlTemplate\":\"https:\\\/\\\/news.save.ch\\\/de\\\/?s={search_term_string}\"},\"query-input\":{\"@type\":\"PropertyValueSpecification\",\"valueRequired\":true,\"valueName\":\"search_term_string\"}}],\"inLanguage\":\"de\"},{\"@type\":\"Organization\",\"@id\":\"https:\\\/\\\/news.save.ch\\\/de\\\/#organization\",\"name\":\"Sicherheitsforum\",\"url\":\"https:\\\/\\\/news.save.ch\\\/de\\\/\",\"logo\":{\"@type\":\"ImageObject\",\"inLanguage\":\"de\",\"@id\":\"https:\\\/\\\/news.save.ch\\\/de\\\/#\\\/schema\\\/logo\\\/image\\\/\",\"url\":\"https:\\\/\\\/news.save.ch\\\/wp-content\\\/uploads\\\/2022\\\/06\\\/Logo_SF_2012.png\",\"contentUrl\":\"https:\\\/\\\/news.save.ch\\\/wp-content\\\/uploads\\\/2022\\\/06\\\/Logo_SF_2012.png\",\"width\":1100,\"height\":91,\"caption\":\"Sicherheitsforum\"},\"image\":{\"@id\":\"https:\\\/\\\/news.save.ch\\\/de\\\/#\\\/schema\\\/logo\\\/image\\\/\"}},{\"@type\":\"Person\",\"@id\":\"https:\\\/\\\/news.save.ch\\\/de\\\/#\\\/schema\\\/person\\\/d5022db048e0e2b9785c50e5b24da5aa\",\"name\":\"Roger Str\u00e4ssle\",\"image\":{\"@type\":\"ImageObject\",\"inLanguage\":\"de\",\"@id\":\"https:\\\/\\\/secure.gravatar.com\\\/avatar\\\/862a5569d087de48e5856e32f45d719a03804c891d6deb8d4f71a660e79e4a47?s=96&d=mm&r=g\",\"url\":\"https:\\\/\\\/secure.gravatar.com\\\/avatar\\\/862a5569d087de48e5856e32f45d719a03804c891d6deb8d4f71a660e79e4a47?s=96&d=mm&r=g\",\"contentUrl\":\"https:\\\/\\\/secure.gravatar.com\\\/avatar\\\/862a5569d087de48e5856e32f45d719a03804c891d6deb8d4f71a660e79e4a47?s=96&d=mm&r=g\",\"caption\":\"Roger Str\u00e4ssle\"},\"url\":\"https:\\\/\\\/news.save.ch\\\/de\\\/author\\\/roger-straessle\\\/\"}]}<\/script>\n<!-- \/ Yoast SEO plugin. -->","yoast_head_json":{"title":"Zutrittsl\u00f6sung: Genetec und Salto arbeiten zusammen - Save","description":"Genetec Synergis unterst\u00fctzt neu Virtual Network von Salto. Dadurch erweitern sie die Einsatzm\u00f6glichkeiten des Zutrittssystems.","robots":{"index":"index","follow":"follow","max-snippet":"max-snippet:-1","max-image-preview":"max-image-preview:large","max-video-preview":"max-video-preview:-1"},"canonical":"https:\/\/news.save.ch\/de\/zutrittsloesung-genetec-und-salto-arbeiten-zusammen\/","og_locale":"de_DE","og_type":"article","og_title":"Zutrittsl\u00f6sung: Genetec und Salto arbeiten zusammen - Save","og_description":"Genetec Synergis unterst\u00fctzt neu Virtual Network von Salto. Dadurch erweitern sie die Einsatzm\u00f6glichkeiten des Zutrittssystems.","og_url":"https:\/\/news.save.ch\/de\/zutrittsloesung-genetec-und-salto-arbeiten-zusammen\/","og_site_name":"Save","article_published_time":"2017-07-17T12:59:01+00:00","article_modified_time":"2023-03-14T08:00:01+00:00","og_image":[{"width":1026,"height":657,"url":"https:\/\/news.save.ch\/wp-content\/uploads\/2017\/07\/genetec-synergis.jpg","type":"image\/jpeg"}],"author":"Roger Str\u00e4ssle","twitter_card":"summary_large_image","twitter_misc":{"Geschrieben von":"Roger Str\u00e4ssle","Gesch\u00e4tzte Lesezeit":"1\u00a0Minute"},"schema":{"@context":"https:\/\/schema.org","@graph":[{"@type":"Article","@id":"https:\/\/news.save.ch\/zutrittsloesung-genetec-und-salto-arbeiten-zusammen\/#article","isPartOf":{"@id":"https:\/\/news.save.ch\/zutrittsloesung-genetec-und-salto-arbeiten-zusammen\/"},"author":{"name":"Roger Str\u00e4ssle","@id":"https:\/\/news.save.ch\/de\/#\/schema\/person\/d5022db048e0e2b9785c50e5b24da5aa"},"headline":"Zutrittsl\u00f6sung: Genetec und Salto arbeiten zusammen","datePublished":"2017-07-17T12:59:01+00:00","dateModified":"2023-03-14T08:00:01+00:00","mainEntityOfPage":{"@id":"https:\/\/news.save.ch\/zutrittsloesung-genetec-und-salto-arbeiten-zusammen\/"},"wordCount":271,"commentCount":0,"publisher":{"@id":"https:\/\/news.save.ch\/de\/#organization"},"image":{"@id":"https:\/\/news.save.ch\/zutrittsloesung-genetec-und-salto-arbeiten-zusammen\/#primaryimage"},"thumbnailUrl":"https:\/\/news.save.ch\/wp-content\/uploads\/2017\/07\/genetec-synergis.jpg","keywords":["Zutrittskontrolle"],"articleSection":["SICHERHEIT"],"inLanguage":"de"},{"@type":"WebPage","@id":"https:\/\/news.save.ch\/zutrittsloesung-genetec-und-salto-arbeiten-zusammen\/","url":"https:\/\/news.save.ch\/zutrittsloesung-genetec-und-salto-arbeiten-zusammen\/","name":"Zutrittsl\u00f6sung: Genetec und Salto arbeiten zusammen - Save","isPartOf":{"@id":"https:\/\/news.save.ch\/de\/#website"},"primaryImageOfPage":{"@id":"https:\/\/news.save.ch\/zutrittsloesung-genetec-und-salto-arbeiten-zusammen\/#primaryimage"},"image":{"@id":"https:\/\/news.save.ch\/zutrittsloesung-genetec-und-salto-arbeiten-zusammen\/#primaryimage"},"thumbnailUrl":"https:\/\/news.save.ch\/wp-content\/uploads\/2017\/07\/genetec-synergis.jpg","datePublished":"2017-07-17T12:59:01+00:00","dateModified":"2023-03-14T08:00:01+00:00","description":"Genetec Synergis unterst\u00fctzt neu Virtual Network von Salto. Dadurch erweitern sie die Einsatzm\u00f6glichkeiten des Zutrittssystems.","breadcrumb":{"@id":"https:\/\/news.save.ch\/zutrittsloesung-genetec-und-salto-arbeiten-zusammen\/#breadcrumb"},"inLanguage":"de","potentialAction":[{"@type":"ReadAction","target":["https:\/\/news.save.ch\/zutrittsloesung-genetec-und-salto-arbeiten-zusammen\/"]}]},{"@type":"ImageObject","inLanguage":"de","@id":"https:\/\/news.save.ch\/zutrittsloesung-genetec-und-salto-arbeiten-zusammen\/#primaryimage","url":"https:\/\/news.save.ch\/wp-content\/uploads\/2017\/07\/genetec-synergis.jpg","contentUrl":"https:\/\/news.save.ch\/wp-content\/uploads\/2017\/07\/genetec-synergis.jpg","width":1026,"height":657,"caption":"Foto: genetec synergis"},{"@type":"BreadcrumbList","@id":"https:\/\/news.save.ch\/zutrittsloesung-genetec-und-salto-arbeiten-zusammen\/#breadcrumb","itemListElement":[{"@type":"ListItem","position":1,"name":"Home","item":"https:\/\/news.save.ch\/de\/"},{"@type":"ListItem","position":2,"name":"Zutrittsl\u00f6sung: Genetec und Salto arbeiten zusammen"}]},{"@type":"WebSite","@id":"https:\/\/news.save.ch\/de\/#website","url":"https:\/\/news.save.ch\/de\/","name":"Save","description":"Schweizer Fachzeitschrift f\u00fcr Sicherheit","publisher":{"@id":"https:\/\/news.save.ch\/de\/#organization"},"potentialAction":[{"@type":"SearchAction","target":{"@type":"EntryPoint","urlTemplate":"https:\/\/news.save.ch\/de\/?s={search_term_string}"},"query-input":{"@type":"PropertyValueSpecification","valueRequired":true,"valueName":"search_term_string"}}],"inLanguage":"de"},{"@type":"Organization","@id":"https:\/\/news.save.ch\/de\/#organization","name":"Sicherheitsforum","url":"https:\/\/news.save.ch\/de\/","logo":{"@type":"ImageObject","inLanguage":"de","@id":"https:\/\/news.save.ch\/de\/#\/schema\/logo\/image\/","url":"https:\/\/news.save.ch\/wp-content\/uploads\/2022\/06\/Logo_SF_2012.png","contentUrl":"https:\/\/news.save.ch\/wp-content\/uploads\/2022\/06\/Logo_SF_2012.png","width":1100,"height":91,"caption":"Sicherheitsforum"},"image":{"@id":"https:\/\/news.save.ch\/de\/#\/schema\/logo\/image\/"}},{"@type":"Person","@id":"https:\/\/news.save.ch\/de\/#\/schema\/person\/d5022db048e0e2b9785c50e5b24da5aa","name":"Roger Str\u00e4ssle","image":{"@type":"ImageObject","inLanguage":"de","@id":"https:\/\/secure.gravatar.com\/avatar\/862a5569d087de48e5856e32f45d719a03804c891d6deb8d4f71a660e79e4a47?s=96&d=mm&r=g","url":"https:\/\/secure.gravatar.com\/avatar\/862a5569d087de48e5856e32f45d719a03804c891d6deb8d4f71a660e79e4a47?s=96&d=mm&r=g","contentUrl":"https:\/\/secure.gravatar.com\/avatar\/862a5569d087de48e5856e32f45d719a03804c891d6deb8d4f71a660e79e4a47?s=96&d=mm&r=g","caption":"Roger Str\u00e4ssle"},"url":"https:\/\/news.save.ch\/de\/author\/roger-straessle\/"}]}},"_links":{"self":[{"href":"https:\/\/news.save.ch\/de\/wp-json\/wp\/v2\/posts\/5044","targetHints":{"allow":["GET"]}}],"collection":[{"href":"https:\/\/news.save.ch\/de\/wp-json\/wp\/v2\/posts"}],"about":[{"href":"https:\/\/news.save.ch\/de\/wp-json\/wp\/v2\/types\/post"}],"author":[{"embeddable":true,"href":"https:\/\/news.save.ch\/de\/wp-json\/wp\/v2\/users\/8"}],"replies":[{"embeddable":true,"href":"https:\/\/news.save.ch\/de\/wp-json\/wp\/v2\/comments?post=5044"}],"version-history":[{"count":1,"href":"https:\/\/news.save.ch\/de\/wp-json\/wp\/v2\/posts\/5044\/revisions"}],"predecessor-version":[{"id":17993,"href":"https:\/\/news.save.ch\/de\/wp-json\/wp\/v2\/posts\/5044\/revisions\/17993"}],"wp:featuredmedia":[{"embeddable":true,"href":"https:\/\/news.save.ch\/de\/wp-json\/wp\/v2\/media\/5045"}],"wp:attachment":[{"href":"https:\/\/news.save.ch\/de\/wp-json\/wp\/v2\/media?parent=5044"}],"wp:term":[{"taxonomy":"category","embeddable":true,"href":"https:\/\/news.save.ch\/de\/wp-json\/wp\/v2\/categories?post=5044"},{"taxonomy":"post_tag","embeddable":true,"href":"https:\/\/news.save.ch\/de\/wp-json\/wp\/v2\/tags?post=5044"}],"curies":[{"name":"wp","href":"https:\/\/api.w.org\/{rel}","templated":true}]}}