{"id":508,"date":"2015-07-06T12:00:38","date_gmt":"2015-07-06T10:00:38","guid":{"rendered":"https:\/\/dev.sicherheitsforum.ch\/?p=508"},"modified":"2023-03-14T08:57:37","modified_gmt":"2023-03-14T07:57:37","slug":"joerg-dietmann-ist-neuer-ceo-von-secude","status":null,"type":"post","link":"https:\/\/news.save.ch\/de\/joerg-dietmann-ist-neuer-ceo-von-secude\/","title":{"rendered":"J\u00f6rg Dietmann ist neuer CEO von Secude"},"content":{"rendered":"<figure id=\"attachment_509\" aria-describedby=\"caption-attachment-509\" style=\"width: 193px\" class=\"wp-caption alignnone\"><img loading=\"lazy\" decoding=\"async\" class=\"wp-image-509 size-full\" src=\"https:\/\/news.save.ch\/wp-content\/uploads\/2016\/12\/J\u00f6rg-Dietmann-ist-neuer-CEO-von-Secude-it-security.png\" alt=\"J\u00f6rg Dietmann\" width=\"193\" height=\"245\" \/><figcaption id=\"caption-attachment-509\" class=\"wp-caption-text\">J\u00f6rg Dietmann<\/figcaption><\/figure>\n<p>Am 1. Juli hat der erfahrene Manager und SAP-Experte Dietmann die Leitung des operativen Tagesgesch\u00e4fts von <a href=\"https:\/\/www.secude.com\" target=\"_blank\" data-cke-saved-href=\"https:\/\/www.secude.com\" rel=\"noopener\">Secude<\/a>-Gr\u00fcnder Heiner Kromer \u00fcbernommen, der weiterhin als Chairman in der Unternehmensleitung aktiv ist. Secude wurde 1996 als Joint Venture von SAP AG und Fraunhofer Institut gegr\u00fcndet, um SAP-relevante Sicherheitssoftware zu entwickeln und ist heute ein weltweit t\u00e4tiger Software-Anbieter f\u00fcr SAP-Kunden. Mit dem Produkt Secude Secure Login (SAP Single Sign-On) hat sich das Unternehmen weltweit einen Ruf im SAP-Security Umfeld erworben.<\/p>\n<p>Mit dem L\u00f6sungsangebot Secude Halocore hat sich das Unternehmen neu aufgestellt, um sicherheitsrelevante Daten aus SAP zu sch\u00fctzen und baut nun auch sein Europagesch\u00e4ft aus, wie das Unternehmen wissen l\u00e4sst. Dietmann\u2018s Expertise im Bereich SAP-bezogene Software und Systemintegration w\u00fcrden eine ideale Basis f\u00fcr den Gesch\u00e4ftsausbau bilden.<\/p>\n","protected":false},"excerpt":{"rendered":"<p>Am 1. Juli hat der erfahrene Manager und SAP-Experte Dietmann die Leitung des operativen Tagesgesch\u00e4fts von Secude-Gr\u00fcnder Heiner Kromer \u00fcbernommen, der weiterhin als Chairman in der Unternehmensleitung aktiv ist. Secude wurde 1996 als Joint Venture von SAP AG und Fraunhofer Institut gegr\u00fcndet, um SAP-relevante Sicherheitssoftware zu entwickeln und ist heute ein weltweit t\u00e4tiger Software-Anbieter f\u00fcr [&hellip;]<\/p>\n","protected":false},"author":1,"featured_media":0,"comment_status":"open","ping_status":"open","sticky":false,"template":"","format":"standard","meta":{"_acf_changed":false,"pgc_sgb_lightbox_settings":"","footnotes":""},"categories":[3313],"tags":[62,63,65],"class_list":["post-508","post","type-post","status-publish","format-standard","hentry","category-digitalisierung","tag-ict-sicherheit","tag-it-security","tag-unternehmen"],"acf":[],"hkrextid":null,"publication":null,"issue":null,"workflow":null,"startPage":null,"spitzmarke":null,"_posts_by_tag_page_fields":{"widget_title":"","widget_tags":""},"_at_widget":"1","_yoast_wpseo_primary_category":"2","_yoast_wpseo_focuskw_text_input":"Secude","_yoast_wpseo_opengraph-image":"https:\/\/news.save.ch\/wp-content\/uploads\/2016\/12\/J\u00f6rg-Dietmann-ist-neuer-CEO-von-Secude-it-security.png","_yoast_wpseo_opengraph-description":"Secude, Experte f\u00fcr Datensicherheits-L\u00f6sungen im SAP-Umfeld, ernennt J\u00f6rg Dietmann zum neuen Chief Executive Officer (CEO) der SECUDE Group.","_yoast_wpseo_opengraph-title":"J\u00f6rg Dietmann ist neuer CEO von Secude","enclosure":null,"_yoast_wpseo_twitter-title":null,"_yoast_wpseo_twitter-description":null,"_yoast_wpseo_twitter-image":null,"_wp_old_slug":null,"_yoast_wpseo_title":null,"_yoast_wpseo_canonical":null,"yoast_head":"<!-- This site is optimized with the Yoast SEO plugin v27.5 - https:\/\/yoast.com\/product\/yoast-seo-wordpress\/ -->\n<title>J\u00f6rg Dietmann ist neuer CEO von Secude - Save<\/title>\n<meta name=\"description\" content=\"Secude, Experte f\u00fcr Datensicherheits-L\u00f6sungen im SAP-Umfeld, ernennt J\u00f6rg Dietmann zum neuen Chief Executive Officer (CEO) der SECUDE Group.\" \/>\n<meta name=\"robots\" content=\"index, follow, max-snippet:-1, max-image-preview:large, max-video-preview:-1\" \/>\n<link rel=\"canonical\" href=\"https:\/\/news.save.ch\/de\/joerg-dietmann-ist-neuer-ceo-von-secude\/\" \/>\n<meta property=\"og:locale\" content=\"de_DE\" \/>\n<meta property=\"og:type\" content=\"article\" \/>\n<meta property=\"og:title\" content=\"J\u00f6rg Dietmann ist neuer CEO von Secude\" \/>\n<meta property=\"og:description\" content=\"Secude, Experte f\u00fcr Datensicherheits-L\u00f6sungen im SAP-Umfeld, ernennt J\u00f6rg Dietmann zum neuen Chief Executive Officer (CEO) der SECUDE Group.\" \/>\n<meta property=\"og:url\" content=\"https:\/\/news.save.ch\/de\/joerg-dietmann-ist-neuer-ceo-von-secude\/\" \/>\n<meta property=\"og:site_name\" content=\"Save\" \/>\n<meta property=\"article:published_time\" content=\"2015-07-06T10:00:38+00:00\" \/>\n<meta property=\"article:modified_time\" content=\"2023-03-14T07:57:37+00:00\" \/>\n<meta property=\"og:image\" content=\"https:\/\/news.save.ch\/wp-content\/uploads\/2016\/12\/J\u00f6rg-Dietmann-ist-neuer-CEO-von-Secude-it-security.png\" \/>\n<meta name=\"author\" content=\"admin\" \/>\n<meta name=\"twitter:card\" content=\"summary_large_image\" \/>\n<meta name=\"twitter:label1\" content=\"Geschrieben von\" \/>\n\t<meta name=\"twitter:data1\" content=\"admin\" \/>\n\t<meta name=\"twitter:label2\" content=\"Gesch\u00e4tzte Lesezeit\" \/>\n\t<meta name=\"twitter:data2\" content=\"1\u00a0Minute\" \/>\n<script type=\"application\/ld+json\" class=\"yoast-schema-graph\">{\"@context\":\"https:\\\/\\\/schema.org\",\"@graph\":[{\"@type\":\"Article\",\"@id\":\"https:\\\/\\\/news.save.ch\\\/joerg-dietmann-ist-neuer-ceo-von-secude\\\/#article\",\"isPartOf\":{\"@id\":\"https:\\\/\\\/news.save.ch\\\/joerg-dietmann-ist-neuer-ceo-von-secude\\\/\"},\"author\":{\"name\":\"admin\",\"@id\":\"https:\\\/\\\/news.save.ch\\\/de\\\/#\\\/schema\\\/person\\\/d49e199490bad7c70d64b9ab51142f2b\"},\"headline\":\"J\u00f6rg Dietmann ist neuer CEO von Secude\",\"datePublished\":\"2015-07-06T10:00:38+00:00\",\"dateModified\":\"2023-03-14T07:57:37+00:00\",\"mainEntityOfPage\":{\"@id\":\"https:\\\/\\\/news.save.ch\\\/joerg-dietmann-ist-neuer-ceo-von-secude\\\/\"},\"wordCount\":151,\"commentCount\":0,\"publisher\":{\"@id\":\"https:\\\/\\\/news.save.ch\\\/de\\\/#organization\"},\"keywords\":[\"ICT-Sicherheit\",\"IT-SECURITY\",\"Unternehmen\"],\"articleSection\":[\"DIGITALISIERUNG\"],\"inLanguage\":\"de\"},{\"@type\":\"WebPage\",\"@id\":\"https:\\\/\\\/news.save.ch\\\/joerg-dietmann-ist-neuer-ceo-von-secude\\\/\",\"url\":\"https:\\\/\\\/news.save.ch\\\/joerg-dietmann-ist-neuer-ceo-von-secude\\\/\",\"name\":\"J\u00f6rg Dietmann ist neuer CEO von Secude - Save\",\"isPartOf\":{\"@id\":\"https:\\\/\\\/news.save.ch\\\/de\\\/#website\"},\"datePublished\":\"2015-07-06T10:00:38+00:00\",\"dateModified\":\"2023-03-14T07:57:37+00:00\",\"description\":\"Secude, Experte f\u00fcr Datensicherheits-L\u00f6sungen im SAP-Umfeld, ernennt J\u00f6rg Dietmann zum neuen Chief Executive Officer (CEO) der SECUDE Group.\",\"breadcrumb\":{\"@id\":\"https:\\\/\\\/news.save.ch\\\/joerg-dietmann-ist-neuer-ceo-von-secude\\\/#breadcrumb\"},\"inLanguage\":\"de\",\"potentialAction\":[{\"@type\":\"ReadAction\",\"target\":[\"https:\\\/\\\/news.save.ch\\\/joerg-dietmann-ist-neuer-ceo-von-secude\\\/\"]}]},{\"@type\":\"BreadcrumbList\",\"@id\":\"https:\\\/\\\/news.save.ch\\\/joerg-dietmann-ist-neuer-ceo-von-secude\\\/#breadcrumb\",\"itemListElement\":[{\"@type\":\"ListItem\",\"position\":1,\"name\":\"Home\",\"item\":\"https:\\\/\\\/news.save.ch\\\/de\\\/\"},{\"@type\":\"ListItem\",\"position\":2,\"name\":\"J\u00f6rg Dietmann ist neuer CEO von Secude\"}]},{\"@type\":\"WebSite\",\"@id\":\"https:\\\/\\\/news.save.ch\\\/de\\\/#website\",\"url\":\"https:\\\/\\\/news.save.ch\\\/de\\\/\",\"name\":\"Save\",\"description\":\"Schweizer Fachzeitschrift f\u00fcr Sicherheit\",\"publisher\":{\"@id\":\"https:\\\/\\\/news.save.ch\\\/de\\\/#organization\"},\"potentialAction\":[{\"@type\":\"SearchAction\",\"target\":{\"@type\":\"EntryPoint\",\"urlTemplate\":\"https:\\\/\\\/news.save.ch\\\/de\\\/?s={search_term_string}\"},\"query-input\":{\"@type\":\"PropertyValueSpecification\",\"valueRequired\":true,\"valueName\":\"search_term_string\"}}],\"inLanguage\":\"de\"},{\"@type\":\"Organization\",\"@id\":\"https:\\\/\\\/news.save.ch\\\/de\\\/#organization\",\"name\":\"Sicherheitsforum\",\"url\":\"https:\\\/\\\/news.save.ch\\\/de\\\/\",\"logo\":{\"@type\":\"ImageObject\",\"inLanguage\":\"de\",\"@id\":\"https:\\\/\\\/news.save.ch\\\/de\\\/#\\\/schema\\\/logo\\\/image\\\/\",\"url\":\"https:\\\/\\\/news.save.ch\\\/wp-content\\\/uploads\\\/2022\\\/06\\\/Logo_SF_2012.png\",\"contentUrl\":\"https:\\\/\\\/news.save.ch\\\/wp-content\\\/uploads\\\/2022\\\/06\\\/Logo_SF_2012.png\",\"width\":1100,\"height\":91,\"caption\":\"Sicherheitsforum\"},\"image\":{\"@id\":\"https:\\\/\\\/news.save.ch\\\/de\\\/#\\\/schema\\\/logo\\\/image\\\/\"}},{\"@type\":\"Person\",\"@id\":\"https:\\\/\\\/news.save.ch\\\/de\\\/#\\\/schema\\\/person\\\/d49e199490bad7c70d64b9ab51142f2b\",\"name\":\"admin\",\"image\":{\"@type\":\"ImageObject\",\"inLanguage\":\"de\",\"@id\":\"https:\\\/\\\/secure.gravatar.com\\\/avatar\\\/ae2f4d718e6c49043e314ce431e7e645d646302a24a5ef5a8bc8e3f5a032e319?s=96&d=mm&r=g\",\"url\":\"https:\\\/\\\/secure.gravatar.com\\\/avatar\\\/ae2f4d718e6c49043e314ce431e7e645d646302a24a5ef5a8bc8e3f5a032e319?s=96&d=mm&r=g\",\"contentUrl\":\"https:\\\/\\\/secure.gravatar.com\\\/avatar\\\/ae2f4d718e6c49043e314ce431e7e645d646302a24a5ef5a8bc8e3f5a032e319?s=96&d=mm&r=g\",\"caption\":\"admin\"},\"sameAs\":[\"https:\\\/\\\/develop.organisator.galledia.ch\"],\"url\":\"https:\\\/\\\/news.save.ch\\\/de\\\/author\\\/admin\\\/\"}]}<\/script>\n<!-- \/ Yoast SEO plugin. -->","yoast_head_json":{"title":"J\u00f6rg Dietmann ist neuer CEO von Secude - Save","description":"Secude, Experte f\u00fcr Datensicherheits-L\u00f6sungen im SAP-Umfeld, ernennt J\u00f6rg Dietmann zum neuen Chief Executive Officer (CEO) der SECUDE Group.","robots":{"index":"index","follow":"follow","max-snippet":"max-snippet:-1","max-image-preview":"max-image-preview:large","max-video-preview":"max-video-preview:-1"},"canonical":"https:\/\/news.save.ch\/de\/joerg-dietmann-ist-neuer-ceo-von-secude\/","og_locale":"de_DE","og_type":"article","og_title":"J\u00f6rg Dietmann ist neuer CEO von Secude","og_description":"Secude, Experte f\u00fcr Datensicherheits-L\u00f6sungen im SAP-Umfeld, ernennt J\u00f6rg Dietmann zum neuen Chief Executive Officer (CEO) der SECUDE Group.","og_url":"https:\/\/news.save.ch\/de\/joerg-dietmann-ist-neuer-ceo-von-secude\/","og_site_name":"Save","article_published_time":"2015-07-06T10:00:38+00:00","article_modified_time":"2023-03-14T07:57:37+00:00","og_image":[{"url":"https:\/\/news.save.ch\/wp-content\/uploads\/2016\/12\/J\u00f6rg-Dietmann-ist-neuer-CEO-von-Secude-it-security.png","type":"","width":"","height":""}],"author":"admin","twitter_card":"summary_large_image","twitter_misc":{"Geschrieben von":"admin","Gesch\u00e4tzte Lesezeit":"1\u00a0Minute"},"schema":{"@context":"https:\/\/schema.org","@graph":[{"@type":"Article","@id":"https:\/\/news.save.ch\/joerg-dietmann-ist-neuer-ceo-von-secude\/#article","isPartOf":{"@id":"https:\/\/news.save.ch\/joerg-dietmann-ist-neuer-ceo-von-secude\/"},"author":{"name":"admin","@id":"https:\/\/news.save.ch\/de\/#\/schema\/person\/d49e199490bad7c70d64b9ab51142f2b"},"headline":"J\u00f6rg Dietmann ist neuer CEO von Secude","datePublished":"2015-07-06T10:00:38+00:00","dateModified":"2023-03-14T07:57:37+00:00","mainEntityOfPage":{"@id":"https:\/\/news.save.ch\/joerg-dietmann-ist-neuer-ceo-von-secude\/"},"wordCount":151,"commentCount":0,"publisher":{"@id":"https:\/\/news.save.ch\/de\/#organization"},"keywords":["ICT-Sicherheit","IT-SECURITY","Unternehmen"],"articleSection":["DIGITALISIERUNG"],"inLanguage":"de"},{"@type":"WebPage","@id":"https:\/\/news.save.ch\/joerg-dietmann-ist-neuer-ceo-von-secude\/","url":"https:\/\/news.save.ch\/joerg-dietmann-ist-neuer-ceo-von-secude\/","name":"J\u00f6rg Dietmann ist neuer CEO von Secude - Save","isPartOf":{"@id":"https:\/\/news.save.ch\/de\/#website"},"datePublished":"2015-07-06T10:00:38+00:00","dateModified":"2023-03-14T07:57:37+00:00","description":"Secude, Experte f\u00fcr Datensicherheits-L\u00f6sungen im SAP-Umfeld, ernennt J\u00f6rg Dietmann zum neuen Chief Executive Officer (CEO) der SECUDE Group.","breadcrumb":{"@id":"https:\/\/news.save.ch\/joerg-dietmann-ist-neuer-ceo-von-secude\/#breadcrumb"},"inLanguage":"de","potentialAction":[{"@type":"ReadAction","target":["https:\/\/news.save.ch\/joerg-dietmann-ist-neuer-ceo-von-secude\/"]}]},{"@type":"BreadcrumbList","@id":"https:\/\/news.save.ch\/joerg-dietmann-ist-neuer-ceo-von-secude\/#breadcrumb","itemListElement":[{"@type":"ListItem","position":1,"name":"Home","item":"https:\/\/news.save.ch\/de\/"},{"@type":"ListItem","position":2,"name":"J\u00f6rg Dietmann ist neuer CEO von Secude"}]},{"@type":"WebSite","@id":"https:\/\/news.save.ch\/de\/#website","url":"https:\/\/news.save.ch\/de\/","name":"Save","description":"Schweizer Fachzeitschrift f\u00fcr Sicherheit","publisher":{"@id":"https:\/\/news.save.ch\/de\/#organization"},"potentialAction":[{"@type":"SearchAction","target":{"@type":"EntryPoint","urlTemplate":"https:\/\/news.save.ch\/de\/?s={search_term_string}"},"query-input":{"@type":"PropertyValueSpecification","valueRequired":true,"valueName":"search_term_string"}}],"inLanguage":"de"},{"@type":"Organization","@id":"https:\/\/news.save.ch\/de\/#organization","name":"Sicherheitsforum","url":"https:\/\/news.save.ch\/de\/","logo":{"@type":"ImageObject","inLanguage":"de","@id":"https:\/\/news.save.ch\/de\/#\/schema\/logo\/image\/","url":"https:\/\/news.save.ch\/wp-content\/uploads\/2022\/06\/Logo_SF_2012.png","contentUrl":"https:\/\/news.save.ch\/wp-content\/uploads\/2022\/06\/Logo_SF_2012.png","width":1100,"height":91,"caption":"Sicherheitsforum"},"image":{"@id":"https:\/\/news.save.ch\/de\/#\/schema\/logo\/image\/"}},{"@type":"Person","@id":"https:\/\/news.save.ch\/de\/#\/schema\/person\/d49e199490bad7c70d64b9ab51142f2b","name":"admin","image":{"@type":"ImageObject","inLanguage":"de","@id":"https:\/\/secure.gravatar.com\/avatar\/ae2f4d718e6c49043e314ce431e7e645d646302a24a5ef5a8bc8e3f5a032e319?s=96&d=mm&r=g","url":"https:\/\/secure.gravatar.com\/avatar\/ae2f4d718e6c49043e314ce431e7e645d646302a24a5ef5a8bc8e3f5a032e319?s=96&d=mm&r=g","contentUrl":"https:\/\/secure.gravatar.com\/avatar\/ae2f4d718e6c49043e314ce431e7e645d646302a24a5ef5a8bc8e3f5a032e319?s=96&d=mm&r=g","caption":"admin"},"sameAs":["https:\/\/develop.organisator.galledia.ch"],"url":"https:\/\/news.save.ch\/de\/author\/admin\/"}]}},"_links":{"self":[{"href":"https:\/\/news.save.ch\/de\/wp-json\/wp\/v2\/posts\/508","targetHints":{"allow":["GET"]}}],"collection":[{"href":"https:\/\/news.save.ch\/de\/wp-json\/wp\/v2\/posts"}],"about":[{"href":"https:\/\/news.save.ch\/de\/wp-json\/wp\/v2\/types\/post"}],"author":[{"embeddable":true,"href":"https:\/\/news.save.ch\/de\/wp-json\/wp\/v2\/users\/1"}],"replies":[{"embeddable":true,"href":"https:\/\/news.save.ch\/de\/wp-json\/wp\/v2\/comments?post=508"}],"version-history":[{"count":1,"href":"https:\/\/news.save.ch\/de\/wp-json\/wp\/v2\/posts\/508\/revisions"}],"predecessor-version":[{"id":17764,"href":"https:\/\/news.save.ch\/de\/wp-json\/wp\/v2\/posts\/508\/revisions\/17764"}],"wp:attachment":[{"href":"https:\/\/news.save.ch\/de\/wp-json\/wp\/v2\/media?parent=508"}],"wp:term":[{"taxonomy":"category","embeddable":true,"href":"https:\/\/news.save.ch\/de\/wp-json\/wp\/v2\/categories?post=508"},{"taxonomy":"post_tag","embeddable":true,"href":"https:\/\/news.save.ch\/de\/wp-json\/wp\/v2\/tags?post=508"}],"curies":[{"name":"wp","href":"https:\/\/api.w.org\/{rel}","templated":true}]}}