{"id":521,"date":"2015-08-06T13:32:53","date_gmt":"2015-08-06T11:32:53","guid":{"rendered":"http:\/\/dev.safety-plus.ch\/?p=521"},"modified":"2015-08-06T13:32:53","modified_gmt":"2015-08-06T11:32:53","slug":"schweizer-delegation-unterwegs-zu-den-world-skills","status":null,"type":"post","link":"https:\/\/news.save.ch\/de\/schweizer-delegation-unterwegs-zu-den-world-skills\/","title":{"rendered":"Schweizer Delegation unterwegs zu den World Skills"},"content":{"rendered":"<figure id=\"attachment_524\" aria-describedby=\"caption-attachment-524\" style=\"width: 680px\" class=\"wp-caption alignnone\"><img loading=\"lazy\" decoding=\"async\" class=\"wp-image-524 size-medium\" src=\"http:\/\/develop.safety-plus.ch\/wp-content\/uploads\/2016\/12\/Schweizer-Delegation-unterwegs-zu-den-World-Skills_safety-plus.jpg\" alt=\"Bereit f\u00fcr die Weltmeisterschaften: Die Schweizer Teilnehmer der World Skills.\" width=\"680\" height=\"453\" \/><figcaption id=\"caption-attachment-524\" class=\"wp-caption-text\">Bereit f\u00fcr die Weltmeisterschaften: Die Schweizer Teilnehmer der World Skills.<\/figcaption><\/figure>\n<p>Die Berufs-Weltmeisterschaften World Skills finden alle zwei Jahre an statt. Die diesj\u00e4hrige Ausgabe in S\u00e3o Paulo in Brasilien geht am 11. August los.<\/p>\n<p>\u00dcber 1000 junge Berufsleute zeigen\u00a0ihr K\u00f6nnen in 46 verschiedenen Berufen: Vom Landschaftsg\u00e4rtner \u00fcber Sch\u00f6nheitspflege bis hin zum Drucktechnologen.\u00a0Sie alle m\u00fcssen an vier Wettkampftagen anspruchsvolle Berufsaufgaben erf\u00fcllen. Neben Pr\u00e4zision und Qualit\u00e4t z\u00e4hlt auch die Arbeitsgeschwindigkeit.<\/p>\n<p>Aus der Schweiz sind 40 junge Berufsleute dabei, die in 38 verschiedenen Berufen \u00a0an den Wettk\u00e4mpfen teilnehmen. Die Schweizer haben sich bestens auf vorbereitet: Rund 12 Tonnen Material wurden nach Brasilien verschifft, damit die Teilnehmer auch dieselben Werkzeuge und Maschinen zu Verf\u00fcgung haben, die sie auch zu Hause benutzen. Dazu kam intensives Training neben dem Berufsalltag sowie drei Teamweekends mit allen Teilnehmern.<\/p>\n<p>In der Vergangenheit haben die Schweizer jeweils hervorragend abgeschnitten:\u00a0Calgary 2009 \u00a0mit\u00a02. Rang, in\u00a0London 2011 mit dem\u00a03. Rang, und in Leipzig 2013 wiederum mit dem\u00a02. Rang. Damit waren sie\u00a0jeweils die beste europ\u00e4ische Nation im Wettbewerb.<\/p>\n","protected":false},"excerpt":{"rendered":"<p>Die Berufs-Weltmeisterschaften World Skills finden alle zwei Jahre an statt. Die diesj\u00e4hrige Ausgabe in S\u00e3o Paulo in Brasilien geht am 11. August los. \u00dcber 1000 junge Berufsleute zeigen\u00a0ihr K\u00f6nnen in 46 verschiedenen Berufen: Vom Landschaftsg\u00e4rtner \u00fcber Sch\u00f6nheitspflege bis hin zum Drucktechnologen.\u00a0Sie alle m\u00fcssen an vier Wettkampftagen anspruchsvolle Berufsaufgaben erf\u00fcllen. Neben Pr\u00e4zision und Qualit\u00e4t z\u00e4hlt auch [&hellip;]<\/p>\n","protected":false},"author":1,"featured_media":524,"comment_status":"open","ping_status":"open","sticky":false,"template":"","format":"standard","meta":{"_acf_changed":false,"pgc_sgb_lightbox_settings":"","footnotes":""},"categories":[1],"tags":[292],"class_list":["post-521","post","type-post","status-publish","format-standard","has-post-thumbnail","hentry","category-allgemein","tag-sportveranstaltung"],"acf":[],"hkrextid":null,"publication":null,"issue":null,"workflow":null,"startPage":null,"spitzmarke":null,"_posts_by_tag_page_fields":{"widget_title":"","widget_tags":""},"_at_widget":"1","_yoast_wpseo_primary_category":"1","_yoast_wpseo_focuskw_text_input":"World Skills","_yoast_wpseo_opengraph-image":null,"_yoast_wpseo_opengraph-description":null,"_yoast_wpseo_opengraph-title":null,"enclosure":null,"_yoast_wpseo_twitter-title":null,"_yoast_wpseo_twitter-description":null,"_yoast_wpseo_twitter-image":null,"_wp_old_slug":null,"_yoast_wpseo_title":null,"_yoast_wpseo_canonical":null,"yoast_head":"<!-- This site is optimized with the Yoast SEO plugin v27.4 - https:\/\/yoast.com\/product\/yoast-seo-wordpress\/ -->\n<title>Schweizer Delegation unterwegs zu den World Skills - Save<\/title>\n<meta name=\"description\" content=\"World Skills: Die Berufs-Weltmeisterschaften in S\u00e3o Paulo gehen in wenigen Tagen los. Die 90-k\u00f6pfige Schweizer Delegation ist bereits vor Ort.\" \/>\n<meta name=\"robots\" content=\"index, follow, max-snippet:-1, max-image-preview:large, max-video-preview:-1\" \/>\n<link rel=\"canonical\" href=\"https:\/\/news.save.ch\/de\/schweizer-delegation-unterwegs-zu-den-world-skills\/\" \/>\n<meta property=\"og:locale\" content=\"de_DE\" \/>\n<meta property=\"og:type\" content=\"article\" \/>\n<meta property=\"og:title\" content=\"Schweizer Delegation unterwegs zu den World Skills - Save\" \/>\n<meta property=\"og:description\" content=\"World Skills: Die Berufs-Weltmeisterschaften in S\u00e3o Paulo gehen in wenigen Tagen los. Die 90-k\u00f6pfige Schweizer Delegation ist bereits vor Ort.\" \/>\n<meta property=\"og:url\" content=\"https:\/\/news.save.ch\/de\/schweizer-delegation-unterwegs-zu-den-world-skills\/\" \/>\n<meta property=\"og:site_name\" content=\"Save\" \/>\n<meta property=\"article:published_time\" content=\"2015-08-06T11:32:53+00:00\" \/>\n<meta property=\"og:image\" content=\"https:\/\/news.save.ch\/wp-content\/uploads\/2016\/12\/Schweizer-Delegation-unterwegs-zu-den-World-Skills_safety-plus-scaled-1.jpg\" \/>\n\t<meta property=\"og:image:width\" content=\"1200\" \/>\n\t<meta property=\"og:image:height\" content=\"800\" \/>\n\t<meta property=\"og:image:type\" content=\"image\/jpeg\" \/>\n<meta name=\"author\" content=\"admin\" \/>\n<meta name=\"twitter:card\" content=\"summary_large_image\" \/>\n<meta name=\"twitter:label1\" content=\"Geschrieben von\" \/>\n\t<meta name=\"twitter:data1\" content=\"admin\" \/>\n\t<meta name=\"twitter:label2\" content=\"Gesch\u00e4tzte Lesezeit\" \/>\n\t<meta name=\"twitter:data2\" content=\"1\u00a0Minute\" \/>\n<script type=\"application\/ld+json\" class=\"yoast-schema-graph\">{\"@context\":\"https:\\\/\\\/schema.org\",\"@graph\":[{\"@type\":\"Article\",\"@id\":\"https:\\\/\\\/news.save.ch\\\/schweizer-delegation-unterwegs-zu-den-world-skills\\\/#article\",\"isPartOf\":{\"@id\":\"https:\\\/\\\/news.save.ch\\\/schweizer-delegation-unterwegs-zu-den-world-skills\\\/\"},\"author\":{\"name\":\"admin\",\"@id\":\"https:\\\/\\\/news.save.ch\\\/de\\\/#\\\/schema\\\/person\\\/d49e199490bad7c70d64b9ab51142f2b\"},\"headline\":\"Schweizer Delegation unterwegs zu den World Skills\",\"datePublished\":\"2015-08-06T11:32:53+00:00\",\"mainEntityOfPage\":{\"@id\":\"https:\\\/\\\/news.save.ch\\\/schweizer-delegation-unterwegs-zu-den-world-skills\\\/\"},\"wordCount\":187,\"commentCount\":0,\"publisher\":{\"@id\":\"https:\\\/\\\/news.save.ch\\\/de\\\/#organization\"},\"image\":{\"@id\":\"https:\\\/\\\/news.save.ch\\\/schweizer-delegation-unterwegs-zu-den-world-skills\\\/#primaryimage\"},\"thumbnailUrl\":\"https:\\\/\\\/news.save.ch\\\/wp-content\\\/uploads\\\/2016\\\/12\\\/Schweizer-Delegation-unterwegs-zu-den-World-Skills_safety-plus-scaled-1.jpg\",\"keywords\":[\"Sportveranstaltung\"],\"articleSection\":[\"ALLGEMEIN\"],\"inLanguage\":\"de\"},{\"@type\":\"WebPage\",\"@id\":\"https:\\\/\\\/news.save.ch\\\/schweizer-delegation-unterwegs-zu-den-world-skills\\\/\",\"url\":\"https:\\\/\\\/news.save.ch\\\/schweizer-delegation-unterwegs-zu-den-world-skills\\\/\",\"name\":\"Schweizer Delegation unterwegs zu den World Skills - Save\",\"isPartOf\":{\"@id\":\"https:\\\/\\\/news.save.ch\\\/de\\\/#website\"},\"primaryImageOfPage\":{\"@id\":\"https:\\\/\\\/news.save.ch\\\/schweizer-delegation-unterwegs-zu-den-world-skills\\\/#primaryimage\"},\"image\":{\"@id\":\"https:\\\/\\\/news.save.ch\\\/schweizer-delegation-unterwegs-zu-den-world-skills\\\/#primaryimage\"},\"thumbnailUrl\":\"https:\\\/\\\/news.save.ch\\\/wp-content\\\/uploads\\\/2016\\\/12\\\/Schweizer-Delegation-unterwegs-zu-den-World-Skills_safety-plus-scaled-1.jpg\",\"datePublished\":\"2015-08-06T11:32:53+00:00\",\"description\":\"World Skills: Die Berufs-Weltmeisterschaften in S\u00e3o Paulo gehen in wenigen Tagen los. Die 90-k\u00f6pfige Schweizer Delegation ist bereits vor Ort.\",\"breadcrumb\":{\"@id\":\"https:\\\/\\\/news.save.ch\\\/schweizer-delegation-unterwegs-zu-den-world-skills\\\/#breadcrumb\"},\"inLanguage\":\"de\",\"potentialAction\":[{\"@type\":\"ReadAction\",\"target\":[\"https:\\\/\\\/news.save.ch\\\/schweizer-delegation-unterwegs-zu-den-world-skills\\\/\"]}]},{\"@type\":\"ImageObject\",\"inLanguage\":\"de\",\"@id\":\"https:\\\/\\\/news.save.ch\\\/schweizer-delegation-unterwegs-zu-den-world-skills\\\/#primaryimage\",\"url\":\"https:\\\/\\\/news.save.ch\\\/wp-content\\\/uploads\\\/2016\\\/12\\\/Schweizer-Delegation-unterwegs-zu-den-World-Skills_safety-plus-scaled-1.jpg\",\"contentUrl\":\"https:\\\/\\\/news.save.ch\\\/wp-content\\\/uploads\\\/2016\\\/12\\\/Schweizer-Delegation-unterwegs-zu-den-World-Skills_safety-plus-scaled-1.jpg\",\"width\":1200,\"height\":800,\"caption\":\"Bereit f\u00fcr die Weltmeisterschaften: Die Schweizer Teilnehmer der World Skills.\"},{\"@type\":\"BreadcrumbList\",\"@id\":\"https:\\\/\\\/news.save.ch\\\/schweizer-delegation-unterwegs-zu-den-world-skills\\\/#breadcrumb\",\"itemListElement\":[{\"@type\":\"ListItem\",\"position\":1,\"name\":\"Home\",\"item\":\"https:\\\/\\\/news.save.ch\\\/de\\\/\"},{\"@type\":\"ListItem\",\"position\":2,\"name\":\"Schweizer Delegation unterwegs zu den World Skills\"}]},{\"@type\":\"WebSite\",\"@id\":\"https:\\\/\\\/news.save.ch\\\/de\\\/#website\",\"url\":\"https:\\\/\\\/news.save.ch\\\/de\\\/\",\"name\":\"Save\",\"description\":\"Schweizer Fachzeitschrift f\u00fcr Sicherheit\",\"publisher\":{\"@id\":\"https:\\\/\\\/news.save.ch\\\/de\\\/#organization\"},\"potentialAction\":[{\"@type\":\"SearchAction\",\"target\":{\"@type\":\"EntryPoint\",\"urlTemplate\":\"https:\\\/\\\/news.save.ch\\\/de\\\/?s={search_term_string}\"},\"query-input\":{\"@type\":\"PropertyValueSpecification\",\"valueRequired\":true,\"valueName\":\"search_term_string\"}}],\"inLanguage\":\"de\"},{\"@type\":\"Organization\",\"@id\":\"https:\\\/\\\/news.save.ch\\\/de\\\/#organization\",\"name\":\"Sicherheitsforum\",\"url\":\"https:\\\/\\\/news.save.ch\\\/de\\\/\",\"logo\":{\"@type\":\"ImageObject\",\"inLanguage\":\"de\",\"@id\":\"https:\\\/\\\/news.save.ch\\\/de\\\/#\\\/schema\\\/logo\\\/image\\\/\",\"url\":\"https:\\\/\\\/news.save.ch\\\/wp-content\\\/uploads\\\/2022\\\/06\\\/Logo_SF_2012.png\",\"contentUrl\":\"https:\\\/\\\/news.save.ch\\\/wp-content\\\/uploads\\\/2022\\\/06\\\/Logo_SF_2012.png\",\"width\":1100,\"height\":91,\"caption\":\"Sicherheitsforum\"},\"image\":{\"@id\":\"https:\\\/\\\/news.save.ch\\\/de\\\/#\\\/schema\\\/logo\\\/image\\\/\"}},{\"@type\":\"Person\",\"@id\":\"https:\\\/\\\/news.save.ch\\\/de\\\/#\\\/schema\\\/person\\\/d49e199490bad7c70d64b9ab51142f2b\",\"name\":\"admin\",\"image\":{\"@type\":\"ImageObject\",\"inLanguage\":\"de\",\"@id\":\"https:\\\/\\\/secure.gravatar.com\\\/avatar\\\/ae2f4d718e6c49043e314ce431e7e645d646302a24a5ef5a8bc8e3f5a032e319?s=96&d=mm&r=g\",\"url\":\"https:\\\/\\\/secure.gravatar.com\\\/avatar\\\/ae2f4d718e6c49043e314ce431e7e645d646302a24a5ef5a8bc8e3f5a032e319?s=96&d=mm&r=g\",\"contentUrl\":\"https:\\\/\\\/secure.gravatar.com\\\/avatar\\\/ae2f4d718e6c49043e314ce431e7e645d646302a24a5ef5a8bc8e3f5a032e319?s=96&d=mm&r=g\",\"caption\":\"admin\"},\"sameAs\":[\"https:\\\/\\\/develop.organisator.galledia.ch\"],\"url\":\"https:\\\/\\\/news.save.ch\\\/de\\\/author\\\/admin\\\/\"}]}<\/script>\n<!-- \/ Yoast SEO plugin. -->","yoast_head_json":{"title":"Schweizer Delegation unterwegs zu den World Skills - Save","description":"World Skills: Die Berufs-Weltmeisterschaften in S\u00e3o Paulo gehen in wenigen Tagen los. Die 90-k\u00f6pfige Schweizer Delegation ist bereits vor Ort.","robots":{"index":"index","follow":"follow","max-snippet":"max-snippet:-1","max-image-preview":"max-image-preview:large","max-video-preview":"max-video-preview:-1"},"canonical":"https:\/\/news.save.ch\/de\/schweizer-delegation-unterwegs-zu-den-world-skills\/","og_locale":"de_DE","og_type":"article","og_title":"Schweizer Delegation unterwegs zu den World Skills - Save","og_description":"World Skills: Die Berufs-Weltmeisterschaften in S\u00e3o Paulo gehen in wenigen Tagen los. Die 90-k\u00f6pfige Schweizer Delegation ist bereits vor Ort.","og_url":"https:\/\/news.save.ch\/de\/schweizer-delegation-unterwegs-zu-den-world-skills\/","og_site_name":"Save","article_published_time":"2015-08-06T11:32:53+00:00","og_image":[{"width":1200,"height":800,"url":"https:\/\/news.save.ch\/wp-content\/uploads\/2016\/12\/Schweizer-Delegation-unterwegs-zu-den-World-Skills_safety-plus-scaled-1.jpg","type":"image\/jpeg"}],"author":"admin","twitter_card":"summary_large_image","twitter_misc":{"Geschrieben von":"admin","Gesch\u00e4tzte Lesezeit":"1\u00a0Minute"},"schema":{"@context":"https:\/\/schema.org","@graph":[{"@type":"Article","@id":"https:\/\/news.save.ch\/schweizer-delegation-unterwegs-zu-den-world-skills\/#article","isPartOf":{"@id":"https:\/\/news.save.ch\/schweizer-delegation-unterwegs-zu-den-world-skills\/"},"author":{"name":"admin","@id":"https:\/\/news.save.ch\/de\/#\/schema\/person\/d49e199490bad7c70d64b9ab51142f2b"},"headline":"Schweizer Delegation unterwegs zu den World Skills","datePublished":"2015-08-06T11:32:53+00:00","mainEntityOfPage":{"@id":"https:\/\/news.save.ch\/schweizer-delegation-unterwegs-zu-den-world-skills\/"},"wordCount":187,"commentCount":0,"publisher":{"@id":"https:\/\/news.save.ch\/de\/#organization"},"image":{"@id":"https:\/\/news.save.ch\/schweizer-delegation-unterwegs-zu-den-world-skills\/#primaryimage"},"thumbnailUrl":"https:\/\/news.save.ch\/wp-content\/uploads\/2016\/12\/Schweizer-Delegation-unterwegs-zu-den-World-Skills_safety-plus-scaled-1.jpg","keywords":["Sportveranstaltung"],"articleSection":["ALLGEMEIN"],"inLanguage":"de"},{"@type":"WebPage","@id":"https:\/\/news.save.ch\/schweizer-delegation-unterwegs-zu-den-world-skills\/","url":"https:\/\/news.save.ch\/schweizer-delegation-unterwegs-zu-den-world-skills\/","name":"Schweizer Delegation unterwegs zu den World Skills - Save","isPartOf":{"@id":"https:\/\/news.save.ch\/de\/#website"},"primaryImageOfPage":{"@id":"https:\/\/news.save.ch\/schweizer-delegation-unterwegs-zu-den-world-skills\/#primaryimage"},"image":{"@id":"https:\/\/news.save.ch\/schweizer-delegation-unterwegs-zu-den-world-skills\/#primaryimage"},"thumbnailUrl":"https:\/\/news.save.ch\/wp-content\/uploads\/2016\/12\/Schweizer-Delegation-unterwegs-zu-den-World-Skills_safety-plus-scaled-1.jpg","datePublished":"2015-08-06T11:32:53+00:00","description":"World Skills: Die Berufs-Weltmeisterschaften in S\u00e3o Paulo gehen in wenigen Tagen los. Die 90-k\u00f6pfige Schweizer Delegation ist bereits vor Ort.","breadcrumb":{"@id":"https:\/\/news.save.ch\/schweizer-delegation-unterwegs-zu-den-world-skills\/#breadcrumb"},"inLanguage":"de","potentialAction":[{"@type":"ReadAction","target":["https:\/\/news.save.ch\/schweizer-delegation-unterwegs-zu-den-world-skills\/"]}]},{"@type":"ImageObject","inLanguage":"de","@id":"https:\/\/news.save.ch\/schweizer-delegation-unterwegs-zu-den-world-skills\/#primaryimage","url":"https:\/\/news.save.ch\/wp-content\/uploads\/2016\/12\/Schweizer-Delegation-unterwegs-zu-den-World-Skills_safety-plus-scaled-1.jpg","contentUrl":"https:\/\/news.save.ch\/wp-content\/uploads\/2016\/12\/Schweizer-Delegation-unterwegs-zu-den-World-Skills_safety-plus-scaled-1.jpg","width":1200,"height":800,"caption":"Bereit f\u00fcr die Weltmeisterschaften: Die Schweizer Teilnehmer der World Skills."},{"@type":"BreadcrumbList","@id":"https:\/\/news.save.ch\/schweizer-delegation-unterwegs-zu-den-world-skills\/#breadcrumb","itemListElement":[{"@type":"ListItem","position":1,"name":"Home","item":"https:\/\/news.save.ch\/de\/"},{"@type":"ListItem","position":2,"name":"Schweizer Delegation unterwegs zu den World Skills"}]},{"@type":"WebSite","@id":"https:\/\/news.save.ch\/de\/#website","url":"https:\/\/news.save.ch\/de\/","name":"Save","description":"Schweizer Fachzeitschrift f\u00fcr Sicherheit","publisher":{"@id":"https:\/\/news.save.ch\/de\/#organization"},"potentialAction":[{"@type":"SearchAction","target":{"@type":"EntryPoint","urlTemplate":"https:\/\/news.save.ch\/de\/?s={search_term_string}"},"query-input":{"@type":"PropertyValueSpecification","valueRequired":true,"valueName":"search_term_string"}}],"inLanguage":"de"},{"@type":"Organization","@id":"https:\/\/news.save.ch\/de\/#organization","name":"Sicherheitsforum","url":"https:\/\/news.save.ch\/de\/","logo":{"@type":"ImageObject","inLanguage":"de","@id":"https:\/\/news.save.ch\/de\/#\/schema\/logo\/image\/","url":"https:\/\/news.save.ch\/wp-content\/uploads\/2022\/06\/Logo_SF_2012.png","contentUrl":"https:\/\/news.save.ch\/wp-content\/uploads\/2022\/06\/Logo_SF_2012.png","width":1100,"height":91,"caption":"Sicherheitsforum"},"image":{"@id":"https:\/\/news.save.ch\/de\/#\/schema\/logo\/image\/"}},{"@type":"Person","@id":"https:\/\/news.save.ch\/de\/#\/schema\/person\/d49e199490bad7c70d64b9ab51142f2b","name":"admin","image":{"@type":"ImageObject","inLanguage":"de","@id":"https:\/\/secure.gravatar.com\/avatar\/ae2f4d718e6c49043e314ce431e7e645d646302a24a5ef5a8bc8e3f5a032e319?s=96&d=mm&r=g","url":"https:\/\/secure.gravatar.com\/avatar\/ae2f4d718e6c49043e314ce431e7e645d646302a24a5ef5a8bc8e3f5a032e319?s=96&d=mm&r=g","contentUrl":"https:\/\/secure.gravatar.com\/avatar\/ae2f4d718e6c49043e314ce431e7e645d646302a24a5ef5a8bc8e3f5a032e319?s=96&d=mm&r=g","caption":"admin"},"sameAs":["https:\/\/develop.organisator.galledia.ch"],"url":"https:\/\/news.save.ch\/de\/author\/admin\/"}]}},"_links":{"self":[{"href":"https:\/\/news.save.ch\/de\/wp-json\/wp\/v2\/posts\/521","targetHints":{"allow":["GET"]}}],"collection":[{"href":"https:\/\/news.save.ch\/de\/wp-json\/wp\/v2\/posts"}],"about":[{"href":"https:\/\/news.save.ch\/de\/wp-json\/wp\/v2\/types\/post"}],"author":[{"embeddable":true,"href":"https:\/\/news.save.ch\/de\/wp-json\/wp\/v2\/users\/1"}],"replies":[{"embeddable":true,"href":"https:\/\/news.save.ch\/de\/wp-json\/wp\/v2\/comments?post=521"}],"version-history":[{"count":0,"href":"https:\/\/news.save.ch\/de\/wp-json\/wp\/v2\/posts\/521\/revisions"}],"wp:featuredmedia":[{"embeddable":true,"href":"https:\/\/news.save.ch\/de\/wp-json\/wp\/v2\/media\/524"}],"wp:attachment":[{"href":"https:\/\/news.save.ch\/de\/wp-json\/wp\/v2\/media?parent=521"}],"wp:term":[{"taxonomy":"category","embeddable":true,"href":"https:\/\/news.save.ch\/de\/wp-json\/wp\/v2\/categories?post=521"},{"taxonomy":"post_tag","embeddable":true,"href":"https:\/\/news.save.ch\/de\/wp-json\/wp\/v2\/tags?post=521"}],"curies":[{"name":"wp","href":"https:\/\/api.w.org\/{rel}","templated":true}]}}